{"id":18493,"date":"2025-01-19T17:16:13","date_gmt":"2025-01-19T17:16:13","guid":{"rendered":"https:\/\/www.montalegre.org\/?p=18493"},"modified":"2025-01-19T17:16:13","modified_gmt":"2025-01-19T17:16:13","slug":"vivir-el-ano-santo","status":"publish","type":"post","link":"https:\/\/www.montalegre.org\/es\/2025\/01\/vivir-el-ano-santo\/","title":{"rendered":"Vivir el A\u00f1o Santo"},"content":{"rendered":"<p>Con la Bula papal \u00abSpes non confundit\u00bb, \u00abla esperanza no defrauda\u00bb (Rm 5,5), el Papa Francisco nos introduce en el a\u00f1o santo que cada veinticinco a\u00f1os se convoca en la Iglesia desde tiempo inmemorial. En esta ocasi\u00f3n, el Papa ha querido que la esperanza constituya el mensaje central del a\u00f1o jubilar y desea \u201cque pueda ser para todos un momento de encuentro vivo y personal con el Se\u00f1or Jes\u00fas, \u00abpuerta\u00bb de salvaci\u00f3n con \u00c9l, a quien la Iglesia tiene la misi\u00f3n de anunciar siempre, en todas partes y a todos como \u00abnuestra esperanza\u00bb\u201d<\/p>\n<p>Hemos procurado prepararnos para este jubileo con todo un a\u00f1o centrados en la oraci\u00f3n personal de cada uno, lo cual, nos facilita enormemente tener ese encuentro vivo y personal con el Se\u00f1or, puerta de salvaci\u00f3n, que nos propone el Santo Padre. Iniciemos este a\u00f1o fomentando el deseo profundo de acercarnos al Se\u00f1or. Estos d\u00edas pasados lo hemos hecho contemplando y adorando al Ni\u00f1o Dios nacido en Bel\u00e9n. Ahora corresponde a cada uno de nosotros ir a su encuentro con nuestras tareas diarias confiando en la abundante gracia de Dios que recibiremos si vivimos con fe e intensidad el a\u00f1o santo.<\/p>\n<p>Para ello, ser\u00e1 necesario querer y buscar la recepci\u00f3n de las indulgencias propias del jubileo, con las peregrinaciones comunitarias o personales a los lugares establecidos como tales. En primer lugar Roma, pero no s\u00f3lo, tambi\u00e9n en diversos Templos de Barcelona y de cada obispado se puede lucrar el jubileo. As\u00ed como, para los enfermos y los mayores impedidos lo pueden hacer en sus casas, residencias u hospitales, seg\u00fan donde se encuentren habitualmente.<\/p>\n<p>La peregrinaci\u00f3n, la confesi\u00f3n, la comuni\u00f3n, el rezo del Padrenuestro y del Credo por las intenciones del Papa, con la intenci\u00f3n de ganar la indulgencia jubilar para uno mismo o para los difuntos son las condiciones establecidas para ello. Tambi\u00e9n el ejercicio de obras de caridad. Si la peregrinaci\u00f3n es comunitaria exige la participaci\u00f3n en la Santa Misa o en otro acto de culto eucar\u00edstico si fuera posible y si no puede rezarse en com\u00fan el santo rosario. Es f\u00e1cil; \u00a1anim\u00e9monos a vivir el A\u00f1o Santo!<\/p>\n<p>Mn. Xavier Argelich<\/p>\n","protected":false},"excerpt":{"rendered":"<p>Con la Bula papal \u00abSpes non confundit\u00bb, \u00abla esperanza no defrauda\u00bb (Rm 5,5), el Papa Francisco nos introduce en el a\u00f1o santo que cada veinticinco a\u00f1os se convoca en la Iglesia desde tiempo inmemorial. En esta ocasi\u00f3n, el Papa ha querido que la esperanza constituya el mensaje central del a\u00f1o jubilar y desea \u201cque pueda [&hellip;]<\/p>\n","protected":false},"author":4,"featured_media":0,"comment_status":"open","ping_status":"open","sticky":false,"template":"","format":"standard","meta":{"footnotes":""},"categories":[52],"tags":[],"class_list":["post-18493","post","type-post","status-publish","format-standard","hentry","category-editorial"],"yoast_head":"<!-- This site is optimized with the Yoast SEO plugin v27.1.1 - https:\/\/yoast.com\/product\/yoast-seo-wordpress\/ -->\n<title>Vivir el A\u00f1o Santo - Montalegre<\/title>\n<meta name=\"robots\" content=\"index, follow, max-snippet:-1, max-image-preview:large, max-video-preview:-1\" \/>\n<link rel=\"canonical\" href=\"https:\/\/www.montalegre.org\/es\/2025\/01\/vivir-el-ano-santo\/\" \/>\n<meta property=\"og:locale\" content=\"es_ES\" \/>\n<meta property=\"og:type\" content=\"article\" \/>\n<meta property=\"og:title\" content=\"Vivir el A\u00f1o Santo - Montalegre\" \/>\n<meta property=\"og:description\" content=\"Con la Bula papal \u00abSpes non confundit\u00bb, \u00abla esperanza no defrauda\u00bb (Rm 5,5), el Papa Francisco nos introduce en el a\u00f1o santo que cada veinticinco a\u00f1os se convoca en la Iglesia desde tiempo inmemorial. En esta ocasi\u00f3n, el Papa ha querido que la esperanza constituya el mensaje central del a\u00f1o jubilar y desea \u201cque pueda [&hellip;]\" \/>\n<meta property=\"og:url\" content=\"https:\/\/www.montalegre.org\/es\/2025\/01\/vivir-el-ano-santo\/\" \/>\n<meta property=\"og:site_name\" content=\"Montalegre\" \/>\n<meta property=\"article:published_time\" content=\"2025-01-19T17:16:13+00:00\" \/>\n<meta name=\"author\" content=\"montalegre\" \/>\n<meta name=\"twitter:card\" content=\"summary_large_image\" \/>\n<meta name=\"twitter:label1\" content=\"Escrito por\" \/>\n\t<meta name=\"twitter:data1\" content=\"montalegre\" \/>\n\t<meta name=\"twitter:label2\" content=\"Tiempo de lectura\" \/>\n\t<meta name=\"twitter:data2\" content=\"2 minutos\" \/>\n<script type=\"application\/ld+json\" class=\"yoast-schema-graph\">{\"@context\":\"https:\/\/schema.org\",\"@graph\":[{\"@type\":\"Article\",\"@id\":\"https:\/\/www.montalegre.org\/es\/2025\/01\/vivir-el-ano-santo\/#article\",\"isPartOf\":{\"@id\":\"https:\/\/www.montalegre.org\/es\/2025\/01\/vivir-el-ano-santo\/\"},\"author\":{\"name\":\"montalegre\",\"@id\":\"https:\/\/www.montalegre.org\/es\/#\/schema\/person\/fa12d4cf3a3f1735a9176b4fafd6a633\"},\"headline\":\"Vivir el A\u00f1o Santo\",\"datePublished\":\"2025-01-19T17:16:13+00:00\",\"mainEntityOfPage\":{\"@id\":\"https:\/\/www.montalegre.org\/es\/2025\/01\/vivir-el-ano-santo\/\"},\"wordCount\":392,\"commentCount\":0,\"articleSection\":[\"Editorial\"],\"inLanguage\":\"es\",\"potentialAction\":[{\"@type\":\"CommentAction\",\"name\":\"Comment\",\"target\":[\"https:\/\/www.montalegre.org\/es\/2025\/01\/vivir-el-ano-santo\/#respond\"]}]},{\"@type\":\"WebPage\",\"@id\":\"https:\/\/www.montalegre.org\/es\/2025\/01\/vivir-el-ano-santo\/\",\"url\":\"https:\/\/www.montalegre.org\/es\/2025\/01\/vivir-el-ano-santo\/\",\"name\":\"Vivir el A\u00f1o Santo - Montalegre\",\"isPartOf\":{\"@id\":\"https:\/\/www.montalegre.org\/es\/#website\"},\"datePublished\":\"2025-01-19T17:16:13+00:00\",\"author\":{\"@id\":\"https:\/\/www.montalegre.org\/es\/#\/schema\/person\/fa12d4cf3a3f1735a9176b4fafd6a633\"},\"breadcrumb\":{\"@id\":\"https:\/\/www.montalegre.org\/es\/2025\/01\/vivir-el-ano-santo\/#breadcrumb\"},\"inLanguage\":\"es\",\"potentialAction\":[{\"@type\":\"ReadAction\",\"target\":[\"https:\/\/www.montalegre.org\/es\/2025\/01\/vivir-el-ano-santo\/\"]}]},{\"@type\":\"BreadcrumbList\",\"@id\":\"https:\/\/www.montalegre.org\/es\/2025\/01\/vivir-el-ano-santo\/#breadcrumb\",\"itemListElement\":[{\"@type\":\"ListItem\",\"position\":1,\"name\":\"Portada\",\"item\":\"https:\/\/www.montalegre.org\/es\/\"},{\"@type\":\"ListItem\",\"position\":2,\"name\":\"Vivir el A\u00f1o Santo\"}]},{\"@type\":\"WebSite\",\"@id\":\"https:\/\/www.montalegre.org\/es\/#website\",\"url\":\"https:\/\/www.montalegre.org\/es\/\",\"name\":\"Montalegre\",\"description\":\"\",\"potentialAction\":[{\"@type\":\"SearchAction\",\"target\":{\"@type\":\"EntryPoint\",\"urlTemplate\":\"https:\/\/www.montalegre.org\/es\/?s={search_term_string}\"},\"query-input\":{\"@type\":\"PropertyValueSpecification\",\"valueRequired\":true,\"valueName\":\"search_term_string\"}}],\"inLanguage\":\"es\"},{\"@type\":\"Person\",\"@id\":\"https:\/\/www.montalegre.org\/es\/#\/schema\/person\/fa12d4cf3a3f1735a9176b4fafd6a633\",\"name\":\"montalegre\",\"image\":{\"@type\":\"ImageObject\",\"inLanguage\":\"es\",\"@id\":\"https:\/\/www.montalegre.org\/es\/#\/schema\/person\/image\/\",\"url\":\"https:\/\/secure.gravatar.com\/avatar\/fe6d886cf5081e723c666dceda1f12d4f39070fa2ed4e79695edc3ca355c9b5a?s=96&d=mm&r=g\",\"contentUrl\":\"https:\/\/secure.gravatar.com\/avatar\/fe6d886cf5081e723c666dceda1f12d4f39070fa2ed4e79695edc3ca355c9b5a?s=96&d=mm&r=g\",\"caption\":\"montalegre\"},\"url\":\"https:\/\/www.montalegre.org\/es\/author\/montalegre\/\"}]}<\/script>\n<!-- \/ Yoast SEO plugin. -->","yoast_head_json":{"title":"Vivir el A\u00f1o Santo - Montalegre","robots":{"index":"index","follow":"follow","max-snippet":"max-snippet:-1","max-image-preview":"max-image-preview:large","max-video-preview":"max-video-preview:-1"},"canonical":"https:\/\/www.montalegre.org\/es\/2025\/01\/vivir-el-ano-santo\/","og_locale":"es_ES","og_type":"article","og_title":"Vivir el A\u00f1o Santo - Montalegre","og_description":"Con la Bula papal \u00abSpes non confundit\u00bb, \u00abla esperanza no defrauda\u00bb (Rm 5,5), el Papa Francisco nos introduce en el a\u00f1o santo que cada veinticinco a\u00f1os se convoca en la Iglesia desde tiempo inmemorial. En esta ocasi\u00f3n, el Papa ha querido que la esperanza constituya el mensaje central del a\u00f1o jubilar y desea \u201cque pueda [&hellip;]","og_url":"https:\/\/www.montalegre.org\/es\/2025\/01\/vivir-el-ano-santo\/","og_site_name":"Montalegre","article_published_time":"2025-01-19T17:16:13+00:00","author":"montalegre","twitter_card":"summary_large_image","twitter_misc":{"Escrito por":"montalegre","Tiempo de lectura":"2 minutos"},"schema":{"@context":"https:\/\/schema.org","@graph":[{"@type":"Article","@id":"https:\/\/www.montalegre.org\/es\/2025\/01\/vivir-el-ano-santo\/#article","isPartOf":{"@id":"https:\/\/www.montalegre.org\/es\/2025\/01\/vivir-el-ano-santo\/"},"author":{"name":"montalegre","@id":"https:\/\/www.montalegre.org\/es\/#\/schema\/person\/fa12d4cf3a3f1735a9176b4fafd6a633"},"headline":"Vivir el A\u00f1o Santo","datePublished":"2025-01-19T17:16:13+00:00","mainEntityOfPage":{"@id":"https:\/\/www.montalegre.org\/es\/2025\/01\/vivir-el-ano-santo\/"},"wordCount":392,"commentCount":0,"articleSection":["Editorial"],"inLanguage":"es","potentialAction":[{"@type":"CommentAction","name":"Comment","target":["https:\/\/www.montalegre.org\/es\/2025\/01\/vivir-el-ano-santo\/#respond"]}]},{"@type":"WebPage","@id":"https:\/\/www.montalegre.org\/es\/2025\/01\/vivir-el-ano-santo\/","url":"https:\/\/www.montalegre.org\/es\/2025\/01\/vivir-el-ano-santo\/","name":"Vivir el A\u00f1o Santo - Montalegre","isPartOf":{"@id":"https:\/\/www.montalegre.org\/es\/#website"},"datePublished":"2025-01-19T17:16:13+00:00","author":{"@id":"https:\/\/www.montalegre.org\/es\/#\/schema\/person\/fa12d4cf3a3f1735a9176b4fafd6a633"},"breadcrumb":{"@id":"https:\/\/www.montalegre.org\/es\/2025\/01\/vivir-el-ano-santo\/#breadcrumb"},"inLanguage":"es","potentialAction":[{"@type":"ReadAction","target":["https:\/\/www.montalegre.org\/es\/2025\/01\/vivir-el-ano-santo\/"]}]},{"@type":"BreadcrumbList","@id":"https:\/\/www.montalegre.org\/es\/2025\/01\/vivir-el-ano-santo\/#breadcrumb","itemListElement":[{"@type":"ListItem","position":1,"name":"Portada","item":"https:\/\/www.montalegre.org\/es\/"},{"@type":"ListItem","position":2,"name":"Vivir el A\u00f1o Santo"}]},{"@type":"WebSite","@id":"https:\/\/www.montalegre.org\/es\/#website","url":"https:\/\/www.montalegre.org\/es\/","name":"Montalegre","description":"","potentialAction":[{"@type":"SearchAction","target":{"@type":"EntryPoint","urlTemplate":"https:\/\/www.montalegre.org\/es\/?s={search_term_string}"},"query-input":{"@type":"PropertyValueSpecification","valueRequired":true,"valueName":"search_term_string"}}],"inLanguage":"es"},{"@type":"Person","@id":"https:\/\/www.montalegre.org\/es\/#\/schema\/person\/fa12d4cf3a3f1735a9176b4fafd6a633","name":"montalegre","image":{"@type":"ImageObject","inLanguage":"es","@id":"https:\/\/www.montalegre.org\/es\/#\/schema\/person\/image\/","url":"https:\/\/secure.gravatar.com\/avatar\/fe6d886cf5081e723c666dceda1f12d4f39070fa2ed4e79695edc3ca355c9b5a?s=96&d=mm&r=g","contentUrl":"https:\/\/secure.gravatar.com\/avatar\/fe6d886cf5081e723c666dceda1f12d4f39070fa2ed4e79695edc3ca355c9b5a?s=96&d=mm&r=g","caption":"montalegre"},"url":"https:\/\/www.montalegre.org\/es\/author\/montalegre\/"}]}},"_links":{"self":[{"href":"https:\/\/www.montalegre.org\/es\/wp-json\/wp\/v2\/posts\/18493","targetHints":{"allow":["GET"]}}],"collection":[{"href":"https:\/\/www.montalegre.org\/es\/wp-json\/wp\/v2\/posts"}],"about":[{"href":"https:\/\/www.montalegre.org\/es\/wp-json\/wp\/v2\/types\/post"}],"author":[{"embeddable":true,"href":"https:\/\/www.montalegre.org\/es\/wp-json\/wp\/v2\/users\/4"}],"replies":[{"embeddable":true,"href":"https:\/\/www.montalegre.org\/es\/wp-json\/wp\/v2\/comments?post=18493"}],"version-history":[{"count":1,"href":"https:\/\/www.montalegre.org\/es\/wp-json\/wp\/v2\/posts\/18493\/revisions"}],"predecessor-version":[{"id":18494,"href":"https:\/\/www.montalegre.org\/es\/wp-json\/wp\/v2\/posts\/18493\/revisions\/18494"}],"wp:attachment":[{"href":"https:\/\/www.montalegre.org\/es\/wp-json\/wp\/v2\/media?parent=18493"}],"wp:term":[{"taxonomy":"category","embeddable":true,"href":"https:\/\/www.montalegre.org\/es\/wp-json\/wp\/v2\/categories?post=18493"},{"taxonomy":"post_tag","embeddable":true,"href":"https:\/\/www.montalegre.org\/es\/wp-json\/wp\/v2\/tags?post=18493"}],"curies":[{"name":"wp","href":"https:\/\/api.w.org\/{rel}","templated":true}]}}