{"id":18426,"date":"2024-12-03T17:12:24","date_gmt":"2024-12-03T17:12:24","guid":{"rendered":"https:\/\/www.montalegre.org\/?p=18426"},"modified":"2024-12-03T17:13:57","modified_gmt":"2024-12-03T17:13:57","slug":"los-fieles-de-montalegre-visitaron-la-basilica-de-la-sagrada-familia-de-barcelona","status":"publish","type":"post","link":"https:\/\/www.montalegre.org\/es\/2024\/12\/los-fieles-de-montalegre-visitaron-la-basilica-de-la-sagrada-familia-de-barcelona\/","title":{"rendered":"Los fieles de Montalegre visitaron la Bas\u00edlica de la Sagrada Familia de Barcelona"},"content":{"rendered":"<p>El pasado 30 de noviembre de 2024, por la ma\u00f1ana realizamos, una vez m\u00e1s, la visita guiada y gratuita a la Bas\u00edlica de la Sagrada Familia de Barcelona, templo santo y emblem\u00e1tico de la Ciudad, gracias a que cada a\u00f1o la Junta Constructora de la Sagrada Familia invita a los feligreses de iglesias y parroquias de la Archidi\u00f3cesis de Barcelona, para que puedan visitar gratuitamente este Evangelio en piedra, creado por Antoni Gaud\u00ed.<\/p>\n<p>Nuestro grupo complet\u00f3 el n\u00famero m\u00e1ximo de sesenta personas. En conjunto, eran fieles de la Iglesia de Santa Mar\u00eda de Montalegre, alumnos y familiares de los diversos grupos de catequesis de primera comuni\u00f3n y de confirmaci\u00f3n, incluyendo alumnas de Terral, entidad sin \u00e1nimo de lucro destinada a la educaci\u00f3n e inserci\u00f3n de ni\u00f1as y j\u00f3venes del barrio del Raval que atiende pastoralmente Montalegre.<a href=\"https:\/\/www.montalegre.org\/wp-content\/uploads\/2024\/12\/visita-grupo-1.jpg\"><img loading=\"lazy\" decoding=\"async\" class=\"alignright size-medium wp-image-18424\" src=\"https:\/\/www.montalegre.org\/wp-content\/uploads\/2024\/12\/visita-grupo-1-359x480.jpg\" alt=\"\" width=\"359\" height=\"480\" srcset=\"https:\/\/www.montalegre.org\/wp-content\/uploads\/2024\/12\/visita-grupo-1-359x480.jpg 359w, https:\/\/www.montalegre.org\/wp-content\/uploads\/2024\/12\/visita-grupo-1-765x1024.jpg 765w, https:\/\/www.montalegre.org\/wp-content\/uploads\/2024\/12\/visita-grupo-1-1148x1536.jpg 1148w, https:\/\/www.montalegre.org\/wp-content\/uploads\/2024\/12\/visita-grupo-1.jpg 1196w\" sizes=\"auto, (max-width: 359px) 100vw, 359px\" \/><\/a><\/p>\n<p>La visita fue dirigida por gu\u00edas profesionales de la Sagrada Familia, con un amplio conocimiento de la historia, construcci\u00f3n y la actualidad del templo. Nos explicaron en una hora las tres fachadas (Nacimiento, Padrenuestro y Pasi\u00f3n) as\u00ed como toda la nave de la Bas\u00edlica llamada <em>el bosque<\/em>. Fue maravilloso volver a estar en aquel lugar en un d\u00eda soleado como aquel s\u00e1bado pues se trasluc\u00eda una inmensa luz de colores a trav\u00e9s de los numerosos vitrales. Una experiencia para los sentidos y para el alma dif\u00edcil de ser superada por otra.<\/p>\n<p>Una vez acabada la visita guiada, los peregrinos pudieron acceder a otras zonas libremente, como el museo, la antigua escuela de alumnos del barrio, que es un peque\u00f1o edificio situado en el exterior y las sacrist\u00edas. Tambi\u00e9n, los m\u00e1s avispados, y desde una zona acristalada de la nave de la bas\u00edlica pudieron contemplar parcialmente la Cripta, lugar donde est\u00e1 enterrado Antoni Gaud\u00ed, y, siguiendo el mismo recorrido, visitar la peque\u00f1a capilla del Sant\u00edsimo.<\/p>\n<p>El templo de la Sagrada Familia fue constituido Bas\u00edlica en la consagraci\u00f3n como tal por el Santo Padre Benedicto XVI el 7 de noviembre de 2010. Cada d\u00eda se celebran misas en la cripta, y en la nave central los fines de semana, a las cuales pueden acudir todos los cat\u00f3licos que lo deseen. Se puede consultar en el sitio web oficial los horarios de las misas.<\/p>\n<p>Isabel Hern\u00e1ndez Esteban<\/p>\n","protected":false},"excerpt":{"rendered":"<p>El pasado 30 de noviembre de 2024, por la ma\u00f1ana realizamos, una vez m\u00e1s, la visita guiada y gratuita a la Bas\u00edlica de la Sagrada Familia de Barcelona, templo santo y emblem\u00e1tico de la Ciudad, gracias a que cada a\u00f1o la Junta Constructora de la Sagrada Familia invita a los feligreses de iglesias y parroquias [&hellip;]<\/p>\n","protected":false},"author":4,"featured_media":18422,"comment_status":"open","ping_status":"open","sticky":false,"template":"","format":"standard","meta":{"footnotes":""},"categories":[31],"tags":[],"class_list":["post-18426","post","type-post","status-publish","format-standard","has-post-thumbnail","hentry","category-actualidad"],"yoast_head":"<!-- This site is optimized with the Yoast SEO plugin v27.1.1 - https:\/\/yoast.com\/product\/yoast-seo-wordpress\/ -->\n<title>Los fieles de Montalegre visitaron la Bas\u00edlica de la Sagrada Familia de Barcelona - Montalegre<\/title>\n<meta name=\"robots\" content=\"index, follow, max-snippet:-1, max-image-preview:large, max-video-preview:-1\" \/>\n<link rel=\"canonical\" href=\"https:\/\/www.montalegre.org\/es\/2024\/12\/los-fieles-de-montalegre-visitaron-la-basilica-de-la-sagrada-familia-de-barcelona\/\" \/>\n<meta property=\"og:locale\" content=\"es_ES\" \/>\n<meta property=\"og:type\" content=\"article\" \/>\n<meta property=\"og:title\" content=\"Los fieles de Montalegre visitaron la Bas\u00edlica de la Sagrada Familia de Barcelona - Montalegre\" \/>\n<meta property=\"og:description\" content=\"El pasado 30 de noviembre de 2024, por la ma\u00f1ana realizamos, una vez m\u00e1s, la visita guiada y gratuita a la Bas\u00edlica de la Sagrada Familia de Barcelona, templo santo y emblem\u00e1tico de la Ciudad, gracias a que cada a\u00f1o la Junta Constructora de la Sagrada Familia invita a los feligreses de iglesias y parroquias [&hellip;]\" \/>\n<meta property=\"og:url\" content=\"https:\/\/www.montalegre.org\/es\/2024\/12\/los-fieles-de-montalegre-visitaron-la-basilica-de-la-sagrada-familia-de-barcelona\/\" \/>\n<meta property=\"og:site_name\" content=\"Montalegre\" \/>\n<meta property=\"article:published_time\" content=\"2024-12-03T17:12:24+00:00\" \/>\n<meta property=\"article:modified_time\" content=\"2024-12-03T17:13:57+00:00\" \/>\n<meta property=\"og:image\" content=\"https:\/\/www.montalegre.org\/wp-content\/uploads\/2024\/12\/visita-grupo-2-scaled.jpg\" \/>\n\t<meta property=\"og:image:width\" content=\"2560\" \/>\n\t<meta property=\"og:image:height\" content=\"1928\" \/>\n\t<meta property=\"og:image:type\" content=\"image\/jpeg\" \/>\n<meta name=\"author\" content=\"montalegre\" \/>\n<meta name=\"twitter:card\" content=\"summary_large_image\" \/>\n<meta name=\"twitter:label1\" content=\"Escrito por\" \/>\n\t<meta name=\"twitter:data1\" content=\"montalegre\" \/>\n\t<meta name=\"twitter:label2\" content=\"Tiempo de lectura\" \/>\n\t<meta name=\"twitter:data2\" content=\"3 minutos\" \/>\n<script type=\"application\/ld+json\" class=\"yoast-schema-graph\">{\"@context\":\"https:\/\/schema.org\",\"@graph\":[{\"@type\":\"Article\",\"@id\":\"https:\/\/www.montalegre.org\/es\/2024\/12\/los-fieles-de-montalegre-visitaron-la-basilica-de-la-sagrada-familia-de-barcelona\/#article\",\"isPartOf\":{\"@id\":\"https:\/\/www.montalegre.org\/es\/2024\/12\/los-fieles-de-montalegre-visitaron-la-basilica-de-la-sagrada-familia-de-barcelona\/\"},\"author\":{\"name\":\"montalegre\",\"@id\":\"https:\/\/www.montalegre.org\/es\/#\/schema\/person\/fa12d4cf3a3f1735a9176b4fafd6a633\"},\"headline\":\"Los fieles de Montalegre visitaron la Bas\u00edlica de la Sagrada Familia de Barcelona\",\"datePublished\":\"2024-12-03T17:12:24+00:00\",\"dateModified\":\"2024-12-03T17:13:57+00:00\",\"mainEntityOfPage\":{\"@id\":\"https:\/\/www.montalegre.org\/es\/2024\/12\/los-fieles-de-montalegre-visitaron-la-basilica-de-la-sagrada-familia-de-barcelona\/\"},\"wordCount\":416,\"commentCount\":0,\"image\":{\"@id\":\"https:\/\/www.montalegre.org\/es\/2024\/12\/los-fieles-de-montalegre-visitaron-la-basilica-de-la-sagrada-familia-de-barcelona\/#primaryimage\"},\"thumbnailUrl\":\"https:\/\/www.montalegre.org\/wp-content\/uploads\/2024\/12\/visita-grupo-2-scaled.jpg\",\"articleSection\":[\"Actualidad\"],\"inLanguage\":\"es\",\"potentialAction\":[{\"@type\":\"CommentAction\",\"name\":\"Comment\",\"target\":[\"https:\/\/www.montalegre.org\/es\/2024\/12\/los-fieles-de-montalegre-visitaron-la-basilica-de-la-sagrada-familia-de-barcelona\/#respond\"]}]},{\"@type\":\"WebPage\",\"@id\":\"https:\/\/www.montalegre.org\/es\/2024\/12\/los-fieles-de-montalegre-visitaron-la-basilica-de-la-sagrada-familia-de-barcelona\/\",\"url\":\"https:\/\/www.montalegre.org\/es\/2024\/12\/los-fieles-de-montalegre-visitaron-la-basilica-de-la-sagrada-familia-de-barcelona\/\",\"name\":\"Los fieles de Montalegre visitaron la Bas\u00edlica de la Sagrada Familia de Barcelona - Montalegre\",\"isPartOf\":{\"@id\":\"https:\/\/www.montalegre.org\/es\/#website\"},\"primaryImageOfPage\":{\"@id\":\"https:\/\/www.montalegre.org\/es\/2024\/12\/los-fieles-de-montalegre-visitaron-la-basilica-de-la-sagrada-familia-de-barcelona\/#primaryimage\"},\"image\":{\"@id\":\"https:\/\/www.montalegre.org\/es\/2024\/12\/los-fieles-de-montalegre-visitaron-la-basilica-de-la-sagrada-familia-de-barcelona\/#primaryimage\"},\"thumbnailUrl\":\"https:\/\/www.montalegre.org\/wp-content\/uploads\/2024\/12\/visita-grupo-2-scaled.jpg\",\"datePublished\":\"2024-12-03T17:12:24+00:00\",\"dateModified\":\"2024-12-03T17:13:57+00:00\",\"author\":{\"@id\":\"https:\/\/www.montalegre.org\/es\/#\/schema\/person\/fa12d4cf3a3f1735a9176b4fafd6a633\"},\"breadcrumb\":{\"@id\":\"https:\/\/www.montalegre.org\/es\/2024\/12\/los-fieles-de-montalegre-visitaron-la-basilica-de-la-sagrada-familia-de-barcelona\/#breadcrumb\"},\"inLanguage\":\"es\",\"potentialAction\":[{\"@type\":\"ReadAction\",\"target\":[\"https:\/\/www.montalegre.org\/es\/2024\/12\/los-fieles-de-montalegre-visitaron-la-basilica-de-la-sagrada-familia-de-barcelona\/\"]}]},{\"@type\":\"ImageObject\",\"inLanguage\":\"es\",\"@id\":\"https:\/\/www.montalegre.org\/es\/2024\/12\/los-fieles-de-montalegre-visitaron-la-basilica-de-la-sagrada-familia-de-barcelona\/#primaryimage\",\"url\":\"https:\/\/www.montalegre.org\/wp-content\/uploads\/2024\/12\/visita-grupo-2-scaled.jpg\",\"contentUrl\":\"https:\/\/www.montalegre.org\/wp-content\/uploads\/2024\/12\/visita-grupo-2-scaled.jpg\",\"width\":2560,\"height\":1928},{\"@type\":\"BreadcrumbList\",\"@id\":\"https:\/\/www.montalegre.org\/es\/2024\/12\/los-fieles-de-montalegre-visitaron-la-basilica-de-la-sagrada-familia-de-barcelona\/#breadcrumb\",\"itemListElement\":[{\"@type\":\"ListItem\",\"position\":1,\"name\":\"Portada\",\"item\":\"https:\/\/www.montalegre.org\/es\/\"},{\"@type\":\"ListItem\",\"position\":2,\"name\":\"Los fieles de Montalegre visitaron la Bas\u00edlica de la Sagrada Familia de Barcelona\"}]},{\"@type\":\"WebSite\",\"@id\":\"https:\/\/www.montalegre.org\/es\/#website\",\"url\":\"https:\/\/www.montalegre.org\/es\/\",\"name\":\"Montalegre\",\"description\":\"\",\"potentialAction\":[{\"@type\":\"SearchAction\",\"target\":{\"@type\":\"EntryPoint\",\"urlTemplate\":\"https:\/\/www.montalegre.org\/es\/?s={search_term_string}\"},\"query-input\":{\"@type\":\"PropertyValueSpecification\",\"valueRequired\":true,\"valueName\":\"search_term_string\"}}],\"inLanguage\":\"es\"},{\"@type\":\"Person\",\"@id\":\"https:\/\/www.montalegre.org\/es\/#\/schema\/person\/fa12d4cf3a3f1735a9176b4fafd6a633\",\"name\":\"montalegre\",\"image\":{\"@type\":\"ImageObject\",\"inLanguage\":\"es\",\"@id\":\"https:\/\/www.montalegre.org\/es\/#\/schema\/person\/image\/\",\"url\":\"https:\/\/secure.gravatar.com\/avatar\/fe6d886cf5081e723c666dceda1f12d4f39070fa2ed4e79695edc3ca355c9b5a?s=96&d=mm&r=g\",\"contentUrl\":\"https:\/\/secure.gravatar.com\/avatar\/fe6d886cf5081e723c666dceda1f12d4f39070fa2ed4e79695edc3ca355c9b5a?s=96&d=mm&r=g\",\"caption\":\"montalegre\"},\"url\":\"https:\/\/www.montalegre.org\/es\/author\/montalegre\/\"}]}<\/script>\n<!-- \/ Yoast SEO plugin. -->","yoast_head_json":{"title":"Los fieles de Montalegre visitaron la Bas\u00edlica de la Sagrada Familia de Barcelona - Montalegre","robots":{"index":"index","follow":"follow","max-snippet":"max-snippet:-1","max-image-preview":"max-image-preview:large","max-video-preview":"max-video-preview:-1"},"canonical":"https:\/\/www.montalegre.org\/es\/2024\/12\/los-fieles-de-montalegre-visitaron-la-basilica-de-la-sagrada-familia-de-barcelona\/","og_locale":"es_ES","og_type":"article","og_title":"Los fieles de Montalegre visitaron la Bas\u00edlica de la Sagrada Familia de Barcelona - Montalegre","og_description":"El pasado 30 de noviembre de 2024, por la ma\u00f1ana realizamos, una vez m\u00e1s, la visita guiada y gratuita a la Bas\u00edlica de la Sagrada Familia de Barcelona, templo santo y emblem\u00e1tico de la Ciudad, gracias a que cada a\u00f1o la Junta Constructora de la Sagrada Familia invita a los feligreses de iglesias y parroquias [&hellip;]","og_url":"https:\/\/www.montalegre.org\/es\/2024\/12\/los-fieles-de-montalegre-visitaron-la-basilica-de-la-sagrada-familia-de-barcelona\/","og_site_name":"Montalegre","article_published_time":"2024-12-03T17:12:24+00:00","article_modified_time":"2024-12-03T17:13:57+00:00","og_image":[{"width":2560,"height":1928,"url":"https:\/\/www.montalegre.org\/wp-content\/uploads\/2024\/12\/visita-grupo-2-scaled.jpg","type":"image\/jpeg"}],"author":"montalegre","twitter_card":"summary_large_image","twitter_misc":{"Escrito por":"montalegre","Tiempo de lectura":"3 minutos"},"schema":{"@context":"https:\/\/schema.org","@graph":[{"@type":"Article","@id":"https:\/\/www.montalegre.org\/es\/2024\/12\/los-fieles-de-montalegre-visitaron-la-basilica-de-la-sagrada-familia-de-barcelona\/#article","isPartOf":{"@id":"https:\/\/www.montalegre.org\/es\/2024\/12\/los-fieles-de-montalegre-visitaron-la-basilica-de-la-sagrada-familia-de-barcelona\/"},"author":{"name":"montalegre","@id":"https:\/\/www.montalegre.org\/es\/#\/schema\/person\/fa12d4cf3a3f1735a9176b4fafd6a633"},"headline":"Los fieles de Montalegre visitaron la Bas\u00edlica de la Sagrada Familia de Barcelona","datePublished":"2024-12-03T17:12:24+00:00","dateModified":"2024-12-03T17:13:57+00:00","mainEntityOfPage":{"@id":"https:\/\/www.montalegre.org\/es\/2024\/12\/los-fieles-de-montalegre-visitaron-la-basilica-de-la-sagrada-familia-de-barcelona\/"},"wordCount":416,"commentCount":0,"image":{"@id":"https:\/\/www.montalegre.org\/es\/2024\/12\/los-fieles-de-montalegre-visitaron-la-basilica-de-la-sagrada-familia-de-barcelona\/#primaryimage"},"thumbnailUrl":"https:\/\/www.montalegre.org\/wp-content\/uploads\/2024\/12\/visita-grupo-2-scaled.jpg","articleSection":["Actualidad"],"inLanguage":"es","potentialAction":[{"@type":"CommentAction","name":"Comment","target":["https:\/\/www.montalegre.org\/es\/2024\/12\/los-fieles-de-montalegre-visitaron-la-basilica-de-la-sagrada-familia-de-barcelona\/#respond"]}]},{"@type":"WebPage","@id":"https:\/\/www.montalegre.org\/es\/2024\/12\/los-fieles-de-montalegre-visitaron-la-basilica-de-la-sagrada-familia-de-barcelona\/","url":"https:\/\/www.montalegre.org\/es\/2024\/12\/los-fieles-de-montalegre-visitaron-la-basilica-de-la-sagrada-familia-de-barcelona\/","name":"Los fieles de Montalegre visitaron la Bas\u00edlica de la Sagrada Familia de Barcelona - Montalegre","isPartOf":{"@id":"https:\/\/www.montalegre.org\/es\/#website"},"primaryImageOfPage":{"@id":"https:\/\/www.montalegre.org\/es\/2024\/12\/los-fieles-de-montalegre-visitaron-la-basilica-de-la-sagrada-familia-de-barcelona\/#primaryimage"},"image":{"@id":"https:\/\/www.montalegre.org\/es\/2024\/12\/los-fieles-de-montalegre-visitaron-la-basilica-de-la-sagrada-familia-de-barcelona\/#primaryimage"},"thumbnailUrl":"https:\/\/www.montalegre.org\/wp-content\/uploads\/2024\/12\/visita-grupo-2-scaled.jpg","datePublished":"2024-12-03T17:12:24+00:00","dateModified":"2024-12-03T17:13:57+00:00","author":{"@id":"https:\/\/www.montalegre.org\/es\/#\/schema\/person\/fa12d4cf3a3f1735a9176b4fafd6a633"},"breadcrumb":{"@id":"https:\/\/www.montalegre.org\/es\/2024\/12\/los-fieles-de-montalegre-visitaron-la-basilica-de-la-sagrada-familia-de-barcelona\/#breadcrumb"},"inLanguage":"es","potentialAction":[{"@type":"ReadAction","target":["https:\/\/www.montalegre.org\/es\/2024\/12\/los-fieles-de-montalegre-visitaron-la-basilica-de-la-sagrada-familia-de-barcelona\/"]}]},{"@type":"ImageObject","inLanguage":"es","@id":"https:\/\/www.montalegre.org\/es\/2024\/12\/los-fieles-de-montalegre-visitaron-la-basilica-de-la-sagrada-familia-de-barcelona\/#primaryimage","url":"https:\/\/www.montalegre.org\/wp-content\/uploads\/2024\/12\/visita-grupo-2-scaled.jpg","contentUrl":"https:\/\/www.montalegre.org\/wp-content\/uploads\/2024\/12\/visita-grupo-2-scaled.jpg","width":2560,"height":1928},{"@type":"BreadcrumbList","@id":"https:\/\/www.montalegre.org\/es\/2024\/12\/los-fieles-de-montalegre-visitaron-la-basilica-de-la-sagrada-familia-de-barcelona\/#breadcrumb","itemListElement":[{"@type":"ListItem","position":1,"name":"Portada","item":"https:\/\/www.montalegre.org\/es\/"},{"@type":"ListItem","position":2,"name":"Los fieles de Montalegre visitaron la Bas\u00edlica de la Sagrada Familia de Barcelona"}]},{"@type":"WebSite","@id":"https:\/\/www.montalegre.org\/es\/#website","url":"https:\/\/www.montalegre.org\/es\/","name":"Montalegre","description":"","potentialAction":[{"@type":"SearchAction","target":{"@type":"EntryPoint","urlTemplate":"https:\/\/www.montalegre.org\/es\/?s={search_term_string}"},"query-input":{"@type":"PropertyValueSpecification","valueRequired":true,"valueName":"search_term_string"}}],"inLanguage":"es"},{"@type":"Person","@id":"https:\/\/www.montalegre.org\/es\/#\/schema\/person\/fa12d4cf3a3f1735a9176b4fafd6a633","name":"montalegre","image":{"@type":"ImageObject","inLanguage":"es","@id":"https:\/\/www.montalegre.org\/es\/#\/schema\/person\/image\/","url":"https:\/\/secure.gravatar.com\/avatar\/fe6d886cf5081e723c666dceda1f12d4f39070fa2ed4e79695edc3ca355c9b5a?s=96&d=mm&r=g","contentUrl":"https:\/\/secure.gravatar.com\/avatar\/fe6d886cf5081e723c666dceda1f12d4f39070fa2ed4e79695edc3ca355c9b5a?s=96&d=mm&r=g","caption":"montalegre"},"url":"https:\/\/www.montalegre.org\/es\/author\/montalegre\/"}]}},"_links":{"self":[{"href":"https:\/\/www.montalegre.org\/es\/wp-json\/wp\/v2\/posts\/18426","targetHints":{"allow":["GET"]}}],"collection":[{"href":"https:\/\/www.montalegre.org\/es\/wp-json\/wp\/v2\/posts"}],"about":[{"href":"https:\/\/www.montalegre.org\/es\/wp-json\/wp\/v2\/types\/post"}],"author":[{"embeddable":true,"href":"https:\/\/www.montalegre.org\/es\/wp-json\/wp\/v2\/users\/4"}],"replies":[{"embeddable":true,"href":"https:\/\/www.montalegre.org\/es\/wp-json\/wp\/v2\/comments?post=18426"}],"version-history":[{"count":3,"href":"https:\/\/www.montalegre.org\/es\/wp-json\/wp\/v2\/posts\/18426\/revisions"}],"predecessor-version":[{"id":18429,"href":"https:\/\/www.montalegre.org\/es\/wp-json\/wp\/v2\/posts\/18426\/revisions\/18429"}],"wp:featuredmedia":[{"embeddable":true,"href":"https:\/\/www.montalegre.org\/es\/wp-json\/wp\/v2\/media\/18422"}],"wp:attachment":[{"href":"https:\/\/www.montalegre.org\/es\/wp-json\/wp\/v2\/media?parent=18426"}],"wp:term":[{"taxonomy":"category","embeddable":true,"href":"https:\/\/www.montalegre.org\/es\/wp-json\/wp\/v2\/categories?post=18426"},{"taxonomy":"post_tag","embeddable":true,"href":"https:\/\/www.montalegre.org\/es\/wp-json\/wp\/v2\/tags?post=18426"}],"curies":[{"name":"wp","href":"https:\/\/api.w.org\/{rel}","templated":true}]}}