{"id":18408,"date":"2024-11-12T19:19:32","date_gmt":"2024-11-12T19:19:32","guid":{"rendered":"https:\/\/www.montalegre.org\/?p=18408"},"modified":"2024-11-12T19:21:49","modified_gmt":"2024-11-12T19:21:49","slug":"informacion-sobre-la-peregrinacion-a-roma-los-dias-6-7-8-y-9-de-marzo-de-2025","status":"publish","type":"post","link":"https:\/\/www.montalegre.org\/es\/2024\/11\/informacion-sobre-la-peregrinacion-a-roma-los-dias-6-7-8-y-9-de-marzo-de-2025\/","title":{"rendered":"Informaci\u00f3n sobre la peregrinaci\u00f3n a Roma los d\u00edas 6, 7, 8 y 9 de marzo de 2025"},"content":{"rendered":"<p>En nuestro art\u00edculo anterior hemos informado sobre el gran acontecimiento de la Iglesia para el pr\u00f3ximo a\u00f1o, el Jubileo 2025. Para esta ocasi\u00f3n la <em>Associaci\u00f3 de Cooperadors<\/em> del Opus Dei de Catalu\u00f1a ha organizado una peregrinaci\u00f3n a Roma (Italia) para participar activamente en el Jubileo, y pasar por una de las Puertas Santas papales, entre otras actividades importantes.<\/p>\n<p><strong>La fecha l\u00edmite de inscripci\u00f3n es el pr\u00f3ximo 30 de noviembre de 2024. <\/strong><\/p>\n<p><strong>Las fechas del viaje son: 6, 7, 8 y 9 de marzo de 2025<\/strong><\/p>\n<p>Para cualquier informaci\u00f3n e inscripci\u00f3n dirigirse a RT CULTURA S.L. Barcelona<\/p>\n<p>Mail:<strong> info@rtcultural.com<\/strong><\/p>\n<p>WEB: <a href=\"http:\/\/www.rtcultural.com\">www.rtcultural.com<\/a><\/p>\n<p>Tlf: <strong>93 122 67 00<\/strong><\/p>\n<p>La informaci\u00f3n completa sobre la peregrinaci\u00f3n, fechas, lugares, precios y condiciones consta en los documentos adjuntos en formato pdf.<\/p>\n<p><a href=\"https:\/\/www.montalegre.org\/wp-content\/uploads\/2024\/11\/RT54-2024-COOPERADORS-BONAIGUA-y-MONTALEGRE-ROMA-JUBILEO-6-9-MARZO-2025-DOSSIER-1.pdf\">RT54-2024 COOPERADORS &#8211; BONAIGUA y MONTALEGRE ROMA JUBILEO 6-9 MARZO 2025 DOSSIER (1)<\/a><\/p>\n<p><a href=\"https:\/\/www.montalegre.org\/wp-content\/uploads\/2024\/11\/HOJA-DE-INSCRIPCION-COOPERADORS-BONAIGUA-MONTALEGRE-ROMA-06-09-MARZO-2025.docx\">HOJA DE INSCRIPCION COOPERADORS BONAIGUA MONTALEGRE ROMA 06-09 MARZO 2025<\/a><\/p>\n<p>Comunicaci\u00f3n Montalegre<\/p>\n","protected":false},"excerpt":{"rendered":"<p>En nuestro art\u00edculo anterior hemos informado sobre el gran acontecimiento de la Iglesia para el pr\u00f3ximo a\u00f1o, el Jubileo 2025. Para esta ocasi\u00f3n la Associaci\u00f3 de Cooperadors del Opus Dei de Catalu\u00f1a ha organizado una peregrinaci\u00f3n a Roma (Italia) para participar activamente en el Jubileo, y pasar por una de las Puertas Santas papales, entre [&hellip;]<\/p>\n","protected":false},"author":4,"featured_media":18397,"comment_status":"open","ping_status":"open","sticky":false,"template":"","format":"standard","meta":{"footnotes":""},"categories":[1],"tags":[],"class_list":["post-18408","post","type-post","status-publish","format-standard","has-post-thumbnail","hentry","category-noticias-de-montalegre"],"yoast_head":"<!-- This site is optimized with the Yoast SEO plugin v27.1.1 - https:\/\/yoast.com\/product\/yoast-seo-wordpress\/ -->\n<title>Informaci\u00f3n sobre la peregrinaci\u00f3n a Roma los d\u00edas 6, 7, 8 y 9 de marzo de 2025 - Montalegre<\/title>\n<meta name=\"robots\" content=\"index, follow, max-snippet:-1, max-image-preview:large, max-video-preview:-1\" \/>\n<link rel=\"canonical\" href=\"https:\/\/www.montalegre.org\/es\/2024\/11\/informacion-sobre-la-peregrinacion-a-roma-los-dias-6-7-8-y-9-de-marzo-de-2025\/\" \/>\n<meta property=\"og:locale\" content=\"es_ES\" \/>\n<meta property=\"og:type\" content=\"article\" \/>\n<meta property=\"og:title\" content=\"Informaci\u00f3n sobre la peregrinaci\u00f3n a Roma los d\u00edas 6, 7, 8 y 9 de marzo de 2025 - Montalegre\" \/>\n<meta property=\"og:description\" content=\"En nuestro art\u00edculo anterior hemos informado sobre el gran acontecimiento de la Iglesia para el pr\u00f3ximo a\u00f1o, el Jubileo 2025. Para esta ocasi\u00f3n la Associaci\u00f3 de Cooperadors del Opus Dei de Catalu\u00f1a ha organizado una peregrinaci\u00f3n a Roma (Italia) para participar activamente en el Jubileo, y pasar por una de las Puertas Santas papales, entre [&hellip;]\" \/>\n<meta property=\"og:url\" content=\"https:\/\/www.montalegre.org\/es\/2024\/11\/informacion-sobre-la-peregrinacion-a-roma-los-dias-6-7-8-y-9-de-marzo-de-2025\/\" \/>\n<meta property=\"og:site_name\" content=\"Montalegre\" \/>\n<meta property=\"article:published_time\" content=\"2024-11-12T19:19:32+00:00\" \/>\n<meta property=\"article:modified_time\" content=\"2024-11-12T19:21:49+00:00\" \/>\n<meta property=\"og:image\" content=\"https:\/\/www.montalegre.org\/wp-content\/uploads\/2024\/11\/202407shutterstock_2451291345-scaled-e1721974759590-745x475-1.jpg\" \/>\n\t<meta property=\"og:image:width\" content=\"745\" \/>\n\t<meta property=\"og:image:height\" content=\"475\" \/>\n\t<meta property=\"og:image:type\" content=\"image\/jpeg\" \/>\n<meta name=\"author\" content=\"montalegre\" \/>\n<meta name=\"twitter:card\" content=\"summary_large_image\" \/>\n<meta name=\"twitter:label1\" content=\"Escrito por\" \/>\n\t<meta name=\"twitter:data1\" content=\"montalegre\" \/>\n\t<meta name=\"twitter:label2\" content=\"Tiempo de lectura\" \/>\n\t<meta name=\"twitter:data2\" content=\"1 minuto\" \/>\n<script type=\"application\/ld+json\" class=\"yoast-schema-graph\">{\"@context\":\"https:\/\/schema.org\",\"@graph\":[{\"@type\":\"Article\",\"@id\":\"https:\/\/www.montalegre.org\/es\/2024\/11\/informacion-sobre-la-peregrinacion-a-roma-los-dias-6-7-8-y-9-de-marzo-de-2025\/#article\",\"isPartOf\":{\"@id\":\"https:\/\/www.montalegre.org\/es\/2024\/11\/informacion-sobre-la-peregrinacion-a-roma-los-dias-6-7-8-y-9-de-marzo-de-2025\/\"},\"author\":{\"name\":\"montalegre\",\"@id\":\"https:\/\/www.montalegre.org\/es\/#\/schema\/person\/fa12d4cf3a3f1735a9176b4fafd6a633\"},\"headline\":\"Informaci\u00f3n sobre la peregrinaci\u00f3n a Roma los d\u00edas 6, 7, 8 y 9 de marzo de 2025\",\"datePublished\":\"2024-11-12T19:19:32+00:00\",\"dateModified\":\"2024-11-12T19:21:49+00:00\",\"mainEntityOfPage\":{\"@id\":\"https:\/\/www.montalegre.org\/es\/2024\/11\/informacion-sobre-la-peregrinacion-a-roma-los-dias-6-7-8-y-9-de-marzo-de-2025\/\"},\"wordCount\":169,\"commentCount\":0,\"image\":{\"@id\":\"https:\/\/www.montalegre.org\/es\/2024\/11\/informacion-sobre-la-peregrinacion-a-roma-los-dias-6-7-8-y-9-de-marzo-de-2025\/#primaryimage\"},\"thumbnailUrl\":\"https:\/\/www.montalegre.org\/wp-content\/uploads\/2024\/11\/202407shutterstock_2451291345-scaled-e1721974759590-745x475-1.jpg\",\"articleSection\":[\"Noticias de Montalegre\"],\"inLanguage\":\"es\",\"potentialAction\":[{\"@type\":\"CommentAction\",\"name\":\"Comment\",\"target\":[\"https:\/\/www.montalegre.org\/es\/2024\/11\/informacion-sobre-la-peregrinacion-a-roma-los-dias-6-7-8-y-9-de-marzo-de-2025\/#respond\"]}]},{\"@type\":\"WebPage\",\"@id\":\"https:\/\/www.montalegre.org\/es\/2024\/11\/informacion-sobre-la-peregrinacion-a-roma-los-dias-6-7-8-y-9-de-marzo-de-2025\/\",\"url\":\"https:\/\/www.montalegre.org\/es\/2024\/11\/informacion-sobre-la-peregrinacion-a-roma-los-dias-6-7-8-y-9-de-marzo-de-2025\/\",\"name\":\"Informaci\u00f3n sobre la peregrinaci\u00f3n a Roma los d\u00edas 6, 7, 8 y 9 de marzo de 2025 - Montalegre\",\"isPartOf\":{\"@id\":\"https:\/\/www.montalegre.org\/es\/#website\"},\"primaryImageOfPage\":{\"@id\":\"https:\/\/www.montalegre.org\/es\/2024\/11\/informacion-sobre-la-peregrinacion-a-roma-los-dias-6-7-8-y-9-de-marzo-de-2025\/#primaryimage\"},\"image\":{\"@id\":\"https:\/\/www.montalegre.org\/es\/2024\/11\/informacion-sobre-la-peregrinacion-a-roma-los-dias-6-7-8-y-9-de-marzo-de-2025\/#primaryimage\"},\"thumbnailUrl\":\"https:\/\/www.montalegre.org\/wp-content\/uploads\/2024\/11\/202407shutterstock_2451291345-scaled-e1721974759590-745x475-1.jpg\",\"datePublished\":\"2024-11-12T19:19:32+00:00\",\"dateModified\":\"2024-11-12T19:21:49+00:00\",\"author\":{\"@id\":\"https:\/\/www.montalegre.org\/es\/#\/schema\/person\/fa12d4cf3a3f1735a9176b4fafd6a633\"},\"breadcrumb\":{\"@id\":\"https:\/\/www.montalegre.org\/es\/2024\/11\/informacion-sobre-la-peregrinacion-a-roma-los-dias-6-7-8-y-9-de-marzo-de-2025\/#breadcrumb\"},\"inLanguage\":\"es\",\"potentialAction\":[{\"@type\":\"ReadAction\",\"target\":[\"https:\/\/www.montalegre.org\/es\/2024\/11\/informacion-sobre-la-peregrinacion-a-roma-los-dias-6-7-8-y-9-de-marzo-de-2025\/\"]}]},{\"@type\":\"ImageObject\",\"inLanguage\":\"es\",\"@id\":\"https:\/\/www.montalegre.org\/es\/2024\/11\/informacion-sobre-la-peregrinacion-a-roma-los-dias-6-7-8-y-9-de-marzo-de-2025\/#primaryimage\",\"url\":\"https:\/\/www.montalegre.org\/wp-content\/uploads\/2024\/11\/202407shutterstock_2451291345-scaled-e1721974759590-745x475-1.jpg\",\"contentUrl\":\"https:\/\/www.montalegre.org\/wp-content\/uploads\/2024\/11\/202407shutterstock_2451291345-scaled-e1721974759590-745x475-1.jpg\",\"width\":745,\"height\":475},{\"@type\":\"BreadcrumbList\",\"@id\":\"https:\/\/www.montalegre.org\/es\/2024\/11\/informacion-sobre-la-peregrinacion-a-roma-los-dias-6-7-8-y-9-de-marzo-de-2025\/#breadcrumb\",\"itemListElement\":[{\"@type\":\"ListItem\",\"position\":1,\"name\":\"Portada\",\"item\":\"https:\/\/www.montalegre.org\/es\/\"},{\"@type\":\"ListItem\",\"position\":2,\"name\":\"Informaci\u00f3n sobre la peregrinaci\u00f3n a Roma los d\u00edas 6, 7, 8 y 9 de marzo de 2025\"}]},{\"@type\":\"WebSite\",\"@id\":\"https:\/\/www.montalegre.org\/es\/#website\",\"url\":\"https:\/\/www.montalegre.org\/es\/\",\"name\":\"Montalegre\",\"description\":\"\",\"potentialAction\":[{\"@type\":\"SearchAction\",\"target\":{\"@type\":\"EntryPoint\",\"urlTemplate\":\"https:\/\/www.montalegre.org\/es\/?s={search_term_string}\"},\"query-input\":{\"@type\":\"PropertyValueSpecification\",\"valueRequired\":true,\"valueName\":\"search_term_string\"}}],\"inLanguage\":\"es\"},{\"@type\":\"Person\",\"@id\":\"https:\/\/www.montalegre.org\/es\/#\/schema\/person\/fa12d4cf3a3f1735a9176b4fafd6a633\",\"name\":\"montalegre\",\"image\":{\"@type\":\"ImageObject\",\"inLanguage\":\"es\",\"@id\":\"https:\/\/www.montalegre.org\/es\/#\/schema\/person\/image\/\",\"url\":\"https:\/\/secure.gravatar.com\/avatar\/fe6d886cf5081e723c666dceda1f12d4f39070fa2ed4e79695edc3ca355c9b5a?s=96&d=mm&r=g\",\"contentUrl\":\"https:\/\/secure.gravatar.com\/avatar\/fe6d886cf5081e723c666dceda1f12d4f39070fa2ed4e79695edc3ca355c9b5a?s=96&d=mm&r=g\",\"caption\":\"montalegre\"},\"url\":\"https:\/\/www.montalegre.org\/es\/author\/montalegre\/\"}]}<\/script>\n<!-- \/ Yoast SEO plugin. -->","yoast_head_json":{"title":"Informaci\u00f3n sobre la peregrinaci\u00f3n a Roma los d\u00edas 6, 7, 8 y 9 de marzo de 2025 - Montalegre","robots":{"index":"index","follow":"follow","max-snippet":"max-snippet:-1","max-image-preview":"max-image-preview:large","max-video-preview":"max-video-preview:-1"},"canonical":"https:\/\/www.montalegre.org\/es\/2024\/11\/informacion-sobre-la-peregrinacion-a-roma-los-dias-6-7-8-y-9-de-marzo-de-2025\/","og_locale":"es_ES","og_type":"article","og_title":"Informaci\u00f3n sobre la peregrinaci\u00f3n a Roma los d\u00edas 6, 7, 8 y 9 de marzo de 2025 - Montalegre","og_description":"En nuestro art\u00edculo anterior hemos informado sobre el gran acontecimiento de la Iglesia para el pr\u00f3ximo a\u00f1o, el Jubileo 2025. Para esta ocasi\u00f3n la Associaci\u00f3 de Cooperadors del Opus Dei de Catalu\u00f1a ha organizado una peregrinaci\u00f3n a Roma (Italia) para participar activamente en el Jubileo, y pasar por una de las Puertas Santas papales, entre [&hellip;]","og_url":"https:\/\/www.montalegre.org\/es\/2024\/11\/informacion-sobre-la-peregrinacion-a-roma-los-dias-6-7-8-y-9-de-marzo-de-2025\/","og_site_name":"Montalegre","article_published_time":"2024-11-12T19:19:32+00:00","article_modified_time":"2024-11-12T19:21:49+00:00","og_image":[{"width":745,"height":475,"url":"https:\/\/www.montalegre.org\/wp-content\/uploads\/2024\/11\/202407shutterstock_2451291345-scaled-e1721974759590-745x475-1.jpg","type":"image\/jpeg"}],"author":"montalegre","twitter_card":"summary_large_image","twitter_misc":{"Escrito por":"montalegre","Tiempo de lectura":"1 minuto"},"schema":{"@context":"https:\/\/schema.org","@graph":[{"@type":"Article","@id":"https:\/\/www.montalegre.org\/es\/2024\/11\/informacion-sobre-la-peregrinacion-a-roma-los-dias-6-7-8-y-9-de-marzo-de-2025\/#article","isPartOf":{"@id":"https:\/\/www.montalegre.org\/es\/2024\/11\/informacion-sobre-la-peregrinacion-a-roma-los-dias-6-7-8-y-9-de-marzo-de-2025\/"},"author":{"name":"montalegre","@id":"https:\/\/www.montalegre.org\/es\/#\/schema\/person\/fa12d4cf3a3f1735a9176b4fafd6a633"},"headline":"Informaci\u00f3n sobre la peregrinaci\u00f3n a Roma los d\u00edas 6, 7, 8 y 9 de marzo de 2025","datePublished":"2024-11-12T19:19:32+00:00","dateModified":"2024-11-12T19:21:49+00:00","mainEntityOfPage":{"@id":"https:\/\/www.montalegre.org\/es\/2024\/11\/informacion-sobre-la-peregrinacion-a-roma-los-dias-6-7-8-y-9-de-marzo-de-2025\/"},"wordCount":169,"commentCount":0,"image":{"@id":"https:\/\/www.montalegre.org\/es\/2024\/11\/informacion-sobre-la-peregrinacion-a-roma-los-dias-6-7-8-y-9-de-marzo-de-2025\/#primaryimage"},"thumbnailUrl":"https:\/\/www.montalegre.org\/wp-content\/uploads\/2024\/11\/202407shutterstock_2451291345-scaled-e1721974759590-745x475-1.jpg","articleSection":["Noticias de Montalegre"],"inLanguage":"es","potentialAction":[{"@type":"CommentAction","name":"Comment","target":["https:\/\/www.montalegre.org\/es\/2024\/11\/informacion-sobre-la-peregrinacion-a-roma-los-dias-6-7-8-y-9-de-marzo-de-2025\/#respond"]}]},{"@type":"WebPage","@id":"https:\/\/www.montalegre.org\/es\/2024\/11\/informacion-sobre-la-peregrinacion-a-roma-los-dias-6-7-8-y-9-de-marzo-de-2025\/","url":"https:\/\/www.montalegre.org\/es\/2024\/11\/informacion-sobre-la-peregrinacion-a-roma-los-dias-6-7-8-y-9-de-marzo-de-2025\/","name":"Informaci\u00f3n sobre la peregrinaci\u00f3n a Roma los d\u00edas 6, 7, 8 y 9 de marzo de 2025 - Montalegre","isPartOf":{"@id":"https:\/\/www.montalegre.org\/es\/#website"},"primaryImageOfPage":{"@id":"https:\/\/www.montalegre.org\/es\/2024\/11\/informacion-sobre-la-peregrinacion-a-roma-los-dias-6-7-8-y-9-de-marzo-de-2025\/#primaryimage"},"image":{"@id":"https:\/\/www.montalegre.org\/es\/2024\/11\/informacion-sobre-la-peregrinacion-a-roma-los-dias-6-7-8-y-9-de-marzo-de-2025\/#primaryimage"},"thumbnailUrl":"https:\/\/www.montalegre.org\/wp-content\/uploads\/2024\/11\/202407shutterstock_2451291345-scaled-e1721974759590-745x475-1.jpg","datePublished":"2024-11-12T19:19:32+00:00","dateModified":"2024-11-12T19:21:49+00:00","author":{"@id":"https:\/\/www.montalegre.org\/es\/#\/schema\/person\/fa12d4cf3a3f1735a9176b4fafd6a633"},"breadcrumb":{"@id":"https:\/\/www.montalegre.org\/es\/2024\/11\/informacion-sobre-la-peregrinacion-a-roma-los-dias-6-7-8-y-9-de-marzo-de-2025\/#breadcrumb"},"inLanguage":"es","potentialAction":[{"@type":"ReadAction","target":["https:\/\/www.montalegre.org\/es\/2024\/11\/informacion-sobre-la-peregrinacion-a-roma-los-dias-6-7-8-y-9-de-marzo-de-2025\/"]}]},{"@type":"ImageObject","inLanguage":"es","@id":"https:\/\/www.montalegre.org\/es\/2024\/11\/informacion-sobre-la-peregrinacion-a-roma-los-dias-6-7-8-y-9-de-marzo-de-2025\/#primaryimage","url":"https:\/\/www.montalegre.org\/wp-content\/uploads\/2024\/11\/202407shutterstock_2451291345-scaled-e1721974759590-745x475-1.jpg","contentUrl":"https:\/\/www.montalegre.org\/wp-content\/uploads\/2024\/11\/202407shutterstock_2451291345-scaled-e1721974759590-745x475-1.jpg","width":745,"height":475},{"@type":"BreadcrumbList","@id":"https:\/\/www.montalegre.org\/es\/2024\/11\/informacion-sobre-la-peregrinacion-a-roma-los-dias-6-7-8-y-9-de-marzo-de-2025\/#breadcrumb","itemListElement":[{"@type":"ListItem","position":1,"name":"Portada","item":"https:\/\/www.montalegre.org\/es\/"},{"@type":"ListItem","position":2,"name":"Informaci\u00f3n sobre la peregrinaci\u00f3n a Roma los d\u00edas 6, 7, 8 y 9 de marzo de 2025"}]},{"@type":"WebSite","@id":"https:\/\/www.montalegre.org\/es\/#website","url":"https:\/\/www.montalegre.org\/es\/","name":"Montalegre","description":"","potentialAction":[{"@type":"SearchAction","target":{"@type":"EntryPoint","urlTemplate":"https:\/\/www.montalegre.org\/es\/?s={search_term_string}"},"query-input":{"@type":"PropertyValueSpecification","valueRequired":true,"valueName":"search_term_string"}}],"inLanguage":"es"},{"@type":"Person","@id":"https:\/\/www.montalegre.org\/es\/#\/schema\/person\/fa12d4cf3a3f1735a9176b4fafd6a633","name":"montalegre","image":{"@type":"ImageObject","inLanguage":"es","@id":"https:\/\/www.montalegre.org\/es\/#\/schema\/person\/image\/","url":"https:\/\/secure.gravatar.com\/avatar\/fe6d886cf5081e723c666dceda1f12d4f39070fa2ed4e79695edc3ca355c9b5a?s=96&d=mm&r=g","contentUrl":"https:\/\/secure.gravatar.com\/avatar\/fe6d886cf5081e723c666dceda1f12d4f39070fa2ed4e79695edc3ca355c9b5a?s=96&d=mm&r=g","caption":"montalegre"},"url":"https:\/\/www.montalegre.org\/es\/author\/montalegre\/"}]}},"_links":{"self":[{"href":"https:\/\/www.montalegre.org\/es\/wp-json\/wp\/v2\/posts\/18408","targetHints":{"allow":["GET"]}}],"collection":[{"href":"https:\/\/www.montalegre.org\/es\/wp-json\/wp\/v2\/posts"}],"about":[{"href":"https:\/\/www.montalegre.org\/es\/wp-json\/wp\/v2\/types\/post"}],"author":[{"embeddable":true,"href":"https:\/\/www.montalegre.org\/es\/wp-json\/wp\/v2\/users\/4"}],"replies":[{"embeddable":true,"href":"https:\/\/www.montalegre.org\/es\/wp-json\/wp\/v2\/comments?post=18408"}],"version-history":[{"count":2,"href":"https:\/\/www.montalegre.org\/es\/wp-json\/wp\/v2\/posts\/18408\/revisions"}],"predecessor-version":[{"id":18416,"href":"https:\/\/www.montalegre.org\/es\/wp-json\/wp\/v2\/posts\/18408\/revisions\/18416"}],"wp:featuredmedia":[{"embeddable":true,"href":"https:\/\/www.montalegre.org\/es\/wp-json\/wp\/v2\/media\/18397"}],"wp:attachment":[{"href":"https:\/\/www.montalegre.org\/es\/wp-json\/wp\/v2\/media?parent=18408"}],"wp:term":[{"taxonomy":"category","embeddable":true,"href":"https:\/\/www.montalegre.org\/es\/wp-json\/wp\/v2\/categories?post=18408"},{"taxonomy":"post_tag","embeddable":true,"href":"https:\/\/www.montalegre.org\/es\/wp-json\/wp\/v2\/tags?post=18408"}],"curies":[{"name":"wp","href":"https:\/\/api.w.org\/{rel}","templated":true}]}}