{"id":18224,"date":"2024-08-02T16:24:06","date_gmt":"2024-08-02T16:24:06","guid":{"rendered":"https:\/\/www.montalegre.org\/?p=18224"},"modified":"2024-08-02T16:26:01","modified_gmt":"2024-08-02T16:26:01","slug":"sabado-21-de-septiembre-32a-jornada-mariana-de-la-familia-en-torreciudad-pirineo-de-huesca","status":"publish","type":"post","link":"https:\/\/www.montalegre.org\/es\/2024\/08\/sabado-21-de-septiembre-32a-jornada-mariana-de-la-familia-en-torreciudad-pirineo-de-huesca\/","title":{"rendered":"S\u00e1bado 21 de septiembre 32\u00aa\u00a0 JORNADA MARIANA DE LA FAMILIA en Torreciudad, Pirineo de Huesca"},"content":{"rendered":"<p>Torreciudad nos convoca a un nuevo encuentro de familias. Esta jornada ofrece a familias de todas las latitudes una peregrinaci\u00f3n festiva realizada bajo la protecci\u00f3n de la Virgen Mar\u00eda. <a href=\"https:\/\/www.montalegre.org\/wp-content\/uploads\/2024\/08\/JMF-Torreciudad-2024-agenda-web.jpg\"><img loading=\"lazy\" decoding=\"async\" class=\"alignright size-medium wp-image-18219\" src=\"https:\/\/www.montalegre.org\/wp-content\/uploads\/2024\/08\/JMF-Torreciudad-2024-agenda-web-480x320.jpg\" alt=\"\" width=\"480\" height=\"320\" srcset=\"https:\/\/www.montalegre.org\/wp-content\/uploads\/2024\/08\/JMF-Torreciudad-2024-agenda-web-480x320.jpg 480w, https:\/\/www.montalegre.org\/wp-content\/uploads\/2024\/08\/JMF-Torreciudad-2024-agenda-web-1024x683.jpg 1024w, https:\/\/www.montalegre.org\/wp-content\/uploads\/2024\/08\/JMF-Torreciudad-2024-agenda-web.jpg 1200w\" sizes=\"auto, (max-width: 480px) 100vw, 480px\" \/><\/a><\/p>\n<p><strong>OFRENDAS<\/strong><\/p>\n<p>Se pueden llevar frutos, flores, trabajos manuales realizados por familias, parroquias, colegios, etc.<\/p>\n<p>Tambi\u00e9n se recoger\u00e1n productos de higiene elemental para refugiados ucranianos que est\u00e1n viviendo en aquel territorio de Huesca.<\/p>\n<p><strong>SERVICIOS<\/strong><\/p>\n<p>Puestos de bocadillos y bebidas. Botiqu\u00edn y ambulancia. Consigna y guarder\u00eda. El parque infantil funciona de 14h a 17horas. Puente bus: Aparcamientos-santuario y aparcamientos de 10h a 19 horas.<\/p>\n<p>CONFESIONES<\/p>\n<p>A partir de las 9 horas.<\/p>\n<p><strong>ALOJAMIENTOS<\/strong><\/p>\n<p>Navegando por la web del Santuario de Torreciudad se puede observar un mapa donde se indican los hoteles, campings, etc. de todo el entorno hasta Jaca, Monz\u00f3n y alrededores de Torreciudad.<\/p>\n<p><strong>INSCRIPCI\u00d3N DE AUTOBUSES<\/strong><\/p>\n<p>Navegando por la web del Santuario de Torreciudad se puede observar un mapa donde se indica el formulario de inscripci\u00f3n.<\/p>\n<p><strong>HORARIO DE LA JORNADA DEL SABADO 21 DE SEPTIEMBRE DE 2024<\/strong><\/p>\n<p>9h: Apertura del recinto y los confesionarios.<\/p>\n<p>12h: Oraci\u00f3n y ofrendas de las familias, ni\u00f1os de Primera Comuni\u00f3n, parroquias, colegios, etc.<\/p>\n<p>12.30h: Santa Misa.<\/p>\n<p>14h: Ofrecimiento de ni\u00f1os a la Virgen.<\/p>\n<p>16h: Santo Rosario y Exposici\u00f3n Solemne<\/p>\n<p>17h: Fin de la jornada.<\/p>\n<p><strong>Para m\u00e1s informaci\u00f3n tel. 974304025 y a la web<\/strong><\/p>\n<p><a href=\"https:\/\/torreciudad.org\/events\/32a-jornada-mariana-de-la-familia\/\">https:\/\/torreciudad.org\/events\/32a-jornada-mariana-de-la-familia\/<\/a><\/p>\n<p><strong>Comunicaci\u00f3n Montalegre<\/strong><\/p>\n","protected":false},"excerpt":{"rendered":"<p>Torreciudad nos convoca a un nuevo encuentro de familias. Esta jornada ofrece a familias de todas las latitudes una peregrinaci\u00f3n festiva realizada bajo la protecci\u00f3n de la Virgen Mar\u00eda. OFRENDAS Se pueden llevar frutos, flores, trabajos manuales realizados por familias, parroquias, colegios, etc. Tambi\u00e9n se recoger\u00e1n productos de higiene elemental para refugiados ucranianos que est\u00e1n [&hellip;]<\/p>\n","protected":false},"author":4,"featured_media":17251,"comment_status":"open","ping_status":"open","sticky":false,"template":"","format":"standard","meta":{"footnotes":""},"categories":[1],"tags":[],"class_list":["post-18224","post","type-post","status-publish","format-standard","has-post-thumbnail","hentry","category-noticias-de-montalegre"],"yoast_head":"<!-- This site is optimized with the Yoast SEO plugin v27.1.1 - https:\/\/yoast.com\/product\/yoast-seo-wordpress\/ -->\n<title>S\u00e1bado 21 de septiembre 32\u00aa\u00a0 JORNADA MARIANA DE LA FAMILIA en Torreciudad, Pirineo de Huesca - Montalegre<\/title>\n<meta name=\"robots\" content=\"index, follow, max-snippet:-1, max-image-preview:large, max-video-preview:-1\" \/>\n<link rel=\"canonical\" href=\"https:\/\/www.montalegre.org\/es\/2024\/08\/sabado-21-de-septiembre-32a-jornada-mariana-de-la-familia-en-torreciudad-pirineo-de-huesca\/\" \/>\n<meta property=\"og:locale\" content=\"es_ES\" \/>\n<meta property=\"og:type\" content=\"article\" \/>\n<meta property=\"og:title\" content=\"S\u00e1bado 21 de septiembre 32\u00aa\u00a0 JORNADA MARIANA DE LA FAMILIA en Torreciudad, Pirineo de Huesca - Montalegre\" \/>\n<meta property=\"og:description\" content=\"Torreciudad nos convoca a un nuevo encuentro de familias. Esta jornada ofrece a familias de todas las latitudes una peregrinaci\u00f3n festiva realizada bajo la protecci\u00f3n de la Virgen Mar\u00eda. OFRENDAS Se pueden llevar frutos, flores, trabajos manuales realizados por familias, parroquias, colegios, etc. Tambi\u00e9n se recoger\u00e1n productos de higiene elemental para refugiados ucranianos que est\u00e1n [&hellip;]\" \/>\n<meta property=\"og:url\" content=\"https:\/\/www.montalegre.org\/es\/2024\/08\/sabado-21-de-septiembre-32a-jornada-mariana-de-la-familia-en-torreciudad-pirineo-de-huesca\/\" \/>\n<meta property=\"og:site_name\" content=\"Montalegre\" \/>\n<meta property=\"article:published_time\" content=\"2024-08-02T16:24:06+00:00\" \/>\n<meta property=\"article:modified_time\" content=\"2024-08-02T16:26:01+00:00\" \/>\n<meta property=\"og:image\" content=\"https:\/\/www.montalegre.org\/wp-content\/uploads\/2023\/05\/IMG-20230510-WA0000.jpg\" \/>\n\t<meta property=\"og:image:width\" content=\"1024\" \/>\n\t<meta property=\"og:image:height\" content=\"765\" \/>\n\t<meta property=\"og:image:type\" content=\"image\/jpeg\" \/>\n<meta name=\"author\" content=\"montalegre\" \/>\n<meta name=\"twitter:card\" content=\"summary_large_image\" \/>\n<meta name=\"twitter:label1\" content=\"Escrito por\" \/>\n\t<meta name=\"twitter:data1\" content=\"montalegre\" \/>\n\t<meta name=\"twitter:label2\" content=\"Tiempo de lectura\" \/>\n\t<meta name=\"twitter:data2\" content=\"2 minutos\" \/>\n<script type=\"application\/ld+json\" class=\"yoast-schema-graph\">{\"@context\":\"https:\/\/schema.org\",\"@graph\":[{\"@type\":\"Article\",\"@id\":\"https:\/\/www.montalegre.org\/es\/2024\/08\/sabado-21-de-septiembre-32a-jornada-mariana-de-la-familia-en-torreciudad-pirineo-de-huesca\/#article\",\"isPartOf\":{\"@id\":\"https:\/\/www.montalegre.org\/es\/2024\/08\/sabado-21-de-septiembre-32a-jornada-mariana-de-la-familia-en-torreciudad-pirineo-de-huesca\/\"},\"author\":{\"name\":\"montalegre\",\"@id\":\"https:\/\/www.montalegre.org\/es\/#\/schema\/person\/fa12d4cf3a3f1735a9176b4fafd6a633\"},\"headline\":\"S\u00e1bado 21 de septiembre 32\u00aa\u00a0 JORNADA MARIANA DE LA FAMILIA en Torreciudad, Pirineo de Huesca\",\"datePublished\":\"2024-08-02T16:24:06+00:00\",\"dateModified\":\"2024-08-02T16:26:01+00:00\",\"mainEntityOfPage\":{\"@id\":\"https:\/\/www.montalegre.org\/es\/2024\/08\/sabado-21-de-septiembre-32a-jornada-mariana-de-la-familia-en-torreciudad-pirineo-de-huesca\/\"},\"wordCount\":250,\"commentCount\":0,\"image\":{\"@id\":\"https:\/\/www.montalegre.org\/es\/2024\/08\/sabado-21-de-septiembre-32a-jornada-mariana-de-la-familia-en-torreciudad-pirineo-de-huesca\/#primaryimage\"},\"thumbnailUrl\":\"https:\/\/www.montalegre.org\/wp-content\/uploads\/2023\/05\/IMG-20230510-WA0000.jpg\",\"articleSection\":[\"Noticias de Montalegre\"],\"inLanguage\":\"es\",\"potentialAction\":[{\"@type\":\"CommentAction\",\"name\":\"Comment\",\"target\":[\"https:\/\/www.montalegre.org\/es\/2024\/08\/sabado-21-de-septiembre-32a-jornada-mariana-de-la-familia-en-torreciudad-pirineo-de-huesca\/#respond\"]}]},{\"@type\":\"WebPage\",\"@id\":\"https:\/\/www.montalegre.org\/es\/2024\/08\/sabado-21-de-septiembre-32a-jornada-mariana-de-la-familia-en-torreciudad-pirineo-de-huesca\/\",\"url\":\"https:\/\/www.montalegre.org\/es\/2024\/08\/sabado-21-de-septiembre-32a-jornada-mariana-de-la-familia-en-torreciudad-pirineo-de-huesca\/\",\"name\":\"S\u00e1bado 21 de septiembre 32\u00aa\u00a0 JORNADA MARIANA DE LA FAMILIA en Torreciudad, Pirineo de Huesca - Montalegre\",\"isPartOf\":{\"@id\":\"https:\/\/www.montalegre.org\/es\/#website\"},\"primaryImageOfPage\":{\"@id\":\"https:\/\/www.montalegre.org\/es\/2024\/08\/sabado-21-de-septiembre-32a-jornada-mariana-de-la-familia-en-torreciudad-pirineo-de-huesca\/#primaryimage\"},\"image\":{\"@id\":\"https:\/\/www.montalegre.org\/es\/2024\/08\/sabado-21-de-septiembre-32a-jornada-mariana-de-la-familia-en-torreciudad-pirineo-de-huesca\/#primaryimage\"},\"thumbnailUrl\":\"https:\/\/www.montalegre.org\/wp-content\/uploads\/2023\/05\/IMG-20230510-WA0000.jpg\",\"datePublished\":\"2024-08-02T16:24:06+00:00\",\"dateModified\":\"2024-08-02T16:26:01+00:00\",\"author\":{\"@id\":\"https:\/\/www.montalegre.org\/es\/#\/schema\/person\/fa12d4cf3a3f1735a9176b4fafd6a633\"},\"breadcrumb\":{\"@id\":\"https:\/\/www.montalegre.org\/es\/2024\/08\/sabado-21-de-septiembre-32a-jornada-mariana-de-la-familia-en-torreciudad-pirineo-de-huesca\/#breadcrumb\"},\"inLanguage\":\"es\",\"potentialAction\":[{\"@type\":\"ReadAction\",\"target\":[\"https:\/\/www.montalegre.org\/es\/2024\/08\/sabado-21-de-septiembre-32a-jornada-mariana-de-la-familia-en-torreciudad-pirineo-de-huesca\/\"]}]},{\"@type\":\"ImageObject\",\"inLanguage\":\"es\",\"@id\":\"https:\/\/www.montalegre.org\/es\/2024\/08\/sabado-21-de-septiembre-32a-jornada-mariana-de-la-familia-en-torreciudad-pirineo-de-huesca\/#primaryimage\",\"url\":\"https:\/\/www.montalegre.org\/wp-content\/uploads\/2023\/05\/IMG-20230510-WA0000.jpg\",\"contentUrl\":\"https:\/\/www.montalegre.org\/wp-content\/uploads\/2023\/05\/IMG-20230510-WA0000.jpg\",\"width\":1024,\"height\":765},{\"@type\":\"BreadcrumbList\",\"@id\":\"https:\/\/www.montalegre.org\/es\/2024\/08\/sabado-21-de-septiembre-32a-jornada-mariana-de-la-familia-en-torreciudad-pirineo-de-huesca\/#breadcrumb\",\"itemListElement\":[{\"@type\":\"ListItem\",\"position\":1,\"name\":\"Portada\",\"item\":\"https:\/\/www.montalegre.org\/es\/\"},{\"@type\":\"ListItem\",\"position\":2,\"name\":\"S\u00e1bado 21 de septiembre 32\u00aa\u00a0 JORNADA MARIANA DE LA FAMILIA en Torreciudad, Pirineo de Huesca\"}]},{\"@type\":\"WebSite\",\"@id\":\"https:\/\/www.montalegre.org\/es\/#website\",\"url\":\"https:\/\/www.montalegre.org\/es\/\",\"name\":\"Montalegre\",\"description\":\"\",\"potentialAction\":[{\"@type\":\"SearchAction\",\"target\":{\"@type\":\"EntryPoint\",\"urlTemplate\":\"https:\/\/www.montalegre.org\/es\/?s={search_term_string}\"},\"query-input\":{\"@type\":\"PropertyValueSpecification\",\"valueRequired\":true,\"valueName\":\"search_term_string\"}}],\"inLanguage\":\"es\"},{\"@type\":\"Person\",\"@id\":\"https:\/\/www.montalegre.org\/es\/#\/schema\/person\/fa12d4cf3a3f1735a9176b4fafd6a633\",\"name\":\"montalegre\",\"image\":{\"@type\":\"ImageObject\",\"inLanguage\":\"es\",\"@id\":\"https:\/\/www.montalegre.org\/es\/#\/schema\/person\/image\/\",\"url\":\"https:\/\/secure.gravatar.com\/avatar\/fe6d886cf5081e723c666dceda1f12d4f39070fa2ed4e79695edc3ca355c9b5a?s=96&d=mm&r=g\",\"contentUrl\":\"https:\/\/secure.gravatar.com\/avatar\/fe6d886cf5081e723c666dceda1f12d4f39070fa2ed4e79695edc3ca355c9b5a?s=96&d=mm&r=g\",\"caption\":\"montalegre\"},\"url\":\"https:\/\/www.montalegre.org\/es\/author\/montalegre\/\"}]}<\/script>\n<!-- \/ Yoast SEO plugin. -->","yoast_head_json":{"title":"S\u00e1bado 21 de septiembre 32\u00aa\u00a0 JORNADA MARIANA DE LA FAMILIA en Torreciudad, Pirineo de Huesca - Montalegre","robots":{"index":"index","follow":"follow","max-snippet":"max-snippet:-1","max-image-preview":"max-image-preview:large","max-video-preview":"max-video-preview:-1"},"canonical":"https:\/\/www.montalegre.org\/es\/2024\/08\/sabado-21-de-septiembre-32a-jornada-mariana-de-la-familia-en-torreciudad-pirineo-de-huesca\/","og_locale":"es_ES","og_type":"article","og_title":"S\u00e1bado 21 de septiembre 32\u00aa\u00a0 JORNADA MARIANA DE LA FAMILIA en Torreciudad, Pirineo de Huesca - Montalegre","og_description":"Torreciudad nos convoca a un nuevo encuentro de familias. Esta jornada ofrece a familias de todas las latitudes una peregrinaci\u00f3n festiva realizada bajo la protecci\u00f3n de la Virgen Mar\u00eda. OFRENDAS Se pueden llevar frutos, flores, trabajos manuales realizados por familias, parroquias, colegios, etc. Tambi\u00e9n se recoger\u00e1n productos de higiene elemental para refugiados ucranianos que est\u00e1n [&hellip;]","og_url":"https:\/\/www.montalegre.org\/es\/2024\/08\/sabado-21-de-septiembre-32a-jornada-mariana-de-la-familia-en-torreciudad-pirineo-de-huesca\/","og_site_name":"Montalegre","article_published_time":"2024-08-02T16:24:06+00:00","article_modified_time":"2024-08-02T16:26:01+00:00","og_image":[{"width":1024,"height":765,"url":"https:\/\/www.montalegre.org\/wp-content\/uploads\/2023\/05\/IMG-20230510-WA0000.jpg","type":"image\/jpeg"}],"author":"montalegre","twitter_card":"summary_large_image","twitter_misc":{"Escrito por":"montalegre","Tiempo de lectura":"2 minutos"},"schema":{"@context":"https:\/\/schema.org","@graph":[{"@type":"Article","@id":"https:\/\/www.montalegre.org\/es\/2024\/08\/sabado-21-de-septiembre-32a-jornada-mariana-de-la-familia-en-torreciudad-pirineo-de-huesca\/#article","isPartOf":{"@id":"https:\/\/www.montalegre.org\/es\/2024\/08\/sabado-21-de-septiembre-32a-jornada-mariana-de-la-familia-en-torreciudad-pirineo-de-huesca\/"},"author":{"name":"montalegre","@id":"https:\/\/www.montalegre.org\/es\/#\/schema\/person\/fa12d4cf3a3f1735a9176b4fafd6a633"},"headline":"S\u00e1bado 21 de septiembre 32\u00aa\u00a0 JORNADA MARIANA DE LA FAMILIA en Torreciudad, Pirineo de Huesca","datePublished":"2024-08-02T16:24:06+00:00","dateModified":"2024-08-02T16:26:01+00:00","mainEntityOfPage":{"@id":"https:\/\/www.montalegre.org\/es\/2024\/08\/sabado-21-de-septiembre-32a-jornada-mariana-de-la-familia-en-torreciudad-pirineo-de-huesca\/"},"wordCount":250,"commentCount":0,"image":{"@id":"https:\/\/www.montalegre.org\/es\/2024\/08\/sabado-21-de-septiembre-32a-jornada-mariana-de-la-familia-en-torreciudad-pirineo-de-huesca\/#primaryimage"},"thumbnailUrl":"https:\/\/www.montalegre.org\/wp-content\/uploads\/2023\/05\/IMG-20230510-WA0000.jpg","articleSection":["Noticias de Montalegre"],"inLanguage":"es","potentialAction":[{"@type":"CommentAction","name":"Comment","target":["https:\/\/www.montalegre.org\/es\/2024\/08\/sabado-21-de-septiembre-32a-jornada-mariana-de-la-familia-en-torreciudad-pirineo-de-huesca\/#respond"]}]},{"@type":"WebPage","@id":"https:\/\/www.montalegre.org\/es\/2024\/08\/sabado-21-de-septiembre-32a-jornada-mariana-de-la-familia-en-torreciudad-pirineo-de-huesca\/","url":"https:\/\/www.montalegre.org\/es\/2024\/08\/sabado-21-de-septiembre-32a-jornada-mariana-de-la-familia-en-torreciudad-pirineo-de-huesca\/","name":"S\u00e1bado 21 de septiembre 32\u00aa\u00a0 JORNADA MARIANA DE LA FAMILIA en Torreciudad, Pirineo de Huesca - Montalegre","isPartOf":{"@id":"https:\/\/www.montalegre.org\/es\/#website"},"primaryImageOfPage":{"@id":"https:\/\/www.montalegre.org\/es\/2024\/08\/sabado-21-de-septiembre-32a-jornada-mariana-de-la-familia-en-torreciudad-pirineo-de-huesca\/#primaryimage"},"image":{"@id":"https:\/\/www.montalegre.org\/es\/2024\/08\/sabado-21-de-septiembre-32a-jornada-mariana-de-la-familia-en-torreciudad-pirineo-de-huesca\/#primaryimage"},"thumbnailUrl":"https:\/\/www.montalegre.org\/wp-content\/uploads\/2023\/05\/IMG-20230510-WA0000.jpg","datePublished":"2024-08-02T16:24:06+00:00","dateModified":"2024-08-02T16:26:01+00:00","author":{"@id":"https:\/\/www.montalegre.org\/es\/#\/schema\/person\/fa12d4cf3a3f1735a9176b4fafd6a633"},"breadcrumb":{"@id":"https:\/\/www.montalegre.org\/es\/2024\/08\/sabado-21-de-septiembre-32a-jornada-mariana-de-la-familia-en-torreciudad-pirineo-de-huesca\/#breadcrumb"},"inLanguage":"es","potentialAction":[{"@type":"ReadAction","target":["https:\/\/www.montalegre.org\/es\/2024\/08\/sabado-21-de-septiembre-32a-jornada-mariana-de-la-familia-en-torreciudad-pirineo-de-huesca\/"]}]},{"@type":"ImageObject","inLanguage":"es","@id":"https:\/\/www.montalegre.org\/es\/2024\/08\/sabado-21-de-septiembre-32a-jornada-mariana-de-la-familia-en-torreciudad-pirineo-de-huesca\/#primaryimage","url":"https:\/\/www.montalegre.org\/wp-content\/uploads\/2023\/05\/IMG-20230510-WA0000.jpg","contentUrl":"https:\/\/www.montalegre.org\/wp-content\/uploads\/2023\/05\/IMG-20230510-WA0000.jpg","width":1024,"height":765},{"@type":"BreadcrumbList","@id":"https:\/\/www.montalegre.org\/es\/2024\/08\/sabado-21-de-septiembre-32a-jornada-mariana-de-la-familia-en-torreciudad-pirineo-de-huesca\/#breadcrumb","itemListElement":[{"@type":"ListItem","position":1,"name":"Portada","item":"https:\/\/www.montalegre.org\/es\/"},{"@type":"ListItem","position":2,"name":"S\u00e1bado 21 de septiembre 32\u00aa\u00a0 JORNADA MARIANA DE LA FAMILIA en Torreciudad, Pirineo de Huesca"}]},{"@type":"WebSite","@id":"https:\/\/www.montalegre.org\/es\/#website","url":"https:\/\/www.montalegre.org\/es\/","name":"Montalegre","description":"","potentialAction":[{"@type":"SearchAction","target":{"@type":"EntryPoint","urlTemplate":"https:\/\/www.montalegre.org\/es\/?s={search_term_string}"},"query-input":{"@type":"PropertyValueSpecification","valueRequired":true,"valueName":"search_term_string"}}],"inLanguage":"es"},{"@type":"Person","@id":"https:\/\/www.montalegre.org\/es\/#\/schema\/person\/fa12d4cf3a3f1735a9176b4fafd6a633","name":"montalegre","image":{"@type":"ImageObject","inLanguage":"es","@id":"https:\/\/www.montalegre.org\/es\/#\/schema\/person\/image\/","url":"https:\/\/secure.gravatar.com\/avatar\/fe6d886cf5081e723c666dceda1f12d4f39070fa2ed4e79695edc3ca355c9b5a?s=96&d=mm&r=g","contentUrl":"https:\/\/secure.gravatar.com\/avatar\/fe6d886cf5081e723c666dceda1f12d4f39070fa2ed4e79695edc3ca355c9b5a?s=96&d=mm&r=g","caption":"montalegre"},"url":"https:\/\/www.montalegre.org\/es\/author\/montalegre\/"}]}},"_links":{"self":[{"href":"https:\/\/www.montalegre.org\/es\/wp-json\/wp\/v2\/posts\/18224","targetHints":{"allow":["GET"]}}],"collection":[{"href":"https:\/\/www.montalegre.org\/es\/wp-json\/wp\/v2\/posts"}],"about":[{"href":"https:\/\/www.montalegre.org\/es\/wp-json\/wp\/v2\/types\/post"}],"author":[{"embeddable":true,"href":"https:\/\/www.montalegre.org\/es\/wp-json\/wp\/v2\/users\/4"}],"replies":[{"embeddable":true,"href":"https:\/\/www.montalegre.org\/es\/wp-json\/wp\/v2\/comments?post=18224"}],"version-history":[{"count":1,"href":"https:\/\/www.montalegre.org\/es\/wp-json\/wp\/v2\/posts\/18224\/revisions"}],"predecessor-version":[{"id":18227,"href":"https:\/\/www.montalegre.org\/es\/wp-json\/wp\/v2\/posts\/18224\/revisions\/18227"}],"wp:featuredmedia":[{"embeddable":true,"href":"https:\/\/www.montalegre.org\/es\/wp-json\/wp\/v2\/media\/17251"}],"wp:attachment":[{"href":"https:\/\/www.montalegre.org\/es\/wp-json\/wp\/v2\/media?parent=18224"}],"wp:term":[{"taxonomy":"category","embeddable":true,"href":"https:\/\/www.montalegre.org\/es\/wp-json\/wp\/v2\/categories?post=18224"},{"taxonomy":"post_tag","embeddable":true,"href":"https:\/\/www.montalegre.org\/es\/wp-json\/wp\/v2\/tags?post=18224"}],"curies":[{"name":"wp","href":"https:\/\/api.w.org\/{rel}","templated":true}]}}