{"id":18073,"date":"2024-05-07T15:40:34","date_gmt":"2024-05-07T15:40:34","guid":{"rendered":"https:\/\/www.montalegre.org\/?p=18073"},"modified":"2024-05-07T17:39:19","modified_gmt":"2024-05-07T17:39:19","slug":"la-virgen-del-santuario-de-torreciudad-acogio-a-ochenta-personas-del-barrio-del-raval-de-barcelona","status":"publish","type":"post","link":"https:\/\/www.montalegre.org\/es\/2024\/05\/la-virgen-del-santuario-de-torreciudad-acogio-a-ochenta-personas-del-barrio-del-raval-de-barcelona\/","title":{"rendered":"La Virgen del Santuario de Torreciudad acogi\u00f3 a ochenta personas del barrio del Raval de Barcelona"},"content":{"rendered":"<p>Cada a\u00f1o en la primera semana del mes mayo, dedicado universalmente a la Virgen Mar\u00eda, la Iglesia de Santa Mar\u00eda de Montalegre organiza una romer\u00eda al Santuario de Torreciudad, ubicado en el Pirineo de Huesca. En esta ocasi\u00f3n la romer\u00eda se organiz\u00f3 para el primer d\u00eda de mayo de 2024.<a href=\"https:\/\/www.montalegre.org\/wp-content\/uploads\/2024\/05\/en-el-templo-losperegrinos.jpg\"><img loading=\"lazy\" decoding=\"async\" class=\"alignleft wp-image-18069\" src=\"https:\/\/www.montalegre.org\/wp-content\/uploads\/2024\/05\/en-el-templo-losperegrinos-480x320.jpg\" alt=\"\" width=\"416\" height=\"277\" srcset=\"https:\/\/www.montalegre.org\/wp-content\/uploads\/2024\/05\/en-el-templo-losperegrinos-480x320.jpg 480w, https:\/\/www.montalegre.org\/wp-content\/uploads\/2024\/05\/en-el-templo-losperegrinos.jpg 962w\" sizes=\"auto, (max-width: 416px) 100vw, 416px\" \/><\/a><\/p>\n<p>Se sigui\u00f3 el programa establecido. A las 7 de ma\u00f1ana se reunieron todos los peregrinos en la Ronda de Sant Antoni de Barcelona, en su mayor\u00eda del barrio del Raval de Barcelona, relacionadas con las entidades de Terral, Braval y Montalegre. Ochenta personas llenaron dos autocares, rumbo a Torreciudad.<\/p>\n<p>Fueron recibidos en el punto de acogida del santuario por el rector D. \u00c1ngel Lasheras. A continuaci\u00f3n, los peregrinos pudieron ver un v\u00eddeo de testimonios que se hab\u00edan encomendado a la Virgen de Torreciudad, siendo sus relatos muy emotivos. Seguidamente procesionaron con la r\u00e9plica de la Virgen de Santa Mar\u00eda de Montalegre de Barcelona, la cual forma parte de las im\u00e1genes del Museo de Im\u00e1genes del Santuario, que tambi\u00e9n es visitable por los peregrinos. La procesi\u00f3n finaliz\u00f3 cuando la imagen de la Virgen se deposit\u00f3 al pie del presbiterio.<\/p>\n<p>Una vez en el interior del templo los peregrinos pudieron visualizar el <em>Video-maping<\/em> del retablo de alabastro que es siempre una gran catequesis, la capilla del Cristo Vivo o darle un beso al medall\u00f3n de la Virgen. A su vez, los fieles pudieron ir confesarse, un momento muy apropiado para ponerse en paz con Dios, como as\u00ed fue para muchas personas.\u00a0 La celebraci\u00f3n de la santa misa culmin\u00f3 aquella ma\u00f1ana llena de emociones y gracias recibidas.<a href=\"https:\/\/www.montalegre.org\/wp-content\/uploads\/2024\/05\/1715090466226-1.jpg\"><img loading=\"lazy\" decoding=\"async\" class=\"alignright size-medium wp-image-18071\" src=\"https:\/\/www.montalegre.org\/wp-content\/uploads\/2024\/05\/1715090466226-1-313x480.jpg\" alt=\"\" width=\"313\" height=\"480\" srcset=\"https:\/\/www.montalegre.org\/wp-content\/uploads\/2024\/05\/1715090466226-1-313x480.jpg 313w, https:\/\/www.montalegre.org\/wp-content\/uploads\/2024\/05\/1715090466226-1-668x1024.jpg 668w, https:\/\/www.montalegre.org\/wp-content\/uploads\/2024\/05\/1715090466226-1.jpg 738w\" sizes=\"auto, (max-width: 313px) 100vw, 313px\" \/><\/a><\/p>\n<p>El almuerzo se hizo con los propios avituallamientos en un local del santuario. Antes\u00a0 del rezo del santo rosario en el templo, hubo tiempo libre para pasear por el nuevo sendero del V\u00eda Crucis, o por el camino que lleva a la ermita de Nuestra Se\u00f1ora de Torreciudad.<\/p>\n<p>\u00a1No llovi\u00f3! A pesar de ciertas previsiones y de un trayecto largo como es el de ir de Barcelona hasta el santuario, y volver al inicio del encuentro. Tanto al ir como al volver se rezaron los rosarios para completar la romer\u00eda, rezando muy especialmente por los m\u00e1s necesitados, en la que abundaron las peticiones, los agradecimientos y la humildad en el perd\u00f3n, no import\u00e1ndole a Nuestra Madre com\u00fan el origen multicultural de todos los fieles.<\/p>\n<p>&nbsp;<\/p>\n<p>Isabel Hern\u00e1ndez Esteban<\/p>\n<p>Fotos, Florentino Ysern<\/p>\n","protected":false},"excerpt":{"rendered":"<p>Cada a\u00f1o en la primera semana del mes mayo, dedicado universalmente a la Virgen Mar\u00eda, la Iglesia de Santa Mar\u00eda de Montalegre organiza una romer\u00eda al Santuario de Torreciudad, ubicado en el Pirineo de Huesca. En esta ocasi\u00f3n la romer\u00eda se organiz\u00f3 para el primer d\u00eda de mayo de 2024. Se sigui\u00f3 el programa establecido. [&hellip;]<\/p>\n","protected":false},"author":4,"featured_media":18065,"comment_status":"open","ping_status":"open","sticky":false,"template":"","format":"standard","meta":{"footnotes":""},"categories":[31],"tags":[],"class_list":["post-18073","post","type-post","status-publish","format-standard","has-post-thumbnail","hentry","category-actualidad"],"yoast_head":"<!-- This site is optimized with the Yoast SEO plugin v27.1.1 - https:\/\/yoast.com\/product\/yoast-seo-wordpress\/ -->\n<title>La Virgen del Santuario de Torreciudad acogi\u00f3 a ochenta personas del barrio del Raval de Barcelona - Montalegre<\/title>\n<meta name=\"robots\" content=\"index, follow, max-snippet:-1, max-image-preview:large, max-video-preview:-1\" \/>\n<link rel=\"canonical\" href=\"https:\/\/www.montalegre.org\/es\/2024\/05\/la-virgen-del-santuario-de-torreciudad-acogio-a-ochenta-personas-del-barrio-del-raval-de-barcelona\/\" \/>\n<meta property=\"og:locale\" content=\"es_ES\" \/>\n<meta property=\"og:type\" content=\"article\" \/>\n<meta property=\"og:title\" content=\"La Virgen del Santuario de Torreciudad acogi\u00f3 a ochenta personas del barrio del Raval de Barcelona - Montalegre\" \/>\n<meta property=\"og:description\" content=\"Cada a\u00f1o en la primera semana del mes mayo, dedicado universalmente a la Virgen Mar\u00eda, la Iglesia de Santa Mar\u00eda de Montalegre organiza una romer\u00eda al Santuario de Torreciudad, ubicado en el Pirineo de Huesca. En esta ocasi\u00f3n la romer\u00eda se organiz\u00f3 para el primer d\u00eda de mayo de 2024. Se sigui\u00f3 el programa establecido. [&hellip;]\" \/>\n<meta property=\"og:url\" content=\"https:\/\/www.montalegre.org\/es\/2024\/05\/la-virgen-del-santuario-de-torreciudad-acogio-a-ochenta-personas-del-barrio-del-raval-de-barcelona\/\" \/>\n<meta property=\"og:site_name\" content=\"Montalegre\" \/>\n<meta property=\"article:published_time\" content=\"2024-05-07T15:40:34+00:00\" \/>\n<meta property=\"article:modified_time\" content=\"2024-05-07T17:39:19+00:00\" \/>\n<meta property=\"og:image\" content=\"https:\/\/www.montalegre.org\/wp-content\/uploads\/2024\/05\/04-DSC_0431.jpg\" \/>\n\t<meta property=\"og:image:width\" content=\"962\" \/>\n\t<meta property=\"og:image:height\" content=\"641\" \/>\n\t<meta property=\"og:image:type\" content=\"image\/jpeg\" \/>\n<meta name=\"author\" content=\"montalegre\" \/>\n<meta name=\"twitter:card\" content=\"summary_large_image\" \/>\n<meta name=\"twitter:label1\" content=\"Escrito por\" \/>\n\t<meta name=\"twitter:data1\" content=\"montalegre\" \/>\n\t<meta name=\"twitter:label2\" content=\"Tiempo de lectura\" \/>\n\t<meta name=\"twitter:data2\" content=\"3 minutos\" \/>\n<script type=\"application\/ld+json\" class=\"yoast-schema-graph\">{\"@context\":\"https:\/\/schema.org\",\"@graph\":[{\"@type\":\"Article\",\"@id\":\"https:\/\/www.montalegre.org\/es\/2024\/05\/la-virgen-del-santuario-de-torreciudad-acogio-a-ochenta-personas-del-barrio-del-raval-de-barcelona\/#article\",\"isPartOf\":{\"@id\":\"https:\/\/www.montalegre.org\/es\/2024\/05\/la-virgen-del-santuario-de-torreciudad-acogio-a-ochenta-personas-del-barrio-del-raval-de-barcelona\/\"},\"author\":{\"name\":\"montalegre\",\"@id\":\"https:\/\/www.montalegre.org\/es\/#\/schema\/person\/fa12d4cf3a3f1735a9176b4fafd6a633\"},\"headline\":\"La Virgen del Santuario de Torreciudad acogi\u00f3 a ochenta personas del barrio del Raval de Barcelona\",\"datePublished\":\"2024-05-07T15:40:34+00:00\",\"dateModified\":\"2024-05-07T17:39:19+00:00\",\"mainEntityOfPage\":{\"@id\":\"https:\/\/www.montalegre.org\/es\/2024\/05\/la-virgen-del-santuario-de-torreciudad-acogio-a-ochenta-personas-del-barrio-del-raval-de-barcelona\/\"},\"wordCount\":438,\"commentCount\":0,\"image\":{\"@id\":\"https:\/\/www.montalegre.org\/es\/2024\/05\/la-virgen-del-santuario-de-torreciudad-acogio-a-ochenta-personas-del-barrio-del-raval-de-barcelona\/#primaryimage\"},\"thumbnailUrl\":\"https:\/\/www.montalegre.org\/wp-content\/uploads\/2024\/05\/04-DSC_0431.jpg\",\"articleSection\":[\"Actualidad\"],\"inLanguage\":\"es\",\"potentialAction\":[{\"@type\":\"CommentAction\",\"name\":\"Comment\",\"target\":[\"https:\/\/www.montalegre.org\/es\/2024\/05\/la-virgen-del-santuario-de-torreciudad-acogio-a-ochenta-personas-del-barrio-del-raval-de-barcelona\/#respond\"]}]},{\"@type\":\"WebPage\",\"@id\":\"https:\/\/www.montalegre.org\/es\/2024\/05\/la-virgen-del-santuario-de-torreciudad-acogio-a-ochenta-personas-del-barrio-del-raval-de-barcelona\/\",\"url\":\"https:\/\/www.montalegre.org\/es\/2024\/05\/la-virgen-del-santuario-de-torreciudad-acogio-a-ochenta-personas-del-barrio-del-raval-de-barcelona\/\",\"name\":\"La Virgen del Santuario de Torreciudad acogi\u00f3 a ochenta personas del barrio del Raval de Barcelona - Montalegre\",\"isPartOf\":{\"@id\":\"https:\/\/www.montalegre.org\/es\/#website\"},\"primaryImageOfPage\":{\"@id\":\"https:\/\/www.montalegre.org\/es\/2024\/05\/la-virgen-del-santuario-de-torreciudad-acogio-a-ochenta-personas-del-barrio-del-raval-de-barcelona\/#primaryimage\"},\"image\":{\"@id\":\"https:\/\/www.montalegre.org\/es\/2024\/05\/la-virgen-del-santuario-de-torreciudad-acogio-a-ochenta-personas-del-barrio-del-raval-de-barcelona\/#primaryimage\"},\"thumbnailUrl\":\"https:\/\/www.montalegre.org\/wp-content\/uploads\/2024\/05\/04-DSC_0431.jpg\",\"datePublished\":\"2024-05-07T15:40:34+00:00\",\"dateModified\":\"2024-05-07T17:39:19+00:00\",\"author\":{\"@id\":\"https:\/\/www.montalegre.org\/es\/#\/schema\/person\/fa12d4cf3a3f1735a9176b4fafd6a633\"},\"breadcrumb\":{\"@id\":\"https:\/\/www.montalegre.org\/es\/2024\/05\/la-virgen-del-santuario-de-torreciudad-acogio-a-ochenta-personas-del-barrio-del-raval-de-barcelona\/#breadcrumb\"},\"inLanguage\":\"es\",\"potentialAction\":[{\"@type\":\"ReadAction\",\"target\":[\"https:\/\/www.montalegre.org\/es\/2024\/05\/la-virgen-del-santuario-de-torreciudad-acogio-a-ochenta-personas-del-barrio-del-raval-de-barcelona\/\"]}]},{\"@type\":\"ImageObject\",\"inLanguage\":\"es\",\"@id\":\"https:\/\/www.montalegre.org\/es\/2024\/05\/la-virgen-del-santuario-de-torreciudad-acogio-a-ochenta-personas-del-barrio-del-raval-de-barcelona\/#primaryimage\",\"url\":\"https:\/\/www.montalegre.org\/wp-content\/uploads\/2024\/05\/04-DSC_0431.jpg\",\"contentUrl\":\"https:\/\/www.montalegre.org\/wp-content\/uploads\/2024\/05\/04-DSC_0431.jpg\",\"width\":962,\"height\":641},{\"@type\":\"BreadcrumbList\",\"@id\":\"https:\/\/www.montalegre.org\/es\/2024\/05\/la-virgen-del-santuario-de-torreciudad-acogio-a-ochenta-personas-del-barrio-del-raval-de-barcelona\/#breadcrumb\",\"itemListElement\":[{\"@type\":\"ListItem\",\"position\":1,\"name\":\"Portada\",\"item\":\"https:\/\/www.montalegre.org\/es\/\"},{\"@type\":\"ListItem\",\"position\":2,\"name\":\"La Virgen del Santuario de Torreciudad acogi\u00f3 a ochenta personas del barrio del Raval de Barcelona\"}]},{\"@type\":\"WebSite\",\"@id\":\"https:\/\/www.montalegre.org\/es\/#website\",\"url\":\"https:\/\/www.montalegre.org\/es\/\",\"name\":\"Montalegre\",\"description\":\"\",\"potentialAction\":[{\"@type\":\"SearchAction\",\"target\":{\"@type\":\"EntryPoint\",\"urlTemplate\":\"https:\/\/www.montalegre.org\/es\/?s={search_term_string}\"},\"query-input\":{\"@type\":\"PropertyValueSpecification\",\"valueRequired\":true,\"valueName\":\"search_term_string\"}}],\"inLanguage\":\"es\"},{\"@type\":\"Person\",\"@id\":\"https:\/\/www.montalegre.org\/es\/#\/schema\/person\/fa12d4cf3a3f1735a9176b4fafd6a633\",\"name\":\"montalegre\",\"image\":{\"@type\":\"ImageObject\",\"inLanguage\":\"es\",\"@id\":\"https:\/\/www.montalegre.org\/es\/#\/schema\/person\/image\/\",\"url\":\"https:\/\/secure.gravatar.com\/avatar\/fe6d886cf5081e723c666dceda1f12d4f39070fa2ed4e79695edc3ca355c9b5a?s=96&d=mm&r=g\",\"contentUrl\":\"https:\/\/secure.gravatar.com\/avatar\/fe6d886cf5081e723c666dceda1f12d4f39070fa2ed4e79695edc3ca355c9b5a?s=96&d=mm&r=g\",\"caption\":\"montalegre\"},\"url\":\"https:\/\/www.montalegre.org\/es\/author\/montalegre\/\"}]}<\/script>\n<!-- \/ Yoast SEO plugin. -->","yoast_head_json":{"title":"La Virgen del Santuario de Torreciudad acogi\u00f3 a ochenta personas del barrio del Raval de Barcelona - Montalegre","robots":{"index":"index","follow":"follow","max-snippet":"max-snippet:-1","max-image-preview":"max-image-preview:large","max-video-preview":"max-video-preview:-1"},"canonical":"https:\/\/www.montalegre.org\/es\/2024\/05\/la-virgen-del-santuario-de-torreciudad-acogio-a-ochenta-personas-del-barrio-del-raval-de-barcelona\/","og_locale":"es_ES","og_type":"article","og_title":"La Virgen del Santuario de Torreciudad acogi\u00f3 a ochenta personas del barrio del Raval de Barcelona - Montalegre","og_description":"Cada a\u00f1o en la primera semana del mes mayo, dedicado universalmente a la Virgen Mar\u00eda, la Iglesia de Santa Mar\u00eda de Montalegre organiza una romer\u00eda al Santuario de Torreciudad, ubicado en el Pirineo de Huesca. En esta ocasi\u00f3n la romer\u00eda se organiz\u00f3 para el primer d\u00eda de mayo de 2024. Se sigui\u00f3 el programa establecido. [&hellip;]","og_url":"https:\/\/www.montalegre.org\/es\/2024\/05\/la-virgen-del-santuario-de-torreciudad-acogio-a-ochenta-personas-del-barrio-del-raval-de-barcelona\/","og_site_name":"Montalegre","article_published_time":"2024-05-07T15:40:34+00:00","article_modified_time":"2024-05-07T17:39:19+00:00","og_image":[{"width":962,"height":641,"url":"https:\/\/www.montalegre.org\/wp-content\/uploads\/2024\/05\/04-DSC_0431.jpg","type":"image\/jpeg"}],"author":"montalegre","twitter_card":"summary_large_image","twitter_misc":{"Escrito por":"montalegre","Tiempo de lectura":"3 minutos"},"schema":{"@context":"https:\/\/schema.org","@graph":[{"@type":"Article","@id":"https:\/\/www.montalegre.org\/es\/2024\/05\/la-virgen-del-santuario-de-torreciudad-acogio-a-ochenta-personas-del-barrio-del-raval-de-barcelona\/#article","isPartOf":{"@id":"https:\/\/www.montalegre.org\/es\/2024\/05\/la-virgen-del-santuario-de-torreciudad-acogio-a-ochenta-personas-del-barrio-del-raval-de-barcelona\/"},"author":{"name":"montalegre","@id":"https:\/\/www.montalegre.org\/es\/#\/schema\/person\/fa12d4cf3a3f1735a9176b4fafd6a633"},"headline":"La Virgen del Santuario de Torreciudad acogi\u00f3 a ochenta personas del barrio del Raval de Barcelona","datePublished":"2024-05-07T15:40:34+00:00","dateModified":"2024-05-07T17:39:19+00:00","mainEntityOfPage":{"@id":"https:\/\/www.montalegre.org\/es\/2024\/05\/la-virgen-del-santuario-de-torreciudad-acogio-a-ochenta-personas-del-barrio-del-raval-de-barcelona\/"},"wordCount":438,"commentCount":0,"image":{"@id":"https:\/\/www.montalegre.org\/es\/2024\/05\/la-virgen-del-santuario-de-torreciudad-acogio-a-ochenta-personas-del-barrio-del-raval-de-barcelona\/#primaryimage"},"thumbnailUrl":"https:\/\/www.montalegre.org\/wp-content\/uploads\/2024\/05\/04-DSC_0431.jpg","articleSection":["Actualidad"],"inLanguage":"es","potentialAction":[{"@type":"CommentAction","name":"Comment","target":["https:\/\/www.montalegre.org\/es\/2024\/05\/la-virgen-del-santuario-de-torreciudad-acogio-a-ochenta-personas-del-barrio-del-raval-de-barcelona\/#respond"]}]},{"@type":"WebPage","@id":"https:\/\/www.montalegre.org\/es\/2024\/05\/la-virgen-del-santuario-de-torreciudad-acogio-a-ochenta-personas-del-barrio-del-raval-de-barcelona\/","url":"https:\/\/www.montalegre.org\/es\/2024\/05\/la-virgen-del-santuario-de-torreciudad-acogio-a-ochenta-personas-del-barrio-del-raval-de-barcelona\/","name":"La Virgen del Santuario de Torreciudad acogi\u00f3 a ochenta personas del barrio del Raval de Barcelona - Montalegre","isPartOf":{"@id":"https:\/\/www.montalegre.org\/es\/#website"},"primaryImageOfPage":{"@id":"https:\/\/www.montalegre.org\/es\/2024\/05\/la-virgen-del-santuario-de-torreciudad-acogio-a-ochenta-personas-del-barrio-del-raval-de-barcelona\/#primaryimage"},"image":{"@id":"https:\/\/www.montalegre.org\/es\/2024\/05\/la-virgen-del-santuario-de-torreciudad-acogio-a-ochenta-personas-del-barrio-del-raval-de-barcelona\/#primaryimage"},"thumbnailUrl":"https:\/\/www.montalegre.org\/wp-content\/uploads\/2024\/05\/04-DSC_0431.jpg","datePublished":"2024-05-07T15:40:34+00:00","dateModified":"2024-05-07T17:39:19+00:00","author":{"@id":"https:\/\/www.montalegre.org\/es\/#\/schema\/person\/fa12d4cf3a3f1735a9176b4fafd6a633"},"breadcrumb":{"@id":"https:\/\/www.montalegre.org\/es\/2024\/05\/la-virgen-del-santuario-de-torreciudad-acogio-a-ochenta-personas-del-barrio-del-raval-de-barcelona\/#breadcrumb"},"inLanguage":"es","potentialAction":[{"@type":"ReadAction","target":["https:\/\/www.montalegre.org\/es\/2024\/05\/la-virgen-del-santuario-de-torreciudad-acogio-a-ochenta-personas-del-barrio-del-raval-de-barcelona\/"]}]},{"@type":"ImageObject","inLanguage":"es","@id":"https:\/\/www.montalegre.org\/es\/2024\/05\/la-virgen-del-santuario-de-torreciudad-acogio-a-ochenta-personas-del-barrio-del-raval-de-barcelona\/#primaryimage","url":"https:\/\/www.montalegre.org\/wp-content\/uploads\/2024\/05\/04-DSC_0431.jpg","contentUrl":"https:\/\/www.montalegre.org\/wp-content\/uploads\/2024\/05\/04-DSC_0431.jpg","width":962,"height":641},{"@type":"BreadcrumbList","@id":"https:\/\/www.montalegre.org\/es\/2024\/05\/la-virgen-del-santuario-de-torreciudad-acogio-a-ochenta-personas-del-barrio-del-raval-de-barcelona\/#breadcrumb","itemListElement":[{"@type":"ListItem","position":1,"name":"Portada","item":"https:\/\/www.montalegre.org\/es\/"},{"@type":"ListItem","position":2,"name":"La Virgen del Santuario de Torreciudad acogi\u00f3 a ochenta personas del barrio del Raval de Barcelona"}]},{"@type":"WebSite","@id":"https:\/\/www.montalegre.org\/es\/#website","url":"https:\/\/www.montalegre.org\/es\/","name":"Montalegre","description":"","potentialAction":[{"@type":"SearchAction","target":{"@type":"EntryPoint","urlTemplate":"https:\/\/www.montalegre.org\/es\/?s={search_term_string}"},"query-input":{"@type":"PropertyValueSpecification","valueRequired":true,"valueName":"search_term_string"}}],"inLanguage":"es"},{"@type":"Person","@id":"https:\/\/www.montalegre.org\/es\/#\/schema\/person\/fa12d4cf3a3f1735a9176b4fafd6a633","name":"montalegre","image":{"@type":"ImageObject","inLanguage":"es","@id":"https:\/\/www.montalegre.org\/es\/#\/schema\/person\/image\/","url":"https:\/\/secure.gravatar.com\/avatar\/fe6d886cf5081e723c666dceda1f12d4f39070fa2ed4e79695edc3ca355c9b5a?s=96&d=mm&r=g","contentUrl":"https:\/\/secure.gravatar.com\/avatar\/fe6d886cf5081e723c666dceda1f12d4f39070fa2ed4e79695edc3ca355c9b5a?s=96&d=mm&r=g","caption":"montalegre"},"url":"https:\/\/www.montalegre.org\/es\/author\/montalegre\/"}]}},"_links":{"self":[{"href":"https:\/\/www.montalegre.org\/es\/wp-json\/wp\/v2\/posts\/18073","targetHints":{"allow":["GET"]}}],"collection":[{"href":"https:\/\/www.montalegre.org\/es\/wp-json\/wp\/v2\/posts"}],"about":[{"href":"https:\/\/www.montalegre.org\/es\/wp-json\/wp\/v2\/types\/post"}],"author":[{"embeddable":true,"href":"https:\/\/www.montalegre.org\/es\/wp-json\/wp\/v2\/users\/4"}],"replies":[{"embeddable":true,"href":"https:\/\/www.montalegre.org\/es\/wp-json\/wp\/v2\/comments?post=18073"}],"version-history":[{"count":3,"href":"https:\/\/www.montalegre.org\/es\/wp-json\/wp\/v2\/posts\/18073\/revisions"}],"predecessor-version":[{"id":18078,"href":"https:\/\/www.montalegre.org\/es\/wp-json\/wp\/v2\/posts\/18073\/revisions\/18078"}],"wp:featuredmedia":[{"embeddable":true,"href":"https:\/\/www.montalegre.org\/es\/wp-json\/wp\/v2\/media\/18065"}],"wp:attachment":[{"href":"https:\/\/www.montalegre.org\/es\/wp-json\/wp\/v2\/media?parent=18073"}],"wp:term":[{"taxonomy":"category","embeddable":true,"href":"https:\/\/www.montalegre.org\/es\/wp-json\/wp\/v2\/categories?post=18073"},{"taxonomy":"post_tag","embeddable":true,"href":"https:\/\/www.montalegre.org\/es\/wp-json\/wp\/v2\/tags?post=18073"}],"curies":[{"name":"wp","href":"https:\/\/api.w.org\/{rel}","templated":true}]}}