{"id":18042,"date":"2024-05-05T12:21:45","date_gmt":"2024-05-05T12:21:45","guid":{"rendered":"https:\/\/www.montalegre.org\/?p=18042"},"modified":"2024-05-05T12:21:45","modified_gmt":"2024-05-05T12:21:45","slug":"fe-y-razon-en-el-cristianismo-y-el-islam","status":"publish","type":"post","link":"https:\/\/www.montalegre.org\/es\/2024\/05\/fe-y-razon-en-el-cristianismo-y-el-islam\/","title":{"rendered":"Fe y raz\u00f3n en el Cristianismo y el Islam"},"content":{"rendered":"<p>Cr\u00f3nica enviada por Daniel Arasa. periodista<\/p>\n<p>&nbsp;<\/p>\n<p>Emili Boronat, profesor de la Facultad de Humanidades y Comunicaci\u00f3n de la Universidad Abat Oliba CEU, pronunci\u00f3 en la Sala de Actos de la Montalegre la conferencia titulada \u201cFe y Raz\u00f3n en el Cristianismo y el Islam\u201d. Abund\u00f3 sobre todo en lo referente al Islam.<\/p>\n<p>En la presentaci\u00f3n del ponente, Daniel Arasa, presidente de la Plataforma per la Familia, hizo referencia al deseo del ser humano de conocer la verdad, en todos los aspectos. Muchos conocimientos derivan de la observaci\u00f3n, y, en general las fuentes del conocimiento son la raz\u00f3n y la fe. No hay contradicci\u00f3n entre ellas porque ambas han sido creadas por Dios y est\u00e1n encaminadas a la b\u00fasqueda de la verdad desde puntos de vista distintos y complementarios. Se\u00f1al\u00f3 que, sin la fe, la raz\u00f3n y la ciencia no llegan a conocer el sentido \u00faltimo de muchas cosas, en tanto que la fe sin la raz\u00f3n puede llevar al fanatismo.<\/p>\n<p>El profesor Boronat. Entre otras muchas ideas, expuso las siguientes:<\/p>\n<p><strong>Islam<\/strong><\/p>\n<p>Mahoma (que muri\u00f3 en el a\u00f1o 632 de la era cristiana) nunca quiso que se recogieran por escrito sus ense\u00f1anzas. Esto no se hizo hasta el tercer sucesor, unos 30 a\u00f1os m\u00e1s tarde. Se recurri\u00f3 a siete memoriones (personas que recordaban mucho de tales ense\u00f1anzas) y se procedi\u00f3 a la destrucci\u00f3n del resto de aportaciones.<\/p>\n<p>El Cor\u00e1n no es \u201crevelado\u201d, sino literalmente \u201cdescendido\u201d del Cielo. Seg\u00fan alguna tradici\u00f3n isl\u00e1mica ello se produjo en bloque, en lo que denominaron \u201cNoche del destino\u201d.<\/p>\n<p>No hay sabidur\u00eda ni antes ni despu\u00e9s del Cor\u00e1n. \u00c9ste no es una creaci\u00f3n de Mahoma sino una retransmisi\u00f3n material a trav\u00e9s del arc\u00e1ngel Gabriel.<\/p>\n<p>El Cor\u00e1n no se interpreta, sino que se considera de naturaleza divina. No es interpretable ni es posible revisar en funci\u00f3n del reconocimiento de \u00e9pocas hist\u00f3ricas. Interpretarlo del modo que sea es profanar lo divino, es blasfemia. Por ello no cabe una revisi\u00f3n cr\u00edtica.<\/p>\n<p>La revelaci\u00f3n cor\u00e1nica es dogma fundamental.<\/p>\n<p>En el Islam hay una profunda compenetraci\u00f3n de componentes pol\u00edticos, sociales y morales.<\/p>\n<p>El Islam es una religi\u00f3n muy normativa. No lo practican tanto como vida privada, sino como ritual que da sentido de pertenencia. Hay un sincronismo colectivo muy decisivo, como se puede ver (por ejemplo) en la celebraci\u00f3n de Ramad\u00e1n o en la peregrinaci\u00f3n a La Meca.<\/p>\n<p>Para el Islam no existe un orden natural, sino que lo natural es ser musulm\u00e1n.<\/p>\n<p>Para el Islam hay fe en Al\u00e1 y en sus ense\u00f1anzas, las cuales hay que aceptar con sumisi\u00f3n. No espacio para la raz\u00f3n.<\/p>\n<p>&nbsp;<\/p>\n<p><strong>Cristianismo<\/strong><\/p>\n<p>&nbsp;<\/p>\n<p>En el Cristianismo la revelaci\u00f3n se hace a trav\u00e9s de la historia y tiene su plena culminaci\u00f3n en Cristo.<\/p>\n<p>Dios (en el Cristianismo) inspira, revela, pero deja libertad.<\/p>\n<p>Dios (en el Cristianismo) es amor, y el hombre est\u00e1 ante el abismo de la libertad. Puede rechazarle.<\/p>\n<p>En el Cristianismo hay una relaci\u00f3n entre lo natural y lo sobrenatural.<\/p>\n<p>Actuar contra la raz\u00f3n va contra el querer de Dios, como dijo el papa Benedicto XVI en su discurso de Ratisbona.<\/p>\n<p>Grecia ense\u00f1\u00f3 a pensar, e Israel tuvo fe sin aportar una filosof\u00eda, pero ambas sirvieron para el Cristianismo.<\/p>\n<p>&nbsp;<\/p>\n<p><strong>Punto de encuentro<\/strong><\/p>\n<p>El profesor Emili Boronat considera que hay una diferencia diametral entre las dos religiones, y solo puede haber punto de encuentro si se habla de la naturaleza humana, ver qu\u00e9 lugar ocupa el ser humano en el mundo y en la misericordia de Dios. Hablar de ello dejando claras cuales son las posiciones.<\/p>\n<p>Por el contrario, Boronat rechaz\u00f3 el multiculturalismo, por considerar que a lo \u00fanico que lleva a que se vaya renunciando a unos aspectos y otros, incluso fundamentales. \u201cY ya se ve donde han ca\u00eddo las sociedades occidentales. Una muestra de ello es la reciente aprobaci\u00f3n del aborto como un derecho por el Parlamento europeo\u201d, afirm\u00f3, a la vez que puso en evidencia que para muchos musulmanes es escandalosa la forma de vivir de gran parte de la poblaci\u00f3n de Occidente, que consideran una verdadera depravaci\u00f3n.<\/p>\n<p>Comunicaci\u00f3n Montalegre<\/p>\n","protected":false},"excerpt":{"rendered":"<p>Cr\u00f3nica enviada por Daniel Arasa. periodista &nbsp; Emili Boronat, profesor de la Facultad de Humanidades y Comunicaci\u00f3n de la Universidad Abat Oliba CEU, pronunci\u00f3 en la Sala de Actos de la Montalegre la conferencia titulada \u201cFe y Raz\u00f3n en el Cristianismo y el Islam\u201d. Abund\u00f3 sobre todo en lo referente al Islam. En la presentaci\u00f3n [&hellip;]<\/p>\n","protected":false},"author":4,"featured_media":0,"comment_status":"open","ping_status":"open","sticky":false,"template":"","format":"standard","meta":{"footnotes":""},"categories":[1],"tags":[],"class_list":["post-18042","post","type-post","status-publish","format-standard","hentry","category-noticias-de-montalegre"],"yoast_head":"<!-- This site is optimized with the Yoast SEO plugin v27.1.1 - https:\/\/yoast.com\/product\/yoast-seo-wordpress\/ -->\n<title>Fe y raz\u00f3n en el Cristianismo y el Islam - Montalegre<\/title>\n<meta name=\"robots\" content=\"index, follow, max-snippet:-1, max-image-preview:large, max-video-preview:-1\" \/>\n<link rel=\"canonical\" href=\"https:\/\/www.montalegre.org\/es\/2024\/05\/fe-y-razon-en-el-cristianismo-y-el-islam\/\" \/>\n<meta property=\"og:locale\" content=\"es_ES\" \/>\n<meta property=\"og:type\" content=\"article\" \/>\n<meta property=\"og:title\" content=\"Fe y raz\u00f3n en el Cristianismo y el Islam - Montalegre\" \/>\n<meta property=\"og:description\" content=\"Cr\u00f3nica enviada por Daniel Arasa. periodista &nbsp; Emili Boronat, profesor de la Facultad de Humanidades y Comunicaci\u00f3n de la Universidad Abat Oliba CEU, pronunci\u00f3 en la Sala de Actos de la Montalegre la conferencia titulada \u201cFe y Raz\u00f3n en el Cristianismo y el Islam\u201d. Abund\u00f3 sobre todo en lo referente al Islam. En la presentaci\u00f3n [&hellip;]\" \/>\n<meta property=\"og:url\" content=\"https:\/\/www.montalegre.org\/es\/2024\/05\/fe-y-razon-en-el-cristianismo-y-el-islam\/\" \/>\n<meta property=\"og:site_name\" content=\"Montalegre\" \/>\n<meta property=\"article:published_time\" content=\"2024-05-05T12:21:45+00:00\" \/>\n<meta name=\"author\" content=\"montalegre\" \/>\n<meta name=\"twitter:card\" content=\"summary_large_image\" \/>\n<meta name=\"twitter:label1\" content=\"Escrito por\" \/>\n\t<meta name=\"twitter:data1\" content=\"montalegre\" \/>\n\t<meta name=\"twitter:label2\" content=\"Tiempo de lectura\" \/>\n\t<meta name=\"twitter:data2\" content=\"4 minutos\" \/>\n<script type=\"application\/ld+json\" class=\"yoast-schema-graph\">{\"@context\":\"https:\/\/schema.org\",\"@graph\":[{\"@type\":\"Article\",\"@id\":\"https:\/\/www.montalegre.org\/es\/2024\/05\/fe-y-razon-en-el-cristianismo-y-el-islam\/#article\",\"isPartOf\":{\"@id\":\"https:\/\/www.montalegre.org\/es\/2024\/05\/fe-y-razon-en-el-cristianismo-y-el-islam\/\"},\"author\":{\"name\":\"montalegre\",\"@id\":\"https:\/\/www.montalegre.org\/es\/#\/schema\/person\/fa12d4cf3a3f1735a9176b4fafd6a633\"},\"headline\":\"Fe y raz\u00f3n en el Cristianismo y el Islam\",\"datePublished\":\"2024-05-05T12:21:45+00:00\",\"mainEntityOfPage\":{\"@id\":\"https:\/\/www.montalegre.org\/es\/2024\/05\/fe-y-razon-en-el-cristianismo-y-el-islam\/\"},\"wordCount\":733,\"commentCount\":0,\"articleSection\":[\"Noticias de Montalegre\"],\"inLanguage\":\"es\",\"potentialAction\":[{\"@type\":\"CommentAction\",\"name\":\"Comment\",\"target\":[\"https:\/\/www.montalegre.org\/es\/2024\/05\/fe-y-razon-en-el-cristianismo-y-el-islam\/#respond\"]}]},{\"@type\":\"WebPage\",\"@id\":\"https:\/\/www.montalegre.org\/es\/2024\/05\/fe-y-razon-en-el-cristianismo-y-el-islam\/\",\"url\":\"https:\/\/www.montalegre.org\/es\/2024\/05\/fe-y-razon-en-el-cristianismo-y-el-islam\/\",\"name\":\"Fe y raz\u00f3n en el Cristianismo y el Islam - Montalegre\",\"isPartOf\":{\"@id\":\"https:\/\/www.montalegre.org\/es\/#website\"},\"datePublished\":\"2024-05-05T12:21:45+00:00\",\"author\":{\"@id\":\"https:\/\/www.montalegre.org\/es\/#\/schema\/person\/fa12d4cf3a3f1735a9176b4fafd6a633\"},\"breadcrumb\":{\"@id\":\"https:\/\/www.montalegre.org\/es\/2024\/05\/fe-y-razon-en-el-cristianismo-y-el-islam\/#breadcrumb\"},\"inLanguage\":\"es\",\"potentialAction\":[{\"@type\":\"ReadAction\",\"target\":[\"https:\/\/www.montalegre.org\/es\/2024\/05\/fe-y-razon-en-el-cristianismo-y-el-islam\/\"]}]},{\"@type\":\"BreadcrumbList\",\"@id\":\"https:\/\/www.montalegre.org\/es\/2024\/05\/fe-y-razon-en-el-cristianismo-y-el-islam\/#breadcrumb\",\"itemListElement\":[{\"@type\":\"ListItem\",\"position\":1,\"name\":\"Portada\",\"item\":\"https:\/\/www.montalegre.org\/es\/\"},{\"@type\":\"ListItem\",\"position\":2,\"name\":\"Fe y raz\u00f3n en el Cristianismo y el Islam\"}]},{\"@type\":\"WebSite\",\"@id\":\"https:\/\/www.montalegre.org\/es\/#website\",\"url\":\"https:\/\/www.montalegre.org\/es\/\",\"name\":\"Montalegre\",\"description\":\"\",\"potentialAction\":[{\"@type\":\"SearchAction\",\"target\":{\"@type\":\"EntryPoint\",\"urlTemplate\":\"https:\/\/www.montalegre.org\/es\/?s={search_term_string}\"},\"query-input\":{\"@type\":\"PropertyValueSpecification\",\"valueRequired\":true,\"valueName\":\"search_term_string\"}}],\"inLanguage\":\"es\"},{\"@type\":\"Person\",\"@id\":\"https:\/\/www.montalegre.org\/es\/#\/schema\/person\/fa12d4cf3a3f1735a9176b4fafd6a633\",\"name\":\"montalegre\",\"image\":{\"@type\":\"ImageObject\",\"inLanguage\":\"es\",\"@id\":\"https:\/\/www.montalegre.org\/es\/#\/schema\/person\/image\/\",\"url\":\"https:\/\/secure.gravatar.com\/avatar\/fe6d886cf5081e723c666dceda1f12d4f39070fa2ed4e79695edc3ca355c9b5a?s=96&d=mm&r=g\",\"contentUrl\":\"https:\/\/secure.gravatar.com\/avatar\/fe6d886cf5081e723c666dceda1f12d4f39070fa2ed4e79695edc3ca355c9b5a?s=96&d=mm&r=g\",\"caption\":\"montalegre\"},\"url\":\"https:\/\/www.montalegre.org\/es\/author\/montalegre\/\"}]}<\/script>\n<!-- \/ Yoast SEO plugin. -->","yoast_head_json":{"title":"Fe y raz\u00f3n en el Cristianismo y el Islam - Montalegre","robots":{"index":"index","follow":"follow","max-snippet":"max-snippet:-1","max-image-preview":"max-image-preview:large","max-video-preview":"max-video-preview:-1"},"canonical":"https:\/\/www.montalegre.org\/es\/2024\/05\/fe-y-razon-en-el-cristianismo-y-el-islam\/","og_locale":"es_ES","og_type":"article","og_title":"Fe y raz\u00f3n en el Cristianismo y el Islam - Montalegre","og_description":"Cr\u00f3nica enviada por Daniel Arasa. periodista &nbsp; Emili Boronat, profesor de la Facultad de Humanidades y Comunicaci\u00f3n de la Universidad Abat Oliba CEU, pronunci\u00f3 en la Sala de Actos de la Montalegre la conferencia titulada \u201cFe y Raz\u00f3n en el Cristianismo y el Islam\u201d. Abund\u00f3 sobre todo en lo referente al Islam. En la presentaci\u00f3n [&hellip;]","og_url":"https:\/\/www.montalegre.org\/es\/2024\/05\/fe-y-razon-en-el-cristianismo-y-el-islam\/","og_site_name":"Montalegre","article_published_time":"2024-05-05T12:21:45+00:00","author":"montalegre","twitter_card":"summary_large_image","twitter_misc":{"Escrito por":"montalegre","Tiempo de lectura":"4 minutos"},"schema":{"@context":"https:\/\/schema.org","@graph":[{"@type":"Article","@id":"https:\/\/www.montalegre.org\/es\/2024\/05\/fe-y-razon-en-el-cristianismo-y-el-islam\/#article","isPartOf":{"@id":"https:\/\/www.montalegre.org\/es\/2024\/05\/fe-y-razon-en-el-cristianismo-y-el-islam\/"},"author":{"name":"montalegre","@id":"https:\/\/www.montalegre.org\/es\/#\/schema\/person\/fa12d4cf3a3f1735a9176b4fafd6a633"},"headline":"Fe y raz\u00f3n en el Cristianismo y el Islam","datePublished":"2024-05-05T12:21:45+00:00","mainEntityOfPage":{"@id":"https:\/\/www.montalegre.org\/es\/2024\/05\/fe-y-razon-en-el-cristianismo-y-el-islam\/"},"wordCount":733,"commentCount":0,"articleSection":["Noticias de Montalegre"],"inLanguage":"es","potentialAction":[{"@type":"CommentAction","name":"Comment","target":["https:\/\/www.montalegre.org\/es\/2024\/05\/fe-y-razon-en-el-cristianismo-y-el-islam\/#respond"]}]},{"@type":"WebPage","@id":"https:\/\/www.montalegre.org\/es\/2024\/05\/fe-y-razon-en-el-cristianismo-y-el-islam\/","url":"https:\/\/www.montalegre.org\/es\/2024\/05\/fe-y-razon-en-el-cristianismo-y-el-islam\/","name":"Fe y raz\u00f3n en el Cristianismo y el Islam - Montalegre","isPartOf":{"@id":"https:\/\/www.montalegre.org\/es\/#website"},"datePublished":"2024-05-05T12:21:45+00:00","author":{"@id":"https:\/\/www.montalegre.org\/es\/#\/schema\/person\/fa12d4cf3a3f1735a9176b4fafd6a633"},"breadcrumb":{"@id":"https:\/\/www.montalegre.org\/es\/2024\/05\/fe-y-razon-en-el-cristianismo-y-el-islam\/#breadcrumb"},"inLanguage":"es","potentialAction":[{"@type":"ReadAction","target":["https:\/\/www.montalegre.org\/es\/2024\/05\/fe-y-razon-en-el-cristianismo-y-el-islam\/"]}]},{"@type":"BreadcrumbList","@id":"https:\/\/www.montalegre.org\/es\/2024\/05\/fe-y-razon-en-el-cristianismo-y-el-islam\/#breadcrumb","itemListElement":[{"@type":"ListItem","position":1,"name":"Portada","item":"https:\/\/www.montalegre.org\/es\/"},{"@type":"ListItem","position":2,"name":"Fe y raz\u00f3n en el Cristianismo y el Islam"}]},{"@type":"WebSite","@id":"https:\/\/www.montalegre.org\/es\/#website","url":"https:\/\/www.montalegre.org\/es\/","name":"Montalegre","description":"","potentialAction":[{"@type":"SearchAction","target":{"@type":"EntryPoint","urlTemplate":"https:\/\/www.montalegre.org\/es\/?s={search_term_string}"},"query-input":{"@type":"PropertyValueSpecification","valueRequired":true,"valueName":"search_term_string"}}],"inLanguage":"es"},{"@type":"Person","@id":"https:\/\/www.montalegre.org\/es\/#\/schema\/person\/fa12d4cf3a3f1735a9176b4fafd6a633","name":"montalegre","image":{"@type":"ImageObject","inLanguage":"es","@id":"https:\/\/www.montalegre.org\/es\/#\/schema\/person\/image\/","url":"https:\/\/secure.gravatar.com\/avatar\/fe6d886cf5081e723c666dceda1f12d4f39070fa2ed4e79695edc3ca355c9b5a?s=96&d=mm&r=g","contentUrl":"https:\/\/secure.gravatar.com\/avatar\/fe6d886cf5081e723c666dceda1f12d4f39070fa2ed4e79695edc3ca355c9b5a?s=96&d=mm&r=g","caption":"montalegre"},"url":"https:\/\/www.montalegre.org\/es\/author\/montalegre\/"}]}},"_links":{"self":[{"href":"https:\/\/www.montalegre.org\/es\/wp-json\/wp\/v2\/posts\/18042","targetHints":{"allow":["GET"]}}],"collection":[{"href":"https:\/\/www.montalegre.org\/es\/wp-json\/wp\/v2\/posts"}],"about":[{"href":"https:\/\/www.montalegre.org\/es\/wp-json\/wp\/v2\/types\/post"}],"author":[{"embeddable":true,"href":"https:\/\/www.montalegre.org\/es\/wp-json\/wp\/v2\/users\/4"}],"replies":[{"embeddable":true,"href":"https:\/\/www.montalegre.org\/es\/wp-json\/wp\/v2\/comments?post=18042"}],"version-history":[{"count":1,"href":"https:\/\/www.montalegre.org\/es\/wp-json\/wp\/v2\/posts\/18042\/revisions"}],"predecessor-version":[{"id":18043,"href":"https:\/\/www.montalegre.org\/es\/wp-json\/wp\/v2\/posts\/18042\/revisions\/18043"}],"wp:attachment":[{"href":"https:\/\/www.montalegre.org\/es\/wp-json\/wp\/v2\/media?parent=18042"}],"wp:term":[{"taxonomy":"category","embeddable":true,"href":"https:\/\/www.montalegre.org\/es\/wp-json\/wp\/v2\/categories?post=18042"},{"taxonomy":"post_tag","embeddable":true,"href":"https:\/\/www.montalegre.org\/es\/wp-json\/wp\/v2\/tags?post=18042"}],"curies":[{"name":"wp","href":"https:\/\/api.w.org\/{rel}","templated":true}]}}