{"id":17630,"date":"2023-12-04T16:42:02","date_gmt":"2023-12-04T16:42:02","guid":{"rendered":"https:\/\/www.montalegre.org\/?p=17630"},"modified":"2023-12-04T16:42:02","modified_gmt":"2023-12-04T16:42:02","slug":"dios-viene-a-nosotros","status":"publish","type":"post","link":"https:\/\/www.montalegre.org\/es\/2023\/12\/dios-viene-a-nosotros\/","title":{"rendered":"Dios viene a nosotros"},"content":{"rendered":"<p>El tiempo de adviento es un tiempo de espera y de llegada. Esperamos la segunda venida del Se\u00f1or al final de los tiempos y nos preparamos para la llegada del Se\u00f1or el d\u00eda de Navidad.<\/p>\n<p>Cuando venga, a todos aquellos que esperamos su segundo advenimiento, nos unir\u00e1 a \u00c9l para que entremos y tomemos posesi\u00f3n del reino prometido. Esta certeza que nos viene por la fe no es un mero deseo, sino que se fundamenta en la Encarnaci\u00f3n del Hijo de Dios, en su primer advenimiento. Este es el gran misterio que abre de par en par las puertas del Cielo y lleva a cumplimiento las promesas hechas por Dios a lo largo de la historia. Aqu\u00ed reside el fundamento de la esperanza que alimentamos en nuestro coraz\u00f3n: su pronta venida.<\/p>\n<p>No conocemos cu\u00e1ndo llegar\u00e1 su venida definitiva, pero s\u00ed conocemos cu\u00e1ndo lleg\u00f3 a salvarnos. De ah\u00ed que el tiempo de Adviento sea esperar su segunda venida y prepararnos para celebrar su primera venida. Y, la mejor manera de vivir este tiempo es participar del misterio inefable de sus planes de salvaci\u00f3n, es decir, de la Santa Misa. En ella descubrimos y revivimos su venida en la carne y toda su obra redentora, a la vez que deseamos, esperamos y pedimos poder participar de la liturgia celestial. La Eucarist\u00eda nos introduce en el Amor de Dios y, por lo tanto, nos introduce en el cielo. Es, adem\u00e1s, la garant\u00eda de alcanzarlo ya que es \u00c9l mismo quien viene a nosotros cada vez que se celebra y cada vez que lo recibimos en la comuni\u00f3n eucar\u00edstica.<\/p>\n<p>Qu\u00e9 importante es vivir el adviento con deseos grandes de mejora personal y de conversi\u00f3n sincera para dejar que Dios venga a nosotros. La Virgen Mar\u00eda nos muestra el camino a seguir: <em>H\u00e1gase en m\u00ed seg\u00fan tu Palabra<\/em>. Pan y Palabra, Eucarist\u00eda y oraci\u00f3n. \u00a1Ven Se\u00f1or, Jes\u00fas!<\/p>\n<p>\u00a1Feliz Navidad!<\/p>\n<p>Mn. Xavier Argelich<\/p>\n","protected":false},"excerpt":{"rendered":"<p>El tiempo de adviento es un tiempo de espera y de llegada. Esperamos la segunda venida del Se\u00f1or al final de los tiempos y nos preparamos para la llegada del Se\u00f1or el d\u00eda de Navidad. Cuando venga, a todos aquellos que esperamos su segundo advenimiento, nos unir\u00e1 a \u00c9l para que entremos y tomemos posesi\u00f3n [&hellip;]<\/p>\n","protected":false},"author":4,"featured_media":0,"comment_status":"open","ping_status":"open","sticky":false,"template":"","format":"standard","meta":{"footnotes":""},"categories":[52],"tags":[],"class_list":["post-17630","post","type-post","status-publish","format-standard","hentry","category-editorial"],"yoast_head":"<!-- This site is optimized with the Yoast SEO plugin v27.1.1 - https:\/\/yoast.com\/product\/yoast-seo-wordpress\/ -->\n<title>Dios viene a nosotros - Montalegre<\/title>\n<meta name=\"robots\" content=\"index, follow, max-snippet:-1, max-image-preview:large, max-video-preview:-1\" \/>\n<link rel=\"canonical\" href=\"https:\/\/www.montalegre.org\/es\/2023\/12\/dios-viene-a-nosotros\/\" \/>\n<meta property=\"og:locale\" content=\"es_ES\" \/>\n<meta property=\"og:type\" content=\"article\" \/>\n<meta property=\"og:title\" content=\"Dios viene a nosotros - Montalegre\" \/>\n<meta property=\"og:description\" content=\"El tiempo de adviento es un tiempo de espera y de llegada. Esperamos la segunda venida del Se\u00f1or al final de los tiempos y nos preparamos para la llegada del Se\u00f1or el d\u00eda de Navidad. Cuando venga, a todos aquellos que esperamos su segundo advenimiento, nos unir\u00e1 a \u00c9l para que entremos y tomemos posesi\u00f3n [&hellip;]\" \/>\n<meta property=\"og:url\" content=\"https:\/\/www.montalegre.org\/es\/2023\/12\/dios-viene-a-nosotros\/\" \/>\n<meta property=\"og:site_name\" content=\"Montalegre\" \/>\n<meta property=\"article:published_time\" content=\"2023-12-04T16:42:02+00:00\" \/>\n<meta name=\"author\" content=\"montalegre\" \/>\n<meta name=\"twitter:card\" content=\"summary_large_image\" \/>\n<meta name=\"twitter:label1\" content=\"Escrito por\" \/>\n\t<meta name=\"twitter:data1\" content=\"montalegre\" \/>\n\t<meta name=\"twitter:label2\" content=\"Tiempo de lectura\" \/>\n\t<meta name=\"twitter:data2\" content=\"2 minutos\" \/>\n<script type=\"application\/ld+json\" class=\"yoast-schema-graph\">{\"@context\":\"https:\/\/schema.org\",\"@graph\":[{\"@type\":\"Article\",\"@id\":\"https:\/\/www.montalegre.org\/es\/2023\/12\/dios-viene-a-nosotros\/#article\",\"isPartOf\":{\"@id\":\"https:\/\/www.montalegre.org\/es\/2023\/12\/dios-viene-a-nosotros\/\"},\"author\":{\"name\":\"montalegre\",\"@id\":\"https:\/\/www.montalegre.org\/es\/#\/schema\/person\/fa12d4cf3a3f1735a9176b4fafd6a633\"},\"headline\":\"Dios viene a nosotros\",\"datePublished\":\"2023-12-04T16:42:02+00:00\",\"mainEntityOfPage\":{\"@id\":\"https:\/\/www.montalegre.org\/es\/2023\/12\/dios-viene-a-nosotros\/\"},\"wordCount\":343,\"commentCount\":0,\"articleSection\":[\"Editorial\"],\"inLanguage\":\"es\",\"potentialAction\":[{\"@type\":\"CommentAction\",\"name\":\"Comment\",\"target\":[\"https:\/\/www.montalegre.org\/es\/2023\/12\/dios-viene-a-nosotros\/#respond\"]}]},{\"@type\":\"WebPage\",\"@id\":\"https:\/\/www.montalegre.org\/es\/2023\/12\/dios-viene-a-nosotros\/\",\"url\":\"https:\/\/www.montalegre.org\/es\/2023\/12\/dios-viene-a-nosotros\/\",\"name\":\"Dios viene a nosotros - Montalegre\",\"isPartOf\":{\"@id\":\"https:\/\/www.montalegre.org\/es\/#website\"},\"datePublished\":\"2023-12-04T16:42:02+00:00\",\"author\":{\"@id\":\"https:\/\/www.montalegre.org\/es\/#\/schema\/person\/fa12d4cf3a3f1735a9176b4fafd6a633\"},\"breadcrumb\":{\"@id\":\"https:\/\/www.montalegre.org\/es\/2023\/12\/dios-viene-a-nosotros\/#breadcrumb\"},\"inLanguage\":\"es\",\"potentialAction\":[{\"@type\":\"ReadAction\",\"target\":[\"https:\/\/www.montalegre.org\/es\/2023\/12\/dios-viene-a-nosotros\/\"]}]},{\"@type\":\"BreadcrumbList\",\"@id\":\"https:\/\/www.montalegre.org\/es\/2023\/12\/dios-viene-a-nosotros\/#breadcrumb\",\"itemListElement\":[{\"@type\":\"ListItem\",\"position\":1,\"name\":\"Portada\",\"item\":\"https:\/\/www.montalegre.org\/es\/\"},{\"@type\":\"ListItem\",\"position\":2,\"name\":\"Dios viene a nosotros\"}]},{\"@type\":\"WebSite\",\"@id\":\"https:\/\/www.montalegre.org\/es\/#website\",\"url\":\"https:\/\/www.montalegre.org\/es\/\",\"name\":\"Montalegre\",\"description\":\"\",\"potentialAction\":[{\"@type\":\"SearchAction\",\"target\":{\"@type\":\"EntryPoint\",\"urlTemplate\":\"https:\/\/www.montalegre.org\/es\/?s={search_term_string}\"},\"query-input\":{\"@type\":\"PropertyValueSpecification\",\"valueRequired\":true,\"valueName\":\"search_term_string\"}}],\"inLanguage\":\"es\"},{\"@type\":\"Person\",\"@id\":\"https:\/\/www.montalegre.org\/es\/#\/schema\/person\/fa12d4cf3a3f1735a9176b4fafd6a633\",\"name\":\"montalegre\",\"image\":{\"@type\":\"ImageObject\",\"inLanguage\":\"es\",\"@id\":\"https:\/\/www.montalegre.org\/es\/#\/schema\/person\/image\/\",\"url\":\"https:\/\/secure.gravatar.com\/avatar\/fe6d886cf5081e723c666dceda1f12d4f39070fa2ed4e79695edc3ca355c9b5a?s=96&d=mm&r=g\",\"contentUrl\":\"https:\/\/secure.gravatar.com\/avatar\/fe6d886cf5081e723c666dceda1f12d4f39070fa2ed4e79695edc3ca355c9b5a?s=96&d=mm&r=g\",\"caption\":\"montalegre\"},\"url\":\"https:\/\/www.montalegre.org\/es\/author\/montalegre\/\"}]}<\/script>\n<!-- \/ Yoast SEO plugin. -->","yoast_head_json":{"title":"Dios viene a nosotros - Montalegre","robots":{"index":"index","follow":"follow","max-snippet":"max-snippet:-1","max-image-preview":"max-image-preview:large","max-video-preview":"max-video-preview:-1"},"canonical":"https:\/\/www.montalegre.org\/es\/2023\/12\/dios-viene-a-nosotros\/","og_locale":"es_ES","og_type":"article","og_title":"Dios viene a nosotros - Montalegre","og_description":"El tiempo de adviento es un tiempo de espera y de llegada. Esperamos la segunda venida del Se\u00f1or al final de los tiempos y nos preparamos para la llegada del Se\u00f1or el d\u00eda de Navidad. Cuando venga, a todos aquellos que esperamos su segundo advenimiento, nos unir\u00e1 a \u00c9l para que entremos y tomemos posesi\u00f3n [&hellip;]","og_url":"https:\/\/www.montalegre.org\/es\/2023\/12\/dios-viene-a-nosotros\/","og_site_name":"Montalegre","article_published_time":"2023-12-04T16:42:02+00:00","author":"montalegre","twitter_card":"summary_large_image","twitter_misc":{"Escrito por":"montalegre","Tiempo de lectura":"2 minutos"},"schema":{"@context":"https:\/\/schema.org","@graph":[{"@type":"Article","@id":"https:\/\/www.montalegre.org\/es\/2023\/12\/dios-viene-a-nosotros\/#article","isPartOf":{"@id":"https:\/\/www.montalegre.org\/es\/2023\/12\/dios-viene-a-nosotros\/"},"author":{"name":"montalegre","@id":"https:\/\/www.montalegre.org\/es\/#\/schema\/person\/fa12d4cf3a3f1735a9176b4fafd6a633"},"headline":"Dios viene a nosotros","datePublished":"2023-12-04T16:42:02+00:00","mainEntityOfPage":{"@id":"https:\/\/www.montalegre.org\/es\/2023\/12\/dios-viene-a-nosotros\/"},"wordCount":343,"commentCount":0,"articleSection":["Editorial"],"inLanguage":"es","potentialAction":[{"@type":"CommentAction","name":"Comment","target":["https:\/\/www.montalegre.org\/es\/2023\/12\/dios-viene-a-nosotros\/#respond"]}]},{"@type":"WebPage","@id":"https:\/\/www.montalegre.org\/es\/2023\/12\/dios-viene-a-nosotros\/","url":"https:\/\/www.montalegre.org\/es\/2023\/12\/dios-viene-a-nosotros\/","name":"Dios viene a nosotros - Montalegre","isPartOf":{"@id":"https:\/\/www.montalegre.org\/es\/#website"},"datePublished":"2023-12-04T16:42:02+00:00","author":{"@id":"https:\/\/www.montalegre.org\/es\/#\/schema\/person\/fa12d4cf3a3f1735a9176b4fafd6a633"},"breadcrumb":{"@id":"https:\/\/www.montalegre.org\/es\/2023\/12\/dios-viene-a-nosotros\/#breadcrumb"},"inLanguage":"es","potentialAction":[{"@type":"ReadAction","target":["https:\/\/www.montalegre.org\/es\/2023\/12\/dios-viene-a-nosotros\/"]}]},{"@type":"BreadcrumbList","@id":"https:\/\/www.montalegre.org\/es\/2023\/12\/dios-viene-a-nosotros\/#breadcrumb","itemListElement":[{"@type":"ListItem","position":1,"name":"Portada","item":"https:\/\/www.montalegre.org\/es\/"},{"@type":"ListItem","position":2,"name":"Dios viene a nosotros"}]},{"@type":"WebSite","@id":"https:\/\/www.montalegre.org\/es\/#website","url":"https:\/\/www.montalegre.org\/es\/","name":"Montalegre","description":"","potentialAction":[{"@type":"SearchAction","target":{"@type":"EntryPoint","urlTemplate":"https:\/\/www.montalegre.org\/es\/?s={search_term_string}"},"query-input":{"@type":"PropertyValueSpecification","valueRequired":true,"valueName":"search_term_string"}}],"inLanguage":"es"},{"@type":"Person","@id":"https:\/\/www.montalegre.org\/es\/#\/schema\/person\/fa12d4cf3a3f1735a9176b4fafd6a633","name":"montalegre","image":{"@type":"ImageObject","inLanguage":"es","@id":"https:\/\/www.montalegre.org\/es\/#\/schema\/person\/image\/","url":"https:\/\/secure.gravatar.com\/avatar\/fe6d886cf5081e723c666dceda1f12d4f39070fa2ed4e79695edc3ca355c9b5a?s=96&d=mm&r=g","contentUrl":"https:\/\/secure.gravatar.com\/avatar\/fe6d886cf5081e723c666dceda1f12d4f39070fa2ed4e79695edc3ca355c9b5a?s=96&d=mm&r=g","caption":"montalegre"},"url":"https:\/\/www.montalegre.org\/es\/author\/montalegre\/"}]}},"_links":{"self":[{"href":"https:\/\/www.montalegre.org\/es\/wp-json\/wp\/v2\/posts\/17630","targetHints":{"allow":["GET"]}}],"collection":[{"href":"https:\/\/www.montalegre.org\/es\/wp-json\/wp\/v2\/posts"}],"about":[{"href":"https:\/\/www.montalegre.org\/es\/wp-json\/wp\/v2\/types\/post"}],"author":[{"embeddable":true,"href":"https:\/\/www.montalegre.org\/es\/wp-json\/wp\/v2\/users\/4"}],"replies":[{"embeddable":true,"href":"https:\/\/www.montalegre.org\/es\/wp-json\/wp\/v2\/comments?post=17630"}],"version-history":[{"count":1,"href":"https:\/\/www.montalegre.org\/es\/wp-json\/wp\/v2\/posts\/17630\/revisions"}],"predecessor-version":[{"id":17631,"href":"https:\/\/www.montalegre.org\/es\/wp-json\/wp\/v2\/posts\/17630\/revisions\/17631"}],"wp:attachment":[{"href":"https:\/\/www.montalegre.org\/es\/wp-json\/wp\/v2\/media?parent=17630"}],"wp:term":[{"taxonomy":"category","embeddable":true,"href":"https:\/\/www.montalegre.org\/es\/wp-json\/wp\/v2\/categories?post=17630"},{"taxonomy":"post_tag","embeddable":true,"href":"https:\/\/www.montalegre.org\/es\/wp-json\/wp\/v2\/tags?post=17630"}],"curies":[{"name":"wp","href":"https:\/\/api.w.org\/{rel}","templated":true}]}}