{"id":17568,"date":"2023-10-13T16:30:47","date_gmt":"2023-10-13T16:30:47","guid":{"rendered":"https:\/\/www.montalegre.org\/?p=17568"},"modified":"2023-10-13T16:30:47","modified_gmt":"2023-10-13T16:30:47","slug":"misterio-de-luz-y-de-caridad","status":"publish","type":"post","link":"https:\/\/www.montalegre.org\/es\/2023\/10\/misterio-de-luz-y-de-caridad\/","title":{"rendered":"Misterio de luz y de caridad"},"content":{"rendered":"<p>El mes de octubre, como muy bien sabemos todos, es el mes del Rosario, esta oraci\u00f3n tan bonita y tan recomendada no s\u00f3lo por muchos Papas sino sobre todo por la Virgen Sant\u00edsima. Es una oraci\u00f3n muy agradable a la Virgen Mar\u00eda a quien acudimos con piedad y confianza filial. Adem\u00e1s, como nos record\u00f3 el Papa San Juan Pablo II, es una oraci\u00f3n Cristoc\u00e9ntrica, es decir, que nos introduce en los misterios del Hijo de Dios hecho hombre, ayud\u00e1ndonos a revivirlos y a contemplarlos, lo cual facilita nuestro deseo y esfuerzo en imitarle e identificarnos con \u00c9l.<\/p>\n<p>El quinto misterio de Luz nos invita a considerar el momento de la instituci\u00f3n de la Eucarist\u00eda, del que ya se habl\u00f3 en la editorial del mes pasado. Ahora quer\u00eda reflexionar brevemente en la Eucarist\u00eda como misterio de luz y sacramento de caridad.<\/p>\n<p>Efectivamente, la Eucarist\u00eda nos introduce en el misterio de Dios encarnado y que se entrega por nosotros. Al dejarnos este sacramento. Cristo se ha quedado \u00c9l mismo con nosotros, iluminando toda nuestra vida terrenal y mostr\u00e1ndonos con claridad el camino hacia la vida eterna, \u00c9l mismo con su Pasi\u00f3n, muerte y resurrecci\u00f3n. Cuando participamos con fe, piedad y devoci\u00f3n en la Santa Misa descubrimos el valor inmenso que es tenerlo con nosotros. Se ilumina nuestro entendimiento y entendemos que la Eucarist\u00eda, que \u00c9l, es el verdadero camino del hombre en la tierra, por eso el cristiano vive de la Eucarist\u00eda.<\/p>\n<p>Es f\u00e1cil darnos cuenta, entonces, que estamos ante el misterio del Amor de Dios por nosotros, ante el gran sacramento de la Caridad. Todo un Dios que viene a nuestro encuentro, que derrocha su gracia sobre nosotros y su Iglesia, que nos rescata y nos eleva a la vida sobrenatural. Dej\u00e9monos empapar del Amor de Dios viviendo la Santa Misa con gran amor, respeto y fervor y as\u00ed poder llevar ese amor a los dem\u00e1s. Si rezamos bien el rosario nos ser\u00e1 m\u00e1s f\u00e1cil entrar en este misterio de luz y amor.<\/p>\n<p>Mn. Xavier Argelich Casals<\/p>\n","protected":false},"excerpt":{"rendered":"<p>El mes de octubre, como muy bien sabemos todos, es el mes del Rosario, esta oraci\u00f3n tan bonita y tan recomendada no s\u00f3lo por muchos Papas sino sobre todo por la Virgen Sant\u00edsima. Es una oraci\u00f3n muy agradable a la Virgen Mar\u00eda a quien acudimos con piedad y confianza filial. Adem\u00e1s, como nos record\u00f3 el [&hellip;]<\/p>\n","protected":false},"author":4,"featured_media":0,"comment_status":"open","ping_status":"open","sticky":false,"template":"","format":"standard","meta":{"footnotes":""},"categories":[52],"tags":[],"class_list":["post-17568","post","type-post","status-publish","format-standard","hentry","category-editorial"],"yoast_head":"<!-- This site is optimized with the Yoast SEO plugin v27.1.1 - https:\/\/yoast.com\/product\/yoast-seo-wordpress\/ -->\n<title>Misterio de luz y de caridad - Montalegre<\/title>\n<meta name=\"robots\" content=\"index, follow, max-snippet:-1, max-image-preview:large, max-video-preview:-1\" \/>\n<link rel=\"canonical\" href=\"https:\/\/www.montalegre.org\/es\/2023\/10\/misterio-de-luz-y-de-caridad\/\" \/>\n<meta property=\"og:locale\" content=\"es_ES\" \/>\n<meta property=\"og:type\" content=\"article\" \/>\n<meta property=\"og:title\" content=\"Misterio de luz y de caridad - Montalegre\" \/>\n<meta property=\"og:description\" content=\"El mes de octubre, como muy bien sabemos todos, es el mes del Rosario, esta oraci\u00f3n tan bonita y tan recomendada no s\u00f3lo por muchos Papas sino sobre todo por la Virgen Sant\u00edsima. Es una oraci\u00f3n muy agradable a la Virgen Mar\u00eda a quien acudimos con piedad y confianza filial. Adem\u00e1s, como nos record\u00f3 el [&hellip;]\" \/>\n<meta property=\"og:url\" content=\"https:\/\/www.montalegre.org\/es\/2023\/10\/misterio-de-luz-y-de-caridad\/\" \/>\n<meta property=\"og:site_name\" content=\"Montalegre\" \/>\n<meta property=\"article:published_time\" content=\"2023-10-13T16:30:47+00:00\" \/>\n<meta name=\"author\" content=\"montalegre\" \/>\n<meta name=\"twitter:card\" content=\"summary_large_image\" \/>\n<meta name=\"twitter:label1\" content=\"Escrito por\" \/>\n\t<meta name=\"twitter:data1\" content=\"montalegre\" \/>\n\t<meta name=\"twitter:label2\" content=\"Tiempo de lectura\" \/>\n\t<meta name=\"twitter:data2\" content=\"2 minutos\" \/>\n<script type=\"application\/ld+json\" class=\"yoast-schema-graph\">{\"@context\":\"https:\/\/schema.org\",\"@graph\":[{\"@type\":\"Article\",\"@id\":\"https:\/\/www.montalegre.org\/es\/2023\/10\/misterio-de-luz-y-de-caridad\/#article\",\"isPartOf\":{\"@id\":\"https:\/\/www.montalegre.org\/es\/2023\/10\/misterio-de-luz-y-de-caridad\/\"},\"author\":{\"name\":\"montalegre\",\"@id\":\"https:\/\/www.montalegre.org\/es\/#\/schema\/person\/fa12d4cf3a3f1735a9176b4fafd6a633\"},\"headline\":\"Misterio de luz y de caridad\",\"datePublished\":\"2023-10-13T16:30:47+00:00\",\"mainEntityOfPage\":{\"@id\":\"https:\/\/www.montalegre.org\/es\/2023\/10\/misterio-de-luz-y-de-caridad\/\"},\"wordCount\":367,\"commentCount\":0,\"articleSection\":[\"Editorial\"],\"inLanguage\":\"es\",\"potentialAction\":[{\"@type\":\"CommentAction\",\"name\":\"Comment\",\"target\":[\"https:\/\/www.montalegre.org\/es\/2023\/10\/misterio-de-luz-y-de-caridad\/#respond\"]}]},{\"@type\":\"WebPage\",\"@id\":\"https:\/\/www.montalegre.org\/es\/2023\/10\/misterio-de-luz-y-de-caridad\/\",\"url\":\"https:\/\/www.montalegre.org\/es\/2023\/10\/misterio-de-luz-y-de-caridad\/\",\"name\":\"Misterio de luz y de caridad - Montalegre\",\"isPartOf\":{\"@id\":\"https:\/\/www.montalegre.org\/es\/#website\"},\"datePublished\":\"2023-10-13T16:30:47+00:00\",\"author\":{\"@id\":\"https:\/\/www.montalegre.org\/es\/#\/schema\/person\/fa12d4cf3a3f1735a9176b4fafd6a633\"},\"breadcrumb\":{\"@id\":\"https:\/\/www.montalegre.org\/es\/2023\/10\/misterio-de-luz-y-de-caridad\/#breadcrumb\"},\"inLanguage\":\"es\",\"potentialAction\":[{\"@type\":\"ReadAction\",\"target\":[\"https:\/\/www.montalegre.org\/es\/2023\/10\/misterio-de-luz-y-de-caridad\/\"]}]},{\"@type\":\"BreadcrumbList\",\"@id\":\"https:\/\/www.montalegre.org\/es\/2023\/10\/misterio-de-luz-y-de-caridad\/#breadcrumb\",\"itemListElement\":[{\"@type\":\"ListItem\",\"position\":1,\"name\":\"Portada\",\"item\":\"https:\/\/www.montalegre.org\/es\/\"},{\"@type\":\"ListItem\",\"position\":2,\"name\":\"Misterio de luz y de caridad\"}]},{\"@type\":\"WebSite\",\"@id\":\"https:\/\/www.montalegre.org\/es\/#website\",\"url\":\"https:\/\/www.montalegre.org\/es\/\",\"name\":\"Montalegre\",\"description\":\"\",\"potentialAction\":[{\"@type\":\"SearchAction\",\"target\":{\"@type\":\"EntryPoint\",\"urlTemplate\":\"https:\/\/www.montalegre.org\/es\/?s={search_term_string}\"},\"query-input\":{\"@type\":\"PropertyValueSpecification\",\"valueRequired\":true,\"valueName\":\"search_term_string\"}}],\"inLanguage\":\"es\"},{\"@type\":\"Person\",\"@id\":\"https:\/\/www.montalegre.org\/es\/#\/schema\/person\/fa12d4cf3a3f1735a9176b4fafd6a633\",\"name\":\"montalegre\",\"image\":{\"@type\":\"ImageObject\",\"inLanguage\":\"es\",\"@id\":\"https:\/\/www.montalegre.org\/es\/#\/schema\/person\/image\/\",\"url\":\"https:\/\/secure.gravatar.com\/avatar\/fe6d886cf5081e723c666dceda1f12d4f39070fa2ed4e79695edc3ca355c9b5a?s=96&d=mm&r=g\",\"contentUrl\":\"https:\/\/secure.gravatar.com\/avatar\/fe6d886cf5081e723c666dceda1f12d4f39070fa2ed4e79695edc3ca355c9b5a?s=96&d=mm&r=g\",\"caption\":\"montalegre\"},\"url\":\"https:\/\/www.montalegre.org\/es\/author\/montalegre\/\"}]}<\/script>\n<!-- \/ Yoast SEO plugin. -->","yoast_head_json":{"title":"Misterio de luz y de caridad - Montalegre","robots":{"index":"index","follow":"follow","max-snippet":"max-snippet:-1","max-image-preview":"max-image-preview:large","max-video-preview":"max-video-preview:-1"},"canonical":"https:\/\/www.montalegre.org\/es\/2023\/10\/misterio-de-luz-y-de-caridad\/","og_locale":"es_ES","og_type":"article","og_title":"Misterio de luz y de caridad - Montalegre","og_description":"El mes de octubre, como muy bien sabemos todos, es el mes del Rosario, esta oraci\u00f3n tan bonita y tan recomendada no s\u00f3lo por muchos Papas sino sobre todo por la Virgen Sant\u00edsima. Es una oraci\u00f3n muy agradable a la Virgen Mar\u00eda a quien acudimos con piedad y confianza filial. Adem\u00e1s, como nos record\u00f3 el [&hellip;]","og_url":"https:\/\/www.montalegre.org\/es\/2023\/10\/misterio-de-luz-y-de-caridad\/","og_site_name":"Montalegre","article_published_time":"2023-10-13T16:30:47+00:00","author":"montalegre","twitter_card":"summary_large_image","twitter_misc":{"Escrito por":"montalegre","Tiempo de lectura":"2 minutos"},"schema":{"@context":"https:\/\/schema.org","@graph":[{"@type":"Article","@id":"https:\/\/www.montalegre.org\/es\/2023\/10\/misterio-de-luz-y-de-caridad\/#article","isPartOf":{"@id":"https:\/\/www.montalegre.org\/es\/2023\/10\/misterio-de-luz-y-de-caridad\/"},"author":{"name":"montalegre","@id":"https:\/\/www.montalegre.org\/es\/#\/schema\/person\/fa12d4cf3a3f1735a9176b4fafd6a633"},"headline":"Misterio de luz y de caridad","datePublished":"2023-10-13T16:30:47+00:00","mainEntityOfPage":{"@id":"https:\/\/www.montalegre.org\/es\/2023\/10\/misterio-de-luz-y-de-caridad\/"},"wordCount":367,"commentCount":0,"articleSection":["Editorial"],"inLanguage":"es","potentialAction":[{"@type":"CommentAction","name":"Comment","target":["https:\/\/www.montalegre.org\/es\/2023\/10\/misterio-de-luz-y-de-caridad\/#respond"]}]},{"@type":"WebPage","@id":"https:\/\/www.montalegre.org\/es\/2023\/10\/misterio-de-luz-y-de-caridad\/","url":"https:\/\/www.montalegre.org\/es\/2023\/10\/misterio-de-luz-y-de-caridad\/","name":"Misterio de luz y de caridad - Montalegre","isPartOf":{"@id":"https:\/\/www.montalegre.org\/es\/#website"},"datePublished":"2023-10-13T16:30:47+00:00","author":{"@id":"https:\/\/www.montalegre.org\/es\/#\/schema\/person\/fa12d4cf3a3f1735a9176b4fafd6a633"},"breadcrumb":{"@id":"https:\/\/www.montalegre.org\/es\/2023\/10\/misterio-de-luz-y-de-caridad\/#breadcrumb"},"inLanguage":"es","potentialAction":[{"@type":"ReadAction","target":["https:\/\/www.montalegre.org\/es\/2023\/10\/misterio-de-luz-y-de-caridad\/"]}]},{"@type":"BreadcrumbList","@id":"https:\/\/www.montalegre.org\/es\/2023\/10\/misterio-de-luz-y-de-caridad\/#breadcrumb","itemListElement":[{"@type":"ListItem","position":1,"name":"Portada","item":"https:\/\/www.montalegre.org\/es\/"},{"@type":"ListItem","position":2,"name":"Misterio de luz y de caridad"}]},{"@type":"WebSite","@id":"https:\/\/www.montalegre.org\/es\/#website","url":"https:\/\/www.montalegre.org\/es\/","name":"Montalegre","description":"","potentialAction":[{"@type":"SearchAction","target":{"@type":"EntryPoint","urlTemplate":"https:\/\/www.montalegre.org\/es\/?s={search_term_string}"},"query-input":{"@type":"PropertyValueSpecification","valueRequired":true,"valueName":"search_term_string"}}],"inLanguage":"es"},{"@type":"Person","@id":"https:\/\/www.montalegre.org\/es\/#\/schema\/person\/fa12d4cf3a3f1735a9176b4fafd6a633","name":"montalegre","image":{"@type":"ImageObject","inLanguage":"es","@id":"https:\/\/www.montalegre.org\/es\/#\/schema\/person\/image\/","url":"https:\/\/secure.gravatar.com\/avatar\/fe6d886cf5081e723c666dceda1f12d4f39070fa2ed4e79695edc3ca355c9b5a?s=96&d=mm&r=g","contentUrl":"https:\/\/secure.gravatar.com\/avatar\/fe6d886cf5081e723c666dceda1f12d4f39070fa2ed4e79695edc3ca355c9b5a?s=96&d=mm&r=g","caption":"montalegre"},"url":"https:\/\/www.montalegre.org\/es\/author\/montalegre\/"}]}},"_links":{"self":[{"href":"https:\/\/www.montalegre.org\/es\/wp-json\/wp\/v2\/posts\/17568","targetHints":{"allow":["GET"]}}],"collection":[{"href":"https:\/\/www.montalegre.org\/es\/wp-json\/wp\/v2\/posts"}],"about":[{"href":"https:\/\/www.montalegre.org\/es\/wp-json\/wp\/v2\/types\/post"}],"author":[{"embeddable":true,"href":"https:\/\/www.montalegre.org\/es\/wp-json\/wp\/v2\/users\/4"}],"replies":[{"embeddable":true,"href":"https:\/\/www.montalegre.org\/es\/wp-json\/wp\/v2\/comments?post=17568"}],"version-history":[{"count":1,"href":"https:\/\/www.montalegre.org\/es\/wp-json\/wp\/v2\/posts\/17568\/revisions"}],"predecessor-version":[{"id":17569,"href":"https:\/\/www.montalegre.org\/es\/wp-json\/wp\/v2\/posts\/17568\/revisions\/17569"}],"wp:attachment":[{"href":"https:\/\/www.montalegre.org\/es\/wp-json\/wp\/v2\/media?parent=17568"}],"wp:term":[{"taxonomy":"category","embeddable":true,"href":"https:\/\/www.montalegre.org\/es\/wp-json\/wp\/v2\/categories?post=17568"},{"taxonomy":"post_tag","embeddable":true,"href":"https:\/\/www.montalegre.org\/es\/wp-json\/wp\/v2\/tags?post=17568"}],"curies":[{"name":"wp","href":"https:\/\/api.w.org\/{rel}","templated":true}]}}