{"id":17147,"date":"2023-04-12T18:26:42","date_gmt":"2023-04-12T18:26:42","guid":{"rendered":"https:\/\/www.montalegre.org\/?p=17147"},"modified":"2023-04-12T18:34:11","modified_gmt":"2023-04-12T18:34:11","slug":"hoy-acompanamos-a-cristo-con-ese-peso-de-la-cruz-y-dejaremos-que-nos-salve-y-nos-ame","status":"publish","type":"post","link":"https:\/\/www.montalegre.org\/es\/2023\/04\/hoy-acompanamos-a-cristo-con-ese-peso-de-la-cruz-y-dejaremos-que-nos-salve-y-nos-ame\/","title":{"rendered":"Hoy acompa\u00f1amos a Cristo con ese peso de la cruz y dejaremos que nos salve y nos ame"},"content":{"rendered":"<p>A la hora nona muere Jes\u00fas en la cruz asfixiado y de fiebre tet\u00e1nica por la paralizaci\u00f3n de los m\u00fasculos respiratorios que finalmente causaron la parada card\u00edaca. De este modo tan cruel, despu\u00e9s de m\u00e1s de veinticuatro horas de torturas y tormentos, humillaciones y escupitajos, Jes\u00fas expira. Pero si alguien pensase que es un fracaso, en abundancia de bien al tercer d\u00eda resucit\u00f3 y esa Resurrecci\u00f3n se convierte en el fundamento de nuestra fe. No es balad\u00ed esta celebraci\u00f3n. Al contrario, nos une a todos los cristianos al \u00e1rbol de la cruz.<\/p>\n<p>El Viernes Santo lo celebramos en Montalegre el 7 de abril de 2023 a las 5 de la tarde. \u00a0Minutos antes del inicio de la Celebraci\u00f3n de la Pasi\u00f3n del Se\u00f1or, el sacerdote maestro de la ceremonia se dirigi\u00f3 a los fieles para explicar en qu\u00e9 iba a consistir el oficio del Viernes Santo, pues no se trataba de la santa misa que conocemos. Se trataba de una celebraci\u00f3n lit\u00fargica que siguiendo los c\u00e1nones de la Iglesia tiene tres partes. No hay ofertorio ni consagraci\u00f3n ni cantos de gloria ni aleluyas. La cruz del baldaquino del presbiterio de la Iglesia de Santa Mar\u00eda de Montalegre estaba cubierto con pieza de ropa morada.<\/p>\n<p><a href=\"https:\/\/www.montalegre.org\/wp-content\/uploads\/2023\/04\/IMG_6328-scaled.jpg\"><img loading=\"lazy\" decoding=\"async\" class=\"alignleft size-medium wp-image-17141\" src=\"https:\/\/www.montalegre.org\/wp-content\/uploads\/2023\/04\/IMG_6328-480x360.jpg\" alt=\"\" width=\"480\" height=\"360\" srcset=\"https:\/\/www.montalegre.org\/wp-content\/uploads\/2023\/04\/IMG_6328-480x360.jpg 480w, https:\/\/www.montalegre.org\/wp-content\/uploads\/2023\/04\/IMG_6328-1024x768.jpg 1024w, https:\/\/www.montalegre.org\/wp-content\/uploads\/2023\/04\/IMG_6328-1536x1152.jpg 1536w, https:\/\/www.montalegre.org\/wp-content\/uploads\/2023\/04\/IMG_6328-2048x1536.jpg 2048w\" sizes=\"auto, (max-width: 480px) 100vw, 480px\" \/><\/a><\/p>\n<p><strong>Primera parte, la Palabra<\/strong><\/p>\n<p>Al inicio de la celebraci\u00f3n, los tres sacerdotes celebrantes se postraron en el suelo e hicieron oraci\u00f3n en silencio. Los fieles en pie tambi\u00e9n rezamos. El altar estaba desnudo, los candelabros sin velas, ni m\u00fasica ni cantos.<\/p>\n<p>Siguieron las lecturas de oraciones, un fragmento del Libro de Isa\u00edas, el Salmo 30 y un fragmento de la carta a los Hebreos de san Pablo. Despu\u00e9s de expresar la <em>Gloria y la Alabanza a ti Cristo<\/em>, los tres sacerdotes leyeron el Evangelio de la Pasi\u00f3n de nuestro Se\u00f1or Jesucristo seg\u00fan san Juan.<\/p>\n<p><strong>La homil\u00eda del rector<\/strong><\/p>\n<p><em>Cristo cumple la voluntad del Padre para darnos esa vida sobrenatural que es el camino que nos da a conocer a Dios. Hemos escuchado con fervor y silencio las lecturas en un d\u00eda de dolor, pena y ayuno en el que Cristo se encamina hacia la cruz porque Cristo quiere que alcancemos la vida eterna. Hoy queremos adorar la cruz, abraz\u00e1ndola con nuestro coraz\u00f3n. Y la cruz pesa porque suma todos los pecados de la humanidad, los nuestros tambi\u00e9n y por ello necesita al Cireneo. Hoy acompa\u00f1amos a Cristo con ese peso de la cruz y dejaremos que nos salve y nos ame. Procuremos mirarnos a nosotros mismos en la cruz y pregunt\u00e9monos \u00bfMi vida es una entrega total al pr\u00f3jimo? \u00bfDeseo identificarme con Cristo? Hemos de vivir en servicio a los dem\u00e1s, muriendo a nosotros mismos, aceptando y amando la cruz. Dolor y sufrimiento es signo de Esperanza, mirar al crucificado es mirar nuestra Esperanza.<\/em><\/p>\n<p>A continuaci\u00f3n, sigui\u00f3 el episodio de la <em>Oraci\u00f3n Universal<\/em> que contiene diez plegarias extensas con su petici\u00f3n especial a <em>Dios todopoderoso y eterno<\/em>.<\/p>\n<p>Todo ello lo podemos leer en los libritos de apoyo de la Semana Santa o en alguno de nuestros dispositivos electr\u00f3nicos, pues son textos universales por lo que cada a\u00f1o es igual en todo el mundo cat\u00f3lico.<a href=\"https:\/\/www.montalegre.org\/wp-content\/uploads\/2023\/04\/IMG_6332-scaled.jpg\"><img loading=\"lazy\" decoding=\"async\" class=\"alignright size-medium wp-image-17143\" src=\"https:\/\/www.montalegre.org\/wp-content\/uploads\/2023\/04\/IMG_6332-480x360.jpg\" alt=\"\" width=\"480\" height=\"360\" srcset=\"https:\/\/www.montalegre.org\/wp-content\/uploads\/2023\/04\/IMG_6332-480x360.jpg 480w, https:\/\/www.montalegre.org\/wp-content\/uploads\/2023\/04\/IMG_6332-1024x768.jpg 1024w, https:\/\/www.montalegre.org\/wp-content\/uploads\/2023\/04\/IMG_6332-1536x1152.jpg 1536w, https:\/\/www.montalegre.org\/wp-content\/uploads\/2023\/04\/IMG_6332-2048x1536.jpg 2048w\" sizes=\"auto, (max-width: 480px) 100vw, 480px\" \/><\/a><\/p>\n<p><strong>\u00a0<\/strong><\/p>\n<p><strong>Segunda parte, la Adoraci\u00f3n a la Cruz<\/strong><\/p>\n<p>El sacerdote presenta la cruz a la asamblea de fieles tres veces diciendo <em>Mirad el \u00e1rbol de la cruz<\/em>. La cruz sale en procesi\u00f3n por todo el templo cuyos fieles la miran y la adoran. En ese momento se elevan los cantos de adoraci\u00f3n que nos invitan a mirar el \u00e1rbol de la cruz y todos respondemos <em>Venid a adorarlo<\/em>. Al pie del presbiterio se sit\u00faa el sacerdote que lleva la Cruz, y uno a uno todos los asistentes pasamos a reverenciar, tocar o besar la cruz. En el recorrido de vuelta a nuestro asiento, pudimos depositar una limosna que se recoge para los Franciscanos Custodios de los lugares santos en Tierra Santa (Israel). As\u00ed se hace en todos los templos cat\u00f3licos en esa celebraci\u00f3n.<\/p>\n<p>&nbsp;<\/p>\n<p><strong><a href=\"https:\/\/www.montalegre.org\/wp-content\/uploads\/2023\/04\/IMG_6357-scaled.jpg\"><img loading=\"lazy\" decoding=\"async\" class=\"alignleft size-medium wp-image-17145\" src=\"https:\/\/www.montalegre.org\/wp-content\/uploads\/2023\/04\/IMG_6357-480x360.jpg\" alt=\"\" width=\"480\" height=\"360\" srcset=\"https:\/\/www.montalegre.org\/wp-content\/uploads\/2023\/04\/IMG_6357-480x360.jpg 480w, https:\/\/www.montalegre.org\/wp-content\/uploads\/2023\/04\/IMG_6357-1024x768.jpg 1024w, https:\/\/www.montalegre.org\/wp-content\/uploads\/2023\/04\/IMG_6357-1536x1152.jpg 1536w, https:\/\/www.montalegre.org\/wp-content\/uploads\/2023\/04\/IMG_6357-2048x1536.jpg 2048w\" sizes=\"auto, (max-width: 480px) 100vw, 480px\" \/><\/a>Tercera parte, Reserva y Comuni\u00f3n<\/strong><\/p>\n<p>A aquella hora el sagrario de la Capilla del Sant\u00edsimo no estaba vac\u00edo,\u00a0 pero no brillaban las luces de las velas porque Jes\u00fas hab\u00eda muerto. La reserva era del d\u00eda anterior. Los fieles nos acercamos a recibir la comuni\u00f3n cantando <em>Perdona a tu pueblo Se\u00f1or, perdona a tu pueblo, perd\u00f3nale Se\u00f1or.<\/em><\/p>\n<p>Finaliz\u00f3 la celebraci\u00f3n. No se pod\u00eda hacer nada m\u00e1s pues hab\u00edamos de esperar a que se cumpliera la profec\u00eda de que Jes\u00fas resucitase al tercer d\u00eda. Y con esa alegr\u00eda de la Resurrecci\u00f3n de Cristo nos \u00edbamos a congregar de nuevo en Montalegre, en la Vigilia Pascual.<\/p>\n<p>Isabel Hern\u00e1ndez Esteban<\/p>\n","protected":false},"excerpt":{"rendered":"<p>A la hora nona muere Jes\u00fas en la cruz asfixiado y de fiebre tet\u00e1nica por la paralizaci\u00f3n de los m\u00fasculos respiratorios que finalmente causaron la parada card\u00edaca. De este modo tan cruel, despu\u00e9s de m\u00e1s de veinticuatro horas de torturas y tormentos, humillaciones y escupitajos, Jes\u00fas expira. Pero si alguien pensase que es un fracaso, [&hellip;]<\/p>\n","protected":false},"author":4,"featured_media":17139,"comment_status":"open","ping_status":"open","sticky":false,"template":"","format":"standard","meta":{"footnotes":""},"categories":[1],"tags":[],"class_list":["post-17147","post","type-post","status-publish","format-standard","has-post-thumbnail","hentry","category-noticias-de-montalegre"],"yoast_head":"<!-- This site is optimized with the Yoast SEO plugin v27.1.1 - https:\/\/yoast.com\/product\/yoast-seo-wordpress\/ -->\n<title>Hoy acompa\u00f1amos a Cristo con ese peso de la cruz y dejaremos que nos salve y nos ame - Montalegre<\/title>\n<meta name=\"robots\" content=\"index, follow, max-snippet:-1, max-image-preview:large, max-video-preview:-1\" \/>\n<link rel=\"canonical\" href=\"https:\/\/www.montalegre.org\/es\/2023\/04\/hoy-acompanamos-a-cristo-con-ese-peso-de-la-cruz-y-dejaremos-que-nos-salve-y-nos-ame\/\" \/>\n<meta property=\"og:locale\" content=\"es_ES\" \/>\n<meta property=\"og:type\" content=\"article\" \/>\n<meta property=\"og:title\" content=\"Hoy acompa\u00f1amos a Cristo con ese peso de la cruz y dejaremos que nos salve y nos ame - Montalegre\" \/>\n<meta property=\"og:description\" content=\"A la hora nona muere Jes\u00fas en la cruz asfixiado y de fiebre tet\u00e1nica por la paralizaci\u00f3n de los m\u00fasculos respiratorios que finalmente causaron la parada card\u00edaca. De este modo tan cruel, despu\u00e9s de m\u00e1s de veinticuatro horas de torturas y tormentos, humillaciones y escupitajos, Jes\u00fas expira. Pero si alguien pensase que es un fracaso, [&hellip;]\" \/>\n<meta property=\"og:url\" content=\"https:\/\/www.montalegre.org\/es\/2023\/04\/hoy-acompanamos-a-cristo-con-ese-peso-de-la-cruz-y-dejaremos-que-nos-salve-y-nos-ame\/\" \/>\n<meta property=\"og:site_name\" content=\"Montalegre\" \/>\n<meta property=\"article:published_time\" content=\"2023-04-12T18:26:42+00:00\" \/>\n<meta property=\"article:modified_time\" content=\"2023-04-12T18:34:11+00:00\" \/>\n<meta property=\"og:image\" content=\"https:\/\/www.montalegre.org\/wp-content\/uploads\/2023\/04\/IMG_6324-scaled.jpg\" \/>\n\t<meta property=\"og:image:width\" content=\"2560\" \/>\n\t<meta property=\"og:image:height\" content=\"1920\" \/>\n\t<meta property=\"og:image:type\" content=\"image\/jpeg\" \/>\n<meta name=\"author\" content=\"montalegre\" \/>\n<meta name=\"twitter:card\" content=\"summary_large_image\" \/>\n<meta name=\"twitter:label1\" content=\"Escrito por\" \/>\n\t<meta name=\"twitter:data1\" content=\"montalegre\" \/>\n\t<meta name=\"twitter:label2\" content=\"Tiempo de lectura\" \/>\n\t<meta name=\"twitter:data2\" content=\"5 minutos\" \/>\n<script type=\"application\/ld+json\" class=\"yoast-schema-graph\">{\"@context\":\"https:\/\/schema.org\",\"@graph\":[{\"@type\":\"Article\",\"@id\":\"https:\/\/www.montalegre.org\/es\/2023\/04\/hoy-acompanamos-a-cristo-con-ese-peso-de-la-cruz-y-dejaremos-que-nos-salve-y-nos-ame\/#article\",\"isPartOf\":{\"@id\":\"https:\/\/www.montalegre.org\/es\/2023\/04\/hoy-acompanamos-a-cristo-con-ese-peso-de-la-cruz-y-dejaremos-que-nos-salve-y-nos-ame\/\"},\"author\":{\"name\":\"montalegre\",\"@id\":\"https:\/\/www.montalegre.org\/es\/#\/schema\/person\/fa12d4cf3a3f1735a9176b4fafd6a633\"},\"headline\":\"Hoy acompa\u00f1amos a Cristo con ese peso de la cruz y dejaremos que nos salve y nos ame\",\"datePublished\":\"2023-04-12T18:26:42+00:00\",\"dateModified\":\"2023-04-12T18:34:11+00:00\",\"mainEntityOfPage\":{\"@id\":\"https:\/\/www.montalegre.org\/es\/2023\/04\/hoy-acompanamos-a-cristo-con-ese-peso-de-la-cruz-y-dejaremos-que-nos-salve-y-nos-ame\/\"},\"wordCount\":841,\"commentCount\":0,\"image\":{\"@id\":\"https:\/\/www.montalegre.org\/es\/2023\/04\/hoy-acompanamos-a-cristo-con-ese-peso-de-la-cruz-y-dejaremos-que-nos-salve-y-nos-ame\/#primaryimage\"},\"thumbnailUrl\":\"https:\/\/www.montalegre.org\/wp-content\/uploads\/2023\/04\/IMG_6324-scaled.jpg\",\"articleSection\":[\"Noticias de Montalegre\"],\"inLanguage\":\"es\",\"potentialAction\":[{\"@type\":\"CommentAction\",\"name\":\"Comment\",\"target\":[\"https:\/\/www.montalegre.org\/es\/2023\/04\/hoy-acompanamos-a-cristo-con-ese-peso-de-la-cruz-y-dejaremos-que-nos-salve-y-nos-ame\/#respond\"]}]},{\"@type\":\"WebPage\",\"@id\":\"https:\/\/www.montalegre.org\/es\/2023\/04\/hoy-acompanamos-a-cristo-con-ese-peso-de-la-cruz-y-dejaremos-que-nos-salve-y-nos-ame\/\",\"url\":\"https:\/\/www.montalegre.org\/es\/2023\/04\/hoy-acompanamos-a-cristo-con-ese-peso-de-la-cruz-y-dejaremos-que-nos-salve-y-nos-ame\/\",\"name\":\"Hoy acompa\u00f1amos a Cristo con ese peso de la cruz y dejaremos que nos salve y nos ame - Montalegre\",\"isPartOf\":{\"@id\":\"https:\/\/www.montalegre.org\/es\/#website\"},\"primaryImageOfPage\":{\"@id\":\"https:\/\/www.montalegre.org\/es\/2023\/04\/hoy-acompanamos-a-cristo-con-ese-peso-de-la-cruz-y-dejaremos-que-nos-salve-y-nos-ame\/#primaryimage\"},\"image\":{\"@id\":\"https:\/\/www.montalegre.org\/es\/2023\/04\/hoy-acompanamos-a-cristo-con-ese-peso-de-la-cruz-y-dejaremos-que-nos-salve-y-nos-ame\/#primaryimage\"},\"thumbnailUrl\":\"https:\/\/www.montalegre.org\/wp-content\/uploads\/2023\/04\/IMG_6324-scaled.jpg\",\"datePublished\":\"2023-04-12T18:26:42+00:00\",\"dateModified\":\"2023-04-12T18:34:11+00:00\",\"author\":{\"@id\":\"https:\/\/www.montalegre.org\/es\/#\/schema\/person\/fa12d4cf3a3f1735a9176b4fafd6a633\"},\"breadcrumb\":{\"@id\":\"https:\/\/www.montalegre.org\/es\/2023\/04\/hoy-acompanamos-a-cristo-con-ese-peso-de-la-cruz-y-dejaremos-que-nos-salve-y-nos-ame\/#breadcrumb\"},\"inLanguage\":\"es\",\"potentialAction\":[{\"@type\":\"ReadAction\",\"target\":[\"https:\/\/www.montalegre.org\/es\/2023\/04\/hoy-acompanamos-a-cristo-con-ese-peso-de-la-cruz-y-dejaremos-que-nos-salve-y-nos-ame\/\"]}]},{\"@type\":\"ImageObject\",\"inLanguage\":\"es\",\"@id\":\"https:\/\/www.montalegre.org\/es\/2023\/04\/hoy-acompanamos-a-cristo-con-ese-peso-de-la-cruz-y-dejaremos-que-nos-salve-y-nos-ame\/#primaryimage\",\"url\":\"https:\/\/www.montalegre.org\/wp-content\/uploads\/2023\/04\/IMG_6324-scaled.jpg\",\"contentUrl\":\"https:\/\/www.montalegre.org\/wp-content\/uploads\/2023\/04\/IMG_6324-scaled.jpg\",\"width\":2560,\"height\":1920},{\"@type\":\"BreadcrumbList\",\"@id\":\"https:\/\/www.montalegre.org\/es\/2023\/04\/hoy-acompanamos-a-cristo-con-ese-peso-de-la-cruz-y-dejaremos-que-nos-salve-y-nos-ame\/#breadcrumb\",\"itemListElement\":[{\"@type\":\"ListItem\",\"position\":1,\"name\":\"Portada\",\"item\":\"https:\/\/www.montalegre.org\/es\/\"},{\"@type\":\"ListItem\",\"position\":2,\"name\":\"Hoy acompa\u00f1amos a Cristo con ese peso de la cruz y dejaremos que nos salve y nos ame\"}]},{\"@type\":\"WebSite\",\"@id\":\"https:\/\/www.montalegre.org\/es\/#website\",\"url\":\"https:\/\/www.montalegre.org\/es\/\",\"name\":\"Montalegre\",\"description\":\"\",\"potentialAction\":[{\"@type\":\"SearchAction\",\"target\":{\"@type\":\"EntryPoint\",\"urlTemplate\":\"https:\/\/www.montalegre.org\/es\/?s={search_term_string}\"},\"query-input\":{\"@type\":\"PropertyValueSpecification\",\"valueRequired\":true,\"valueName\":\"search_term_string\"}}],\"inLanguage\":\"es\"},{\"@type\":\"Person\",\"@id\":\"https:\/\/www.montalegre.org\/es\/#\/schema\/person\/fa12d4cf3a3f1735a9176b4fafd6a633\",\"name\":\"montalegre\",\"image\":{\"@type\":\"ImageObject\",\"inLanguage\":\"es\",\"@id\":\"https:\/\/www.montalegre.org\/es\/#\/schema\/person\/image\/\",\"url\":\"https:\/\/secure.gravatar.com\/avatar\/fe6d886cf5081e723c666dceda1f12d4f39070fa2ed4e79695edc3ca355c9b5a?s=96&d=mm&r=g\",\"contentUrl\":\"https:\/\/secure.gravatar.com\/avatar\/fe6d886cf5081e723c666dceda1f12d4f39070fa2ed4e79695edc3ca355c9b5a?s=96&d=mm&r=g\",\"caption\":\"montalegre\"},\"url\":\"https:\/\/www.montalegre.org\/es\/author\/montalegre\/\"}]}<\/script>\n<!-- \/ Yoast SEO plugin. -->","yoast_head_json":{"title":"Hoy acompa\u00f1amos a Cristo con ese peso de la cruz y dejaremos que nos salve y nos ame - Montalegre","robots":{"index":"index","follow":"follow","max-snippet":"max-snippet:-1","max-image-preview":"max-image-preview:large","max-video-preview":"max-video-preview:-1"},"canonical":"https:\/\/www.montalegre.org\/es\/2023\/04\/hoy-acompanamos-a-cristo-con-ese-peso-de-la-cruz-y-dejaremos-que-nos-salve-y-nos-ame\/","og_locale":"es_ES","og_type":"article","og_title":"Hoy acompa\u00f1amos a Cristo con ese peso de la cruz y dejaremos que nos salve y nos ame - Montalegre","og_description":"A la hora nona muere Jes\u00fas en la cruz asfixiado y de fiebre tet\u00e1nica por la paralizaci\u00f3n de los m\u00fasculos respiratorios que finalmente causaron la parada card\u00edaca. De este modo tan cruel, despu\u00e9s de m\u00e1s de veinticuatro horas de torturas y tormentos, humillaciones y escupitajos, Jes\u00fas expira. Pero si alguien pensase que es un fracaso, [&hellip;]","og_url":"https:\/\/www.montalegre.org\/es\/2023\/04\/hoy-acompanamos-a-cristo-con-ese-peso-de-la-cruz-y-dejaremos-que-nos-salve-y-nos-ame\/","og_site_name":"Montalegre","article_published_time":"2023-04-12T18:26:42+00:00","article_modified_time":"2023-04-12T18:34:11+00:00","og_image":[{"width":2560,"height":1920,"url":"https:\/\/www.montalegre.org\/wp-content\/uploads\/2023\/04\/IMG_6324-scaled.jpg","type":"image\/jpeg"}],"author":"montalegre","twitter_card":"summary_large_image","twitter_misc":{"Escrito por":"montalegre","Tiempo de lectura":"5 minutos"},"schema":{"@context":"https:\/\/schema.org","@graph":[{"@type":"Article","@id":"https:\/\/www.montalegre.org\/es\/2023\/04\/hoy-acompanamos-a-cristo-con-ese-peso-de-la-cruz-y-dejaremos-que-nos-salve-y-nos-ame\/#article","isPartOf":{"@id":"https:\/\/www.montalegre.org\/es\/2023\/04\/hoy-acompanamos-a-cristo-con-ese-peso-de-la-cruz-y-dejaremos-que-nos-salve-y-nos-ame\/"},"author":{"name":"montalegre","@id":"https:\/\/www.montalegre.org\/es\/#\/schema\/person\/fa12d4cf3a3f1735a9176b4fafd6a633"},"headline":"Hoy acompa\u00f1amos a Cristo con ese peso de la cruz y dejaremos que nos salve y nos ame","datePublished":"2023-04-12T18:26:42+00:00","dateModified":"2023-04-12T18:34:11+00:00","mainEntityOfPage":{"@id":"https:\/\/www.montalegre.org\/es\/2023\/04\/hoy-acompanamos-a-cristo-con-ese-peso-de-la-cruz-y-dejaremos-que-nos-salve-y-nos-ame\/"},"wordCount":841,"commentCount":0,"image":{"@id":"https:\/\/www.montalegre.org\/es\/2023\/04\/hoy-acompanamos-a-cristo-con-ese-peso-de-la-cruz-y-dejaremos-que-nos-salve-y-nos-ame\/#primaryimage"},"thumbnailUrl":"https:\/\/www.montalegre.org\/wp-content\/uploads\/2023\/04\/IMG_6324-scaled.jpg","articleSection":["Noticias de Montalegre"],"inLanguage":"es","potentialAction":[{"@type":"CommentAction","name":"Comment","target":["https:\/\/www.montalegre.org\/es\/2023\/04\/hoy-acompanamos-a-cristo-con-ese-peso-de-la-cruz-y-dejaremos-que-nos-salve-y-nos-ame\/#respond"]}]},{"@type":"WebPage","@id":"https:\/\/www.montalegre.org\/es\/2023\/04\/hoy-acompanamos-a-cristo-con-ese-peso-de-la-cruz-y-dejaremos-que-nos-salve-y-nos-ame\/","url":"https:\/\/www.montalegre.org\/es\/2023\/04\/hoy-acompanamos-a-cristo-con-ese-peso-de-la-cruz-y-dejaremos-que-nos-salve-y-nos-ame\/","name":"Hoy acompa\u00f1amos a Cristo con ese peso de la cruz y dejaremos que nos salve y nos ame - Montalegre","isPartOf":{"@id":"https:\/\/www.montalegre.org\/es\/#website"},"primaryImageOfPage":{"@id":"https:\/\/www.montalegre.org\/es\/2023\/04\/hoy-acompanamos-a-cristo-con-ese-peso-de-la-cruz-y-dejaremos-que-nos-salve-y-nos-ame\/#primaryimage"},"image":{"@id":"https:\/\/www.montalegre.org\/es\/2023\/04\/hoy-acompanamos-a-cristo-con-ese-peso-de-la-cruz-y-dejaremos-que-nos-salve-y-nos-ame\/#primaryimage"},"thumbnailUrl":"https:\/\/www.montalegre.org\/wp-content\/uploads\/2023\/04\/IMG_6324-scaled.jpg","datePublished":"2023-04-12T18:26:42+00:00","dateModified":"2023-04-12T18:34:11+00:00","author":{"@id":"https:\/\/www.montalegre.org\/es\/#\/schema\/person\/fa12d4cf3a3f1735a9176b4fafd6a633"},"breadcrumb":{"@id":"https:\/\/www.montalegre.org\/es\/2023\/04\/hoy-acompanamos-a-cristo-con-ese-peso-de-la-cruz-y-dejaremos-que-nos-salve-y-nos-ame\/#breadcrumb"},"inLanguage":"es","potentialAction":[{"@type":"ReadAction","target":["https:\/\/www.montalegre.org\/es\/2023\/04\/hoy-acompanamos-a-cristo-con-ese-peso-de-la-cruz-y-dejaremos-que-nos-salve-y-nos-ame\/"]}]},{"@type":"ImageObject","inLanguage":"es","@id":"https:\/\/www.montalegre.org\/es\/2023\/04\/hoy-acompanamos-a-cristo-con-ese-peso-de-la-cruz-y-dejaremos-que-nos-salve-y-nos-ame\/#primaryimage","url":"https:\/\/www.montalegre.org\/wp-content\/uploads\/2023\/04\/IMG_6324-scaled.jpg","contentUrl":"https:\/\/www.montalegre.org\/wp-content\/uploads\/2023\/04\/IMG_6324-scaled.jpg","width":2560,"height":1920},{"@type":"BreadcrumbList","@id":"https:\/\/www.montalegre.org\/es\/2023\/04\/hoy-acompanamos-a-cristo-con-ese-peso-de-la-cruz-y-dejaremos-que-nos-salve-y-nos-ame\/#breadcrumb","itemListElement":[{"@type":"ListItem","position":1,"name":"Portada","item":"https:\/\/www.montalegre.org\/es\/"},{"@type":"ListItem","position":2,"name":"Hoy acompa\u00f1amos a Cristo con ese peso de la cruz y dejaremos que nos salve y nos ame"}]},{"@type":"WebSite","@id":"https:\/\/www.montalegre.org\/es\/#website","url":"https:\/\/www.montalegre.org\/es\/","name":"Montalegre","description":"","potentialAction":[{"@type":"SearchAction","target":{"@type":"EntryPoint","urlTemplate":"https:\/\/www.montalegre.org\/es\/?s={search_term_string}"},"query-input":{"@type":"PropertyValueSpecification","valueRequired":true,"valueName":"search_term_string"}}],"inLanguage":"es"},{"@type":"Person","@id":"https:\/\/www.montalegre.org\/es\/#\/schema\/person\/fa12d4cf3a3f1735a9176b4fafd6a633","name":"montalegre","image":{"@type":"ImageObject","inLanguage":"es","@id":"https:\/\/www.montalegre.org\/es\/#\/schema\/person\/image\/","url":"https:\/\/secure.gravatar.com\/avatar\/fe6d886cf5081e723c666dceda1f12d4f39070fa2ed4e79695edc3ca355c9b5a?s=96&d=mm&r=g","contentUrl":"https:\/\/secure.gravatar.com\/avatar\/fe6d886cf5081e723c666dceda1f12d4f39070fa2ed4e79695edc3ca355c9b5a?s=96&d=mm&r=g","caption":"montalegre"},"url":"https:\/\/www.montalegre.org\/es\/author\/montalegre\/"}]}},"_links":{"self":[{"href":"https:\/\/www.montalegre.org\/es\/wp-json\/wp\/v2\/posts\/17147","targetHints":{"allow":["GET"]}}],"collection":[{"href":"https:\/\/www.montalegre.org\/es\/wp-json\/wp\/v2\/posts"}],"about":[{"href":"https:\/\/www.montalegre.org\/es\/wp-json\/wp\/v2\/types\/post"}],"author":[{"embeddable":true,"href":"https:\/\/www.montalegre.org\/es\/wp-json\/wp\/v2\/users\/4"}],"replies":[{"embeddable":true,"href":"https:\/\/www.montalegre.org\/es\/wp-json\/wp\/v2\/comments?post=17147"}],"version-history":[{"count":3,"href":"https:\/\/www.montalegre.org\/es\/wp-json\/wp\/v2\/posts\/17147\/revisions"}],"predecessor-version":[{"id":17150,"href":"https:\/\/www.montalegre.org\/es\/wp-json\/wp\/v2\/posts\/17147\/revisions\/17150"}],"wp:featuredmedia":[{"embeddable":true,"href":"https:\/\/www.montalegre.org\/es\/wp-json\/wp\/v2\/media\/17139"}],"wp:attachment":[{"href":"https:\/\/www.montalegre.org\/es\/wp-json\/wp\/v2\/media?parent=17147"}],"wp:term":[{"taxonomy":"category","embeddable":true,"href":"https:\/\/www.montalegre.org\/es\/wp-json\/wp\/v2\/categories?post=17147"},{"taxonomy":"post_tag","embeddable":true,"href":"https:\/\/www.montalegre.org\/es\/wp-json\/wp\/v2\/tags?post=17147"}],"curies":[{"name":"wp","href":"https:\/\/api.w.org\/{rel}","templated":true}]}}