{"id":1701,"date":"2010-09-18T19:37:13","date_gmt":"2010-09-18T19:37:13","guid":{"rendered":"http:\/\/www.montalegre.org\/?p=1701"},"modified":"2010-09-18T22:11:33","modified_gmt":"2010-09-18T22:11:33","slug":"el-arzobispo-de-oviedo-mons-jesus-sanz-montes-presidio-la-misa-de-la-xxi-jornada-mariana-de-la-familia-del-ano-2010-en-torreciudad","status":"publish","type":"post","link":"https:\/\/www.montalegre.org\/es\/2010\/09\/el-arzobispo-de-oviedo-mons-jesus-sanz-montes-presidio-la-misa-de-la-xxi-jornada-mariana-de-la-familia-del-ano-2010-en-torreciudad\/","title":{"rendered":"El arzobispo de Oviedo Mons. Jes\u00fas Sanz Montes presidi\u00f3 la misa de la XXI Jornada Mariana de la Familia del a\u00f1o 2010 en Torreciudad"},"content":{"rendered":"<p><a rel=\"attachment wp-att-1703\" href=\"http:\/\/www.montalegre.org\/2010\/09\/l%e2%80%99arquebisbe-d%e2%80%99oviedo-mons-jesus-sanz-montes-va-presidir-la-missa-de-la-xxi-jornada-mariana-de-la-familia-de-l%e2%80%99any-2010-a-torreciudad\/sanz-montes-i-herrando\/\"><img loading=\"lazy\" decoding=\"async\" class=\"alignright size-medium wp-image-1703\" title=\"sanz montes i herrando\" src=\"http:\/\/www.montalegre.org\/wp-content\/uploads\/2010\/09\/sanz-montes-i-herrando-300x225.jpg\" alt=\"\" width=\"300\" height=\"225\" \/><\/a>En el Santuario de Torreciudad (en los Pirineos de Huesca) se celebr\u00f3 el 11 de septiembre, como suele ser habitual por estas fechas, la Jornada Mariana. Concentr\u00f3 alrededor de 14000 personas procedentes de \u00a0toda Espa\u00f1a. El horario de los actos se desarroll\u00f3 tal como estaba previsto. A la hora del \u00c1ngelus y durante media hora se hizo la ofrenda de las familias, las cuales expresaron su devoci\u00f3n mariana dando gracias por los favores recibidos o con peticiones muy variadas, por el pr\u00f3ximo viaje del Santo Padre, para tener un buen curso escolar, por intenciones particulares, etc.; las ofrendas de flores, de frutos frescos, secos o un calabac\u00edn de m\u00e1s de dos kilos,\u00a0 tambi\u00e9n fueron acompa\u00f1ados de un jam\u00f3n, o de aceite de C\u00f3rdoba, peanas de madera para im\u00e1genes, un palio, etc. La santa misa fue concelebrada, presidida por el arzobispo de Oviedo Mons. Jes\u00fas Sanz Montes, conjuntamente con el Vicario regional del Opus Dei para\u00a0 Espa\u00f1a, D. Ramon Herrando, y el rector del santuario, D. Javier Mora, entre otros presb\u00edteros. Cant\u00f3 el <em>Coro Polif\u00f3nico de la Parroquia de Sant Josepmaria<\/em> de Valencia.\u00a0<\/p>\n<p><em><strong>Nuestra respuesta ha de ser un S\u00ed a la vida, a toda la vida, en ella se nos susurra Dios<\/strong><\/em><\/p>\n<p>\u00a0En la homil\u00eda Mons. Sanz\u00a0 dijo que la familia cristiana, aunque peque\u00f1a, se enfrenta a un gran desaf\u00edo ante el futuro de la sociedad, y ha de ser audaz ya que en un entorno donde nos presentan un modelo confuso en el que vale todo, donde se banaliza el matrimonio, donde se ridiculiza la familia, donde se legaliza la supresi\u00f3n del no nacido, nos pidi\u00f3 que defendi\u00e9ramos los derechos innegables del don de la vida, del matrimonio y la familia, ocupando los <em>p\u00falpitos<\/em> <em>de la sociedad<\/em> que no han de ser solamente de la Iglesia sino de todos los laicos que la forman. Ante la cultura de la muerte, y del holocausto legal y abierto del aborto y de la eutanasia, <em>Nuestra respuesta ha de ser un S\u00ed a la vida, a toda la vida, en ella se nos susurra Dios.<\/em><\/p>\n<p><em>\u00a0<\/em>Despu\u00e9s del almuerzo bajo los porches, los pinos, les galer\u00edas, o en el peque\u00f1o t\u00fanel bajo el Servicio de Informaci\u00f3n al peregrino, actuaron las familias y a continuaci\u00f3n se hizo el ofrecimiento de los ni\u00f1os a la Virgen. Mientras\u00a0 todo esto pasaba, constantemente los peregrinos entraban y sal\u00edan del santuario donde se intentaba un recogimiento especial para aprovechar y rezar profundamente a la Virgen de Torreciudad; otros sub\u00edan o bajaban de la ermita, y los m\u00e1s atrevidos, sobre todo los chicos, se encaramaban a pleno sol a la Torre\u00f3n. Desde cualquier punto de vista se pod\u00edan admirar unos paisajes casi m\u00e1s propios de la Costa Brava catalana, ya que el embalse de El Grado estaba totalmente lleno.<\/p>\n<p>\u00a0A las cuatro y media de la tarde, la imagen de la Virgen sali\u00f3 del templo,\u00a0 momento en el que se\u00a0 inici\u00f3 el Santo Rosario, dando toda la vuelta al exterior del santuario. Todo ello propici\u00f3 uno de los momentos m\u00e1s emotivos, en el que varios miles de personas, a una, rez\u00e1bamos e implor\u00e1bamos a la Virgen desde el lugar donde estuvi\u00e9semos; a continuaci\u00f3n, el rector\u00a0 dirigi\u00f3 la Exposici\u00f3n Solemne en la explanada. En estos actos tambi\u00e9n participaron, como fieles, Mons. Jes\u00fas Sanz y\u00a0 D. Ram\u00f3n Herrrando.<\/p>\n<p>\u00a0Y as\u00ed se \u00a0lleg\u00f3 al final de la Jornada. En este punto, D. Javier Mora nos tiene habituados a una o a m\u00e1s an\u00e9cdotas, siempre relacionadas con la Jornada Mariana, y no nos fall\u00f3. Si el arzobispo de Oviedo se \u00a0refiri\u00f3 en la homil\u00eda a sus padres y en especial a su madre, agradeci\u00e9ndole por haberle permitido que continuara vivo en sus entra\u00f1as, el rector refiri\u00f3 que un sacerdote le explic\u00f3 que su madre cuando escogi\u00f3 la tela para su vestido de novia, la ropa la pens\u00f3 para que fuera \u00fatil para la casulla de un posible hijo y que adem\u00e1s pudiera ser sacerdote, \u00a0y pasados los a\u00f1os as\u00ed fue, y aquel hijo en\u00a0 su primera misa llevaba una casulla de aquella tela. Todo esto le sirvi\u00f3 para decirnos que donde nacen m\u00e1s vocaciones es en el seno de las familias cristianas.<\/p>\n<p>\u00a0La salida del recinto fue muy fluida. Un conductor de uno de los autocares de los peregrinos nos comentaba que era la primera vez que iba a Torreciudad, y que hab\u00eda quedado impresionado porque <em>\u201cno hab\u00eda un campo de f\u00fatbol lleno de autocares, sino dos!\u201d<\/em>. Al caer la tarde, aquel sol implacable ya nos hab\u00eda aumentado el bronceado del verano, regresando a casa muy contentos, aunque tuvi\u00e9ramos por delante muchos kil\u00f3metros.<\/p>\n<p>\u00a0Isabel Hern\u00e1ndez Esteban<\/p>\n","protected":false},"excerpt":{"rendered":"<p>En el Santuario de Torreciudad (en los Pirineos de Huesca) se celebr\u00f3 el 11 de septiembre, como suele ser habitual por estas fechas, la Jornada Mariana. Concentr\u00f3 alrededor de 14000 personas procedentes de \u00a0toda Espa\u00f1a. El horario de los actos se desarroll\u00f3 tal como estaba previsto. A la hora del \u00c1ngelus y durante media hora [&hellip;]<\/p>\n","protected":false},"author":4,"featured_media":0,"comment_status":"open","ping_status":"open","sticky":false,"template":"","format":"standard","meta":{"footnotes":""},"categories":[1],"tags":[],"class_list":["post-1701","post","type-post","status-publish","format-standard","hentry","category-noticias-de-montalegre"],"yoast_head":"<!-- This site is optimized with the Yoast SEO plugin v27.1.1 - https:\/\/yoast.com\/product\/yoast-seo-wordpress\/ -->\n<title>El arzobispo de Oviedo Mons. Jes\u00fas Sanz Montes presidi\u00f3 la misa de la XXI Jornada Mariana de la Familia del a\u00f1o 2010 en Torreciudad - Montalegre<\/title>\n<meta name=\"robots\" content=\"index, follow, max-snippet:-1, max-image-preview:large, max-video-preview:-1\" \/>\n<link rel=\"canonical\" href=\"https:\/\/www.montalegre.org\/es\/2010\/09\/el-arzobispo-de-oviedo-mons-jesus-sanz-montes-presidio-la-misa-de-la-xxi-jornada-mariana-de-la-familia-del-ano-2010-en-torreciudad\/\" \/>\n<meta property=\"og:locale\" content=\"es_ES\" \/>\n<meta property=\"og:type\" content=\"article\" \/>\n<meta property=\"og:title\" content=\"El arzobispo de Oviedo Mons. Jes\u00fas Sanz Montes presidi\u00f3 la misa de la XXI Jornada Mariana de la Familia del a\u00f1o 2010 en Torreciudad - Montalegre\" \/>\n<meta property=\"og:description\" content=\"En el Santuario de Torreciudad (en los Pirineos de Huesca) se celebr\u00f3 el 11 de septiembre, como suele ser habitual por estas fechas, la Jornada Mariana. Concentr\u00f3 alrededor de 14000 personas procedentes de \u00a0toda Espa\u00f1a. El horario de los actos se desarroll\u00f3 tal como estaba previsto. A la hora del \u00c1ngelus y durante media hora [&hellip;]\" \/>\n<meta property=\"og:url\" content=\"https:\/\/www.montalegre.org\/es\/2010\/09\/el-arzobispo-de-oviedo-mons-jesus-sanz-montes-presidio-la-misa-de-la-xxi-jornada-mariana-de-la-familia-del-ano-2010-en-torreciudad\/\" \/>\n<meta property=\"og:site_name\" content=\"Montalegre\" \/>\n<meta property=\"article:published_time\" content=\"2010-09-18T19:37:13+00:00\" \/>\n<meta property=\"article:modified_time\" content=\"2010-09-18T22:11:33+00:00\" \/>\n<meta property=\"og:image\" content=\"http:\/\/www.montalegre.org\/wp-content\/uploads\/2010\/09\/sanz-montes-i-herrando-300x225.jpg\" \/>\n<meta name=\"author\" content=\"montalegre\" \/>\n<meta name=\"twitter:card\" content=\"summary_large_image\" \/>\n<meta name=\"twitter:label1\" content=\"Escrito por\" \/>\n\t<meta name=\"twitter:data1\" content=\"montalegre\" \/>\n\t<meta name=\"twitter:label2\" content=\"Tiempo de lectura\" \/>\n\t<meta name=\"twitter:data2\" content=\"4 minutos\" \/>\n<script type=\"application\/ld+json\" class=\"yoast-schema-graph\">{\"@context\":\"https:\/\/schema.org\",\"@graph\":[{\"@type\":\"Article\",\"@id\":\"https:\/\/www.montalegre.org\/es\/2010\/09\/el-arzobispo-de-oviedo-mons-jesus-sanz-montes-presidio-la-misa-de-la-xxi-jornada-mariana-de-la-familia-del-ano-2010-en-torreciudad\/#article\",\"isPartOf\":{\"@id\":\"https:\/\/www.montalegre.org\/es\/2010\/09\/el-arzobispo-de-oviedo-mons-jesus-sanz-montes-presidio-la-misa-de-la-xxi-jornada-mariana-de-la-familia-del-ano-2010-en-torreciudad\/\"},\"author\":{\"name\":\"montalegre\",\"@id\":\"https:\/\/www.montalegre.org\/es\/#\/schema\/person\/fa12d4cf3a3f1735a9176b4fafd6a633\"},\"headline\":\"El arzobispo de Oviedo Mons. Jes\u00fas Sanz Montes presidi\u00f3 la misa de la XXI Jornada Mariana de la Familia del a\u00f1o 2010 en Torreciudad\",\"datePublished\":\"2010-09-18T19:37:13+00:00\",\"dateModified\":\"2010-09-18T22:11:33+00:00\",\"mainEntityOfPage\":{\"@id\":\"https:\/\/www.montalegre.org\/es\/2010\/09\/el-arzobispo-de-oviedo-mons-jesus-sanz-montes-presidio-la-misa-de-la-xxi-jornada-mariana-de-la-familia-del-ano-2010-en-torreciudad\/\"},\"wordCount\":843,\"commentCount\":0,\"image\":{\"@id\":\"https:\/\/www.montalegre.org\/es\/2010\/09\/el-arzobispo-de-oviedo-mons-jesus-sanz-montes-presidio-la-misa-de-la-xxi-jornada-mariana-de-la-familia-del-ano-2010-en-torreciudad\/#primaryimage\"},\"thumbnailUrl\":\"http:\/\/www.montalegre.org\/wp-content\/uploads\/2010\/09\/sanz-montes-i-herrando-300x225.jpg\",\"articleSection\":[\"Noticias de Montalegre\"],\"inLanguage\":\"es\",\"potentialAction\":[{\"@type\":\"CommentAction\",\"name\":\"Comment\",\"target\":[\"https:\/\/www.montalegre.org\/es\/2010\/09\/el-arzobispo-de-oviedo-mons-jesus-sanz-montes-presidio-la-misa-de-la-xxi-jornada-mariana-de-la-familia-del-ano-2010-en-torreciudad\/#respond\"]}]},{\"@type\":\"WebPage\",\"@id\":\"https:\/\/www.montalegre.org\/es\/2010\/09\/el-arzobispo-de-oviedo-mons-jesus-sanz-montes-presidio-la-misa-de-la-xxi-jornada-mariana-de-la-familia-del-ano-2010-en-torreciudad\/\",\"url\":\"https:\/\/www.montalegre.org\/es\/2010\/09\/el-arzobispo-de-oviedo-mons-jesus-sanz-montes-presidio-la-misa-de-la-xxi-jornada-mariana-de-la-familia-del-ano-2010-en-torreciudad\/\",\"name\":\"El arzobispo de Oviedo Mons. Jes\u00fas Sanz Montes presidi\u00f3 la misa de la XXI Jornada Mariana de la Familia del a\u00f1o 2010 en Torreciudad - Montalegre\",\"isPartOf\":{\"@id\":\"https:\/\/www.montalegre.org\/es\/#website\"},\"primaryImageOfPage\":{\"@id\":\"https:\/\/www.montalegre.org\/es\/2010\/09\/el-arzobispo-de-oviedo-mons-jesus-sanz-montes-presidio-la-misa-de-la-xxi-jornada-mariana-de-la-familia-del-ano-2010-en-torreciudad\/#primaryimage\"},\"image\":{\"@id\":\"https:\/\/www.montalegre.org\/es\/2010\/09\/el-arzobispo-de-oviedo-mons-jesus-sanz-montes-presidio-la-misa-de-la-xxi-jornada-mariana-de-la-familia-del-ano-2010-en-torreciudad\/#primaryimage\"},\"thumbnailUrl\":\"http:\/\/www.montalegre.org\/wp-content\/uploads\/2010\/09\/sanz-montes-i-herrando-300x225.jpg\",\"datePublished\":\"2010-09-18T19:37:13+00:00\",\"dateModified\":\"2010-09-18T22:11:33+00:00\",\"author\":{\"@id\":\"https:\/\/www.montalegre.org\/es\/#\/schema\/person\/fa12d4cf3a3f1735a9176b4fafd6a633\"},\"breadcrumb\":{\"@id\":\"https:\/\/www.montalegre.org\/es\/2010\/09\/el-arzobispo-de-oviedo-mons-jesus-sanz-montes-presidio-la-misa-de-la-xxi-jornada-mariana-de-la-familia-del-ano-2010-en-torreciudad\/#breadcrumb\"},\"inLanguage\":\"es\",\"potentialAction\":[{\"@type\":\"ReadAction\",\"target\":[\"https:\/\/www.montalegre.org\/es\/2010\/09\/el-arzobispo-de-oviedo-mons-jesus-sanz-montes-presidio-la-misa-de-la-xxi-jornada-mariana-de-la-familia-del-ano-2010-en-torreciudad\/\"]}]},{\"@type\":\"ImageObject\",\"inLanguage\":\"es\",\"@id\":\"https:\/\/www.montalegre.org\/es\/2010\/09\/el-arzobispo-de-oviedo-mons-jesus-sanz-montes-presidio-la-misa-de-la-xxi-jornada-mariana-de-la-familia-del-ano-2010-en-torreciudad\/#primaryimage\",\"url\":\"http:\/\/www.montalegre.org\/wp-content\/uploads\/2010\/09\/sanz-montes-i-herrando-300x225.jpg\",\"contentUrl\":\"http:\/\/www.montalegre.org\/wp-content\/uploads\/2010\/09\/sanz-montes-i-herrando-300x225.jpg\"},{\"@type\":\"BreadcrumbList\",\"@id\":\"https:\/\/www.montalegre.org\/es\/2010\/09\/el-arzobispo-de-oviedo-mons-jesus-sanz-montes-presidio-la-misa-de-la-xxi-jornada-mariana-de-la-familia-del-ano-2010-en-torreciudad\/#breadcrumb\",\"itemListElement\":[{\"@type\":\"ListItem\",\"position\":1,\"name\":\"Portada\",\"item\":\"https:\/\/www.montalegre.org\/es\/\"},{\"@type\":\"ListItem\",\"position\":2,\"name\":\"El arzobispo de Oviedo Mons. Jes\u00fas Sanz Montes presidi\u00f3 la misa de la XXI Jornada Mariana de la Familia del a\u00f1o 2010 en Torreciudad\"}]},{\"@type\":\"WebSite\",\"@id\":\"https:\/\/www.montalegre.org\/es\/#website\",\"url\":\"https:\/\/www.montalegre.org\/es\/\",\"name\":\"Montalegre\",\"description\":\"\",\"potentialAction\":[{\"@type\":\"SearchAction\",\"target\":{\"@type\":\"EntryPoint\",\"urlTemplate\":\"https:\/\/www.montalegre.org\/es\/?s={search_term_string}\"},\"query-input\":{\"@type\":\"PropertyValueSpecification\",\"valueRequired\":true,\"valueName\":\"search_term_string\"}}],\"inLanguage\":\"es\"},{\"@type\":\"Person\",\"@id\":\"https:\/\/www.montalegre.org\/es\/#\/schema\/person\/fa12d4cf3a3f1735a9176b4fafd6a633\",\"name\":\"montalegre\",\"image\":{\"@type\":\"ImageObject\",\"inLanguage\":\"es\",\"@id\":\"https:\/\/www.montalegre.org\/es\/#\/schema\/person\/image\/\",\"url\":\"https:\/\/secure.gravatar.com\/avatar\/fe6d886cf5081e723c666dceda1f12d4f39070fa2ed4e79695edc3ca355c9b5a?s=96&d=mm&r=g\",\"contentUrl\":\"https:\/\/secure.gravatar.com\/avatar\/fe6d886cf5081e723c666dceda1f12d4f39070fa2ed4e79695edc3ca355c9b5a?s=96&d=mm&r=g\",\"caption\":\"montalegre\"},\"url\":\"https:\/\/www.montalegre.org\/es\/author\/montalegre\/\"}]}<\/script>\n<!-- \/ Yoast SEO plugin. -->","yoast_head_json":{"title":"El arzobispo de Oviedo Mons. Jes\u00fas Sanz Montes presidi\u00f3 la misa de la XXI Jornada Mariana de la Familia del a\u00f1o 2010 en Torreciudad - Montalegre","robots":{"index":"index","follow":"follow","max-snippet":"max-snippet:-1","max-image-preview":"max-image-preview:large","max-video-preview":"max-video-preview:-1"},"canonical":"https:\/\/www.montalegre.org\/es\/2010\/09\/el-arzobispo-de-oviedo-mons-jesus-sanz-montes-presidio-la-misa-de-la-xxi-jornada-mariana-de-la-familia-del-ano-2010-en-torreciudad\/","og_locale":"es_ES","og_type":"article","og_title":"El arzobispo de Oviedo Mons. Jes\u00fas Sanz Montes presidi\u00f3 la misa de la XXI Jornada Mariana de la Familia del a\u00f1o 2010 en Torreciudad - Montalegre","og_description":"En el Santuario de Torreciudad (en los Pirineos de Huesca) se celebr\u00f3 el 11 de septiembre, como suele ser habitual por estas fechas, la Jornada Mariana. Concentr\u00f3 alrededor de 14000 personas procedentes de \u00a0toda Espa\u00f1a. El horario de los actos se desarroll\u00f3 tal como estaba previsto. A la hora del \u00c1ngelus y durante media hora [&hellip;]","og_url":"https:\/\/www.montalegre.org\/es\/2010\/09\/el-arzobispo-de-oviedo-mons-jesus-sanz-montes-presidio-la-misa-de-la-xxi-jornada-mariana-de-la-familia-del-ano-2010-en-torreciudad\/","og_site_name":"Montalegre","article_published_time":"2010-09-18T19:37:13+00:00","article_modified_time":"2010-09-18T22:11:33+00:00","og_image":[{"url":"http:\/\/www.montalegre.org\/wp-content\/uploads\/2010\/09\/sanz-montes-i-herrando-300x225.jpg","type":"","width":"","height":""}],"author":"montalegre","twitter_card":"summary_large_image","twitter_misc":{"Escrito por":"montalegre","Tiempo de lectura":"4 minutos"},"schema":{"@context":"https:\/\/schema.org","@graph":[{"@type":"Article","@id":"https:\/\/www.montalegre.org\/es\/2010\/09\/el-arzobispo-de-oviedo-mons-jesus-sanz-montes-presidio-la-misa-de-la-xxi-jornada-mariana-de-la-familia-del-ano-2010-en-torreciudad\/#article","isPartOf":{"@id":"https:\/\/www.montalegre.org\/es\/2010\/09\/el-arzobispo-de-oviedo-mons-jesus-sanz-montes-presidio-la-misa-de-la-xxi-jornada-mariana-de-la-familia-del-ano-2010-en-torreciudad\/"},"author":{"name":"montalegre","@id":"https:\/\/www.montalegre.org\/es\/#\/schema\/person\/fa12d4cf3a3f1735a9176b4fafd6a633"},"headline":"El arzobispo de Oviedo Mons. Jes\u00fas Sanz Montes presidi\u00f3 la misa de la XXI Jornada Mariana de la Familia del a\u00f1o 2010 en Torreciudad","datePublished":"2010-09-18T19:37:13+00:00","dateModified":"2010-09-18T22:11:33+00:00","mainEntityOfPage":{"@id":"https:\/\/www.montalegre.org\/es\/2010\/09\/el-arzobispo-de-oviedo-mons-jesus-sanz-montes-presidio-la-misa-de-la-xxi-jornada-mariana-de-la-familia-del-ano-2010-en-torreciudad\/"},"wordCount":843,"commentCount":0,"image":{"@id":"https:\/\/www.montalegre.org\/es\/2010\/09\/el-arzobispo-de-oviedo-mons-jesus-sanz-montes-presidio-la-misa-de-la-xxi-jornada-mariana-de-la-familia-del-ano-2010-en-torreciudad\/#primaryimage"},"thumbnailUrl":"http:\/\/www.montalegre.org\/wp-content\/uploads\/2010\/09\/sanz-montes-i-herrando-300x225.jpg","articleSection":["Noticias de Montalegre"],"inLanguage":"es","potentialAction":[{"@type":"CommentAction","name":"Comment","target":["https:\/\/www.montalegre.org\/es\/2010\/09\/el-arzobispo-de-oviedo-mons-jesus-sanz-montes-presidio-la-misa-de-la-xxi-jornada-mariana-de-la-familia-del-ano-2010-en-torreciudad\/#respond"]}]},{"@type":"WebPage","@id":"https:\/\/www.montalegre.org\/es\/2010\/09\/el-arzobispo-de-oviedo-mons-jesus-sanz-montes-presidio-la-misa-de-la-xxi-jornada-mariana-de-la-familia-del-ano-2010-en-torreciudad\/","url":"https:\/\/www.montalegre.org\/es\/2010\/09\/el-arzobispo-de-oviedo-mons-jesus-sanz-montes-presidio-la-misa-de-la-xxi-jornada-mariana-de-la-familia-del-ano-2010-en-torreciudad\/","name":"El arzobispo de Oviedo Mons. Jes\u00fas Sanz Montes presidi\u00f3 la misa de la XXI Jornada Mariana de la Familia del a\u00f1o 2010 en Torreciudad - Montalegre","isPartOf":{"@id":"https:\/\/www.montalegre.org\/es\/#website"},"primaryImageOfPage":{"@id":"https:\/\/www.montalegre.org\/es\/2010\/09\/el-arzobispo-de-oviedo-mons-jesus-sanz-montes-presidio-la-misa-de-la-xxi-jornada-mariana-de-la-familia-del-ano-2010-en-torreciudad\/#primaryimage"},"image":{"@id":"https:\/\/www.montalegre.org\/es\/2010\/09\/el-arzobispo-de-oviedo-mons-jesus-sanz-montes-presidio-la-misa-de-la-xxi-jornada-mariana-de-la-familia-del-ano-2010-en-torreciudad\/#primaryimage"},"thumbnailUrl":"http:\/\/www.montalegre.org\/wp-content\/uploads\/2010\/09\/sanz-montes-i-herrando-300x225.jpg","datePublished":"2010-09-18T19:37:13+00:00","dateModified":"2010-09-18T22:11:33+00:00","author":{"@id":"https:\/\/www.montalegre.org\/es\/#\/schema\/person\/fa12d4cf3a3f1735a9176b4fafd6a633"},"breadcrumb":{"@id":"https:\/\/www.montalegre.org\/es\/2010\/09\/el-arzobispo-de-oviedo-mons-jesus-sanz-montes-presidio-la-misa-de-la-xxi-jornada-mariana-de-la-familia-del-ano-2010-en-torreciudad\/#breadcrumb"},"inLanguage":"es","potentialAction":[{"@type":"ReadAction","target":["https:\/\/www.montalegre.org\/es\/2010\/09\/el-arzobispo-de-oviedo-mons-jesus-sanz-montes-presidio-la-misa-de-la-xxi-jornada-mariana-de-la-familia-del-ano-2010-en-torreciudad\/"]}]},{"@type":"ImageObject","inLanguage":"es","@id":"https:\/\/www.montalegre.org\/es\/2010\/09\/el-arzobispo-de-oviedo-mons-jesus-sanz-montes-presidio-la-misa-de-la-xxi-jornada-mariana-de-la-familia-del-ano-2010-en-torreciudad\/#primaryimage","url":"http:\/\/www.montalegre.org\/wp-content\/uploads\/2010\/09\/sanz-montes-i-herrando-300x225.jpg","contentUrl":"http:\/\/www.montalegre.org\/wp-content\/uploads\/2010\/09\/sanz-montes-i-herrando-300x225.jpg"},{"@type":"BreadcrumbList","@id":"https:\/\/www.montalegre.org\/es\/2010\/09\/el-arzobispo-de-oviedo-mons-jesus-sanz-montes-presidio-la-misa-de-la-xxi-jornada-mariana-de-la-familia-del-ano-2010-en-torreciudad\/#breadcrumb","itemListElement":[{"@type":"ListItem","position":1,"name":"Portada","item":"https:\/\/www.montalegre.org\/es\/"},{"@type":"ListItem","position":2,"name":"El arzobispo de Oviedo Mons. Jes\u00fas Sanz Montes presidi\u00f3 la misa de la XXI Jornada Mariana de la Familia del a\u00f1o 2010 en Torreciudad"}]},{"@type":"WebSite","@id":"https:\/\/www.montalegre.org\/es\/#website","url":"https:\/\/www.montalegre.org\/es\/","name":"Montalegre","description":"","potentialAction":[{"@type":"SearchAction","target":{"@type":"EntryPoint","urlTemplate":"https:\/\/www.montalegre.org\/es\/?s={search_term_string}"},"query-input":{"@type":"PropertyValueSpecification","valueRequired":true,"valueName":"search_term_string"}}],"inLanguage":"es"},{"@type":"Person","@id":"https:\/\/www.montalegre.org\/es\/#\/schema\/person\/fa12d4cf3a3f1735a9176b4fafd6a633","name":"montalegre","image":{"@type":"ImageObject","inLanguage":"es","@id":"https:\/\/www.montalegre.org\/es\/#\/schema\/person\/image\/","url":"https:\/\/secure.gravatar.com\/avatar\/fe6d886cf5081e723c666dceda1f12d4f39070fa2ed4e79695edc3ca355c9b5a?s=96&d=mm&r=g","contentUrl":"https:\/\/secure.gravatar.com\/avatar\/fe6d886cf5081e723c666dceda1f12d4f39070fa2ed4e79695edc3ca355c9b5a?s=96&d=mm&r=g","caption":"montalegre"},"url":"https:\/\/www.montalegre.org\/es\/author\/montalegre\/"}]}},"_links":{"self":[{"href":"https:\/\/www.montalegre.org\/es\/wp-json\/wp\/v2\/posts\/1701","targetHints":{"allow":["GET"]}}],"collection":[{"href":"https:\/\/www.montalegre.org\/es\/wp-json\/wp\/v2\/posts"}],"about":[{"href":"https:\/\/www.montalegre.org\/es\/wp-json\/wp\/v2\/types\/post"}],"author":[{"embeddable":true,"href":"https:\/\/www.montalegre.org\/es\/wp-json\/wp\/v2\/users\/4"}],"replies":[{"embeddable":true,"href":"https:\/\/www.montalegre.org\/es\/wp-json\/wp\/v2\/comments?post=1701"}],"version-history":[{"count":3,"href":"https:\/\/www.montalegre.org\/es\/wp-json\/wp\/v2\/posts\/1701\/revisions"}],"predecessor-version":[{"id":1707,"href":"https:\/\/www.montalegre.org\/es\/wp-json\/wp\/v2\/posts\/1701\/revisions\/1707"}],"wp:attachment":[{"href":"https:\/\/www.montalegre.org\/es\/wp-json\/wp\/v2\/media?parent=1701"}],"wp:term":[{"taxonomy":"category","embeddable":true,"href":"https:\/\/www.montalegre.org\/es\/wp-json\/wp\/v2\/categories?post=1701"},{"taxonomy":"post_tag","embeddable":true,"href":"https:\/\/www.montalegre.org\/es\/wp-json\/wp\/v2\/tags?post=1701"}],"curies":[{"name":"wp","href":"https:\/\/api.w.org\/{rel}","templated":true}]}}