{"id":16700,"date":"2022-10-23T16:02:29","date_gmt":"2022-10-23T16:02:29","guid":{"rendered":"https:\/\/www.montalegre.org\/?p=16700"},"modified":"2022-10-29T11:32:54","modified_gmt":"2022-10-29T11:32:54","slug":"demos-gracias-a-dios","status":"publish","type":"post","link":"https:\/\/www.montalegre.org\/es\/2022\/10\/demos-gracias-a-dios\/","title":{"rendered":"Demos gracias a Dios"},"content":{"rendered":"<p><a href=\"https:\/\/www.montalegre.org\/wp-content\/uploads\/2022\/10\/IMG_5996-scaled.jpg\"><img loading=\"lazy\" decoding=\"async\" class=\"alignleft wp-image-16704\" src=\"https:\/\/www.montalegre.org\/wp-content\/uploads\/2022\/10\/IMG_5996-480x360.jpg\" alt=\"\" width=\"354\" height=\"266\" srcset=\"https:\/\/www.montalegre.org\/wp-content\/uploads\/2022\/10\/IMG_5996-480x360.jpg 480w, https:\/\/www.montalegre.org\/wp-content\/uploads\/2022\/10\/IMG_5996-1024x768.jpg 1024w, https:\/\/www.montalegre.org\/wp-content\/uploads\/2022\/10\/IMG_5996-1536x1152.jpg 1536w, https:\/\/www.montalegre.org\/wp-content\/uploads\/2022\/10\/IMG_5996-2048x1536.jpg 2048w\" sizes=\"auto, (max-width: 354px) 100vw, 354px\" \/><\/a>Desde la colocaci\u00f3n del primer andamio en la Iglesia de Santa Mar\u00eda de Montalegre, hace un a\u00f1o y medio aproximadamente, hemos informado de la rehabilitaci\u00f3n de este templo, patrimonio hist\u00f3rico de la Ciudad de Barcelona. Ahora podemos decir que se ha culminado el proyecto, el cual ha sido complejo de desarrollar teniendo en cuenta la antig\u00fcedad de Montalegre, trat\u00e1ndose de un templo protegido por las normativas legales en la materia. No obstante, en alg\u00fan caso algunos elementos estaban inservibles, rotos, como, por ejemplo, el caso de las campanas y el reloj de la espada\u00f1a que se erige de cara al Patio Puig.<\/p>\n<p>As\u00ed que con toda solemnidad y alabando a Dios, se celebr\u00f3 en Montalegre la <strong>Misa de Acci\u00f3n de Gracias<\/strong> por el buen fin de las obras de rehabilitaci\u00f3n, un broche de oro que ya ha pasado a formar parte de la historia del templo y tambi\u00e9n del Opus Dei de Catalu\u00f1a.<\/p>\n<p><strong>La santa misa<\/strong><\/p>\n<p>El d\u00eda 15 de octubre de 2022, a las 12h, la nave central se hab\u00eda llenado de colaboradores, benefactores, fieles habituales y representantes de muchas entidades que han participado todos ellos con sus oraciones y donativos para el buen fin del proyecto.<\/p>\n<p>Presidi\u00f3 la celebraci\u00f3n el vicario del Opus Dei de Catalu\u00f1a, Mn. Ignasi Font, el cual concelebr\u00f3 con: \u00a0Mn. Xavier Argelich, el rector; Mn. Francesc Perarnau, anterior rector; Mn. Rub\u00e9n Mestres; Mn. Jaume Casals, vicario de la Parroquia del Carmen, ubicada tambi\u00e9n en el Raval de Barcelona. En la <em>Entrada <\/em>Mn. Font recalc\u00f3 que la santa misa siempre es una acci\u00f3n de gracias, pero que esta ocasi\u00f3n tan especial el agradecimiento a Dios es doble.<a href=\"https:\/\/www.montalegre.org\/wp-content\/uploads\/2022\/10\/IMG_6066-scaled.jpg\"><img loading=\"lazy\" decoding=\"async\" class=\"alignright size-medium wp-image-16707\" src=\"https:\/\/www.montalegre.org\/wp-content\/uploads\/2022\/10\/IMG_6066-480x360.jpg\" alt=\"\" width=\"480\" height=\"360\" srcset=\"https:\/\/www.montalegre.org\/wp-content\/uploads\/2022\/10\/IMG_6066-480x360.jpg 480w, https:\/\/www.montalegre.org\/wp-content\/uploads\/2022\/10\/IMG_6066-1024x768.jpg 1024w, https:\/\/www.montalegre.org\/wp-content\/uploads\/2022\/10\/IMG_6066-1536x1152.jpg 1536w, https:\/\/www.montalegre.org\/wp-content\/uploads\/2022\/10\/IMG_6066-2048x1536.jpg 2048w\" sizes=\"auto, (max-width: 480px) 100vw, 480px\" \/><\/a><\/p>\n<p>En su homil\u00eda, el vicario del Opus Dei, entre otras cosas, hizo un repaso significativo de la historia de Montalegre que se remonta al a\u00f1o 1362, a\u00f1o en que se estrenaron los primeros edificios, por lo tanto, es un lugar de culto desde hace siglos. En 1967 la di\u00f3cesis de Barcelona don\u00f3 al Opus Dei la Iglesia de Santa Mar\u00eda de Montalegre, siempre que hubiera culto, el cual se inici\u00f3 el 29 de junio de 1967. Ese mismo a\u00f1o se rehabilit\u00f3 la Capilla del Sant\u00edsimo. Record\u00f3 Mn. Font que pr\u00f3ximamente, el 28 de noviembre, se celebrar\u00e1n los 50 a\u00f1os de la visita de San Josemar\u00eda, Fundador del Opus Dei, a este este templo, al que cit\u00f3 con afecto filial, pues dijo de \u00e9l que San Josemar\u00eda est\u00e1 presente siempre donde hay fieles y cooperadores del Opus Dei.<\/p>\n<p>El vicario aprovech\u00f3 la ocasi\u00f3n para agradecer su trabajo a los obreros, a sus familiares, artistas, a los comit\u00e9s de trabajo, y a los que han colaborado con sus donativos, entre otros agradecimientos.<\/p>\n<p><strong>Otros detalles de la ceremonia<\/strong><\/p>\n<p><strong> <a href=\"https:\/\/www.montalegre.org\/wp-content\/uploads\/2022\/10\/IMG_6012-scaled.jpg\"><img loading=\"lazy\" decoding=\"async\" class=\"alignleft wp-image-16709\" src=\"https:\/\/www.montalegre.org\/wp-content\/uploads\/2022\/10\/IMG_6012-480x360.jpg\" alt=\"\" width=\"423\" height=\"317\" srcset=\"https:\/\/www.montalegre.org\/wp-content\/uploads\/2022\/10\/IMG_6012-480x360.jpg 480w, https:\/\/www.montalegre.org\/wp-content\/uploads\/2022\/10\/IMG_6012-1024x768.jpg 1024w, https:\/\/www.montalegre.org\/wp-content\/uploads\/2022\/10\/IMG_6012-1536x1152.jpg 1536w, https:\/\/www.montalegre.org\/wp-content\/uploads\/2022\/10\/IMG_6012-2048x1536.jpg 2048w\" sizes=\"auto, (max-width: 423px) 100vw, 423px\" \/><\/a><\/strong>Antes de acabar la ceremonia, Mn. Argelich tom\u00f3 la palabra para agradecer primero a Dios, a la Virgen, Madre Nuestra y a San Jos\u00e9 que se hubiera llegado a este buen fin; a San Josemar\u00eda y al Siervo de Dios Jos\u00e9 Mar\u00eda Hern\u00e1ndez Garnica, cuyo sepulcro est\u00e1 en la capilla del Sant\u00edsimo de Montalegre. Tambi\u00e9n a San Nicol\u00e1s de Bari, benefactor de la Obra, pues unos feligreses fueron de peregrinaci\u00f3n a Bari (Italia) y en la bas\u00edlica donde reposan sus restos mortales, depositaron en el buz\u00f3n de peticiones del santo el folleto preliminar de las obras de rehabilitaci\u00f3n para que se pudieran obtener las ayudas y donativos necesarios. Tambi\u00e9n agradeci\u00f3 al rector em\u00e9rito, Mn. Francesc Perarnau, el anteproyecto de las obras; a los arquitectos, a varias empresas y entidades p\u00fablicas y privadas, artistas y a personas muy concretas (dando sus nombres) que han trabajado para que el culto no parase ning\u00fan d\u00eda a pesar de los andamios, del ruido, del polvo y los constantes cambios en el trabajo diario. Igualmente, agradeci\u00f3 a todos los fieles habituales que han seguido acudiendo al templo aguantando las molestias. Y a todos los presentes, nos pidi\u00f3 que di\u00e9ramos gracias a Dios por haber podido colaborar en esta magn\u00edfica obra.<a href=\"https:\/\/www.montalegre.org\/wp-content\/uploads\/2022\/10\/IMG_6068-scaled.jpg\"><img loading=\"lazy\" decoding=\"async\" class=\"alignright size-medium wp-image-16711\" src=\"https:\/\/www.montalegre.org\/wp-content\/uploads\/2022\/10\/IMG_6068-360x480.jpg\" alt=\"\" width=\"360\" height=\"480\" srcset=\"https:\/\/www.montalegre.org\/wp-content\/uploads\/2022\/10\/IMG_6068-360x480.jpg 360w, https:\/\/www.montalegre.org\/wp-content\/uploads\/2022\/10\/IMG_6068-768x1024.jpg 768w, https:\/\/www.montalegre.org\/wp-content\/uploads\/2022\/10\/IMG_6068-1152x1536.jpg 1152w, https:\/\/www.montalegre.org\/wp-content\/uploads\/2022\/10\/IMG_6068-1536x2048.jpg 1536w, https:\/\/www.montalegre.org\/wp-content\/uploads\/2022\/10\/IMG_6068-scaled.jpg 1920w\" sizes=\"auto, (max-width: 360px) 100vw, 360px\" \/><\/a><\/p>\n<p>Dirigi\u00f3 los cantos de la misa la soprano Rosa Parellada junto al Coro Bel\u00e9n. Es necesario destacar la belleza musical y literaria de los <em>GOZOS en loor a la Virgen de Santa Mar\u00eda de Montalegre<\/em> que cantaron en la parte final de la ceremonia.<\/p>\n<p>A continuaci\u00f3n, en el Patio Manning se ofreci\u00f3 un refrigerio muy bienvenido. En ese tiempo, pudimos saludar a los representantes de varias entidades Braval, Raval Solidari, UIC (Universidad Internacional de Catalu\u00f1a), entre otras, y al propio vicario tambi\u00e9n. A los padres y familiares del rector de Montalegre y de Mn. Perarnau, y a los sacerdotes de Montalegre, que varios de ellos se mantuvieron en la ceremonia en los confesionarios impartiendo el sacramento de la reconciliaci\u00f3n.<\/p>\n<p>Hay que dar las gracias tambi\u00e9n a todos los voluntarios y personal de Montalegre por organizar, sin faltar detalle, esta celebraci\u00f3n.<\/p>\n<p>Isabel Hern\u00e1ndez Esteban<\/p>\n","protected":false},"excerpt":{"rendered":"<p>Desde la colocaci\u00f3n del primer andamio en la Iglesia de Santa Mar\u00eda de Montalegre, hace un a\u00f1o y medio aproximadamente, hemos informado de la rehabilitaci\u00f3n de este templo, patrimonio hist\u00f3rico de la Ciudad de Barcelona. Ahora podemos decir que se ha culminado el proyecto, el cual ha sido complejo de desarrollar teniendo en cuenta la [&hellip;]<\/p>\n","protected":false},"author":4,"featured_media":16702,"comment_status":"open","ping_status":"open","sticky":false,"template":"","format":"standard","meta":{"footnotes":""},"categories":[1],"tags":[],"class_list":["post-16700","post","type-post","status-publish","format-standard","has-post-thumbnail","hentry","category-noticias-de-montalegre"],"yoast_head":"<!-- This site is optimized with the Yoast SEO plugin v27.1.1 - https:\/\/yoast.com\/product\/yoast-seo-wordpress\/ -->\n<title>Demos gracias a Dios - Montalegre<\/title>\n<meta name=\"robots\" content=\"index, follow, max-snippet:-1, max-image-preview:large, max-video-preview:-1\" \/>\n<link rel=\"canonical\" href=\"https:\/\/www.montalegre.org\/es\/2022\/10\/demos-gracias-a-dios\/\" \/>\n<meta property=\"og:locale\" content=\"es_ES\" \/>\n<meta property=\"og:type\" content=\"article\" \/>\n<meta property=\"og:title\" content=\"Demos gracias a Dios - Montalegre\" \/>\n<meta property=\"og:description\" content=\"Desde la colocaci\u00f3n del primer andamio en la Iglesia de Santa Mar\u00eda de Montalegre, hace un a\u00f1o y medio aproximadamente, hemos informado de la rehabilitaci\u00f3n de este templo, patrimonio hist\u00f3rico de la Ciudad de Barcelona. Ahora podemos decir que se ha culminado el proyecto, el cual ha sido complejo de desarrollar teniendo en cuenta la [&hellip;]\" \/>\n<meta property=\"og:url\" content=\"https:\/\/www.montalegre.org\/es\/2022\/10\/demos-gracias-a-dios\/\" \/>\n<meta property=\"og:site_name\" content=\"Montalegre\" \/>\n<meta property=\"article:published_time\" content=\"2022-10-23T16:02:29+00:00\" \/>\n<meta property=\"article:modified_time\" content=\"2022-10-29T11:32:54+00:00\" \/>\n<meta property=\"og:image\" content=\"https:\/\/www.montalegre.org\/wp-content\/uploads\/2022\/10\/IMG_6056-scaled.jpg\" \/>\n\t<meta property=\"og:image:width\" content=\"2560\" \/>\n\t<meta property=\"og:image:height\" content=\"1920\" \/>\n\t<meta property=\"og:image:type\" content=\"image\/jpeg\" \/>\n<meta name=\"author\" content=\"montalegre\" \/>\n<meta name=\"twitter:card\" content=\"summary_large_image\" \/>\n<meta name=\"twitter:label1\" content=\"Escrito por\" \/>\n\t<meta name=\"twitter:data1\" content=\"montalegre\" \/>\n\t<meta name=\"twitter:label2\" content=\"Tiempo de lectura\" \/>\n\t<meta name=\"twitter:data2\" content=\"5 minutos\" \/>\n<script type=\"application\/ld+json\" class=\"yoast-schema-graph\">{\"@context\":\"https:\/\/schema.org\",\"@graph\":[{\"@type\":\"Article\",\"@id\":\"https:\/\/www.montalegre.org\/es\/2022\/10\/demos-gracias-a-dios\/#article\",\"isPartOf\":{\"@id\":\"https:\/\/www.montalegre.org\/es\/2022\/10\/demos-gracias-a-dios\/\"},\"author\":{\"name\":\"montalegre\",\"@id\":\"https:\/\/www.montalegre.org\/es\/#\/schema\/person\/fa12d4cf3a3f1735a9176b4fafd6a633\"},\"headline\":\"Demos gracias a Dios\",\"datePublished\":\"2022-10-23T16:02:29+00:00\",\"dateModified\":\"2022-10-29T11:32:54+00:00\",\"mainEntityOfPage\":{\"@id\":\"https:\/\/www.montalegre.org\/es\/2022\/10\/demos-gracias-a-dios\/\"},\"wordCount\":852,\"commentCount\":0,\"image\":{\"@id\":\"https:\/\/www.montalegre.org\/es\/2022\/10\/demos-gracias-a-dios\/#primaryimage\"},\"thumbnailUrl\":\"https:\/\/www.montalegre.org\/wp-content\/uploads\/2022\/10\/IMG_6056-scaled.jpg\",\"articleSection\":[\"Noticias de Montalegre\"],\"inLanguage\":\"es\",\"potentialAction\":[{\"@type\":\"CommentAction\",\"name\":\"Comment\",\"target\":[\"https:\/\/www.montalegre.org\/es\/2022\/10\/demos-gracias-a-dios\/#respond\"]}]},{\"@type\":\"WebPage\",\"@id\":\"https:\/\/www.montalegre.org\/es\/2022\/10\/demos-gracias-a-dios\/\",\"url\":\"https:\/\/www.montalegre.org\/es\/2022\/10\/demos-gracias-a-dios\/\",\"name\":\"Demos gracias a Dios - Montalegre\",\"isPartOf\":{\"@id\":\"https:\/\/www.montalegre.org\/es\/#website\"},\"primaryImageOfPage\":{\"@id\":\"https:\/\/www.montalegre.org\/es\/2022\/10\/demos-gracias-a-dios\/#primaryimage\"},\"image\":{\"@id\":\"https:\/\/www.montalegre.org\/es\/2022\/10\/demos-gracias-a-dios\/#primaryimage\"},\"thumbnailUrl\":\"https:\/\/www.montalegre.org\/wp-content\/uploads\/2022\/10\/IMG_6056-scaled.jpg\",\"datePublished\":\"2022-10-23T16:02:29+00:00\",\"dateModified\":\"2022-10-29T11:32:54+00:00\",\"author\":{\"@id\":\"https:\/\/www.montalegre.org\/es\/#\/schema\/person\/fa12d4cf3a3f1735a9176b4fafd6a633\"},\"breadcrumb\":{\"@id\":\"https:\/\/www.montalegre.org\/es\/2022\/10\/demos-gracias-a-dios\/#breadcrumb\"},\"inLanguage\":\"es\",\"potentialAction\":[{\"@type\":\"ReadAction\",\"target\":[\"https:\/\/www.montalegre.org\/es\/2022\/10\/demos-gracias-a-dios\/\"]}]},{\"@type\":\"ImageObject\",\"inLanguage\":\"es\",\"@id\":\"https:\/\/www.montalegre.org\/es\/2022\/10\/demos-gracias-a-dios\/#primaryimage\",\"url\":\"https:\/\/www.montalegre.org\/wp-content\/uploads\/2022\/10\/IMG_6056-scaled.jpg\",\"contentUrl\":\"https:\/\/www.montalegre.org\/wp-content\/uploads\/2022\/10\/IMG_6056-scaled.jpg\",\"width\":2560,\"height\":1920},{\"@type\":\"BreadcrumbList\",\"@id\":\"https:\/\/www.montalegre.org\/es\/2022\/10\/demos-gracias-a-dios\/#breadcrumb\",\"itemListElement\":[{\"@type\":\"ListItem\",\"position\":1,\"name\":\"Portada\",\"item\":\"https:\/\/www.montalegre.org\/es\/\"},{\"@type\":\"ListItem\",\"position\":2,\"name\":\"Demos gracias a Dios\"}]},{\"@type\":\"WebSite\",\"@id\":\"https:\/\/www.montalegre.org\/es\/#website\",\"url\":\"https:\/\/www.montalegre.org\/es\/\",\"name\":\"Montalegre\",\"description\":\"\",\"potentialAction\":[{\"@type\":\"SearchAction\",\"target\":{\"@type\":\"EntryPoint\",\"urlTemplate\":\"https:\/\/www.montalegre.org\/es\/?s={search_term_string}\"},\"query-input\":{\"@type\":\"PropertyValueSpecification\",\"valueRequired\":true,\"valueName\":\"search_term_string\"}}],\"inLanguage\":\"es\"},{\"@type\":\"Person\",\"@id\":\"https:\/\/www.montalegre.org\/es\/#\/schema\/person\/fa12d4cf3a3f1735a9176b4fafd6a633\",\"name\":\"montalegre\",\"image\":{\"@type\":\"ImageObject\",\"inLanguage\":\"es\",\"@id\":\"https:\/\/www.montalegre.org\/es\/#\/schema\/person\/image\/\",\"url\":\"https:\/\/secure.gravatar.com\/avatar\/fe6d886cf5081e723c666dceda1f12d4f39070fa2ed4e79695edc3ca355c9b5a?s=96&d=mm&r=g\",\"contentUrl\":\"https:\/\/secure.gravatar.com\/avatar\/fe6d886cf5081e723c666dceda1f12d4f39070fa2ed4e79695edc3ca355c9b5a?s=96&d=mm&r=g\",\"caption\":\"montalegre\"},\"url\":\"https:\/\/www.montalegre.org\/es\/author\/montalegre\/\"}]}<\/script>\n<!-- \/ Yoast SEO plugin. -->","yoast_head_json":{"title":"Demos gracias a Dios - Montalegre","robots":{"index":"index","follow":"follow","max-snippet":"max-snippet:-1","max-image-preview":"max-image-preview:large","max-video-preview":"max-video-preview:-1"},"canonical":"https:\/\/www.montalegre.org\/es\/2022\/10\/demos-gracias-a-dios\/","og_locale":"es_ES","og_type":"article","og_title":"Demos gracias a Dios - Montalegre","og_description":"Desde la colocaci\u00f3n del primer andamio en la Iglesia de Santa Mar\u00eda de Montalegre, hace un a\u00f1o y medio aproximadamente, hemos informado de la rehabilitaci\u00f3n de este templo, patrimonio hist\u00f3rico de la Ciudad de Barcelona. Ahora podemos decir que se ha culminado el proyecto, el cual ha sido complejo de desarrollar teniendo en cuenta la [&hellip;]","og_url":"https:\/\/www.montalegre.org\/es\/2022\/10\/demos-gracias-a-dios\/","og_site_name":"Montalegre","article_published_time":"2022-10-23T16:02:29+00:00","article_modified_time":"2022-10-29T11:32:54+00:00","og_image":[{"width":2560,"height":1920,"url":"https:\/\/www.montalegre.org\/wp-content\/uploads\/2022\/10\/IMG_6056-scaled.jpg","type":"image\/jpeg"}],"author":"montalegre","twitter_card":"summary_large_image","twitter_misc":{"Escrito por":"montalegre","Tiempo de lectura":"5 minutos"},"schema":{"@context":"https:\/\/schema.org","@graph":[{"@type":"Article","@id":"https:\/\/www.montalegre.org\/es\/2022\/10\/demos-gracias-a-dios\/#article","isPartOf":{"@id":"https:\/\/www.montalegre.org\/es\/2022\/10\/demos-gracias-a-dios\/"},"author":{"name":"montalegre","@id":"https:\/\/www.montalegre.org\/es\/#\/schema\/person\/fa12d4cf3a3f1735a9176b4fafd6a633"},"headline":"Demos gracias a Dios","datePublished":"2022-10-23T16:02:29+00:00","dateModified":"2022-10-29T11:32:54+00:00","mainEntityOfPage":{"@id":"https:\/\/www.montalegre.org\/es\/2022\/10\/demos-gracias-a-dios\/"},"wordCount":852,"commentCount":0,"image":{"@id":"https:\/\/www.montalegre.org\/es\/2022\/10\/demos-gracias-a-dios\/#primaryimage"},"thumbnailUrl":"https:\/\/www.montalegre.org\/wp-content\/uploads\/2022\/10\/IMG_6056-scaled.jpg","articleSection":["Noticias de Montalegre"],"inLanguage":"es","potentialAction":[{"@type":"CommentAction","name":"Comment","target":["https:\/\/www.montalegre.org\/es\/2022\/10\/demos-gracias-a-dios\/#respond"]}]},{"@type":"WebPage","@id":"https:\/\/www.montalegre.org\/es\/2022\/10\/demos-gracias-a-dios\/","url":"https:\/\/www.montalegre.org\/es\/2022\/10\/demos-gracias-a-dios\/","name":"Demos gracias a Dios - Montalegre","isPartOf":{"@id":"https:\/\/www.montalegre.org\/es\/#website"},"primaryImageOfPage":{"@id":"https:\/\/www.montalegre.org\/es\/2022\/10\/demos-gracias-a-dios\/#primaryimage"},"image":{"@id":"https:\/\/www.montalegre.org\/es\/2022\/10\/demos-gracias-a-dios\/#primaryimage"},"thumbnailUrl":"https:\/\/www.montalegre.org\/wp-content\/uploads\/2022\/10\/IMG_6056-scaled.jpg","datePublished":"2022-10-23T16:02:29+00:00","dateModified":"2022-10-29T11:32:54+00:00","author":{"@id":"https:\/\/www.montalegre.org\/es\/#\/schema\/person\/fa12d4cf3a3f1735a9176b4fafd6a633"},"breadcrumb":{"@id":"https:\/\/www.montalegre.org\/es\/2022\/10\/demos-gracias-a-dios\/#breadcrumb"},"inLanguage":"es","potentialAction":[{"@type":"ReadAction","target":["https:\/\/www.montalegre.org\/es\/2022\/10\/demos-gracias-a-dios\/"]}]},{"@type":"ImageObject","inLanguage":"es","@id":"https:\/\/www.montalegre.org\/es\/2022\/10\/demos-gracias-a-dios\/#primaryimage","url":"https:\/\/www.montalegre.org\/wp-content\/uploads\/2022\/10\/IMG_6056-scaled.jpg","contentUrl":"https:\/\/www.montalegre.org\/wp-content\/uploads\/2022\/10\/IMG_6056-scaled.jpg","width":2560,"height":1920},{"@type":"BreadcrumbList","@id":"https:\/\/www.montalegre.org\/es\/2022\/10\/demos-gracias-a-dios\/#breadcrumb","itemListElement":[{"@type":"ListItem","position":1,"name":"Portada","item":"https:\/\/www.montalegre.org\/es\/"},{"@type":"ListItem","position":2,"name":"Demos gracias a Dios"}]},{"@type":"WebSite","@id":"https:\/\/www.montalegre.org\/es\/#website","url":"https:\/\/www.montalegre.org\/es\/","name":"Montalegre","description":"","potentialAction":[{"@type":"SearchAction","target":{"@type":"EntryPoint","urlTemplate":"https:\/\/www.montalegre.org\/es\/?s={search_term_string}"},"query-input":{"@type":"PropertyValueSpecification","valueRequired":true,"valueName":"search_term_string"}}],"inLanguage":"es"},{"@type":"Person","@id":"https:\/\/www.montalegre.org\/es\/#\/schema\/person\/fa12d4cf3a3f1735a9176b4fafd6a633","name":"montalegre","image":{"@type":"ImageObject","inLanguage":"es","@id":"https:\/\/www.montalegre.org\/es\/#\/schema\/person\/image\/","url":"https:\/\/secure.gravatar.com\/avatar\/fe6d886cf5081e723c666dceda1f12d4f39070fa2ed4e79695edc3ca355c9b5a?s=96&d=mm&r=g","contentUrl":"https:\/\/secure.gravatar.com\/avatar\/fe6d886cf5081e723c666dceda1f12d4f39070fa2ed4e79695edc3ca355c9b5a?s=96&d=mm&r=g","caption":"montalegre"},"url":"https:\/\/www.montalegre.org\/es\/author\/montalegre\/"}]}},"_links":{"self":[{"href":"https:\/\/www.montalegre.org\/es\/wp-json\/wp\/v2\/posts\/16700","targetHints":{"allow":["GET"]}}],"collection":[{"href":"https:\/\/www.montalegre.org\/es\/wp-json\/wp\/v2\/posts"}],"about":[{"href":"https:\/\/www.montalegre.org\/es\/wp-json\/wp\/v2\/types\/post"}],"author":[{"embeddable":true,"href":"https:\/\/www.montalegre.org\/es\/wp-json\/wp\/v2\/users\/4"}],"replies":[{"embeddable":true,"href":"https:\/\/www.montalegre.org\/es\/wp-json\/wp\/v2\/comments?post=16700"}],"version-history":[{"count":4,"href":"https:\/\/www.montalegre.org\/es\/wp-json\/wp\/v2\/posts\/16700\/revisions"}],"predecessor-version":[{"id":16776,"href":"https:\/\/www.montalegre.org\/es\/wp-json\/wp\/v2\/posts\/16700\/revisions\/16776"}],"wp:featuredmedia":[{"embeddable":true,"href":"https:\/\/www.montalegre.org\/es\/wp-json\/wp\/v2\/media\/16702"}],"wp:attachment":[{"href":"https:\/\/www.montalegre.org\/es\/wp-json\/wp\/v2\/media?parent=16700"}],"wp:term":[{"taxonomy":"category","embeddable":true,"href":"https:\/\/www.montalegre.org\/es\/wp-json\/wp\/v2\/categories?post=16700"},{"taxonomy":"post_tag","embeddable":true,"href":"https:\/\/www.montalegre.org\/es\/wp-json\/wp\/v2\/tags?post=16700"}],"curies":[{"name":"wp","href":"https:\/\/api.w.org\/{rel}","templated":true}]}}