{"id":16532,"date":"2022-06-20T17:17:20","date_gmt":"2022-06-20T17:17:20","guid":{"rendered":"https:\/\/www.montalegre.org\/?p=16532"},"modified":"2022-06-20T17:17:20","modified_gmt":"2022-06-20T17:17:20","slug":"familia-y-santidad-de-vida","status":"publish","type":"post","link":"https:\/\/www.montalegre.org\/es\/2022\/06\/familia-y-santidad-de-vida\/","title":{"rendered":"Familia y Santidad de vida"},"content":{"rendered":"<p>En este mes del Sagrado Coraz\u00f3n de Jes\u00fas el Papa Francisco nos invita a rezar por las familias cristianas de todo el mundo, por cada una y por todas, para que, con gestos concretos, vivan la gratuidad del amor y la santidad en la vida cotidiana. El pr\u00f3ximo domingo, d\u00eda 26 de junio, concluye el a\u00f1o de la familia <em>\u201cAmoris Laetitia\u201d<\/em> y nada mejor que hacerlo rezando para que realmente toda familia cristiana sea un reflejo del amor de Dios. Con gestos peque\u00f1os y concretos manifestemos que nos queremos y que agradecemos el amor que recibimos.<\/p>\n<p>El Papa, tambi\u00e9n, nos anima a rezar para que vivamos la santidad en la vida cotidiana. El a\u00f1o de la familia concluye precisamente en la fiesta de San Josemar\u00eda Escriv\u00e1 de Balaguer, declarado por san Juan Pablo II como el santo de la vida ordinaria. Aprovechemos la ocasi\u00f3n para acudir a la intercesi\u00f3n de este santo para que nos obtenga de Dios la gracia de santificarnos en nuestro d\u00eda a d\u00eda, con todas las actividades que llevamos a cabo.<\/p>\n<p><em>\u201cQue busques a Cristo, que encuentres a Cristo, que trates a Cristo, que ames a Cristo\u201d<\/em> sol\u00eda animar frecuentemente san Josemar\u00eda a todos los que acud\u00edan a \u00e9l. Es una buena manera de vivir la santidad en la vida corriente y especialmente en la vida familiar. El amor en la familia es un camino personal de santidad para cada uno de nosotros, que se recorre con peque\u00f1os gestos de entrega y generosidad, evitando perderse en peque\u00f1eces de ego\u00edsmos personales que nos alejan de los dem\u00e1s.<\/p>\n<p>En los peque\u00f1os detalles de la vida familiar se construye la santidad personal y de todos los miembros que la componen. Pongamos el coraz\u00f3n en lo que hacemos, pero que sea un coraz\u00f3n a la medida del Coraz\u00f3n de Cristo y de la Virgen Mar\u00eda.<\/p>\n<p>Mn. Xavier Argelich.<\/p>\n<p>&nbsp;<\/p>\n","protected":false},"excerpt":{"rendered":"<p>En este mes del Sagrado Coraz\u00f3n de Jes\u00fas el Papa Francisco nos invita a rezar por las familias cristianas de todo el mundo, por cada una y por todas, para que, con gestos concretos, vivan la gratuidad del amor y la santidad en la vida cotidiana. El pr\u00f3ximo domingo, d\u00eda 26 de junio, concluye el [&hellip;]<\/p>\n","protected":false},"author":4,"featured_media":0,"comment_status":"open","ping_status":"open","sticky":false,"template":"","format":"standard","meta":{"footnotes":""},"categories":[52],"tags":[],"class_list":["post-16532","post","type-post","status-publish","format-standard","hentry","category-editorial"],"yoast_head":"<!-- This site is optimized with the Yoast SEO plugin v27.1.1 - https:\/\/yoast.com\/product\/yoast-seo-wordpress\/ -->\n<title>Familia y Santidad de vida - Montalegre<\/title>\n<meta name=\"robots\" content=\"index, follow, max-snippet:-1, max-image-preview:large, max-video-preview:-1\" \/>\n<link rel=\"canonical\" href=\"https:\/\/www.montalegre.org\/es\/2022\/06\/familia-y-santidad-de-vida\/\" \/>\n<meta property=\"og:locale\" content=\"es_ES\" \/>\n<meta property=\"og:type\" content=\"article\" \/>\n<meta property=\"og:title\" content=\"Familia y Santidad de vida - Montalegre\" \/>\n<meta property=\"og:description\" content=\"En este mes del Sagrado Coraz\u00f3n de Jes\u00fas el Papa Francisco nos invita a rezar por las familias cristianas de todo el mundo, por cada una y por todas, para que, con gestos concretos, vivan la gratuidad del amor y la santidad en la vida cotidiana. El pr\u00f3ximo domingo, d\u00eda 26 de junio, concluye el [&hellip;]\" \/>\n<meta property=\"og:url\" content=\"https:\/\/www.montalegre.org\/es\/2022\/06\/familia-y-santidad-de-vida\/\" \/>\n<meta property=\"og:site_name\" content=\"Montalegre\" \/>\n<meta property=\"article:published_time\" content=\"2022-06-20T17:17:20+00:00\" \/>\n<meta name=\"author\" content=\"montalegre\" \/>\n<meta name=\"twitter:card\" content=\"summary_large_image\" \/>\n<meta name=\"twitter:label1\" content=\"Escrito por\" \/>\n\t<meta name=\"twitter:data1\" content=\"montalegre\" \/>\n\t<meta name=\"twitter:label2\" content=\"Tiempo de lectura\" \/>\n\t<meta name=\"twitter:data2\" content=\"2 minutos\" \/>\n<script type=\"application\/ld+json\" class=\"yoast-schema-graph\">{\"@context\":\"https:\/\/schema.org\",\"@graph\":[{\"@type\":\"Article\",\"@id\":\"https:\/\/www.montalegre.org\/es\/2022\/06\/familia-y-santidad-de-vida\/#article\",\"isPartOf\":{\"@id\":\"https:\/\/www.montalegre.org\/es\/2022\/06\/familia-y-santidad-de-vida\/\"},\"author\":{\"name\":\"montalegre\",\"@id\":\"https:\/\/www.montalegre.org\/es\/#\/schema\/person\/fa12d4cf3a3f1735a9176b4fafd6a633\"},\"headline\":\"Familia y Santidad de vida\",\"datePublished\":\"2022-06-20T17:17:20+00:00\",\"mainEntityOfPage\":{\"@id\":\"https:\/\/www.montalegre.org\/es\/2022\/06\/familia-y-santidad-de-vida\/\"},\"wordCount\":338,\"commentCount\":0,\"articleSection\":[\"Editorial\"],\"inLanguage\":\"es\",\"potentialAction\":[{\"@type\":\"CommentAction\",\"name\":\"Comment\",\"target\":[\"https:\/\/www.montalegre.org\/es\/2022\/06\/familia-y-santidad-de-vida\/#respond\"]}]},{\"@type\":\"WebPage\",\"@id\":\"https:\/\/www.montalegre.org\/es\/2022\/06\/familia-y-santidad-de-vida\/\",\"url\":\"https:\/\/www.montalegre.org\/es\/2022\/06\/familia-y-santidad-de-vida\/\",\"name\":\"Familia y Santidad de vida - Montalegre\",\"isPartOf\":{\"@id\":\"https:\/\/www.montalegre.org\/es\/#website\"},\"datePublished\":\"2022-06-20T17:17:20+00:00\",\"author\":{\"@id\":\"https:\/\/www.montalegre.org\/es\/#\/schema\/person\/fa12d4cf3a3f1735a9176b4fafd6a633\"},\"breadcrumb\":{\"@id\":\"https:\/\/www.montalegre.org\/es\/2022\/06\/familia-y-santidad-de-vida\/#breadcrumb\"},\"inLanguage\":\"es\",\"potentialAction\":[{\"@type\":\"ReadAction\",\"target\":[\"https:\/\/www.montalegre.org\/es\/2022\/06\/familia-y-santidad-de-vida\/\"]}]},{\"@type\":\"BreadcrumbList\",\"@id\":\"https:\/\/www.montalegre.org\/es\/2022\/06\/familia-y-santidad-de-vida\/#breadcrumb\",\"itemListElement\":[{\"@type\":\"ListItem\",\"position\":1,\"name\":\"Portada\",\"item\":\"https:\/\/www.montalegre.org\/es\/\"},{\"@type\":\"ListItem\",\"position\":2,\"name\":\"Familia y Santidad de vida\"}]},{\"@type\":\"WebSite\",\"@id\":\"https:\/\/www.montalegre.org\/es\/#website\",\"url\":\"https:\/\/www.montalegre.org\/es\/\",\"name\":\"Montalegre\",\"description\":\"\",\"potentialAction\":[{\"@type\":\"SearchAction\",\"target\":{\"@type\":\"EntryPoint\",\"urlTemplate\":\"https:\/\/www.montalegre.org\/es\/?s={search_term_string}\"},\"query-input\":{\"@type\":\"PropertyValueSpecification\",\"valueRequired\":true,\"valueName\":\"search_term_string\"}}],\"inLanguage\":\"es\"},{\"@type\":\"Person\",\"@id\":\"https:\/\/www.montalegre.org\/es\/#\/schema\/person\/fa12d4cf3a3f1735a9176b4fafd6a633\",\"name\":\"montalegre\",\"image\":{\"@type\":\"ImageObject\",\"inLanguage\":\"es\",\"@id\":\"https:\/\/www.montalegre.org\/es\/#\/schema\/person\/image\/\",\"url\":\"https:\/\/secure.gravatar.com\/avatar\/fe6d886cf5081e723c666dceda1f12d4f39070fa2ed4e79695edc3ca355c9b5a?s=96&d=mm&r=g\",\"contentUrl\":\"https:\/\/secure.gravatar.com\/avatar\/fe6d886cf5081e723c666dceda1f12d4f39070fa2ed4e79695edc3ca355c9b5a?s=96&d=mm&r=g\",\"caption\":\"montalegre\"},\"url\":\"https:\/\/www.montalegre.org\/es\/author\/montalegre\/\"}]}<\/script>\n<!-- \/ Yoast SEO plugin. -->","yoast_head_json":{"title":"Familia y Santidad de vida - Montalegre","robots":{"index":"index","follow":"follow","max-snippet":"max-snippet:-1","max-image-preview":"max-image-preview:large","max-video-preview":"max-video-preview:-1"},"canonical":"https:\/\/www.montalegre.org\/es\/2022\/06\/familia-y-santidad-de-vida\/","og_locale":"es_ES","og_type":"article","og_title":"Familia y Santidad de vida - Montalegre","og_description":"En este mes del Sagrado Coraz\u00f3n de Jes\u00fas el Papa Francisco nos invita a rezar por las familias cristianas de todo el mundo, por cada una y por todas, para que, con gestos concretos, vivan la gratuidad del amor y la santidad en la vida cotidiana. El pr\u00f3ximo domingo, d\u00eda 26 de junio, concluye el [&hellip;]","og_url":"https:\/\/www.montalegre.org\/es\/2022\/06\/familia-y-santidad-de-vida\/","og_site_name":"Montalegre","article_published_time":"2022-06-20T17:17:20+00:00","author":"montalegre","twitter_card":"summary_large_image","twitter_misc":{"Escrito por":"montalegre","Tiempo de lectura":"2 minutos"},"schema":{"@context":"https:\/\/schema.org","@graph":[{"@type":"Article","@id":"https:\/\/www.montalegre.org\/es\/2022\/06\/familia-y-santidad-de-vida\/#article","isPartOf":{"@id":"https:\/\/www.montalegre.org\/es\/2022\/06\/familia-y-santidad-de-vida\/"},"author":{"name":"montalegre","@id":"https:\/\/www.montalegre.org\/es\/#\/schema\/person\/fa12d4cf3a3f1735a9176b4fafd6a633"},"headline":"Familia y Santidad de vida","datePublished":"2022-06-20T17:17:20+00:00","mainEntityOfPage":{"@id":"https:\/\/www.montalegre.org\/es\/2022\/06\/familia-y-santidad-de-vida\/"},"wordCount":338,"commentCount":0,"articleSection":["Editorial"],"inLanguage":"es","potentialAction":[{"@type":"CommentAction","name":"Comment","target":["https:\/\/www.montalegre.org\/es\/2022\/06\/familia-y-santidad-de-vida\/#respond"]}]},{"@type":"WebPage","@id":"https:\/\/www.montalegre.org\/es\/2022\/06\/familia-y-santidad-de-vida\/","url":"https:\/\/www.montalegre.org\/es\/2022\/06\/familia-y-santidad-de-vida\/","name":"Familia y Santidad de vida - Montalegre","isPartOf":{"@id":"https:\/\/www.montalegre.org\/es\/#website"},"datePublished":"2022-06-20T17:17:20+00:00","author":{"@id":"https:\/\/www.montalegre.org\/es\/#\/schema\/person\/fa12d4cf3a3f1735a9176b4fafd6a633"},"breadcrumb":{"@id":"https:\/\/www.montalegre.org\/es\/2022\/06\/familia-y-santidad-de-vida\/#breadcrumb"},"inLanguage":"es","potentialAction":[{"@type":"ReadAction","target":["https:\/\/www.montalegre.org\/es\/2022\/06\/familia-y-santidad-de-vida\/"]}]},{"@type":"BreadcrumbList","@id":"https:\/\/www.montalegre.org\/es\/2022\/06\/familia-y-santidad-de-vida\/#breadcrumb","itemListElement":[{"@type":"ListItem","position":1,"name":"Portada","item":"https:\/\/www.montalegre.org\/es\/"},{"@type":"ListItem","position":2,"name":"Familia y Santidad de vida"}]},{"@type":"WebSite","@id":"https:\/\/www.montalegre.org\/es\/#website","url":"https:\/\/www.montalegre.org\/es\/","name":"Montalegre","description":"","potentialAction":[{"@type":"SearchAction","target":{"@type":"EntryPoint","urlTemplate":"https:\/\/www.montalegre.org\/es\/?s={search_term_string}"},"query-input":{"@type":"PropertyValueSpecification","valueRequired":true,"valueName":"search_term_string"}}],"inLanguage":"es"},{"@type":"Person","@id":"https:\/\/www.montalegre.org\/es\/#\/schema\/person\/fa12d4cf3a3f1735a9176b4fafd6a633","name":"montalegre","image":{"@type":"ImageObject","inLanguage":"es","@id":"https:\/\/www.montalegre.org\/es\/#\/schema\/person\/image\/","url":"https:\/\/secure.gravatar.com\/avatar\/fe6d886cf5081e723c666dceda1f12d4f39070fa2ed4e79695edc3ca355c9b5a?s=96&d=mm&r=g","contentUrl":"https:\/\/secure.gravatar.com\/avatar\/fe6d886cf5081e723c666dceda1f12d4f39070fa2ed4e79695edc3ca355c9b5a?s=96&d=mm&r=g","caption":"montalegre"},"url":"https:\/\/www.montalegre.org\/es\/author\/montalegre\/"}]}},"_links":{"self":[{"href":"https:\/\/www.montalegre.org\/es\/wp-json\/wp\/v2\/posts\/16532","targetHints":{"allow":["GET"]}}],"collection":[{"href":"https:\/\/www.montalegre.org\/es\/wp-json\/wp\/v2\/posts"}],"about":[{"href":"https:\/\/www.montalegre.org\/es\/wp-json\/wp\/v2\/types\/post"}],"author":[{"embeddable":true,"href":"https:\/\/www.montalegre.org\/es\/wp-json\/wp\/v2\/users\/4"}],"replies":[{"embeddable":true,"href":"https:\/\/www.montalegre.org\/es\/wp-json\/wp\/v2\/comments?post=16532"}],"version-history":[{"count":1,"href":"https:\/\/www.montalegre.org\/es\/wp-json\/wp\/v2\/posts\/16532\/revisions"}],"predecessor-version":[{"id":16533,"href":"https:\/\/www.montalegre.org\/es\/wp-json\/wp\/v2\/posts\/16532\/revisions\/16533"}],"wp:attachment":[{"href":"https:\/\/www.montalegre.org\/es\/wp-json\/wp\/v2\/media?parent=16532"}],"wp:term":[{"taxonomy":"category","embeddable":true,"href":"https:\/\/www.montalegre.org\/es\/wp-json\/wp\/v2\/categories?post=16532"},{"taxonomy":"post_tag","embeddable":true,"href":"https:\/\/www.montalegre.org\/es\/wp-json\/wp\/v2\/tags?post=16532"}],"curies":[{"name":"wp","href":"https:\/\/api.w.org\/{rel}","templated":true}]}}