{"id":16446,"date":"2022-05-03T17:28:34","date_gmt":"2022-05-03T17:28:34","guid":{"rendered":"https:\/\/www.montalegre.org\/?p=16446"},"modified":"2022-05-03T17:28:34","modified_gmt":"2022-05-03T17:28:34","slug":"el-mes-de-maria-culminara-con-la-celebracion-de-santa-maria-de-montalegre","status":"publish","type":"post","link":"https:\/\/www.montalegre.org\/es\/2022\/05\/el-mes-de-maria-culminara-con-la-celebracion-de-santa-maria-de-montalegre\/","title":{"rendered":"El mes de Mar\u00eda culminar\u00e1 con la celebraci\u00f3n de Santa Mar\u00eda de Montalegre"},"content":{"rendered":"<p>Como ya es habitual, en Montalegre, celebraremos la Fiesta de Santa Mar\u00eda de Montalegre con la imposici\u00f3n del Sacramento de la Confirmaci\u00f3n a los postulantes de las entidades sociales del barrio del Raval de Barcelona que, junto a Montalegre, est\u00e1n bajo el patrocinio de la fundaci\u00f3n <em>Raval Solidari,<\/em> nos referimos a Terral y Braval.<\/p>\n<p>Este a\u00f1o, la fiesta del d\u00eda 31 de mayo de 2022 coincide en martes. Por la tarde, a las 19h el Obispo Sergi Gordo presidir\u00e1 la santa misa dentro de la cual se confirmar\u00e1n los referidos j\u00f3venes. Preparando este gran acontecimiento, especialmente para ellos, pero tambi\u00e9n para toda la Iglesia Universal, el pasado domingo 1 de mayo, en la misa de 12h, los chicos de Braval ofrecieron a la Virgen de Montalegre la copa que ganaron en el torneo de clubs en esta pasada Semana Santa.<\/p>\n<p>Por ambos motivos, transmitimos nuestras felicitaciones a los ganadores y futuros confirmantes.<\/p>\n<p>Comunicaci\u00f3n Montalegre<\/p>\n","protected":false},"excerpt":{"rendered":"<p>Como ya es habitual, en Montalegre, celebraremos la Fiesta de Santa Mar\u00eda de Montalegre con la imposici\u00f3n del Sacramento de la Confirmaci\u00f3n a los postulantes de las entidades sociales del barrio del Raval de Barcelona que, junto a Montalegre, est\u00e1n bajo el patrocinio de la fundaci\u00f3n Raval Solidari, nos referimos a Terral y Braval. Este [&hellip;]<\/p>\n","protected":false},"author":4,"featured_media":16443,"comment_status":"open","ping_status":"open","sticky":false,"template":"","format":"standard","meta":{"footnotes":""},"categories":[31],"tags":[],"class_list":["post-16446","post","type-post","status-publish","format-standard","has-post-thumbnail","hentry","category-actualidad"],"yoast_head":"<!-- This site is optimized with the Yoast SEO plugin v27.1.1 - https:\/\/yoast.com\/product\/yoast-seo-wordpress\/ -->\n<title>El mes de Mar\u00eda culminar\u00e1 con la celebraci\u00f3n de Santa Mar\u00eda de Montalegre - Montalegre<\/title>\n<meta name=\"robots\" content=\"index, follow, max-snippet:-1, max-image-preview:large, max-video-preview:-1\" \/>\n<link rel=\"canonical\" href=\"https:\/\/www.montalegre.org\/es\/2022\/05\/el-mes-de-maria-culminara-con-la-celebracion-de-santa-maria-de-montalegre\/\" \/>\n<meta property=\"og:locale\" content=\"es_ES\" \/>\n<meta property=\"og:type\" content=\"article\" \/>\n<meta property=\"og:title\" content=\"El mes de Mar\u00eda culminar\u00e1 con la celebraci\u00f3n de Santa Mar\u00eda de Montalegre - Montalegre\" \/>\n<meta property=\"og:description\" content=\"Como ya es habitual, en Montalegre, celebraremos la Fiesta de Santa Mar\u00eda de Montalegre con la imposici\u00f3n del Sacramento de la Confirmaci\u00f3n a los postulantes de las entidades sociales del barrio del Raval de Barcelona que, junto a Montalegre, est\u00e1n bajo el patrocinio de la fundaci\u00f3n Raval Solidari, nos referimos a Terral y Braval. Este [&hellip;]\" \/>\n<meta property=\"og:url\" content=\"https:\/\/www.montalegre.org\/es\/2022\/05\/el-mes-de-maria-culminara-con-la-celebracion-de-santa-maria-de-montalegre\/\" \/>\n<meta property=\"og:site_name\" content=\"Montalegre\" \/>\n<meta property=\"article:published_time\" content=\"2022-05-03T17:28:34+00:00\" \/>\n<meta property=\"og:image\" content=\"https:\/\/www.montalegre.org\/wp-content\/uploads\/2022\/05\/ofrena-trofeig-a-Montalegre.jpg\" \/>\n\t<meta property=\"og:image:width\" content=\"1024\" \/>\n\t<meta property=\"og:image:height\" content=\"768\" \/>\n\t<meta property=\"og:image:type\" content=\"image\/jpeg\" \/>\n<meta name=\"author\" content=\"montalegre\" \/>\n<meta name=\"twitter:card\" content=\"summary_large_image\" \/>\n<meta name=\"twitter:label1\" content=\"Escrito por\" \/>\n\t<meta name=\"twitter:data1\" content=\"montalegre\" \/>\n\t<meta name=\"twitter:label2\" content=\"Tiempo de lectura\" \/>\n\t<meta name=\"twitter:data2\" content=\"1 minuto\" \/>\n<script type=\"application\/ld+json\" class=\"yoast-schema-graph\">{\"@context\":\"https:\/\/schema.org\",\"@graph\":[{\"@type\":\"Article\",\"@id\":\"https:\/\/www.montalegre.org\/es\/2022\/05\/el-mes-de-maria-culminara-con-la-celebracion-de-santa-maria-de-montalegre\/#article\",\"isPartOf\":{\"@id\":\"https:\/\/www.montalegre.org\/es\/2022\/05\/el-mes-de-maria-culminara-con-la-celebracion-de-santa-maria-de-montalegre\/\"},\"author\":{\"name\":\"montalegre\",\"@id\":\"https:\/\/www.montalegre.org\/es\/#\/schema\/person\/fa12d4cf3a3f1735a9176b4fafd6a633\"},\"headline\":\"El mes de Mar\u00eda culminar\u00e1 con la celebraci\u00f3n de Santa Mar\u00eda de Montalegre\",\"datePublished\":\"2022-05-03T17:28:34+00:00\",\"mainEntityOfPage\":{\"@id\":\"https:\/\/www.montalegre.org\/es\/2022\/05\/el-mes-de-maria-culminara-con-la-celebracion-de-santa-maria-de-montalegre\/\"},\"wordCount\":178,\"commentCount\":0,\"image\":{\"@id\":\"https:\/\/www.montalegre.org\/es\/2022\/05\/el-mes-de-maria-culminara-con-la-celebracion-de-santa-maria-de-montalegre\/#primaryimage\"},\"thumbnailUrl\":\"https:\/\/www.montalegre.org\/wp-content\/uploads\/2022\/05\/ofrena-trofeig-a-Montalegre.jpg\",\"articleSection\":[\"Actualidad\"],\"inLanguage\":\"es\",\"potentialAction\":[{\"@type\":\"CommentAction\",\"name\":\"Comment\",\"target\":[\"https:\/\/www.montalegre.org\/es\/2022\/05\/el-mes-de-maria-culminara-con-la-celebracion-de-santa-maria-de-montalegre\/#respond\"]}]},{\"@type\":\"WebPage\",\"@id\":\"https:\/\/www.montalegre.org\/es\/2022\/05\/el-mes-de-maria-culminara-con-la-celebracion-de-santa-maria-de-montalegre\/\",\"url\":\"https:\/\/www.montalegre.org\/es\/2022\/05\/el-mes-de-maria-culminara-con-la-celebracion-de-santa-maria-de-montalegre\/\",\"name\":\"El mes de Mar\u00eda culminar\u00e1 con la celebraci\u00f3n de Santa Mar\u00eda de Montalegre - Montalegre\",\"isPartOf\":{\"@id\":\"https:\/\/www.montalegre.org\/es\/#website\"},\"primaryImageOfPage\":{\"@id\":\"https:\/\/www.montalegre.org\/es\/2022\/05\/el-mes-de-maria-culminara-con-la-celebracion-de-santa-maria-de-montalegre\/#primaryimage\"},\"image\":{\"@id\":\"https:\/\/www.montalegre.org\/es\/2022\/05\/el-mes-de-maria-culminara-con-la-celebracion-de-santa-maria-de-montalegre\/#primaryimage\"},\"thumbnailUrl\":\"https:\/\/www.montalegre.org\/wp-content\/uploads\/2022\/05\/ofrena-trofeig-a-Montalegre.jpg\",\"datePublished\":\"2022-05-03T17:28:34+00:00\",\"author\":{\"@id\":\"https:\/\/www.montalegre.org\/es\/#\/schema\/person\/fa12d4cf3a3f1735a9176b4fafd6a633\"},\"breadcrumb\":{\"@id\":\"https:\/\/www.montalegre.org\/es\/2022\/05\/el-mes-de-maria-culminara-con-la-celebracion-de-santa-maria-de-montalegre\/#breadcrumb\"},\"inLanguage\":\"es\",\"potentialAction\":[{\"@type\":\"ReadAction\",\"target\":[\"https:\/\/www.montalegre.org\/es\/2022\/05\/el-mes-de-maria-culminara-con-la-celebracion-de-santa-maria-de-montalegre\/\"]}]},{\"@type\":\"ImageObject\",\"inLanguage\":\"es\",\"@id\":\"https:\/\/www.montalegre.org\/es\/2022\/05\/el-mes-de-maria-culminara-con-la-celebracion-de-santa-maria-de-montalegre\/#primaryimage\",\"url\":\"https:\/\/www.montalegre.org\/wp-content\/uploads\/2022\/05\/ofrena-trofeig-a-Montalegre.jpg\",\"contentUrl\":\"https:\/\/www.montalegre.org\/wp-content\/uploads\/2022\/05\/ofrena-trofeig-a-Montalegre.jpg\",\"width\":1024,\"height\":768},{\"@type\":\"BreadcrumbList\",\"@id\":\"https:\/\/www.montalegre.org\/es\/2022\/05\/el-mes-de-maria-culminara-con-la-celebracion-de-santa-maria-de-montalegre\/#breadcrumb\",\"itemListElement\":[{\"@type\":\"ListItem\",\"position\":1,\"name\":\"Portada\",\"item\":\"https:\/\/www.montalegre.org\/es\/\"},{\"@type\":\"ListItem\",\"position\":2,\"name\":\"El mes de Mar\u00eda culminar\u00e1 con la celebraci\u00f3n de Santa Mar\u00eda de Montalegre\"}]},{\"@type\":\"WebSite\",\"@id\":\"https:\/\/www.montalegre.org\/es\/#website\",\"url\":\"https:\/\/www.montalegre.org\/es\/\",\"name\":\"Montalegre\",\"description\":\"\",\"potentialAction\":[{\"@type\":\"SearchAction\",\"target\":{\"@type\":\"EntryPoint\",\"urlTemplate\":\"https:\/\/www.montalegre.org\/es\/?s={search_term_string}\"},\"query-input\":{\"@type\":\"PropertyValueSpecification\",\"valueRequired\":true,\"valueName\":\"search_term_string\"}}],\"inLanguage\":\"es\"},{\"@type\":\"Person\",\"@id\":\"https:\/\/www.montalegre.org\/es\/#\/schema\/person\/fa12d4cf3a3f1735a9176b4fafd6a633\",\"name\":\"montalegre\",\"image\":{\"@type\":\"ImageObject\",\"inLanguage\":\"es\",\"@id\":\"https:\/\/www.montalegre.org\/es\/#\/schema\/person\/image\/\",\"url\":\"https:\/\/secure.gravatar.com\/avatar\/fe6d886cf5081e723c666dceda1f12d4f39070fa2ed4e79695edc3ca355c9b5a?s=96&d=mm&r=g\",\"contentUrl\":\"https:\/\/secure.gravatar.com\/avatar\/fe6d886cf5081e723c666dceda1f12d4f39070fa2ed4e79695edc3ca355c9b5a?s=96&d=mm&r=g\",\"caption\":\"montalegre\"},\"url\":\"https:\/\/www.montalegre.org\/es\/author\/montalegre\/\"}]}<\/script>\n<!-- \/ Yoast SEO plugin. -->","yoast_head_json":{"title":"El mes de Mar\u00eda culminar\u00e1 con la celebraci\u00f3n de Santa Mar\u00eda de Montalegre - Montalegre","robots":{"index":"index","follow":"follow","max-snippet":"max-snippet:-1","max-image-preview":"max-image-preview:large","max-video-preview":"max-video-preview:-1"},"canonical":"https:\/\/www.montalegre.org\/es\/2022\/05\/el-mes-de-maria-culminara-con-la-celebracion-de-santa-maria-de-montalegre\/","og_locale":"es_ES","og_type":"article","og_title":"El mes de Mar\u00eda culminar\u00e1 con la celebraci\u00f3n de Santa Mar\u00eda de Montalegre - Montalegre","og_description":"Como ya es habitual, en Montalegre, celebraremos la Fiesta de Santa Mar\u00eda de Montalegre con la imposici\u00f3n del Sacramento de la Confirmaci\u00f3n a los postulantes de las entidades sociales del barrio del Raval de Barcelona que, junto a Montalegre, est\u00e1n bajo el patrocinio de la fundaci\u00f3n Raval Solidari, nos referimos a Terral y Braval. Este [&hellip;]","og_url":"https:\/\/www.montalegre.org\/es\/2022\/05\/el-mes-de-maria-culminara-con-la-celebracion-de-santa-maria-de-montalegre\/","og_site_name":"Montalegre","article_published_time":"2022-05-03T17:28:34+00:00","og_image":[{"width":1024,"height":768,"url":"https:\/\/www.montalegre.org\/wp-content\/uploads\/2022\/05\/ofrena-trofeig-a-Montalegre.jpg","type":"image\/jpeg"}],"author":"montalegre","twitter_card":"summary_large_image","twitter_misc":{"Escrito por":"montalegre","Tiempo de lectura":"1 minuto"},"schema":{"@context":"https:\/\/schema.org","@graph":[{"@type":"Article","@id":"https:\/\/www.montalegre.org\/es\/2022\/05\/el-mes-de-maria-culminara-con-la-celebracion-de-santa-maria-de-montalegre\/#article","isPartOf":{"@id":"https:\/\/www.montalegre.org\/es\/2022\/05\/el-mes-de-maria-culminara-con-la-celebracion-de-santa-maria-de-montalegre\/"},"author":{"name":"montalegre","@id":"https:\/\/www.montalegre.org\/es\/#\/schema\/person\/fa12d4cf3a3f1735a9176b4fafd6a633"},"headline":"El mes de Mar\u00eda culminar\u00e1 con la celebraci\u00f3n de Santa Mar\u00eda de Montalegre","datePublished":"2022-05-03T17:28:34+00:00","mainEntityOfPage":{"@id":"https:\/\/www.montalegre.org\/es\/2022\/05\/el-mes-de-maria-culminara-con-la-celebracion-de-santa-maria-de-montalegre\/"},"wordCount":178,"commentCount":0,"image":{"@id":"https:\/\/www.montalegre.org\/es\/2022\/05\/el-mes-de-maria-culminara-con-la-celebracion-de-santa-maria-de-montalegre\/#primaryimage"},"thumbnailUrl":"https:\/\/www.montalegre.org\/wp-content\/uploads\/2022\/05\/ofrena-trofeig-a-Montalegre.jpg","articleSection":["Actualidad"],"inLanguage":"es","potentialAction":[{"@type":"CommentAction","name":"Comment","target":["https:\/\/www.montalegre.org\/es\/2022\/05\/el-mes-de-maria-culminara-con-la-celebracion-de-santa-maria-de-montalegre\/#respond"]}]},{"@type":"WebPage","@id":"https:\/\/www.montalegre.org\/es\/2022\/05\/el-mes-de-maria-culminara-con-la-celebracion-de-santa-maria-de-montalegre\/","url":"https:\/\/www.montalegre.org\/es\/2022\/05\/el-mes-de-maria-culminara-con-la-celebracion-de-santa-maria-de-montalegre\/","name":"El mes de Mar\u00eda culminar\u00e1 con la celebraci\u00f3n de Santa Mar\u00eda de Montalegre - Montalegre","isPartOf":{"@id":"https:\/\/www.montalegre.org\/es\/#website"},"primaryImageOfPage":{"@id":"https:\/\/www.montalegre.org\/es\/2022\/05\/el-mes-de-maria-culminara-con-la-celebracion-de-santa-maria-de-montalegre\/#primaryimage"},"image":{"@id":"https:\/\/www.montalegre.org\/es\/2022\/05\/el-mes-de-maria-culminara-con-la-celebracion-de-santa-maria-de-montalegre\/#primaryimage"},"thumbnailUrl":"https:\/\/www.montalegre.org\/wp-content\/uploads\/2022\/05\/ofrena-trofeig-a-Montalegre.jpg","datePublished":"2022-05-03T17:28:34+00:00","author":{"@id":"https:\/\/www.montalegre.org\/es\/#\/schema\/person\/fa12d4cf3a3f1735a9176b4fafd6a633"},"breadcrumb":{"@id":"https:\/\/www.montalegre.org\/es\/2022\/05\/el-mes-de-maria-culminara-con-la-celebracion-de-santa-maria-de-montalegre\/#breadcrumb"},"inLanguage":"es","potentialAction":[{"@type":"ReadAction","target":["https:\/\/www.montalegre.org\/es\/2022\/05\/el-mes-de-maria-culminara-con-la-celebracion-de-santa-maria-de-montalegre\/"]}]},{"@type":"ImageObject","inLanguage":"es","@id":"https:\/\/www.montalegre.org\/es\/2022\/05\/el-mes-de-maria-culminara-con-la-celebracion-de-santa-maria-de-montalegre\/#primaryimage","url":"https:\/\/www.montalegre.org\/wp-content\/uploads\/2022\/05\/ofrena-trofeig-a-Montalegre.jpg","contentUrl":"https:\/\/www.montalegre.org\/wp-content\/uploads\/2022\/05\/ofrena-trofeig-a-Montalegre.jpg","width":1024,"height":768},{"@type":"BreadcrumbList","@id":"https:\/\/www.montalegre.org\/es\/2022\/05\/el-mes-de-maria-culminara-con-la-celebracion-de-santa-maria-de-montalegre\/#breadcrumb","itemListElement":[{"@type":"ListItem","position":1,"name":"Portada","item":"https:\/\/www.montalegre.org\/es\/"},{"@type":"ListItem","position":2,"name":"El mes de Mar\u00eda culminar\u00e1 con la celebraci\u00f3n de Santa Mar\u00eda de Montalegre"}]},{"@type":"WebSite","@id":"https:\/\/www.montalegre.org\/es\/#website","url":"https:\/\/www.montalegre.org\/es\/","name":"Montalegre","description":"","potentialAction":[{"@type":"SearchAction","target":{"@type":"EntryPoint","urlTemplate":"https:\/\/www.montalegre.org\/es\/?s={search_term_string}"},"query-input":{"@type":"PropertyValueSpecification","valueRequired":true,"valueName":"search_term_string"}}],"inLanguage":"es"},{"@type":"Person","@id":"https:\/\/www.montalegre.org\/es\/#\/schema\/person\/fa12d4cf3a3f1735a9176b4fafd6a633","name":"montalegre","image":{"@type":"ImageObject","inLanguage":"es","@id":"https:\/\/www.montalegre.org\/es\/#\/schema\/person\/image\/","url":"https:\/\/secure.gravatar.com\/avatar\/fe6d886cf5081e723c666dceda1f12d4f39070fa2ed4e79695edc3ca355c9b5a?s=96&d=mm&r=g","contentUrl":"https:\/\/secure.gravatar.com\/avatar\/fe6d886cf5081e723c666dceda1f12d4f39070fa2ed4e79695edc3ca355c9b5a?s=96&d=mm&r=g","caption":"montalegre"},"url":"https:\/\/www.montalegre.org\/es\/author\/montalegre\/"}]}},"_links":{"self":[{"href":"https:\/\/www.montalegre.org\/es\/wp-json\/wp\/v2\/posts\/16446","targetHints":{"allow":["GET"]}}],"collection":[{"href":"https:\/\/www.montalegre.org\/es\/wp-json\/wp\/v2\/posts"}],"about":[{"href":"https:\/\/www.montalegre.org\/es\/wp-json\/wp\/v2\/types\/post"}],"author":[{"embeddable":true,"href":"https:\/\/www.montalegre.org\/es\/wp-json\/wp\/v2\/users\/4"}],"replies":[{"embeddable":true,"href":"https:\/\/www.montalegre.org\/es\/wp-json\/wp\/v2\/comments?post=16446"}],"version-history":[{"count":1,"href":"https:\/\/www.montalegre.org\/es\/wp-json\/wp\/v2\/posts\/16446\/revisions"}],"predecessor-version":[{"id":16447,"href":"https:\/\/www.montalegre.org\/es\/wp-json\/wp\/v2\/posts\/16446\/revisions\/16447"}],"wp:featuredmedia":[{"embeddable":true,"href":"https:\/\/www.montalegre.org\/es\/wp-json\/wp\/v2\/media\/16443"}],"wp:attachment":[{"href":"https:\/\/www.montalegre.org\/es\/wp-json\/wp\/v2\/media?parent=16446"}],"wp:term":[{"taxonomy":"category","embeddable":true,"href":"https:\/\/www.montalegre.org\/es\/wp-json\/wp\/v2\/categories?post=16446"},{"taxonomy":"post_tag","embeddable":true,"href":"https:\/\/www.montalegre.org\/es\/wp-json\/wp\/v2\/tags?post=16446"}],"curies":[{"name":"wp","href":"https:\/\/api.w.org\/{rel}","templated":true}]}}