{"id":16427,"date":"2022-04-26T17:26:37","date_gmt":"2022-04-26T17:26:37","guid":{"rendered":"https:\/\/www.montalegre.org\/?p=16427"},"modified":"2022-04-27T12:28:47","modified_gmt":"2022-04-27T12:28:47","slug":"la-rehabilitacion-de-montalegre-a-punto-de-acabar","status":"publish","type":"post","link":"https:\/\/www.montalegre.org\/es\/2022\/04\/la-rehabilitacion-de-montalegre-a-punto-de-acabar\/","title":{"rendered":"La rehabilitaci\u00f3n de Montalegre a punto de acabar"},"content":{"rendered":"<p>Ayer, 25 de abril de 2022, se cumpli\u00f3 un mes de la Consagraci\u00f3n de Ucrania y Rusia al Coraz\u00f3n Inmaculado de Mar\u00eda, celebraci\u00f3n que tambi\u00e9n se realiz\u00f3 en Montalegre ante el Sant\u00edsimo Sacramento, despu\u00e9s del rezo del santo rosario de todos los fieles congregados en la Capilla, seguido de la santa misa y el V\u00eda Crucis.<a href=\"https:\/\/www.montalegre.org\/wp-content\/uploads\/2022\/04\/pati-puig-1.jpg\"><img loading=\"lazy\" decoding=\"async\" class=\"alignright  wp-image-16436\" src=\"https:\/\/www.montalegre.org\/wp-content\/uploads\/2022\/04\/pati-puig-1-480x360.jpg\" alt=\"\" width=\"421\" height=\"316\" srcset=\"https:\/\/www.montalegre.org\/wp-content\/uploads\/2022\/04\/pati-puig-1-480x360.jpg 480w, https:\/\/www.montalegre.org\/wp-content\/uploads\/2022\/04\/pati-puig-1.jpg 1024w\" sizes=\"auto, (max-width: 421px) 100vw, 421px\" \/><\/a><\/p>\n<p>Para entonces, todav\u00eda no se hab\u00edan desmontado los andamios tubulares que imped\u00edan contemplar los rosetones y las paredes restauradas de la zona de las dos gradas. Por otro lado, seg\u00fan iban pasando los d\u00edas y las celebraciones de la Semana Santa, a los fieles se nos hab\u00eda preparado una sorpresa. En la noche de la Vella Pascual se iluminaron con la luz del Cirio Pascual, 18 candelabros que se instalaron en la reja o barandilla del presbiterio del altar mayor del templo. La labor de recuperaci\u00f3n y adecuaci\u00f3n de los candelabros tambi\u00e9n ha sido laboriosa pues hac\u00eda muchos a\u00f1os que se hab\u00edan retirado de su lugar original.<\/p>\n<p>A su vez en estos d\u00edas, se han descubierto esas paredes que, en otro tiempo , se hab\u00edan pintado de un color verde manzana poco adecuado para el estilo del Templo. Ahora, con el nuevo color discreto con el que se ha pintado, los rosetones de ambos lados se ven m\u00e1s bonitos, y, al estar restaurados, traslucen la luz solar con m\u00e1s intensidad.<\/p>\n<p>Quedan todav\u00eda en la nave central m\u00e1s andamios, pero de construcci\u00f3n menos espectacular que los que nos han acompa\u00f1ado en el pasado invierno.<\/p>\n<p>Por \u00faltimo, se han instalado nuevos andamios en la parte exterior de Montalegre, la que da al pasaje entre la calle Valldonzella y la Plaza Joan Corominas, una zona del edificio que estaba en un estado deplorable. En cambio, se puede observar que la parte exterior <a href=\"https:\/\/www.montalegre.org\/wp-content\/uploads\/2022\/04\/18-canelobres.jpg\"><img loading=\"lazy\" decoding=\"async\" class=\" wp-image-16438 alignleft\" src=\"https:\/\/www.montalegre.org\/wp-content\/uploads\/2022\/04\/18-canelobres-480x360.jpg\" alt=\"\" width=\"396\" height=\"297\" srcset=\"https:\/\/www.montalegre.org\/wp-content\/uploads\/2022\/04\/18-canelobres-480x360.jpg 480w, https:\/\/www.montalegre.org\/wp-content\/uploads\/2022\/04\/18-canelobres.jpg 1024w\" sizes=\"auto, (max-width: 396px) 100vw, 396px\" \/><\/a>que da al Patio Puig est\u00e1 totalmente rehabilitada.<\/p>\n<p>Con todo ello resuelto, se habr\u00e1 culminado el proyecto de rehabilitaci\u00f3n de Montalegre m\u00e1s importante, iniciado hace muchos a\u00f1os, y que pr\u00f3ximamente veremos acabado.<\/p>\n<p>Nuevamente, expresamos nuestro agradecimiento a todas aquellas personas e instituciones que lo han hecho posible.<\/p>\n<p>&nbsp;<\/p>\n<p>Isabel Hern\u00e1ndez Esteban<\/p>\n","protected":false},"excerpt":{"rendered":"<p>Ayer, 25 de abril de 2022, se cumpli\u00f3 un mes de la Consagraci\u00f3n de Ucrania y Rusia al Coraz\u00f3n Inmaculado de Mar\u00eda, celebraci\u00f3n que tambi\u00e9n se realiz\u00f3 en Montalegre ante el Sant\u00edsimo Sacramento, despu\u00e9s del rezo del santo rosario de todos los fieles congregados en la Capilla, seguido de la santa misa y el V\u00eda [&hellip;]<\/p>\n","protected":false},"author":4,"featured_media":16434,"comment_status":"open","ping_status":"open","sticky":false,"template":"","format":"standard","meta":{"footnotes":""},"categories":[1],"tags":[],"class_list":["post-16427","post","type-post","status-publish","format-standard","has-post-thumbnail","hentry","category-noticias-de-montalegre"],"yoast_head":"<!-- This site is optimized with the Yoast SEO plugin v27.1.1 - https:\/\/yoast.com\/product\/yoast-seo-wordpress\/ -->\n<title>La rehabilitaci\u00f3n de Montalegre a punto de acabar - Montalegre<\/title>\n<meta name=\"robots\" content=\"index, follow, max-snippet:-1, max-image-preview:large, max-video-preview:-1\" \/>\n<link rel=\"canonical\" href=\"https:\/\/www.montalegre.org\/es\/2022\/04\/la-rehabilitacion-de-montalegre-a-punto-de-acabar\/\" \/>\n<meta property=\"og:locale\" content=\"es_ES\" \/>\n<meta property=\"og:type\" content=\"article\" \/>\n<meta property=\"og:title\" content=\"La rehabilitaci\u00f3n de Montalegre a punto de acabar - Montalegre\" \/>\n<meta property=\"og:description\" content=\"Ayer, 25 de abril de 2022, se cumpli\u00f3 un mes de la Consagraci\u00f3n de Ucrania y Rusia al Coraz\u00f3n Inmaculado de Mar\u00eda, celebraci\u00f3n que tambi\u00e9n se realiz\u00f3 en Montalegre ante el Sant\u00edsimo Sacramento, despu\u00e9s del rezo del santo rosario de todos los fieles congregados en la Capilla, seguido de la santa misa y el V\u00eda [&hellip;]\" \/>\n<meta property=\"og:url\" content=\"https:\/\/www.montalegre.org\/es\/2022\/04\/la-rehabilitacion-de-montalegre-a-punto-de-acabar\/\" \/>\n<meta property=\"og:site_name\" content=\"Montalegre\" \/>\n<meta property=\"article:published_time\" content=\"2022-04-26T17:26:37+00:00\" \/>\n<meta property=\"article:modified_time\" content=\"2022-04-27T12:28:47+00:00\" \/>\n<meta property=\"og:image\" content=\"https:\/\/www.montalegre.org\/wp-content\/uploads\/2022\/04\/detall-flors-i-canelobres.jpg\" \/>\n\t<meta property=\"og:image:width\" content=\"768\" \/>\n\t<meta property=\"og:image:height\" content=\"1024\" \/>\n\t<meta property=\"og:image:type\" content=\"image\/jpeg\" \/>\n<meta name=\"author\" content=\"montalegre\" \/>\n<meta name=\"twitter:card\" content=\"summary_large_image\" \/>\n<meta name=\"twitter:label1\" content=\"Escrito por\" \/>\n\t<meta name=\"twitter:data1\" content=\"montalegre\" \/>\n\t<meta name=\"twitter:label2\" content=\"Tiempo de lectura\" \/>\n\t<meta name=\"twitter:data2\" content=\"2 minutos\" \/>\n<script type=\"application\/ld+json\" class=\"yoast-schema-graph\">{\"@context\":\"https:\/\/schema.org\",\"@graph\":[{\"@type\":\"Article\",\"@id\":\"https:\/\/www.montalegre.org\/es\/2022\/04\/la-rehabilitacion-de-montalegre-a-punto-de-acabar\/#article\",\"isPartOf\":{\"@id\":\"https:\/\/www.montalegre.org\/es\/2022\/04\/la-rehabilitacion-de-montalegre-a-punto-de-acabar\/\"},\"author\":{\"name\":\"montalegre\",\"@id\":\"https:\/\/www.montalegre.org\/es\/#\/schema\/person\/fa12d4cf3a3f1735a9176b4fafd6a633\"},\"headline\":\"La rehabilitaci\u00f3n de Montalegre a punto de acabar\",\"datePublished\":\"2022-04-26T17:26:37+00:00\",\"dateModified\":\"2022-04-27T12:28:47+00:00\",\"mainEntityOfPage\":{\"@id\":\"https:\/\/www.montalegre.org\/es\/2022\/04\/la-rehabilitacion-de-montalegre-a-punto-de-acabar\/\"},\"wordCount\":384,\"commentCount\":0,\"image\":{\"@id\":\"https:\/\/www.montalegre.org\/es\/2022\/04\/la-rehabilitacion-de-montalegre-a-punto-de-acabar\/#primaryimage\"},\"thumbnailUrl\":\"https:\/\/www.montalegre.org\/wp-content\/uploads\/2022\/04\/detall-flors-i-canelobres.jpg\",\"articleSection\":[\"Noticias de Montalegre\"],\"inLanguage\":\"es\",\"potentialAction\":[{\"@type\":\"CommentAction\",\"name\":\"Comment\",\"target\":[\"https:\/\/www.montalegre.org\/es\/2022\/04\/la-rehabilitacion-de-montalegre-a-punto-de-acabar\/#respond\"]}]},{\"@type\":\"WebPage\",\"@id\":\"https:\/\/www.montalegre.org\/es\/2022\/04\/la-rehabilitacion-de-montalegre-a-punto-de-acabar\/\",\"url\":\"https:\/\/www.montalegre.org\/es\/2022\/04\/la-rehabilitacion-de-montalegre-a-punto-de-acabar\/\",\"name\":\"La rehabilitaci\u00f3n de Montalegre a punto de acabar - Montalegre\",\"isPartOf\":{\"@id\":\"https:\/\/www.montalegre.org\/es\/#website\"},\"primaryImageOfPage\":{\"@id\":\"https:\/\/www.montalegre.org\/es\/2022\/04\/la-rehabilitacion-de-montalegre-a-punto-de-acabar\/#primaryimage\"},\"image\":{\"@id\":\"https:\/\/www.montalegre.org\/es\/2022\/04\/la-rehabilitacion-de-montalegre-a-punto-de-acabar\/#primaryimage\"},\"thumbnailUrl\":\"https:\/\/www.montalegre.org\/wp-content\/uploads\/2022\/04\/detall-flors-i-canelobres.jpg\",\"datePublished\":\"2022-04-26T17:26:37+00:00\",\"dateModified\":\"2022-04-27T12:28:47+00:00\",\"author\":{\"@id\":\"https:\/\/www.montalegre.org\/es\/#\/schema\/person\/fa12d4cf3a3f1735a9176b4fafd6a633\"},\"breadcrumb\":{\"@id\":\"https:\/\/www.montalegre.org\/es\/2022\/04\/la-rehabilitacion-de-montalegre-a-punto-de-acabar\/#breadcrumb\"},\"inLanguage\":\"es\",\"potentialAction\":[{\"@type\":\"ReadAction\",\"target\":[\"https:\/\/www.montalegre.org\/es\/2022\/04\/la-rehabilitacion-de-montalegre-a-punto-de-acabar\/\"]}]},{\"@type\":\"ImageObject\",\"inLanguage\":\"es\",\"@id\":\"https:\/\/www.montalegre.org\/es\/2022\/04\/la-rehabilitacion-de-montalegre-a-punto-de-acabar\/#primaryimage\",\"url\":\"https:\/\/www.montalegre.org\/wp-content\/uploads\/2022\/04\/detall-flors-i-canelobres.jpg\",\"contentUrl\":\"https:\/\/www.montalegre.org\/wp-content\/uploads\/2022\/04\/detall-flors-i-canelobres.jpg\",\"width\":768,\"height\":1024},{\"@type\":\"BreadcrumbList\",\"@id\":\"https:\/\/www.montalegre.org\/es\/2022\/04\/la-rehabilitacion-de-montalegre-a-punto-de-acabar\/#breadcrumb\",\"itemListElement\":[{\"@type\":\"ListItem\",\"position\":1,\"name\":\"Portada\",\"item\":\"https:\/\/www.montalegre.org\/es\/\"},{\"@type\":\"ListItem\",\"position\":2,\"name\":\"La rehabilitaci\u00f3n de Montalegre a punto de acabar\"}]},{\"@type\":\"WebSite\",\"@id\":\"https:\/\/www.montalegre.org\/es\/#website\",\"url\":\"https:\/\/www.montalegre.org\/es\/\",\"name\":\"Montalegre\",\"description\":\"\",\"potentialAction\":[{\"@type\":\"SearchAction\",\"target\":{\"@type\":\"EntryPoint\",\"urlTemplate\":\"https:\/\/www.montalegre.org\/es\/?s={search_term_string}\"},\"query-input\":{\"@type\":\"PropertyValueSpecification\",\"valueRequired\":true,\"valueName\":\"search_term_string\"}}],\"inLanguage\":\"es\"},{\"@type\":\"Person\",\"@id\":\"https:\/\/www.montalegre.org\/es\/#\/schema\/person\/fa12d4cf3a3f1735a9176b4fafd6a633\",\"name\":\"montalegre\",\"image\":{\"@type\":\"ImageObject\",\"inLanguage\":\"es\",\"@id\":\"https:\/\/www.montalegre.org\/es\/#\/schema\/person\/image\/\",\"url\":\"https:\/\/secure.gravatar.com\/avatar\/fe6d886cf5081e723c666dceda1f12d4f39070fa2ed4e79695edc3ca355c9b5a?s=96&d=mm&r=g\",\"contentUrl\":\"https:\/\/secure.gravatar.com\/avatar\/fe6d886cf5081e723c666dceda1f12d4f39070fa2ed4e79695edc3ca355c9b5a?s=96&d=mm&r=g\",\"caption\":\"montalegre\"},\"url\":\"https:\/\/www.montalegre.org\/es\/author\/montalegre\/\"}]}<\/script>\n<!-- \/ Yoast SEO plugin. -->","yoast_head_json":{"title":"La rehabilitaci\u00f3n de Montalegre a punto de acabar - Montalegre","robots":{"index":"index","follow":"follow","max-snippet":"max-snippet:-1","max-image-preview":"max-image-preview:large","max-video-preview":"max-video-preview:-1"},"canonical":"https:\/\/www.montalegre.org\/es\/2022\/04\/la-rehabilitacion-de-montalegre-a-punto-de-acabar\/","og_locale":"es_ES","og_type":"article","og_title":"La rehabilitaci\u00f3n de Montalegre a punto de acabar - Montalegre","og_description":"Ayer, 25 de abril de 2022, se cumpli\u00f3 un mes de la Consagraci\u00f3n de Ucrania y Rusia al Coraz\u00f3n Inmaculado de Mar\u00eda, celebraci\u00f3n que tambi\u00e9n se realiz\u00f3 en Montalegre ante el Sant\u00edsimo Sacramento, despu\u00e9s del rezo del santo rosario de todos los fieles congregados en la Capilla, seguido de la santa misa y el V\u00eda [&hellip;]","og_url":"https:\/\/www.montalegre.org\/es\/2022\/04\/la-rehabilitacion-de-montalegre-a-punto-de-acabar\/","og_site_name":"Montalegre","article_published_time":"2022-04-26T17:26:37+00:00","article_modified_time":"2022-04-27T12:28:47+00:00","og_image":[{"width":768,"height":1024,"url":"https:\/\/www.montalegre.org\/wp-content\/uploads\/2022\/04\/detall-flors-i-canelobres.jpg","type":"image\/jpeg"}],"author":"montalegre","twitter_card":"summary_large_image","twitter_misc":{"Escrito por":"montalegre","Tiempo de lectura":"2 minutos"},"schema":{"@context":"https:\/\/schema.org","@graph":[{"@type":"Article","@id":"https:\/\/www.montalegre.org\/es\/2022\/04\/la-rehabilitacion-de-montalegre-a-punto-de-acabar\/#article","isPartOf":{"@id":"https:\/\/www.montalegre.org\/es\/2022\/04\/la-rehabilitacion-de-montalegre-a-punto-de-acabar\/"},"author":{"name":"montalegre","@id":"https:\/\/www.montalegre.org\/es\/#\/schema\/person\/fa12d4cf3a3f1735a9176b4fafd6a633"},"headline":"La rehabilitaci\u00f3n de Montalegre a punto de acabar","datePublished":"2022-04-26T17:26:37+00:00","dateModified":"2022-04-27T12:28:47+00:00","mainEntityOfPage":{"@id":"https:\/\/www.montalegre.org\/es\/2022\/04\/la-rehabilitacion-de-montalegre-a-punto-de-acabar\/"},"wordCount":384,"commentCount":0,"image":{"@id":"https:\/\/www.montalegre.org\/es\/2022\/04\/la-rehabilitacion-de-montalegre-a-punto-de-acabar\/#primaryimage"},"thumbnailUrl":"https:\/\/www.montalegre.org\/wp-content\/uploads\/2022\/04\/detall-flors-i-canelobres.jpg","articleSection":["Noticias de Montalegre"],"inLanguage":"es","potentialAction":[{"@type":"CommentAction","name":"Comment","target":["https:\/\/www.montalegre.org\/es\/2022\/04\/la-rehabilitacion-de-montalegre-a-punto-de-acabar\/#respond"]}]},{"@type":"WebPage","@id":"https:\/\/www.montalegre.org\/es\/2022\/04\/la-rehabilitacion-de-montalegre-a-punto-de-acabar\/","url":"https:\/\/www.montalegre.org\/es\/2022\/04\/la-rehabilitacion-de-montalegre-a-punto-de-acabar\/","name":"La rehabilitaci\u00f3n de Montalegre a punto de acabar - Montalegre","isPartOf":{"@id":"https:\/\/www.montalegre.org\/es\/#website"},"primaryImageOfPage":{"@id":"https:\/\/www.montalegre.org\/es\/2022\/04\/la-rehabilitacion-de-montalegre-a-punto-de-acabar\/#primaryimage"},"image":{"@id":"https:\/\/www.montalegre.org\/es\/2022\/04\/la-rehabilitacion-de-montalegre-a-punto-de-acabar\/#primaryimage"},"thumbnailUrl":"https:\/\/www.montalegre.org\/wp-content\/uploads\/2022\/04\/detall-flors-i-canelobres.jpg","datePublished":"2022-04-26T17:26:37+00:00","dateModified":"2022-04-27T12:28:47+00:00","author":{"@id":"https:\/\/www.montalegre.org\/es\/#\/schema\/person\/fa12d4cf3a3f1735a9176b4fafd6a633"},"breadcrumb":{"@id":"https:\/\/www.montalegre.org\/es\/2022\/04\/la-rehabilitacion-de-montalegre-a-punto-de-acabar\/#breadcrumb"},"inLanguage":"es","potentialAction":[{"@type":"ReadAction","target":["https:\/\/www.montalegre.org\/es\/2022\/04\/la-rehabilitacion-de-montalegre-a-punto-de-acabar\/"]}]},{"@type":"ImageObject","inLanguage":"es","@id":"https:\/\/www.montalegre.org\/es\/2022\/04\/la-rehabilitacion-de-montalegre-a-punto-de-acabar\/#primaryimage","url":"https:\/\/www.montalegre.org\/wp-content\/uploads\/2022\/04\/detall-flors-i-canelobres.jpg","contentUrl":"https:\/\/www.montalegre.org\/wp-content\/uploads\/2022\/04\/detall-flors-i-canelobres.jpg","width":768,"height":1024},{"@type":"BreadcrumbList","@id":"https:\/\/www.montalegre.org\/es\/2022\/04\/la-rehabilitacion-de-montalegre-a-punto-de-acabar\/#breadcrumb","itemListElement":[{"@type":"ListItem","position":1,"name":"Portada","item":"https:\/\/www.montalegre.org\/es\/"},{"@type":"ListItem","position":2,"name":"La rehabilitaci\u00f3n de Montalegre a punto de acabar"}]},{"@type":"WebSite","@id":"https:\/\/www.montalegre.org\/es\/#website","url":"https:\/\/www.montalegre.org\/es\/","name":"Montalegre","description":"","potentialAction":[{"@type":"SearchAction","target":{"@type":"EntryPoint","urlTemplate":"https:\/\/www.montalegre.org\/es\/?s={search_term_string}"},"query-input":{"@type":"PropertyValueSpecification","valueRequired":true,"valueName":"search_term_string"}}],"inLanguage":"es"},{"@type":"Person","@id":"https:\/\/www.montalegre.org\/es\/#\/schema\/person\/fa12d4cf3a3f1735a9176b4fafd6a633","name":"montalegre","image":{"@type":"ImageObject","inLanguage":"es","@id":"https:\/\/www.montalegre.org\/es\/#\/schema\/person\/image\/","url":"https:\/\/secure.gravatar.com\/avatar\/fe6d886cf5081e723c666dceda1f12d4f39070fa2ed4e79695edc3ca355c9b5a?s=96&d=mm&r=g","contentUrl":"https:\/\/secure.gravatar.com\/avatar\/fe6d886cf5081e723c666dceda1f12d4f39070fa2ed4e79695edc3ca355c9b5a?s=96&d=mm&r=g","caption":"montalegre"},"url":"https:\/\/www.montalegre.org\/es\/author\/montalegre\/"}]}},"_links":{"self":[{"href":"https:\/\/www.montalegre.org\/es\/wp-json\/wp\/v2\/posts\/16427","targetHints":{"allow":["GET"]}}],"collection":[{"href":"https:\/\/www.montalegre.org\/es\/wp-json\/wp\/v2\/posts"}],"about":[{"href":"https:\/\/www.montalegre.org\/es\/wp-json\/wp\/v2\/types\/post"}],"author":[{"embeddable":true,"href":"https:\/\/www.montalegre.org\/es\/wp-json\/wp\/v2\/users\/4"}],"replies":[{"embeddable":true,"href":"https:\/\/www.montalegre.org\/es\/wp-json\/wp\/v2\/comments?post=16427"}],"version-history":[{"count":4,"href":"https:\/\/www.montalegre.org\/es\/wp-json\/wp\/v2\/posts\/16427\/revisions"}],"predecessor-version":[{"id":16440,"href":"https:\/\/www.montalegre.org\/es\/wp-json\/wp\/v2\/posts\/16427\/revisions\/16440"}],"wp:featuredmedia":[{"embeddable":true,"href":"https:\/\/www.montalegre.org\/es\/wp-json\/wp\/v2\/media\/16434"}],"wp:attachment":[{"href":"https:\/\/www.montalegre.org\/es\/wp-json\/wp\/v2\/media?parent=16427"}],"wp:term":[{"taxonomy":"category","embeddable":true,"href":"https:\/\/www.montalegre.org\/es\/wp-json\/wp\/v2\/categories?post=16427"},{"taxonomy":"post_tag","embeddable":true,"href":"https:\/\/www.montalegre.org\/es\/wp-json\/wp\/v2\/tags?post=16427"}],"curies":[{"name":"wp","href":"https:\/\/api.w.org\/{rel}","templated":true}]}}