{"id":16251,"date":"2021-12-23T13:08:34","date_gmt":"2021-12-23T13:08:34","guid":{"rendered":"https:\/\/www.montalegre.org\/?p=16251"},"modified":"2021-12-23T13:28:50","modified_gmt":"2021-12-23T13:28:50","slug":"en-el-aprendizaje-de-conocerse-y-quererse","status":"publish","type":"post","link":"https:\/\/www.montalegre.org\/es\/2021\/12\/en-el-aprendizaje-de-conocerse-y-quererse\/","title":{"rendered":"En el aprendizaje de conocerse y quererse"},"content":{"rendered":"<p>Los \u00faltimos d\u00edas del a\u00f1o 2021 nos van pisando los talones y todav\u00eda no hemos explicado nada sobre la actividad formativa que en este pasado oto\u00f1o se inici\u00f3 en Montalegre, la cual ha sido muy bien acogida por los j\u00f3venes, los destinatarios escogidos: APRENDER A QUERER.<\/p>\n<p>Podr\u00edamos remontarnos a sus or\u00edgenes y recordar el texto del Papa Francisco, llamado AMORIS LAETITIA. En aquel texto el Santo Padre nos empelaba a todos los cristianos, j\u00f3venes y mayores, mujeres y hombres, sacerdotes y laicos, religiosos y seglares a que abri\u00e9ramos nuestro coraz\u00f3n y empez\u00e1semos a AMAR de verdad. En su momento en Montalegre se abri\u00f3 el debate y se ofrecieron diferentes charlas en ese sentido. Pero eso no era suficiente, pues el Santo Padre daba hincapi\u00e9 al ACOMPA\u00d1AMIENTO, a los novios, a los matrimonios, a los separados, a los divorciados, a los que quer\u00edan casarse o volverse a casar\u2026.<\/p>\n<p><a href=\"https:\/\/www.montalegre.org\/wp-content\/uploads\/2021\/12\/descarga-1.jpg\"><img loading=\"lazy\" decoding=\"async\" class=\"alignleft wp-image-16254\" src=\"https:\/\/www.montalegre.org\/wp-content\/uploads\/2021\/12\/descarga-1.jpg\" alt=\"\" width=\"297\" height=\"420\" \/><\/a>Por lo tanto, se iniciaba un Camino muy importante y comprometido para la Iglesia y sus miembros. Los obispos de todas las di\u00f3cesis del mundo hab\u00edan de empezar a trabajar en esa l\u00ednea. De esta manera nos plantamos en el mes de febrero de 2020, a pocas fechas del confinamiento general de la poblaci\u00f3n en Espa\u00f1a y de camino el resto del mundo, mes en el que la CEE (Conferencia Episcopal Espa\u00f1ola) present\u00f3 la edici\u00f3n del dossier llamado JUNTOS EN CAMINO, en el que dise\u00f1aba las bases del trabajo que propon\u00eda a las di\u00f3cesis de Espa\u00f1a para llevar adelante el proyecto del Papa de la AMORIS LAETITIA.<\/p>\n<p>Y aqu\u00ed estamos con APRENDER A QUERER, actividad dirigida por Mn. Manel Mallol que trabaja en Montalegre desde hace muchos a\u00f1os y es muy conocido por su predicaci\u00f3n pr\u00e1ctica y clara. La actividad se desarrolla en di\u00e1logo e intercambio de pareceres y opiniones. No se trata de una clase magistral ni de una meditaci\u00f3n, se trata de hablar y conocerse para realmente aprender a amar.<\/p>\n<p>Esta actividad no requiere inscripci\u00f3n, es para chicos y chicas, y se realiza el segundo viernes de cada mes, a partir de las 19.30h en Montalegre.<\/p>\n<p>Isabel Hern\u00e1ndez Esteban<\/p>\n","protected":false},"excerpt":{"rendered":"<p>Los \u00faltimos d\u00edas del a\u00f1o 2021 nos van pisando los talones y todav\u00eda no hemos explicado nada sobre la actividad formativa que en este pasado oto\u00f1o se inici\u00f3 en Montalegre, la cual ha sido muy bien acogida por los j\u00f3venes, los destinatarios escogidos: APRENDER A QUERER. Podr\u00edamos remontarnos a sus or\u00edgenes y recordar el texto [&hellip;]<\/p>\n","protected":false},"author":4,"featured_media":16259,"comment_status":"open","ping_status":"open","sticky":false,"template":"","format":"standard","meta":{"footnotes":""},"categories":[31],"tags":[],"class_list":["post-16251","post","type-post","status-publish","format-standard","has-post-thumbnail","hentry","category-actualidad"],"yoast_head":"<!-- This site is optimized with the Yoast SEO plugin v27.1.1 - https:\/\/yoast.com\/product\/yoast-seo-wordpress\/ -->\n<title>En el aprendizaje de conocerse y quererse - Montalegre<\/title>\n<meta name=\"robots\" content=\"index, follow, max-snippet:-1, max-image-preview:large, max-video-preview:-1\" \/>\n<link rel=\"canonical\" href=\"https:\/\/www.montalegre.org\/es\/2021\/12\/en-el-aprendizaje-de-conocerse-y-quererse\/\" \/>\n<meta property=\"og:locale\" content=\"es_ES\" \/>\n<meta property=\"og:type\" content=\"article\" \/>\n<meta property=\"og:title\" content=\"En el aprendizaje de conocerse y quererse - Montalegre\" \/>\n<meta property=\"og:description\" content=\"Los \u00faltimos d\u00edas del a\u00f1o 2021 nos van pisando los talones y todav\u00eda no hemos explicado nada sobre la actividad formativa que en este pasado oto\u00f1o se inici\u00f3 en Montalegre, la cual ha sido muy bien acogida por los j\u00f3venes, los destinatarios escogidos: APRENDER A QUERER. Podr\u00edamos remontarnos a sus or\u00edgenes y recordar el texto [&hellip;]\" \/>\n<meta property=\"og:url\" content=\"https:\/\/www.montalegre.org\/es\/2021\/12\/en-el-aprendizaje-de-conocerse-y-quererse\/\" \/>\n<meta property=\"og:site_name\" content=\"Montalegre\" \/>\n<meta property=\"article:published_time\" content=\"2021-12-23T13:08:34+00:00\" \/>\n<meta property=\"article:modified_time\" content=\"2021-12-23T13:28:50+00:00\" \/>\n<meta property=\"og:image\" content=\"https:\/\/www.montalegre.org\/wp-content\/uploads\/2021\/12\/IMG-20211020-WA0000-retallat.jpg\" \/>\n\t<meta property=\"og:image:width\" content=\"493\" \/>\n\t<meta property=\"og:image:height\" content=\"493\" \/>\n\t<meta property=\"og:image:type\" content=\"image\/jpeg\" \/>\n<meta name=\"author\" content=\"montalegre\" \/>\n<meta name=\"twitter:card\" content=\"summary_large_image\" \/>\n<meta name=\"twitter:label1\" content=\"Escrito por\" \/>\n\t<meta name=\"twitter:data1\" content=\"montalegre\" \/>\n\t<meta name=\"twitter:label2\" content=\"Tiempo de lectura\" \/>\n\t<meta name=\"twitter:data2\" content=\"2 minutos\" \/>\n<script type=\"application\/ld+json\" class=\"yoast-schema-graph\">{\"@context\":\"https:\/\/schema.org\",\"@graph\":[{\"@type\":\"Article\",\"@id\":\"https:\/\/www.montalegre.org\/es\/2021\/12\/en-el-aprendizaje-de-conocerse-y-quererse\/#article\",\"isPartOf\":{\"@id\":\"https:\/\/www.montalegre.org\/es\/2021\/12\/en-el-aprendizaje-de-conocerse-y-quererse\/\"},\"author\":{\"name\":\"montalegre\",\"@id\":\"https:\/\/www.montalegre.org\/es\/#\/schema\/person\/fa12d4cf3a3f1735a9176b4fafd6a633\"},\"headline\":\"En el aprendizaje de conocerse y quererse\",\"datePublished\":\"2021-12-23T13:08:34+00:00\",\"dateModified\":\"2021-12-23T13:28:50+00:00\",\"mainEntityOfPage\":{\"@id\":\"https:\/\/www.montalegre.org\/es\/2021\/12\/en-el-aprendizaje-de-conocerse-y-quererse\/\"},\"wordCount\":384,\"commentCount\":0,\"image\":{\"@id\":\"https:\/\/www.montalegre.org\/es\/2021\/12\/en-el-aprendizaje-de-conocerse-y-quererse\/#primaryimage\"},\"thumbnailUrl\":\"https:\/\/www.montalegre.org\/wp-content\/uploads\/2021\/12\/IMG-20211020-WA0000-retallat.jpg\",\"articleSection\":[\"Actualidad\"],\"inLanguage\":\"es\",\"potentialAction\":[{\"@type\":\"CommentAction\",\"name\":\"Comment\",\"target\":[\"https:\/\/www.montalegre.org\/es\/2021\/12\/en-el-aprendizaje-de-conocerse-y-quererse\/#respond\"]}]},{\"@type\":\"WebPage\",\"@id\":\"https:\/\/www.montalegre.org\/es\/2021\/12\/en-el-aprendizaje-de-conocerse-y-quererse\/\",\"url\":\"https:\/\/www.montalegre.org\/es\/2021\/12\/en-el-aprendizaje-de-conocerse-y-quererse\/\",\"name\":\"En el aprendizaje de conocerse y quererse - Montalegre\",\"isPartOf\":{\"@id\":\"https:\/\/www.montalegre.org\/es\/#website\"},\"primaryImageOfPage\":{\"@id\":\"https:\/\/www.montalegre.org\/es\/2021\/12\/en-el-aprendizaje-de-conocerse-y-quererse\/#primaryimage\"},\"image\":{\"@id\":\"https:\/\/www.montalegre.org\/es\/2021\/12\/en-el-aprendizaje-de-conocerse-y-quererse\/#primaryimage\"},\"thumbnailUrl\":\"https:\/\/www.montalegre.org\/wp-content\/uploads\/2021\/12\/IMG-20211020-WA0000-retallat.jpg\",\"datePublished\":\"2021-12-23T13:08:34+00:00\",\"dateModified\":\"2021-12-23T13:28:50+00:00\",\"author\":{\"@id\":\"https:\/\/www.montalegre.org\/es\/#\/schema\/person\/fa12d4cf3a3f1735a9176b4fafd6a633\"},\"breadcrumb\":{\"@id\":\"https:\/\/www.montalegre.org\/es\/2021\/12\/en-el-aprendizaje-de-conocerse-y-quererse\/#breadcrumb\"},\"inLanguage\":\"es\",\"potentialAction\":[{\"@type\":\"ReadAction\",\"target\":[\"https:\/\/www.montalegre.org\/es\/2021\/12\/en-el-aprendizaje-de-conocerse-y-quererse\/\"]}]},{\"@type\":\"ImageObject\",\"inLanguage\":\"es\",\"@id\":\"https:\/\/www.montalegre.org\/es\/2021\/12\/en-el-aprendizaje-de-conocerse-y-quererse\/#primaryimage\",\"url\":\"https:\/\/www.montalegre.org\/wp-content\/uploads\/2021\/12\/IMG-20211020-WA0000-retallat.jpg\",\"contentUrl\":\"https:\/\/www.montalegre.org\/wp-content\/uploads\/2021\/12\/IMG-20211020-WA0000-retallat.jpg\",\"width\":493,\"height\":493},{\"@type\":\"BreadcrumbList\",\"@id\":\"https:\/\/www.montalegre.org\/es\/2021\/12\/en-el-aprendizaje-de-conocerse-y-quererse\/#breadcrumb\",\"itemListElement\":[{\"@type\":\"ListItem\",\"position\":1,\"name\":\"Portada\",\"item\":\"https:\/\/www.montalegre.org\/es\/\"},{\"@type\":\"ListItem\",\"position\":2,\"name\":\"En el aprendizaje de conocerse y quererse\"}]},{\"@type\":\"WebSite\",\"@id\":\"https:\/\/www.montalegre.org\/es\/#website\",\"url\":\"https:\/\/www.montalegre.org\/es\/\",\"name\":\"Montalegre\",\"description\":\"\",\"potentialAction\":[{\"@type\":\"SearchAction\",\"target\":{\"@type\":\"EntryPoint\",\"urlTemplate\":\"https:\/\/www.montalegre.org\/es\/?s={search_term_string}\"},\"query-input\":{\"@type\":\"PropertyValueSpecification\",\"valueRequired\":true,\"valueName\":\"search_term_string\"}}],\"inLanguage\":\"es\"},{\"@type\":\"Person\",\"@id\":\"https:\/\/www.montalegre.org\/es\/#\/schema\/person\/fa12d4cf3a3f1735a9176b4fafd6a633\",\"name\":\"montalegre\",\"image\":{\"@type\":\"ImageObject\",\"inLanguage\":\"es\",\"@id\":\"https:\/\/www.montalegre.org\/es\/#\/schema\/person\/image\/\",\"url\":\"https:\/\/secure.gravatar.com\/avatar\/fe6d886cf5081e723c666dceda1f12d4f39070fa2ed4e79695edc3ca355c9b5a?s=96&d=mm&r=g\",\"contentUrl\":\"https:\/\/secure.gravatar.com\/avatar\/fe6d886cf5081e723c666dceda1f12d4f39070fa2ed4e79695edc3ca355c9b5a?s=96&d=mm&r=g\",\"caption\":\"montalegre\"},\"url\":\"https:\/\/www.montalegre.org\/es\/author\/montalegre\/\"}]}<\/script>\n<!-- \/ Yoast SEO plugin. -->","yoast_head_json":{"title":"En el aprendizaje de conocerse y quererse - Montalegre","robots":{"index":"index","follow":"follow","max-snippet":"max-snippet:-1","max-image-preview":"max-image-preview:large","max-video-preview":"max-video-preview:-1"},"canonical":"https:\/\/www.montalegre.org\/es\/2021\/12\/en-el-aprendizaje-de-conocerse-y-quererse\/","og_locale":"es_ES","og_type":"article","og_title":"En el aprendizaje de conocerse y quererse - Montalegre","og_description":"Los \u00faltimos d\u00edas del a\u00f1o 2021 nos van pisando los talones y todav\u00eda no hemos explicado nada sobre la actividad formativa que en este pasado oto\u00f1o se inici\u00f3 en Montalegre, la cual ha sido muy bien acogida por los j\u00f3venes, los destinatarios escogidos: APRENDER A QUERER. Podr\u00edamos remontarnos a sus or\u00edgenes y recordar el texto [&hellip;]","og_url":"https:\/\/www.montalegre.org\/es\/2021\/12\/en-el-aprendizaje-de-conocerse-y-quererse\/","og_site_name":"Montalegre","article_published_time":"2021-12-23T13:08:34+00:00","article_modified_time":"2021-12-23T13:28:50+00:00","og_image":[{"width":493,"height":493,"url":"https:\/\/www.montalegre.org\/wp-content\/uploads\/2021\/12\/IMG-20211020-WA0000-retallat.jpg","type":"image\/jpeg"}],"author":"montalegre","twitter_card":"summary_large_image","twitter_misc":{"Escrito por":"montalegre","Tiempo de lectura":"2 minutos"},"schema":{"@context":"https:\/\/schema.org","@graph":[{"@type":"Article","@id":"https:\/\/www.montalegre.org\/es\/2021\/12\/en-el-aprendizaje-de-conocerse-y-quererse\/#article","isPartOf":{"@id":"https:\/\/www.montalegre.org\/es\/2021\/12\/en-el-aprendizaje-de-conocerse-y-quererse\/"},"author":{"name":"montalegre","@id":"https:\/\/www.montalegre.org\/es\/#\/schema\/person\/fa12d4cf3a3f1735a9176b4fafd6a633"},"headline":"En el aprendizaje de conocerse y quererse","datePublished":"2021-12-23T13:08:34+00:00","dateModified":"2021-12-23T13:28:50+00:00","mainEntityOfPage":{"@id":"https:\/\/www.montalegre.org\/es\/2021\/12\/en-el-aprendizaje-de-conocerse-y-quererse\/"},"wordCount":384,"commentCount":0,"image":{"@id":"https:\/\/www.montalegre.org\/es\/2021\/12\/en-el-aprendizaje-de-conocerse-y-quererse\/#primaryimage"},"thumbnailUrl":"https:\/\/www.montalegre.org\/wp-content\/uploads\/2021\/12\/IMG-20211020-WA0000-retallat.jpg","articleSection":["Actualidad"],"inLanguage":"es","potentialAction":[{"@type":"CommentAction","name":"Comment","target":["https:\/\/www.montalegre.org\/es\/2021\/12\/en-el-aprendizaje-de-conocerse-y-quererse\/#respond"]}]},{"@type":"WebPage","@id":"https:\/\/www.montalegre.org\/es\/2021\/12\/en-el-aprendizaje-de-conocerse-y-quererse\/","url":"https:\/\/www.montalegre.org\/es\/2021\/12\/en-el-aprendizaje-de-conocerse-y-quererse\/","name":"En el aprendizaje de conocerse y quererse - Montalegre","isPartOf":{"@id":"https:\/\/www.montalegre.org\/es\/#website"},"primaryImageOfPage":{"@id":"https:\/\/www.montalegre.org\/es\/2021\/12\/en-el-aprendizaje-de-conocerse-y-quererse\/#primaryimage"},"image":{"@id":"https:\/\/www.montalegre.org\/es\/2021\/12\/en-el-aprendizaje-de-conocerse-y-quererse\/#primaryimage"},"thumbnailUrl":"https:\/\/www.montalegre.org\/wp-content\/uploads\/2021\/12\/IMG-20211020-WA0000-retallat.jpg","datePublished":"2021-12-23T13:08:34+00:00","dateModified":"2021-12-23T13:28:50+00:00","author":{"@id":"https:\/\/www.montalegre.org\/es\/#\/schema\/person\/fa12d4cf3a3f1735a9176b4fafd6a633"},"breadcrumb":{"@id":"https:\/\/www.montalegre.org\/es\/2021\/12\/en-el-aprendizaje-de-conocerse-y-quererse\/#breadcrumb"},"inLanguage":"es","potentialAction":[{"@type":"ReadAction","target":["https:\/\/www.montalegre.org\/es\/2021\/12\/en-el-aprendizaje-de-conocerse-y-quererse\/"]}]},{"@type":"ImageObject","inLanguage":"es","@id":"https:\/\/www.montalegre.org\/es\/2021\/12\/en-el-aprendizaje-de-conocerse-y-quererse\/#primaryimage","url":"https:\/\/www.montalegre.org\/wp-content\/uploads\/2021\/12\/IMG-20211020-WA0000-retallat.jpg","contentUrl":"https:\/\/www.montalegre.org\/wp-content\/uploads\/2021\/12\/IMG-20211020-WA0000-retallat.jpg","width":493,"height":493},{"@type":"BreadcrumbList","@id":"https:\/\/www.montalegre.org\/es\/2021\/12\/en-el-aprendizaje-de-conocerse-y-quererse\/#breadcrumb","itemListElement":[{"@type":"ListItem","position":1,"name":"Portada","item":"https:\/\/www.montalegre.org\/es\/"},{"@type":"ListItem","position":2,"name":"En el aprendizaje de conocerse y quererse"}]},{"@type":"WebSite","@id":"https:\/\/www.montalegre.org\/es\/#website","url":"https:\/\/www.montalegre.org\/es\/","name":"Montalegre","description":"","potentialAction":[{"@type":"SearchAction","target":{"@type":"EntryPoint","urlTemplate":"https:\/\/www.montalegre.org\/es\/?s={search_term_string}"},"query-input":{"@type":"PropertyValueSpecification","valueRequired":true,"valueName":"search_term_string"}}],"inLanguage":"es"},{"@type":"Person","@id":"https:\/\/www.montalegre.org\/es\/#\/schema\/person\/fa12d4cf3a3f1735a9176b4fafd6a633","name":"montalegre","image":{"@type":"ImageObject","inLanguage":"es","@id":"https:\/\/www.montalegre.org\/es\/#\/schema\/person\/image\/","url":"https:\/\/secure.gravatar.com\/avatar\/fe6d886cf5081e723c666dceda1f12d4f39070fa2ed4e79695edc3ca355c9b5a?s=96&d=mm&r=g","contentUrl":"https:\/\/secure.gravatar.com\/avatar\/fe6d886cf5081e723c666dceda1f12d4f39070fa2ed4e79695edc3ca355c9b5a?s=96&d=mm&r=g","caption":"montalegre"},"url":"https:\/\/www.montalegre.org\/es\/author\/montalegre\/"}]}},"_links":{"self":[{"href":"https:\/\/www.montalegre.org\/es\/wp-json\/wp\/v2\/posts\/16251","targetHints":{"allow":["GET"]}}],"collection":[{"href":"https:\/\/www.montalegre.org\/es\/wp-json\/wp\/v2\/posts"}],"about":[{"href":"https:\/\/www.montalegre.org\/es\/wp-json\/wp\/v2\/types\/post"}],"author":[{"embeddable":true,"href":"https:\/\/www.montalegre.org\/es\/wp-json\/wp\/v2\/users\/4"}],"replies":[{"embeddable":true,"href":"https:\/\/www.montalegre.org\/es\/wp-json\/wp\/v2\/comments?post=16251"}],"version-history":[{"count":2,"href":"https:\/\/www.montalegre.org\/es\/wp-json\/wp\/v2\/posts\/16251\/revisions"}],"predecessor-version":[{"id":16262,"href":"https:\/\/www.montalegre.org\/es\/wp-json\/wp\/v2\/posts\/16251\/revisions\/16262"}],"wp:featuredmedia":[{"embeddable":true,"href":"https:\/\/www.montalegre.org\/es\/wp-json\/wp\/v2\/media\/16259"}],"wp:attachment":[{"href":"https:\/\/www.montalegre.org\/es\/wp-json\/wp\/v2\/media?parent=16251"}],"wp:term":[{"taxonomy":"category","embeddable":true,"href":"https:\/\/www.montalegre.org\/es\/wp-json\/wp\/v2\/categories?post=16251"},{"taxonomy":"post_tag","embeddable":true,"href":"https:\/\/www.montalegre.org\/es\/wp-json\/wp\/v2\/tags?post=16251"}],"curies":[{"name":"wp","href":"https:\/\/api.w.org\/{rel}","templated":true}]}}