{"id":16227,"date":"2021-12-13T19:08:06","date_gmt":"2021-12-13T19:08:06","guid":{"rendered":"https:\/\/www.montalegre.org\/?p=16227"},"modified":"2021-12-13T19:08:30","modified_gmt":"2021-12-13T19:08:30","slug":"nace-en-una-familia","status":"publish","type":"post","link":"https:\/\/www.montalegre.org\/es\/2021\/12\/nace-en-una-familia\/","title":{"rendered":"Nace en una familia"},"content":{"rendered":"<p>Nos estamos preparando para celebrar, un a\u00f1o m\u00e1s, el Nacimiento del Hijo de Dios. La Iglesia nos invita a vivir estas semanas de Adviento con la esperanza de la venida del Se\u00f1or: \u00a1Ven Se\u00f1or Jes\u00fas! exclama la liturgia!<\/p>\n<p>Y el Se\u00f1or viene y nace en Bel\u00e9n. Crece, aprende y asume las responsabilidades propias de un hijo, de un joven y de un adulto y se muestra a su pueblo como el Mes\u00edas esperado, el Salvador y Redentor, dando su vida por nosotros, en una familia. Nos muestra as\u00ed la maravilla del ser humano y del don de la vida, para que nos decidamos a creer en \u00c9l y seguir el camino que nos conduce hasta \u00c9l.<\/p>\n<p>De ah\u00ed la importancia de fijarnos en la vida del Ni\u00f1o-Dios desde su nacimiento hasta su muerte. Su vida transcurre en el seno de una familia. Nace en una familia, tiene a su madre y a su padre, crece en esa familia, aprende en esa familia, ayuda a al familia con su trabajo, alegr\u00eda y con su amor. Asume su responsabilidad ante la muerte de San Jos\u00e9. Su madre lo sigue durante los a\u00f1os de predicaci\u00f3n y anuncio de la Buena Nueva y est\u00e1 junto a \u00c9l a los pies de la Cruz.<\/p>\n<p>En la Solemnidad del Inmaculada Concepci\u00f3n de Mar\u00eda concluiremos el a\u00f1o de San Jos\u00e9; el d\u00eda de Navidad celebraremos con gozo el nacimiento del Hijo de Dios y al d\u00eda siguiente la Fiesta de la Sagrada Familia de Nazaret, dentro del a\u00f1o especial dedicado a la Familia y a la alegr\u00eda del amor matrimonial. Por eso, queremos vivir intensamente este tiempo de Adviento, que nos habla de esa maravillosa realidad del amor familiar. En la familia nos descubrimos a nosotros mismos y descubrimos a los dem\u00e1s. Es nuestro lugar, por eso es nuestro hogar. Lo propio de cada persona es nacer y vivir en familia, como lo hicieron Jes\u00fas, Mar\u00eda y Jos\u00e9.<\/p>\n<p>Al montar el Bel\u00e9n pid\u00e1mosle a la Sagrada Familia que nos ayude a redescubrir el valor y el significado de la familia, el valor y significado de la persona.<\/p>\n<p style=\"text-align: center;\">\u00a1Feliz Navidad!<\/p>\n<p>Mn. Xavier Argelich<\/p>\n","protected":false},"excerpt":{"rendered":"<p>Nos estamos preparando para celebrar, un a\u00f1o m\u00e1s, el Nacimiento del Hijo de Dios. La Iglesia nos invita a vivir estas semanas de Adviento con la esperanza de la venida del Se\u00f1or: \u00a1Ven Se\u00f1or Jes\u00fas! exclama la liturgia! Y el Se\u00f1or viene y nace en Bel\u00e9n. Crece, aprende y asume las responsabilidades propias de un [&hellip;]<\/p>\n","protected":false},"author":4,"featured_media":0,"comment_status":"open","ping_status":"open","sticky":false,"template":"","format":"standard","meta":{"footnotes":""},"categories":[52],"tags":[],"class_list":["post-16227","post","type-post","status-publish","format-standard","hentry","category-editorial"],"yoast_head":"<!-- This site is optimized with the Yoast SEO plugin v27.1.1 - https:\/\/yoast.com\/product\/yoast-seo-wordpress\/ -->\n<title>Nace en una familia - Montalegre<\/title>\n<meta name=\"robots\" content=\"index, follow, max-snippet:-1, max-image-preview:large, max-video-preview:-1\" \/>\n<link rel=\"canonical\" href=\"https:\/\/www.montalegre.org\/es\/2021\/12\/nace-en-una-familia\/\" \/>\n<meta property=\"og:locale\" content=\"es_ES\" \/>\n<meta property=\"og:type\" content=\"article\" \/>\n<meta property=\"og:title\" content=\"Nace en una familia - Montalegre\" \/>\n<meta property=\"og:description\" content=\"Nos estamos preparando para celebrar, un a\u00f1o m\u00e1s, el Nacimiento del Hijo de Dios. La Iglesia nos invita a vivir estas semanas de Adviento con la esperanza de la venida del Se\u00f1or: \u00a1Ven Se\u00f1or Jes\u00fas! exclama la liturgia! Y el Se\u00f1or viene y nace en Bel\u00e9n. Crece, aprende y asume las responsabilidades propias de un [&hellip;]\" \/>\n<meta property=\"og:url\" content=\"https:\/\/www.montalegre.org\/es\/2021\/12\/nace-en-una-familia\/\" \/>\n<meta property=\"og:site_name\" content=\"Montalegre\" \/>\n<meta property=\"article:published_time\" content=\"2021-12-13T19:08:06+00:00\" \/>\n<meta property=\"article:modified_time\" content=\"2021-12-13T19:08:30+00:00\" \/>\n<meta name=\"author\" content=\"montalegre\" \/>\n<meta name=\"twitter:card\" content=\"summary_large_image\" \/>\n<meta name=\"twitter:label1\" content=\"Escrito por\" \/>\n\t<meta name=\"twitter:data1\" content=\"montalegre\" \/>\n\t<meta name=\"twitter:label2\" content=\"Tiempo de lectura\" \/>\n\t<meta name=\"twitter:data2\" content=\"2 minutos\" \/>\n<script type=\"application\/ld+json\" class=\"yoast-schema-graph\">{\"@context\":\"https:\/\/schema.org\",\"@graph\":[{\"@type\":\"Article\",\"@id\":\"https:\/\/www.montalegre.org\/es\/2021\/12\/nace-en-una-familia\/#article\",\"isPartOf\":{\"@id\":\"https:\/\/www.montalegre.org\/es\/2021\/12\/nace-en-una-familia\/\"},\"author\":{\"name\":\"montalegre\",\"@id\":\"https:\/\/www.montalegre.org\/es\/#\/schema\/person\/fa12d4cf3a3f1735a9176b4fafd6a633\"},\"headline\":\"Nace en una familia\",\"datePublished\":\"2021-12-13T19:08:06+00:00\",\"dateModified\":\"2021-12-13T19:08:30+00:00\",\"mainEntityOfPage\":{\"@id\":\"https:\/\/www.montalegre.org\/es\/2021\/12\/nace-en-una-familia\/\"},\"wordCount\":383,\"commentCount\":0,\"articleSection\":[\"Editorial\"],\"inLanguage\":\"es\",\"potentialAction\":[{\"@type\":\"CommentAction\",\"name\":\"Comment\",\"target\":[\"https:\/\/www.montalegre.org\/es\/2021\/12\/nace-en-una-familia\/#respond\"]}]},{\"@type\":\"WebPage\",\"@id\":\"https:\/\/www.montalegre.org\/es\/2021\/12\/nace-en-una-familia\/\",\"url\":\"https:\/\/www.montalegre.org\/es\/2021\/12\/nace-en-una-familia\/\",\"name\":\"Nace en una familia - Montalegre\",\"isPartOf\":{\"@id\":\"https:\/\/www.montalegre.org\/es\/#website\"},\"datePublished\":\"2021-12-13T19:08:06+00:00\",\"dateModified\":\"2021-12-13T19:08:30+00:00\",\"author\":{\"@id\":\"https:\/\/www.montalegre.org\/es\/#\/schema\/person\/fa12d4cf3a3f1735a9176b4fafd6a633\"},\"breadcrumb\":{\"@id\":\"https:\/\/www.montalegre.org\/es\/2021\/12\/nace-en-una-familia\/#breadcrumb\"},\"inLanguage\":\"es\",\"potentialAction\":[{\"@type\":\"ReadAction\",\"target\":[\"https:\/\/www.montalegre.org\/es\/2021\/12\/nace-en-una-familia\/\"]}]},{\"@type\":\"BreadcrumbList\",\"@id\":\"https:\/\/www.montalegre.org\/es\/2021\/12\/nace-en-una-familia\/#breadcrumb\",\"itemListElement\":[{\"@type\":\"ListItem\",\"position\":1,\"name\":\"Portada\",\"item\":\"https:\/\/www.montalegre.org\/es\/\"},{\"@type\":\"ListItem\",\"position\":2,\"name\":\"Nace en una familia\"}]},{\"@type\":\"WebSite\",\"@id\":\"https:\/\/www.montalegre.org\/es\/#website\",\"url\":\"https:\/\/www.montalegre.org\/es\/\",\"name\":\"Montalegre\",\"description\":\"\",\"potentialAction\":[{\"@type\":\"SearchAction\",\"target\":{\"@type\":\"EntryPoint\",\"urlTemplate\":\"https:\/\/www.montalegre.org\/es\/?s={search_term_string}\"},\"query-input\":{\"@type\":\"PropertyValueSpecification\",\"valueRequired\":true,\"valueName\":\"search_term_string\"}}],\"inLanguage\":\"es\"},{\"@type\":\"Person\",\"@id\":\"https:\/\/www.montalegre.org\/es\/#\/schema\/person\/fa12d4cf3a3f1735a9176b4fafd6a633\",\"name\":\"montalegre\",\"image\":{\"@type\":\"ImageObject\",\"inLanguage\":\"es\",\"@id\":\"https:\/\/www.montalegre.org\/es\/#\/schema\/person\/image\/\",\"url\":\"https:\/\/secure.gravatar.com\/avatar\/fe6d886cf5081e723c666dceda1f12d4f39070fa2ed4e79695edc3ca355c9b5a?s=96&d=mm&r=g\",\"contentUrl\":\"https:\/\/secure.gravatar.com\/avatar\/fe6d886cf5081e723c666dceda1f12d4f39070fa2ed4e79695edc3ca355c9b5a?s=96&d=mm&r=g\",\"caption\":\"montalegre\"},\"url\":\"https:\/\/www.montalegre.org\/es\/author\/montalegre\/\"}]}<\/script>\n<!-- \/ Yoast SEO plugin. -->","yoast_head_json":{"title":"Nace en una familia - Montalegre","robots":{"index":"index","follow":"follow","max-snippet":"max-snippet:-1","max-image-preview":"max-image-preview:large","max-video-preview":"max-video-preview:-1"},"canonical":"https:\/\/www.montalegre.org\/es\/2021\/12\/nace-en-una-familia\/","og_locale":"es_ES","og_type":"article","og_title":"Nace en una familia - Montalegre","og_description":"Nos estamos preparando para celebrar, un a\u00f1o m\u00e1s, el Nacimiento del Hijo de Dios. La Iglesia nos invita a vivir estas semanas de Adviento con la esperanza de la venida del Se\u00f1or: \u00a1Ven Se\u00f1or Jes\u00fas! exclama la liturgia! Y el Se\u00f1or viene y nace en Bel\u00e9n. Crece, aprende y asume las responsabilidades propias de un [&hellip;]","og_url":"https:\/\/www.montalegre.org\/es\/2021\/12\/nace-en-una-familia\/","og_site_name":"Montalegre","article_published_time":"2021-12-13T19:08:06+00:00","article_modified_time":"2021-12-13T19:08:30+00:00","author":"montalegre","twitter_card":"summary_large_image","twitter_misc":{"Escrito por":"montalegre","Tiempo de lectura":"2 minutos"},"schema":{"@context":"https:\/\/schema.org","@graph":[{"@type":"Article","@id":"https:\/\/www.montalegre.org\/es\/2021\/12\/nace-en-una-familia\/#article","isPartOf":{"@id":"https:\/\/www.montalegre.org\/es\/2021\/12\/nace-en-una-familia\/"},"author":{"name":"montalegre","@id":"https:\/\/www.montalegre.org\/es\/#\/schema\/person\/fa12d4cf3a3f1735a9176b4fafd6a633"},"headline":"Nace en una familia","datePublished":"2021-12-13T19:08:06+00:00","dateModified":"2021-12-13T19:08:30+00:00","mainEntityOfPage":{"@id":"https:\/\/www.montalegre.org\/es\/2021\/12\/nace-en-una-familia\/"},"wordCount":383,"commentCount":0,"articleSection":["Editorial"],"inLanguage":"es","potentialAction":[{"@type":"CommentAction","name":"Comment","target":["https:\/\/www.montalegre.org\/es\/2021\/12\/nace-en-una-familia\/#respond"]}]},{"@type":"WebPage","@id":"https:\/\/www.montalegre.org\/es\/2021\/12\/nace-en-una-familia\/","url":"https:\/\/www.montalegre.org\/es\/2021\/12\/nace-en-una-familia\/","name":"Nace en una familia - Montalegre","isPartOf":{"@id":"https:\/\/www.montalegre.org\/es\/#website"},"datePublished":"2021-12-13T19:08:06+00:00","dateModified":"2021-12-13T19:08:30+00:00","author":{"@id":"https:\/\/www.montalegre.org\/es\/#\/schema\/person\/fa12d4cf3a3f1735a9176b4fafd6a633"},"breadcrumb":{"@id":"https:\/\/www.montalegre.org\/es\/2021\/12\/nace-en-una-familia\/#breadcrumb"},"inLanguage":"es","potentialAction":[{"@type":"ReadAction","target":["https:\/\/www.montalegre.org\/es\/2021\/12\/nace-en-una-familia\/"]}]},{"@type":"BreadcrumbList","@id":"https:\/\/www.montalegre.org\/es\/2021\/12\/nace-en-una-familia\/#breadcrumb","itemListElement":[{"@type":"ListItem","position":1,"name":"Portada","item":"https:\/\/www.montalegre.org\/es\/"},{"@type":"ListItem","position":2,"name":"Nace en una familia"}]},{"@type":"WebSite","@id":"https:\/\/www.montalegre.org\/es\/#website","url":"https:\/\/www.montalegre.org\/es\/","name":"Montalegre","description":"","potentialAction":[{"@type":"SearchAction","target":{"@type":"EntryPoint","urlTemplate":"https:\/\/www.montalegre.org\/es\/?s={search_term_string}"},"query-input":{"@type":"PropertyValueSpecification","valueRequired":true,"valueName":"search_term_string"}}],"inLanguage":"es"},{"@type":"Person","@id":"https:\/\/www.montalegre.org\/es\/#\/schema\/person\/fa12d4cf3a3f1735a9176b4fafd6a633","name":"montalegre","image":{"@type":"ImageObject","inLanguage":"es","@id":"https:\/\/www.montalegre.org\/es\/#\/schema\/person\/image\/","url":"https:\/\/secure.gravatar.com\/avatar\/fe6d886cf5081e723c666dceda1f12d4f39070fa2ed4e79695edc3ca355c9b5a?s=96&d=mm&r=g","contentUrl":"https:\/\/secure.gravatar.com\/avatar\/fe6d886cf5081e723c666dceda1f12d4f39070fa2ed4e79695edc3ca355c9b5a?s=96&d=mm&r=g","caption":"montalegre"},"url":"https:\/\/www.montalegre.org\/es\/author\/montalegre\/"}]}},"_links":{"self":[{"href":"https:\/\/www.montalegre.org\/es\/wp-json\/wp\/v2\/posts\/16227","targetHints":{"allow":["GET"]}}],"collection":[{"href":"https:\/\/www.montalegre.org\/es\/wp-json\/wp\/v2\/posts"}],"about":[{"href":"https:\/\/www.montalegre.org\/es\/wp-json\/wp\/v2\/types\/post"}],"author":[{"embeddable":true,"href":"https:\/\/www.montalegre.org\/es\/wp-json\/wp\/v2\/users\/4"}],"replies":[{"embeddable":true,"href":"https:\/\/www.montalegre.org\/es\/wp-json\/wp\/v2\/comments?post=16227"}],"version-history":[{"count":2,"href":"https:\/\/www.montalegre.org\/es\/wp-json\/wp\/v2\/posts\/16227\/revisions"}],"predecessor-version":[{"id":16229,"href":"https:\/\/www.montalegre.org\/es\/wp-json\/wp\/v2\/posts\/16227\/revisions\/16229"}],"wp:attachment":[{"href":"https:\/\/www.montalegre.org\/es\/wp-json\/wp\/v2\/media?parent=16227"}],"wp:term":[{"taxonomy":"category","embeddable":true,"href":"https:\/\/www.montalegre.org\/es\/wp-json\/wp\/v2\/categories?post=16227"},{"taxonomy":"post_tag","embeddable":true,"href":"https:\/\/www.montalegre.org\/es\/wp-json\/wp\/v2\/tags?post=16227"}],"curies":[{"name":"wp","href":"https:\/\/api.w.org\/{rel}","templated":true}]}}