{"id":16033,"date":"2021-07-26T16:12:25","date_gmt":"2021-07-26T16:12:25","guid":{"rendered":"https:\/\/www.montalegre.org\/?p=16033"},"modified":"2021-07-26T17:43:59","modified_gmt":"2021-07-26T17:43:59","slug":"horarios-de-las-misas-en-el-mes-de-agosto-2021-se-suprime-la-misa-de-las-6-de-la-tarde-18h","status":"publish","type":"post","link":"https:\/\/www.montalegre.org\/es\/2021\/07\/horarios-de-las-misas-en-el-mes-de-agosto-2021-se-suprime-la-misa-de-las-6-de-la-tarde-18h\/","title":{"rendered":"HORARIOS DE LAS MISAS DURANTE EL MES DE AGOSTO 2021  Se suprime la misa de 6 de la tarde (18h)"},"content":{"rendered":"<p>Como en a\u00f1os anteriores, recordamos que <strong>las misas de 6 de la tarde (18h) se suprimen todos los d\u00edas de la semana (incluso los domingos) durante el MES DE AGOSTO.<\/strong><\/p>\n<p><strong>El resto de misas se celebrar\u00e1n normalmente. De lunes a s\u00e1bado: 10, 12, y 19h. Domingos y festivos: 11, 12 y 19h.<\/strong><\/p>\n<p>Las obras de rehabilitaci\u00f3n del templo seguir\u00e1n su curso durante este mes de agosto, cumpliendo as\u00ed los plazos previstos, sin impedir que se celebre el culto habitual.<\/p>\n<p>Agradecemos la comprensi\u00f3n y paciencia ante las molestias que ocasionan las obras.<\/p>\n<p>Comunicaci\u00f3n Montalegre<\/p>\n","protected":false},"excerpt":{"rendered":"<p>Como en a\u00f1os anteriores, recordamos que las misas de 6 de la tarde (18h) se suprimen todos los d\u00edas de la semana (incluso los domingos) durante el MES DE AGOSTO. El resto de misas se celebrar\u00e1n normalmente. De lunes a s\u00e1bado: 10, 12, y 19h. Domingos y festivos: 11, 12 y 19h. Las obras de [&hellip;]<\/p>\n","protected":false},"author":4,"featured_media":13140,"comment_status":"open","ping_status":"open","sticky":false,"template":"","format":"standard","meta":{"footnotes":""},"categories":[31],"tags":[],"class_list":["post-16033","post","type-post","status-publish","format-standard","has-post-thumbnail","hentry","category-actualidad"],"yoast_head":"<!-- This site is optimized with the Yoast SEO plugin v27.1.1 - https:\/\/yoast.com\/product\/yoast-seo-wordpress\/ -->\n<title>HORARIOS DE LAS MISAS DURANTE EL MES DE AGOSTO 2021 Se suprime la misa de 6 de la tarde (18h) - Montalegre<\/title>\n<meta name=\"robots\" content=\"index, follow, max-snippet:-1, max-image-preview:large, max-video-preview:-1\" \/>\n<link rel=\"canonical\" href=\"https:\/\/www.montalegre.org\/es\/2021\/07\/horarios-de-las-misas-en-el-mes-de-agosto-2021-se-suprime-la-misa-de-las-6-de-la-tarde-18h\/\" \/>\n<meta property=\"og:locale\" content=\"es_ES\" \/>\n<meta property=\"og:type\" content=\"article\" \/>\n<meta property=\"og:title\" content=\"HORARIOS DE LAS MISAS DURANTE EL MES DE AGOSTO 2021 Se suprime la misa de 6 de la tarde (18h) - Montalegre\" \/>\n<meta property=\"og:description\" content=\"Como en a\u00f1os anteriores, recordamos que las misas de 6 de la tarde (18h) se suprimen todos los d\u00edas de la semana (incluso los domingos) durante el MES DE AGOSTO. El resto de misas se celebrar\u00e1n normalmente. De lunes a s\u00e1bado: 10, 12, y 19h. Domingos y festivos: 11, 12 y 19h. Las obras de [&hellip;]\" \/>\n<meta property=\"og:url\" content=\"https:\/\/www.montalegre.org\/es\/2021\/07\/horarios-de-las-misas-en-el-mes-de-agosto-2021-se-suprime-la-misa-de-las-6-de-la-tarde-18h\/\" \/>\n<meta property=\"og:site_name\" content=\"Montalegre\" \/>\n<meta property=\"article:published_time\" content=\"2021-07-26T16:12:25+00:00\" \/>\n<meta property=\"article:modified_time\" content=\"2021-07-26T17:43:59+00:00\" \/>\n<meta property=\"og:image\" content=\"https:\/\/www.montalegre.org\/wp-content\/uploads\/2014\/01\/reloj.jpg\" \/>\n\t<meta property=\"og:image:width\" content=\"252\" \/>\n\t<meta property=\"og:image:height\" content=\"241\" \/>\n\t<meta property=\"og:image:type\" content=\"image\/jpeg\" \/>\n<meta name=\"author\" content=\"montalegre\" \/>\n<meta name=\"twitter:card\" content=\"summary_large_image\" \/>\n<meta name=\"twitter:label1\" content=\"Escrito por\" \/>\n\t<meta name=\"twitter:data1\" content=\"montalegre\" \/>\n\t<meta name=\"twitter:label2\" content=\"Tiempo de lectura\" \/>\n\t<meta name=\"twitter:data2\" content=\"1 minuto\" \/>\n<script type=\"application\/ld+json\" class=\"yoast-schema-graph\">{\"@context\":\"https:\/\/schema.org\",\"@graph\":[{\"@type\":\"Article\",\"@id\":\"https:\/\/www.montalegre.org\/es\/2021\/07\/horarios-de-las-misas-en-el-mes-de-agosto-2021-se-suprime-la-misa-de-las-6-de-la-tarde-18h\/#article\",\"isPartOf\":{\"@id\":\"https:\/\/www.montalegre.org\/es\/2021\/07\/horarios-de-las-misas-en-el-mes-de-agosto-2021-se-suprime-la-misa-de-las-6-de-la-tarde-18h\/\"},\"author\":{\"name\":\"montalegre\",\"@id\":\"https:\/\/www.montalegre.org\/es\/#\/schema\/person\/fa12d4cf3a3f1735a9176b4fafd6a633\"},\"headline\":\"HORARIOS DE LAS MISAS DURANTE EL MES DE AGOSTO 2021 Se suprime la misa de 6 de la tarde (18h)\",\"datePublished\":\"2021-07-26T16:12:25+00:00\",\"dateModified\":\"2021-07-26T17:43:59+00:00\",\"mainEntityOfPage\":{\"@id\":\"https:\/\/www.montalegre.org\/es\/2021\/07\/horarios-de-las-misas-en-el-mes-de-agosto-2021-se-suprime-la-misa-de-las-6-de-la-tarde-18h\/\"},\"wordCount\":114,\"commentCount\":0,\"image\":{\"@id\":\"https:\/\/www.montalegre.org\/es\/2021\/07\/horarios-de-las-misas-en-el-mes-de-agosto-2021-se-suprime-la-misa-de-las-6-de-la-tarde-18h\/#primaryimage\"},\"thumbnailUrl\":\"https:\/\/www.montalegre.org\/wp-content\/uploads\/2014\/01\/reloj.jpg\",\"articleSection\":[\"Actualidad\"],\"inLanguage\":\"es\",\"potentialAction\":[{\"@type\":\"CommentAction\",\"name\":\"Comment\",\"target\":[\"https:\/\/www.montalegre.org\/es\/2021\/07\/horarios-de-las-misas-en-el-mes-de-agosto-2021-se-suprime-la-misa-de-las-6-de-la-tarde-18h\/#respond\"]}]},{\"@type\":\"WebPage\",\"@id\":\"https:\/\/www.montalegre.org\/es\/2021\/07\/horarios-de-las-misas-en-el-mes-de-agosto-2021-se-suprime-la-misa-de-las-6-de-la-tarde-18h\/\",\"url\":\"https:\/\/www.montalegre.org\/es\/2021\/07\/horarios-de-las-misas-en-el-mes-de-agosto-2021-se-suprime-la-misa-de-las-6-de-la-tarde-18h\/\",\"name\":\"HORARIOS DE LAS MISAS DURANTE EL MES DE AGOSTO 2021 Se suprime la misa de 6 de la tarde (18h) - Montalegre\",\"isPartOf\":{\"@id\":\"https:\/\/www.montalegre.org\/es\/#website\"},\"primaryImageOfPage\":{\"@id\":\"https:\/\/www.montalegre.org\/es\/2021\/07\/horarios-de-las-misas-en-el-mes-de-agosto-2021-se-suprime-la-misa-de-las-6-de-la-tarde-18h\/#primaryimage\"},\"image\":{\"@id\":\"https:\/\/www.montalegre.org\/es\/2021\/07\/horarios-de-las-misas-en-el-mes-de-agosto-2021-se-suprime-la-misa-de-las-6-de-la-tarde-18h\/#primaryimage\"},\"thumbnailUrl\":\"https:\/\/www.montalegre.org\/wp-content\/uploads\/2014\/01\/reloj.jpg\",\"datePublished\":\"2021-07-26T16:12:25+00:00\",\"dateModified\":\"2021-07-26T17:43:59+00:00\",\"author\":{\"@id\":\"https:\/\/www.montalegre.org\/es\/#\/schema\/person\/fa12d4cf3a3f1735a9176b4fafd6a633\"},\"breadcrumb\":{\"@id\":\"https:\/\/www.montalegre.org\/es\/2021\/07\/horarios-de-las-misas-en-el-mes-de-agosto-2021-se-suprime-la-misa-de-las-6-de-la-tarde-18h\/#breadcrumb\"},\"inLanguage\":\"es\",\"potentialAction\":[{\"@type\":\"ReadAction\",\"target\":[\"https:\/\/www.montalegre.org\/es\/2021\/07\/horarios-de-las-misas-en-el-mes-de-agosto-2021-se-suprime-la-misa-de-las-6-de-la-tarde-18h\/\"]}]},{\"@type\":\"ImageObject\",\"inLanguage\":\"es\",\"@id\":\"https:\/\/www.montalegre.org\/es\/2021\/07\/horarios-de-las-misas-en-el-mes-de-agosto-2021-se-suprime-la-misa-de-las-6-de-la-tarde-18h\/#primaryimage\",\"url\":\"https:\/\/www.montalegre.org\/wp-content\/uploads\/2014\/01\/reloj.jpg\",\"contentUrl\":\"https:\/\/www.montalegre.org\/wp-content\/uploads\/2014\/01\/reloj.jpg\",\"width\":252,\"height\":241},{\"@type\":\"BreadcrumbList\",\"@id\":\"https:\/\/www.montalegre.org\/es\/2021\/07\/horarios-de-las-misas-en-el-mes-de-agosto-2021-se-suprime-la-misa-de-las-6-de-la-tarde-18h\/#breadcrumb\",\"itemListElement\":[{\"@type\":\"ListItem\",\"position\":1,\"name\":\"Portada\",\"item\":\"https:\/\/www.montalegre.org\/es\/\"},{\"@type\":\"ListItem\",\"position\":2,\"name\":\"HORARIOS DE LAS MISAS DURANTE EL MES DE AGOSTO 2021 Se suprime la misa de 6 de la tarde (18h)\"}]},{\"@type\":\"WebSite\",\"@id\":\"https:\/\/www.montalegre.org\/es\/#website\",\"url\":\"https:\/\/www.montalegre.org\/es\/\",\"name\":\"Montalegre\",\"description\":\"\",\"potentialAction\":[{\"@type\":\"SearchAction\",\"target\":{\"@type\":\"EntryPoint\",\"urlTemplate\":\"https:\/\/www.montalegre.org\/es\/?s={search_term_string}\"},\"query-input\":{\"@type\":\"PropertyValueSpecification\",\"valueRequired\":true,\"valueName\":\"search_term_string\"}}],\"inLanguage\":\"es\"},{\"@type\":\"Person\",\"@id\":\"https:\/\/www.montalegre.org\/es\/#\/schema\/person\/fa12d4cf3a3f1735a9176b4fafd6a633\",\"name\":\"montalegre\",\"image\":{\"@type\":\"ImageObject\",\"inLanguage\":\"es\",\"@id\":\"https:\/\/www.montalegre.org\/es\/#\/schema\/person\/image\/\",\"url\":\"https:\/\/secure.gravatar.com\/avatar\/fe6d886cf5081e723c666dceda1f12d4f39070fa2ed4e79695edc3ca355c9b5a?s=96&d=mm&r=g\",\"contentUrl\":\"https:\/\/secure.gravatar.com\/avatar\/fe6d886cf5081e723c666dceda1f12d4f39070fa2ed4e79695edc3ca355c9b5a?s=96&d=mm&r=g\",\"caption\":\"montalegre\"},\"url\":\"https:\/\/www.montalegre.org\/es\/author\/montalegre\/\"}]}<\/script>\n<!-- \/ Yoast SEO plugin. -->","yoast_head_json":{"title":"HORARIOS DE LAS MISAS DURANTE EL MES DE AGOSTO 2021 Se suprime la misa de 6 de la tarde (18h) - Montalegre","robots":{"index":"index","follow":"follow","max-snippet":"max-snippet:-1","max-image-preview":"max-image-preview:large","max-video-preview":"max-video-preview:-1"},"canonical":"https:\/\/www.montalegre.org\/es\/2021\/07\/horarios-de-las-misas-en-el-mes-de-agosto-2021-se-suprime-la-misa-de-las-6-de-la-tarde-18h\/","og_locale":"es_ES","og_type":"article","og_title":"HORARIOS DE LAS MISAS DURANTE EL MES DE AGOSTO 2021 Se suprime la misa de 6 de la tarde (18h) - Montalegre","og_description":"Como en a\u00f1os anteriores, recordamos que las misas de 6 de la tarde (18h) se suprimen todos los d\u00edas de la semana (incluso los domingos) durante el MES DE AGOSTO. El resto de misas se celebrar\u00e1n normalmente. De lunes a s\u00e1bado: 10, 12, y 19h. Domingos y festivos: 11, 12 y 19h. Las obras de [&hellip;]","og_url":"https:\/\/www.montalegre.org\/es\/2021\/07\/horarios-de-las-misas-en-el-mes-de-agosto-2021-se-suprime-la-misa-de-las-6-de-la-tarde-18h\/","og_site_name":"Montalegre","article_published_time":"2021-07-26T16:12:25+00:00","article_modified_time":"2021-07-26T17:43:59+00:00","og_image":[{"width":252,"height":241,"url":"https:\/\/www.montalegre.org\/wp-content\/uploads\/2014\/01\/reloj.jpg","type":"image\/jpeg"}],"author":"montalegre","twitter_card":"summary_large_image","twitter_misc":{"Escrito por":"montalegre","Tiempo de lectura":"1 minuto"},"schema":{"@context":"https:\/\/schema.org","@graph":[{"@type":"Article","@id":"https:\/\/www.montalegre.org\/es\/2021\/07\/horarios-de-las-misas-en-el-mes-de-agosto-2021-se-suprime-la-misa-de-las-6-de-la-tarde-18h\/#article","isPartOf":{"@id":"https:\/\/www.montalegre.org\/es\/2021\/07\/horarios-de-las-misas-en-el-mes-de-agosto-2021-se-suprime-la-misa-de-las-6-de-la-tarde-18h\/"},"author":{"name":"montalegre","@id":"https:\/\/www.montalegre.org\/es\/#\/schema\/person\/fa12d4cf3a3f1735a9176b4fafd6a633"},"headline":"HORARIOS DE LAS MISAS DURANTE EL MES DE AGOSTO 2021 Se suprime la misa de 6 de la tarde (18h)","datePublished":"2021-07-26T16:12:25+00:00","dateModified":"2021-07-26T17:43:59+00:00","mainEntityOfPage":{"@id":"https:\/\/www.montalegre.org\/es\/2021\/07\/horarios-de-las-misas-en-el-mes-de-agosto-2021-se-suprime-la-misa-de-las-6-de-la-tarde-18h\/"},"wordCount":114,"commentCount":0,"image":{"@id":"https:\/\/www.montalegre.org\/es\/2021\/07\/horarios-de-las-misas-en-el-mes-de-agosto-2021-se-suprime-la-misa-de-las-6-de-la-tarde-18h\/#primaryimage"},"thumbnailUrl":"https:\/\/www.montalegre.org\/wp-content\/uploads\/2014\/01\/reloj.jpg","articleSection":["Actualidad"],"inLanguage":"es","potentialAction":[{"@type":"CommentAction","name":"Comment","target":["https:\/\/www.montalegre.org\/es\/2021\/07\/horarios-de-las-misas-en-el-mes-de-agosto-2021-se-suprime-la-misa-de-las-6-de-la-tarde-18h\/#respond"]}]},{"@type":"WebPage","@id":"https:\/\/www.montalegre.org\/es\/2021\/07\/horarios-de-las-misas-en-el-mes-de-agosto-2021-se-suprime-la-misa-de-las-6-de-la-tarde-18h\/","url":"https:\/\/www.montalegre.org\/es\/2021\/07\/horarios-de-las-misas-en-el-mes-de-agosto-2021-se-suprime-la-misa-de-las-6-de-la-tarde-18h\/","name":"HORARIOS DE LAS MISAS DURANTE EL MES DE AGOSTO 2021 Se suprime la misa de 6 de la tarde (18h) - Montalegre","isPartOf":{"@id":"https:\/\/www.montalegre.org\/es\/#website"},"primaryImageOfPage":{"@id":"https:\/\/www.montalegre.org\/es\/2021\/07\/horarios-de-las-misas-en-el-mes-de-agosto-2021-se-suprime-la-misa-de-las-6-de-la-tarde-18h\/#primaryimage"},"image":{"@id":"https:\/\/www.montalegre.org\/es\/2021\/07\/horarios-de-las-misas-en-el-mes-de-agosto-2021-se-suprime-la-misa-de-las-6-de-la-tarde-18h\/#primaryimage"},"thumbnailUrl":"https:\/\/www.montalegre.org\/wp-content\/uploads\/2014\/01\/reloj.jpg","datePublished":"2021-07-26T16:12:25+00:00","dateModified":"2021-07-26T17:43:59+00:00","author":{"@id":"https:\/\/www.montalegre.org\/es\/#\/schema\/person\/fa12d4cf3a3f1735a9176b4fafd6a633"},"breadcrumb":{"@id":"https:\/\/www.montalegre.org\/es\/2021\/07\/horarios-de-las-misas-en-el-mes-de-agosto-2021-se-suprime-la-misa-de-las-6-de-la-tarde-18h\/#breadcrumb"},"inLanguage":"es","potentialAction":[{"@type":"ReadAction","target":["https:\/\/www.montalegre.org\/es\/2021\/07\/horarios-de-las-misas-en-el-mes-de-agosto-2021-se-suprime-la-misa-de-las-6-de-la-tarde-18h\/"]}]},{"@type":"ImageObject","inLanguage":"es","@id":"https:\/\/www.montalegre.org\/es\/2021\/07\/horarios-de-las-misas-en-el-mes-de-agosto-2021-se-suprime-la-misa-de-las-6-de-la-tarde-18h\/#primaryimage","url":"https:\/\/www.montalegre.org\/wp-content\/uploads\/2014\/01\/reloj.jpg","contentUrl":"https:\/\/www.montalegre.org\/wp-content\/uploads\/2014\/01\/reloj.jpg","width":252,"height":241},{"@type":"BreadcrumbList","@id":"https:\/\/www.montalegre.org\/es\/2021\/07\/horarios-de-las-misas-en-el-mes-de-agosto-2021-se-suprime-la-misa-de-las-6-de-la-tarde-18h\/#breadcrumb","itemListElement":[{"@type":"ListItem","position":1,"name":"Portada","item":"https:\/\/www.montalegre.org\/es\/"},{"@type":"ListItem","position":2,"name":"HORARIOS DE LAS MISAS DURANTE EL MES DE AGOSTO 2021 Se suprime la misa de 6 de la tarde (18h)"}]},{"@type":"WebSite","@id":"https:\/\/www.montalegre.org\/es\/#website","url":"https:\/\/www.montalegre.org\/es\/","name":"Montalegre","description":"","potentialAction":[{"@type":"SearchAction","target":{"@type":"EntryPoint","urlTemplate":"https:\/\/www.montalegre.org\/es\/?s={search_term_string}"},"query-input":{"@type":"PropertyValueSpecification","valueRequired":true,"valueName":"search_term_string"}}],"inLanguage":"es"},{"@type":"Person","@id":"https:\/\/www.montalegre.org\/es\/#\/schema\/person\/fa12d4cf3a3f1735a9176b4fafd6a633","name":"montalegre","image":{"@type":"ImageObject","inLanguage":"es","@id":"https:\/\/www.montalegre.org\/es\/#\/schema\/person\/image\/","url":"https:\/\/secure.gravatar.com\/avatar\/fe6d886cf5081e723c666dceda1f12d4f39070fa2ed4e79695edc3ca355c9b5a?s=96&d=mm&r=g","contentUrl":"https:\/\/secure.gravatar.com\/avatar\/fe6d886cf5081e723c666dceda1f12d4f39070fa2ed4e79695edc3ca355c9b5a?s=96&d=mm&r=g","caption":"montalegre"},"url":"https:\/\/www.montalegre.org\/es\/author\/montalegre\/"}]}},"_links":{"self":[{"href":"https:\/\/www.montalegre.org\/es\/wp-json\/wp\/v2\/posts\/16033","targetHints":{"allow":["GET"]}}],"collection":[{"href":"https:\/\/www.montalegre.org\/es\/wp-json\/wp\/v2\/posts"}],"about":[{"href":"https:\/\/www.montalegre.org\/es\/wp-json\/wp\/v2\/types\/post"}],"author":[{"embeddable":true,"href":"https:\/\/www.montalegre.org\/es\/wp-json\/wp\/v2\/users\/4"}],"replies":[{"embeddable":true,"href":"https:\/\/www.montalegre.org\/es\/wp-json\/wp\/v2\/comments?post=16033"}],"version-history":[{"count":2,"href":"https:\/\/www.montalegre.org\/es\/wp-json\/wp\/v2\/posts\/16033\/revisions"}],"predecessor-version":[{"id":16040,"href":"https:\/\/www.montalegre.org\/es\/wp-json\/wp\/v2\/posts\/16033\/revisions\/16040"}],"wp:featuredmedia":[{"embeddable":true,"href":"https:\/\/www.montalegre.org\/es\/wp-json\/wp\/v2\/media\/13140"}],"wp:attachment":[{"href":"https:\/\/www.montalegre.org\/es\/wp-json\/wp\/v2\/media?parent=16033"}],"wp:term":[{"taxonomy":"category","embeddable":true,"href":"https:\/\/www.montalegre.org\/es\/wp-json\/wp\/v2\/categories?post=16033"},{"taxonomy":"post_tag","embeddable":true,"href":"https:\/\/www.montalegre.org\/es\/wp-json\/wp\/v2\/tags?post=16033"}],"curies":[{"name":"wp","href":"https:\/\/api.w.org\/{rel}","templated":true}]}}