{"id":15304,"date":"2021-02-06T19:01:05","date_gmt":"2021-02-06T19:01:05","guid":{"rendered":"https:\/\/www.montalegre.org\/?p=15304"},"modified":"2021-02-06T19:01:05","modified_gmt":"2021-02-06T19:01:05","slug":"san-jose-padre-amado","status":"publish","type":"post","link":"https:\/\/www.montalegre.org\/es\/2021\/02\/san-jose-padre-amado\/","title":{"rendered":"San Jos\u00e9: Padre amado"},"content":{"rendered":"<p>La carta apost\u00f3lica <em>Con Coraz\u00f3n de Padre<\/em>, con la que el Papa Francisco convoca el a\u00f1o especial de San Jos\u00e9, dedica el primer cap\u00edtulo a recordarnos la devoci\u00f3n y el cari\u00f1o que los bautizados tributamos al santo Patriarca.<\/p>\n<p>San Jos\u00e9 es Padre y Se\u00f1or nuestro y as\u00ed nos dirigimos frecuentemente a \u00e9l. Lo es porque Dios lo escogi\u00f3 para que fuera esposo de Mar\u00eda e hiciera de Padre de su Hijo hecho hombre. San Jos\u00e9 es el padre de familia de la Sagrada Familia de Nazaret. Del mismo modo que Mar\u00eda es Madre nuestra, tambi\u00e9n podemos afirmar que san Jos\u00e9 es Padre para nosotros.<\/p>\n<p>Citando a San Pablo VI el Papa nos invita a considerar que la paternidad de san Jos\u00e9 se pone de manifiesto <em>\u00abAl haber hecho de su vida un servicio, un sacrificio al misterio de la Encarnaci\u00f3n y a la misi\u00f3n redentora que le est\u00e1 unida; al haber utilizado la autoridad legal, que le correspond\u00eda en la Sagrada Familia, para hacer de ella un don total de s\u00ed mismo, de su vida, de su trabajo; al haber convertido su vocaci\u00f3n humana de amor dom\u00e9stico en la oblaci\u00f3n sobrehumana de s\u00ed mismo, de su coraz\u00f3n y de toda capacidad en el amor puesto al servicio del Mes\u00edas nacido en su casa\u00bb<\/em><\/p>\n<p>San Jos\u00e9 es un padre que siempre ha sido amado por el pueblo cristiano y nosotros queremos continuar esta tradici\u00f3n, no por el hecho de continuarla, sino porque realmente lo amamos y lo acogemos como patrono de nuestra vida y modelo de conducta noble, honesta, diligente y fiel. Es todo un ejemplo para nosotros en todos los aspectos de nuestra vida como hombres y mujeres de fe.<\/p>\n<p>En las circunstancias actuales todos podemos <em>\u201cEncontrar en san Jos\u00e9 \u2014el hombre que pasa desapercibido, el hombre de la presencia diaria, discreta y oculta\u2014 un intercesor, un apoyo y una gu\u00eda en tiempos de dificultad. San Jos\u00e9 nos recuerda que todos los que est\u00e1n aparentemente ocultos o en \u201csegunda l\u00ednea\u201d tienen un protagonismo sin igual en la historia de la salvaci\u00f3n\u201d.<\/em> Procuremos amar m\u00e1s al Santo Patriarca trat\u00e1ndole con confianza y devoci\u00f3n y experimentaremos su amor paternal.<\/p>\n<p>Mn. Xavier Argelich<\/p>\n","protected":false},"excerpt":{"rendered":"<p>La carta apost\u00f3lica Con Coraz\u00f3n de Padre, con la que el Papa Francisco convoca el a\u00f1o especial de San Jos\u00e9, dedica el primer cap\u00edtulo a recordarnos la devoci\u00f3n y el cari\u00f1o que los bautizados tributamos al santo Patriarca. San Jos\u00e9 es Padre y Se\u00f1or nuestro y as\u00ed nos dirigimos frecuentemente a \u00e9l. Lo es porque [&hellip;]<\/p>\n","protected":false},"author":4,"featured_media":0,"comment_status":"open","ping_status":"open","sticky":false,"template":"","format":"standard","meta":{"footnotes":""},"categories":[52],"tags":[],"class_list":["post-15304","post","type-post","status-publish","format-standard","hentry","category-editorial"],"yoast_head":"<!-- This site is optimized with the Yoast SEO plugin v27.1.1 - https:\/\/yoast.com\/product\/yoast-seo-wordpress\/ -->\n<title>San Jos\u00e9: Padre amado - Montalegre<\/title>\n<meta name=\"robots\" content=\"index, follow, max-snippet:-1, max-image-preview:large, max-video-preview:-1\" \/>\n<link rel=\"canonical\" href=\"https:\/\/www.montalegre.org\/es\/2021\/02\/san-jose-padre-amado\/\" \/>\n<meta property=\"og:locale\" content=\"es_ES\" \/>\n<meta property=\"og:type\" content=\"article\" \/>\n<meta property=\"og:title\" content=\"San Jos\u00e9: Padre amado - Montalegre\" \/>\n<meta property=\"og:description\" content=\"La carta apost\u00f3lica Con Coraz\u00f3n de Padre, con la que el Papa Francisco convoca el a\u00f1o especial de San Jos\u00e9, dedica el primer cap\u00edtulo a recordarnos la devoci\u00f3n y el cari\u00f1o que los bautizados tributamos al santo Patriarca. San Jos\u00e9 es Padre y Se\u00f1or nuestro y as\u00ed nos dirigimos frecuentemente a \u00e9l. Lo es porque [&hellip;]\" \/>\n<meta property=\"og:url\" content=\"https:\/\/www.montalegre.org\/es\/2021\/02\/san-jose-padre-amado\/\" \/>\n<meta property=\"og:site_name\" content=\"Montalegre\" \/>\n<meta property=\"article:published_time\" content=\"2021-02-06T19:01:05+00:00\" \/>\n<meta name=\"author\" content=\"montalegre\" \/>\n<meta name=\"twitter:card\" content=\"summary_large_image\" \/>\n<meta name=\"twitter:label1\" content=\"Escrito por\" \/>\n\t<meta name=\"twitter:data1\" content=\"montalegre\" \/>\n\t<meta name=\"twitter:label2\" content=\"Tiempo de lectura\" \/>\n\t<meta name=\"twitter:data2\" content=\"2 minutos\" \/>\n<script type=\"application\/ld+json\" class=\"yoast-schema-graph\">{\"@context\":\"https:\/\/schema.org\",\"@graph\":[{\"@type\":\"Article\",\"@id\":\"https:\/\/www.montalegre.org\/es\/2021\/02\/san-jose-padre-amado\/#article\",\"isPartOf\":{\"@id\":\"https:\/\/www.montalegre.org\/es\/2021\/02\/san-jose-padre-amado\/\"},\"author\":{\"name\":\"montalegre\",\"@id\":\"https:\/\/www.montalegre.org\/es\/#\/schema\/person\/fa12d4cf3a3f1735a9176b4fafd6a633\"},\"headline\":\"San Jos\u00e9: Padre amado\",\"datePublished\":\"2021-02-06T19:01:05+00:00\",\"mainEntityOfPage\":{\"@id\":\"https:\/\/www.montalegre.org\/es\/2021\/02\/san-jose-padre-amado\/\"},\"wordCount\":390,\"commentCount\":0,\"articleSection\":[\"Editorial\"],\"inLanguage\":\"es\",\"potentialAction\":[{\"@type\":\"CommentAction\",\"name\":\"Comment\",\"target\":[\"https:\/\/www.montalegre.org\/es\/2021\/02\/san-jose-padre-amado\/#respond\"]}]},{\"@type\":\"WebPage\",\"@id\":\"https:\/\/www.montalegre.org\/es\/2021\/02\/san-jose-padre-amado\/\",\"url\":\"https:\/\/www.montalegre.org\/es\/2021\/02\/san-jose-padre-amado\/\",\"name\":\"San Jos\u00e9: Padre amado - Montalegre\",\"isPartOf\":{\"@id\":\"https:\/\/www.montalegre.org\/es\/#website\"},\"datePublished\":\"2021-02-06T19:01:05+00:00\",\"author\":{\"@id\":\"https:\/\/www.montalegre.org\/es\/#\/schema\/person\/fa12d4cf3a3f1735a9176b4fafd6a633\"},\"breadcrumb\":{\"@id\":\"https:\/\/www.montalegre.org\/es\/2021\/02\/san-jose-padre-amado\/#breadcrumb\"},\"inLanguage\":\"es\",\"potentialAction\":[{\"@type\":\"ReadAction\",\"target\":[\"https:\/\/www.montalegre.org\/es\/2021\/02\/san-jose-padre-amado\/\"]}]},{\"@type\":\"BreadcrumbList\",\"@id\":\"https:\/\/www.montalegre.org\/es\/2021\/02\/san-jose-padre-amado\/#breadcrumb\",\"itemListElement\":[{\"@type\":\"ListItem\",\"position\":1,\"name\":\"Portada\",\"item\":\"https:\/\/www.montalegre.org\/es\/\"},{\"@type\":\"ListItem\",\"position\":2,\"name\":\"San Jos\u00e9: Padre amado\"}]},{\"@type\":\"WebSite\",\"@id\":\"https:\/\/www.montalegre.org\/es\/#website\",\"url\":\"https:\/\/www.montalegre.org\/es\/\",\"name\":\"Montalegre\",\"description\":\"\",\"potentialAction\":[{\"@type\":\"SearchAction\",\"target\":{\"@type\":\"EntryPoint\",\"urlTemplate\":\"https:\/\/www.montalegre.org\/es\/?s={search_term_string}\"},\"query-input\":{\"@type\":\"PropertyValueSpecification\",\"valueRequired\":true,\"valueName\":\"search_term_string\"}}],\"inLanguage\":\"es\"},{\"@type\":\"Person\",\"@id\":\"https:\/\/www.montalegre.org\/es\/#\/schema\/person\/fa12d4cf3a3f1735a9176b4fafd6a633\",\"name\":\"montalegre\",\"image\":{\"@type\":\"ImageObject\",\"inLanguage\":\"es\",\"@id\":\"https:\/\/www.montalegre.org\/es\/#\/schema\/person\/image\/\",\"url\":\"https:\/\/secure.gravatar.com\/avatar\/fe6d886cf5081e723c666dceda1f12d4f39070fa2ed4e79695edc3ca355c9b5a?s=96&d=mm&r=g\",\"contentUrl\":\"https:\/\/secure.gravatar.com\/avatar\/fe6d886cf5081e723c666dceda1f12d4f39070fa2ed4e79695edc3ca355c9b5a?s=96&d=mm&r=g\",\"caption\":\"montalegre\"},\"url\":\"https:\/\/www.montalegre.org\/es\/author\/montalegre\/\"}]}<\/script>\n<!-- \/ Yoast SEO plugin. -->","yoast_head_json":{"title":"San Jos\u00e9: Padre amado - Montalegre","robots":{"index":"index","follow":"follow","max-snippet":"max-snippet:-1","max-image-preview":"max-image-preview:large","max-video-preview":"max-video-preview:-1"},"canonical":"https:\/\/www.montalegre.org\/es\/2021\/02\/san-jose-padre-amado\/","og_locale":"es_ES","og_type":"article","og_title":"San Jos\u00e9: Padre amado - Montalegre","og_description":"La carta apost\u00f3lica Con Coraz\u00f3n de Padre, con la que el Papa Francisco convoca el a\u00f1o especial de San Jos\u00e9, dedica el primer cap\u00edtulo a recordarnos la devoci\u00f3n y el cari\u00f1o que los bautizados tributamos al santo Patriarca. San Jos\u00e9 es Padre y Se\u00f1or nuestro y as\u00ed nos dirigimos frecuentemente a \u00e9l. Lo es porque [&hellip;]","og_url":"https:\/\/www.montalegre.org\/es\/2021\/02\/san-jose-padre-amado\/","og_site_name":"Montalegre","article_published_time":"2021-02-06T19:01:05+00:00","author":"montalegre","twitter_card":"summary_large_image","twitter_misc":{"Escrito por":"montalegre","Tiempo de lectura":"2 minutos"},"schema":{"@context":"https:\/\/schema.org","@graph":[{"@type":"Article","@id":"https:\/\/www.montalegre.org\/es\/2021\/02\/san-jose-padre-amado\/#article","isPartOf":{"@id":"https:\/\/www.montalegre.org\/es\/2021\/02\/san-jose-padre-amado\/"},"author":{"name":"montalegre","@id":"https:\/\/www.montalegre.org\/es\/#\/schema\/person\/fa12d4cf3a3f1735a9176b4fafd6a633"},"headline":"San Jos\u00e9: Padre amado","datePublished":"2021-02-06T19:01:05+00:00","mainEntityOfPage":{"@id":"https:\/\/www.montalegre.org\/es\/2021\/02\/san-jose-padre-amado\/"},"wordCount":390,"commentCount":0,"articleSection":["Editorial"],"inLanguage":"es","potentialAction":[{"@type":"CommentAction","name":"Comment","target":["https:\/\/www.montalegre.org\/es\/2021\/02\/san-jose-padre-amado\/#respond"]}]},{"@type":"WebPage","@id":"https:\/\/www.montalegre.org\/es\/2021\/02\/san-jose-padre-amado\/","url":"https:\/\/www.montalegre.org\/es\/2021\/02\/san-jose-padre-amado\/","name":"San Jos\u00e9: Padre amado - Montalegre","isPartOf":{"@id":"https:\/\/www.montalegre.org\/es\/#website"},"datePublished":"2021-02-06T19:01:05+00:00","author":{"@id":"https:\/\/www.montalegre.org\/es\/#\/schema\/person\/fa12d4cf3a3f1735a9176b4fafd6a633"},"breadcrumb":{"@id":"https:\/\/www.montalegre.org\/es\/2021\/02\/san-jose-padre-amado\/#breadcrumb"},"inLanguage":"es","potentialAction":[{"@type":"ReadAction","target":["https:\/\/www.montalegre.org\/es\/2021\/02\/san-jose-padre-amado\/"]}]},{"@type":"BreadcrumbList","@id":"https:\/\/www.montalegre.org\/es\/2021\/02\/san-jose-padre-amado\/#breadcrumb","itemListElement":[{"@type":"ListItem","position":1,"name":"Portada","item":"https:\/\/www.montalegre.org\/es\/"},{"@type":"ListItem","position":2,"name":"San Jos\u00e9: Padre amado"}]},{"@type":"WebSite","@id":"https:\/\/www.montalegre.org\/es\/#website","url":"https:\/\/www.montalegre.org\/es\/","name":"Montalegre","description":"","potentialAction":[{"@type":"SearchAction","target":{"@type":"EntryPoint","urlTemplate":"https:\/\/www.montalegre.org\/es\/?s={search_term_string}"},"query-input":{"@type":"PropertyValueSpecification","valueRequired":true,"valueName":"search_term_string"}}],"inLanguage":"es"},{"@type":"Person","@id":"https:\/\/www.montalegre.org\/es\/#\/schema\/person\/fa12d4cf3a3f1735a9176b4fafd6a633","name":"montalegre","image":{"@type":"ImageObject","inLanguage":"es","@id":"https:\/\/www.montalegre.org\/es\/#\/schema\/person\/image\/","url":"https:\/\/secure.gravatar.com\/avatar\/fe6d886cf5081e723c666dceda1f12d4f39070fa2ed4e79695edc3ca355c9b5a?s=96&d=mm&r=g","contentUrl":"https:\/\/secure.gravatar.com\/avatar\/fe6d886cf5081e723c666dceda1f12d4f39070fa2ed4e79695edc3ca355c9b5a?s=96&d=mm&r=g","caption":"montalegre"},"url":"https:\/\/www.montalegre.org\/es\/author\/montalegre\/"}]}},"_links":{"self":[{"href":"https:\/\/www.montalegre.org\/es\/wp-json\/wp\/v2\/posts\/15304","targetHints":{"allow":["GET"]}}],"collection":[{"href":"https:\/\/www.montalegre.org\/es\/wp-json\/wp\/v2\/posts"}],"about":[{"href":"https:\/\/www.montalegre.org\/es\/wp-json\/wp\/v2\/types\/post"}],"author":[{"embeddable":true,"href":"https:\/\/www.montalegre.org\/es\/wp-json\/wp\/v2\/users\/4"}],"replies":[{"embeddable":true,"href":"https:\/\/www.montalegre.org\/es\/wp-json\/wp\/v2\/comments?post=15304"}],"version-history":[{"count":1,"href":"https:\/\/www.montalegre.org\/es\/wp-json\/wp\/v2\/posts\/15304\/revisions"}],"predecessor-version":[{"id":15305,"href":"https:\/\/www.montalegre.org\/es\/wp-json\/wp\/v2\/posts\/15304\/revisions\/15305"}],"wp:attachment":[{"href":"https:\/\/www.montalegre.org\/es\/wp-json\/wp\/v2\/media?parent=15304"}],"wp:term":[{"taxonomy":"category","embeddable":true,"href":"https:\/\/www.montalegre.org\/es\/wp-json\/wp\/v2\/categories?post=15304"},{"taxonomy":"post_tag","embeddable":true,"href":"https:\/\/www.montalegre.org\/es\/wp-json\/wp\/v2\/tags?post=15304"}],"curies":[{"name":"wp","href":"https:\/\/api.w.org\/{rel}","templated":true}]}}