{"id":15275,"date":"2021-01-27T11:24:27","date_gmt":"2021-01-27T11:24:27","guid":{"rendered":"https:\/\/www.montalegre.org\/?p=15275"},"modified":"2021-01-28T16:17:47","modified_gmt":"2021-01-28T16:17:47","slug":"santo-rosario-por-la-pandemia-y-comentario-del-catecismo-4-sesion","status":"publish","type":"post","link":"https:\/\/www.montalegre.org\/es\/2021\/01\/santo-rosario-por-la-pandemia-y-comentario-del-catecismo-4-sesion\/","title":{"rendered":"Santo rosario por la pandemia y comentario del Catecismo (4 sesi\u00f3n)"},"content":{"rendered":"<p>Fiel a la cita, la colaboradora de Montalegre, Isabelita Hern\u00e1ndez, el 12 de enero de 2021 d\u00eda en el que se recuerda a San Benito Biscop, monje brit\u00e1nico del siglo VII, pidi\u00f3 como siempre que nos encomend\u00e1ramos al santo del d\u00eda. Al ser d\u00eda martes, los asistentes contemplaron los Misterios Dolorosos.<\/p>\n<p>La se\u00f1ora Hern\u00e1ndez escogi\u00f3 para esta ocasi\u00f3n, unos comentarios elevados a la <strong>Virgen de Guadalupe de M\u00e9jico<\/strong>, recordando a su vez, a la Virgen de Guadalupe de C\u00e1ceres, m\u00e1s antigua que la de M\u00e9jico y de la que se celebra el A\u00f1o Jubilar desde el 2 de agosto de 2020 hasta el 2 de agosto de 2021.<\/p>\n<p>Despu\u00e9s de cada misterio ley\u00f3 un peque\u00f1o extracto:<\/p>\n<p>Para el primer Misterio: <strong>La oraci\u00f3n y agon\u00eda de Jes\u00fas en el Huerto de Getseman\u00ed.\u00a0<\/strong><em>Y sumido en agon\u00eda insist\u00eda m\u00e1s en su oraci\u00f3n.\u00a0<\/em><em>Jes\u00fas no ten\u00eda necesidad de orar, pero quiso hacerlo para ense\u00f1arnos cu\u00e1nto necesitamos hacerlo nosotros. Hemos de orar para no caer en la tentaci\u00f3n y si caemos podamos levantarnos del pecado.<\/em><\/p>\n<p>Para el segundo misterio: <strong>La flagelaci\u00f3n de Jes\u00fas.\u00a0<\/strong><em>Entonces tom\u00f3 Pilatos a Jes\u00fas y mand\u00f3 azotarle. <\/em><em>Jes\u00fas quiso padecer la flagelaci\u00f3n para la expiaci\u00f3n de los pecados de deshonestidad que tanto marchitan a las flores juveniles, que roban la salud a tantos cuerpos, y que ocasionan la perdici\u00f3n eterna de tantas almas.<\/em><\/p>\n<p>Para el tercer misterio: <strong>La coronaci\u00f3n de espinas de Nuestro Se\u00f1or.\u00a0<\/strong><em>Los soldados trenzaron una corona de espinas y se la pusieron en la cabeza.\u00a0<\/em><em>Jes\u00fas es el rey de las inteligencias y de los corazones, Rey que redime de la esclavitud del pecado a los individuos, a las familias, a los pueblos y a las naciones. Seguir\u00e9 la doctrina de Jes\u00fas para reinar con \u00c9l eternamente.<\/em><\/p>\n<p>Para el cuarto misterio: <strong>Con la Cruz a cuestas por nuestros pecados.\u00a0<\/strong><em>Y Jes\u00fas cargando su cruz, sali\u00f3 hacia el lugar llamado Calvario.\u00a0<\/em><em>Hemos de llevar nuestra cruz, hemos de padecer tristezas y dolores. Al sufrir alguna pena pensar\u00e9 en lo que padeci\u00f3 Jes\u00fas por m\u00ed y cuando sea demasiado el sufrimiento le pedir\u00e9 que \u00c9l sea mi Cirineo.<\/em><\/p>\n<p>Para el quinto misterio: <strong>La crucifixi\u00f3n y muerte de Nuestro Se\u00f1or.\u00a0<\/strong><em>Lo crucificaron con \u00c9l a otros dos, uno a cada lado y Jes\u00fas en medio.\u00a0<\/em><em>Jes\u00fas muere por ti, m\u00edrale bien. Tiene sus manos clavadas para no castigarte y abiertas para abrazarte. Tiene sus ojos cerrados para no confundirte y abiertos para mirarte amorosamente.<\/em><\/p>\n<p>A continuaci\u00f3n, se inici\u00f3 el <strong>CUARTO COMENTARIO DEL CATECISMO DE LA IGLESIA CAT\u00d3LICA en esta ocasi\u00f3n sobre los SACRAMENTALES<\/strong><em>.<a href=\"https:\/\/www.montalegre.org\/wp-content\/uploads\/2019\/06\/IMG_5493.jpg\"><img loading=\"lazy\" decoding=\"async\" class=\"alignright wp-image-13836\" src=\"https:\/\/www.montalegre.org\/wp-content\/uploads\/2019\/06\/IMG_5493-480x360.jpg\" alt=\"\" width=\"360\" height=\"270\" srcset=\"https:\/\/www.montalegre.org\/wp-content\/uploads\/2019\/06\/IMG_5493-480x360.jpg 480w, https:\/\/www.montalegre.org\/wp-content\/uploads\/2019\/06\/IMG_5493-1024x768.jpg 1024w\" sizes=\"auto, (max-width: 360px) 100vw, 360px\" \/><\/a><\/em><\/p>\n<p>Si consultamos el Catecismo de la Iglesia Cat\u00f3lica o el Compendio, hallaremos los SACRAMENTALES en la Segunda Parte, en concreto en la secci\u00f3n referida a la celebraci\u00f3n del Misterio Cristiano y despu\u00e9s de la doctrina de los Siete Sacramentos.<\/p>\n<p>Dice el Compendio que <em><u>los Sacramentales son Otras Celebraciones Lit\u00fargicas<\/u><\/em><u>.<\/u> Las celebraciones lit\u00fargicas por excelencia son las de los 7 Sacramentos<\/p>\n<p>Las <u>OTRAS Celebraciones Lit\u00fargicas <\/u>que se indican son las siguientes:<\/p>\n<ul>\n<li><strong>Punto 351<\/strong>: <u>Los sacramentales<\/u>.<\/li>\n<li><strong>Punto 352<\/strong>: L<u>os exorcismos<\/u>. Se habl\u00f3 poco de los exorcismos pues el Catecismo le dedica pocas l\u00edneas. Hemos le\u00eddo en el Evangelio que Jes\u00fas expulsaba demonios de las personas endemoniadas. Jes\u00fas sab\u00eda perfectamente si se trataba de un enfermo mental o de un endemoniado. Est\u00e1 estipulado que se requieren informes psiqui\u00e1tricos y un presb\u00edtero con conocimiento y autorizaci\u00f3n para hacerlo.<\/li>\n<li><strong>Punto 353<\/strong>: <u>Las formas de piedad popular que acompa\u00f1an a la vida sacramental<\/u>. Las conocemos muy bien, pero quiz\u00e1 no sepamos que se trata de <em>otras celebraciones lit\u00fargicas<\/em> y que forman parte del querer de la Iglesia, son: <u>la veneraci\u00f3n de las reliquias, las visitas a los santuarios, las peregrinaciones, las procesiones, los V\u00eda Crucis y el rezo del Santo Rosario<\/u> en familia, grupo de fieles, comunidad, etc.<\/li>\n<\/ul>\n<p>. Como apunte, nuestra colaboradora indic\u00f3 que, si tenemos reliquias de santos en casa, en estampas, hay que tratarlas con el m\u00e1ximo respeto. Hemos de evitar mezclarlas con papeles u otras cosas o no recordar d\u00f3nde est\u00e1n, o tirarlas. Deber\u00edan estar todas juntas, por ejemplo, en una cajita sin otras cosas. A este respecto la <em>Congregaci\u00f3n para las causas de los santos<\/em>, dict\u00f3 una Instrucci\u00f3n sobre las Reliquias en la Iglesia, autenticidad y conservaci\u00f3n, el 8 de diciembre de 2017.<\/p>\n<ul>\n<li><strong>Puntos 354, 355 y 356<\/strong>: <u>Las exequias cristianas<\/u>. Tambi\u00e9n las conocemos pues expresan el car\u00e1cter Pascual de la muerte cristiana. Cuatro son los momentos principales: la acogida de los restos mortales del difunto; la liturgia de la Palabra; el sacrificio eucar\u00edstico, y el adi\u00f3s con el que se encomienda el difunto.<\/li>\n<\/ul>\n<p>Despu\u00e9s de esta introducci\u00f3n, el Compendio (y el Catecismo) llama a los sacramentales: <strong><em>los signos sagrados instituidos por la Iglesia cuyo fin es preparar a los hombres para recibir el fruto de los sacramentos y santificar las diversas circunstancias de la vida<\/em><\/strong><em>.<\/em> (Enti\u00e9ndase <em>hombre<\/em> como humanidad, ese concepto no excluye a las mujeres, ni ni\u00f1os ni ni\u00f1as)<\/p>\n<ul>\n<li><a href=\"https:\/\/www.montalegre.org\/wp-content\/uploads\/2017\/01\/IMG_3110.jpg\"><img loading=\"lazy\" decoding=\"async\" class=\"alignleft size-medium wp-image-13527\" src=\"https:\/\/www.montalegre.org\/wp-content\/uploads\/2017\/01\/IMG_3110-480x360.jpg\" alt=\"\" width=\"480\" height=\"360\" srcset=\"https:\/\/www.montalegre.org\/wp-content\/uploads\/2017\/01\/IMG_3110-480x360.jpg 480w, https:\/\/www.montalegre.org\/wp-content\/uploads\/2017\/01\/IMG_3110-1024x768.jpg 1024w, https:\/\/www.montalegre.org\/wp-content\/uploads\/2017\/01\/IMG_3110-600x450.jpg 600w, https:\/\/www.montalegre.org\/wp-content\/uploads\/2017\/01\/IMG_3110.jpg 2048w\" sizes=\"auto, (max-width: 480px) 100vw, 480px\" \/><\/a>Entre los sacramentales, <u>las bendiciones<\/u> ocupan un lugar importante, <u>comprende a la vez la alabanza de Dios por sus obras y dones, tambi\u00e9n la consagraci\u00f3n de personas, de v\u00edrgenes, vida religiosa y la dedicaci\u00f3n de cosas al culto de Dios<\/u>. En estos actos suele utilizarse agua bendita, es decir, agua bendecida antes por el sacerdote.<\/li>\n<li>Si bien el Catecismo es la Doctrina de la Iglesia Universal, el <u>C\u00f3digo de Derecho Can\u00f3nico es el libro de las normas jur\u00eddicas de la Iglesia<\/u>. En los <u>c\u00e1nones del 1166 a 1172, se regulan los sacramentales<\/u>:\u00a0 Los nuevos sacramentales que pudieran instituirse solamente los puede establecer el Santo Padre; las bendiciones en general, las imparten los presb\u00edteros, y en algunos casos si est\u00e1n autorizados los di\u00e1conos. Algunas bendiciones est\u00e1n reservadas para el Santo Padre como la <em>Bendici\u00f3n Urbi et Orbi<\/em>.<\/li>\n<\/ul>\n<p>Como ejemplos se citaron la bendici\u00f3n de los objetos religiosos de un autocar; una medalla particular; a los fieles en una celebraci\u00f3n eucar\u00edstica, en una procesi\u00f3n; o la bendici\u00f3n que suele hacerse de los objetos de culto de una iglesia, las vestiduras, etc., de un puente, de un acueducto, de una casa\u2026 Nuestra colaboradora mostr\u00f3 el Libro Bendicional y ley\u00f3 los t\u00edtulos de alguna de ellas. Y coment\u00f3 el <u>uso del agua bendita a nivel particular: Para hacer la se\u00f1al de la cruz al entrar en la iglesia, al entrar en casa, al ir a dormir y poco m\u00e1s.<\/u><\/p>\n<p>Finalizamos la actividad con el rezo de la <strong>Oraci\u00f3n para el fin de la Pandemia del Papa Francisco:<\/strong><\/p>\n<p><em>&#8220;Oh Mar\u00eda, t\u00fa resplandeces siempre en nuestro camino como un signo de salvaci\u00f3n y esperanza.\u00a0<\/em><em>A ti nos encomendamos, Salud de los enfermos, que al pie de la cruz fuiste asociada al dolor de Jes\u00fas, manteniendo firme tu fe. T\u00fa, Salvaci\u00f3n del pueblo romano, sabes lo que necesitamos y estamos seguros de que lo conceder\u00e1s para que, como en Can\u00e1 de Galilea, vuelvan la alegr\u00eda y la fiesta despu\u00e9s de esta prueba.<\/em><\/p>\n<p><em>Ay\u00fadanos, Madre del Divino Amor, a conformarnos a la voluntad del Padre y hacer lo que Jes\u00fas nos dir\u00e1, \u00c9l que tom\u00f3 nuestro sufrimiento sobre s\u00ed mismo y se carg\u00f3 de nuestros dolores para guiarnos a trav\u00e9s de la cruz, a la alegr\u00eda de la resurrecci\u00f3n. Am\u00e9n.<\/em><\/p>\n<p><em>Bajo tu amparo nos acogemos, Santa Madre de Dios, no desprecies nuestras s\u00faplicas en las necesidades, antes bien l\u00edbranos de todo peligro, oh Virgen gloriosa y bendita.&#8221;<\/em><\/p>\n<p style=\"text-align: center;\"><em>\u00a0<\/em>El rosario por la pandemia y el nuevo comentario se har\u00e1 el SEGUNDO MARTES DEL MES DE FEBRERO<\/p>\n<p style=\"text-align: center;\"><strong>EL 9 DE FEBRERO DE 2021, el cual tratar\u00e1 de los MILAGROS DE JESUS Y DE LOS SANTOS<\/strong><\/p>\n<p>Comunicaci\u00f3n Montalegre<\/p>\n","protected":false},"excerpt":{"rendered":"<p>Fiel a la cita, la colaboradora de Montalegre, Isabelita Hern\u00e1ndez, el 12 de enero de 2021 d\u00eda en el que se recuerda a San Benito Biscop, monje brit\u00e1nico del siglo VII, pidi\u00f3 como siempre que nos encomend\u00e1ramos al santo del d\u00eda. Al ser d\u00eda martes, los asistentes contemplaron los Misterios Dolorosos. La se\u00f1ora Hern\u00e1ndez escogi\u00f3 [&hellip;]<\/p>\n","protected":false},"author":4,"featured_media":15279,"comment_status":"open","ping_status":"open","sticky":false,"template":"","format":"standard","meta":{"footnotes":""},"categories":[1],"tags":[],"class_list":["post-15275","post","type-post","status-publish","format-standard","has-post-thumbnail","hentry","category-noticias-de-montalegre"],"yoast_head":"<!-- This site is optimized with the Yoast SEO plugin v27.1.1 - https:\/\/yoast.com\/product\/yoast-seo-wordpress\/ -->\n<title>Santo rosario por la pandemia y comentario del Catecismo (4 sesi\u00f3n) - Montalegre<\/title>\n<meta name=\"robots\" content=\"index, follow, max-snippet:-1, max-image-preview:large, max-video-preview:-1\" \/>\n<link rel=\"canonical\" href=\"https:\/\/www.montalegre.org\/es\/2021\/01\/santo-rosario-por-la-pandemia-y-comentario-del-catecismo-4-sesion\/\" \/>\n<meta property=\"og:locale\" content=\"es_ES\" \/>\n<meta property=\"og:type\" content=\"article\" \/>\n<meta property=\"og:title\" content=\"Santo rosario por la pandemia y comentario del Catecismo (4 sesi\u00f3n) - Montalegre\" \/>\n<meta property=\"og:description\" content=\"Fiel a la cita, la colaboradora de Montalegre, Isabelita Hern\u00e1ndez, el 12 de enero de 2021 d\u00eda en el que se recuerda a San Benito Biscop, monje brit\u00e1nico del siglo VII, pidi\u00f3 como siempre que nos encomend\u00e1ramos al santo del d\u00eda. Al ser d\u00eda martes, los asistentes contemplaron los Misterios Dolorosos. La se\u00f1ora Hern\u00e1ndez escogi\u00f3 [&hellip;]\" \/>\n<meta property=\"og:url\" content=\"https:\/\/www.montalegre.org\/es\/2021\/01\/santo-rosario-por-la-pandemia-y-comentario-del-catecismo-4-sesion\/\" \/>\n<meta property=\"og:site_name\" content=\"Montalegre\" \/>\n<meta property=\"article:published_time\" content=\"2021-01-27T11:24:27+00:00\" \/>\n<meta property=\"article:modified_time\" content=\"2021-01-28T16:17:47+00:00\" \/>\n<meta property=\"og:image\" content=\"https:\/\/www.montalegre.org\/wp-content\/uploads\/2021\/01\/cq5dam.thumbnail.cropped.750.422-1.jpeg\" \/>\n\t<meta property=\"og:image:width\" content=\"750\" \/>\n\t<meta property=\"og:image:height\" content=\"422\" \/>\n\t<meta property=\"og:image:type\" content=\"image\/jpeg\" \/>\n<meta name=\"author\" content=\"montalegre\" \/>\n<meta name=\"twitter:card\" content=\"summary_large_image\" \/>\n<meta name=\"twitter:label1\" content=\"Escrito por\" \/>\n\t<meta name=\"twitter:data1\" content=\"montalegre\" \/>\n\t<meta name=\"twitter:label2\" content=\"Tiempo de lectura\" \/>\n\t<meta name=\"twitter:data2\" content=\"7 minutos\" \/>\n<script type=\"application\/ld+json\" class=\"yoast-schema-graph\">{\"@context\":\"https:\/\/schema.org\",\"@graph\":[{\"@type\":\"Article\",\"@id\":\"https:\/\/www.montalegre.org\/es\/2021\/01\/santo-rosario-por-la-pandemia-y-comentario-del-catecismo-4-sesion\/#article\",\"isPartOf\":{\"@id\":\"https:\/\/www.montalegre.org\/es\/2021\/01\/santo-rosario-por-la-pandemia-y-comentario-del-catecismo-4-sesion\/\"},\"author\":{\"name\":\"montalegre\",\"@id\":\"https:\/\/www.montalegre.org\/es\/#\/schema\/person\/fa12d4cf3a3f1735a9176b4fafd6a633\"},\"headline\":\"Santo rosario por la pandemia y comentario del Catecismo (4 sesi\u00f3n)\",\"datePublished\":\"2021-01-27T11:24:27+00:00\",\"dateModified\":\"2021-01-28T16:17:47+00:00\",\"mainEntityOfPage\":{\"@id\":\"https:\/\/www.montalegre.org\/es\/2021\/01\/santo-rosario-por-la-pandemia-y-comentario-del-catecismo-4-sesion\/\"},\"wordCount\":1363,\"commentCount\":0,\"image\":{\"@id\":\"https:\/\/www.montalegre.org\/es\/2021\/01\/santo-rosario-por-la-pandemia-y-comentario-del-catecismo-4-sesion\/#primaryimage\"},\"thumbnailUrl\":\"https:\/\/www.montalegre.org\/wp-content\/uploads\/2021\/01\/cq5dam.thumbnail.cropped.750.422-1.jpeg\",\"articleSection\":[\"Noticias de Montalegre\"],\"inLanguage\":\"es\",\"potentialAction\":[{\"@type\":\"CommentAction\",\"name\":\"Comment\",\"target\":[\"https:\/\/www.montalegre.org\/es\/2021\/01\/santo-rosario-por-la-pandemia-y-comentario-del-catecismo-4-sesion\/#respond\"]}]},{\"@type\":\"WebPage\",\"@id\":\"https:\/\/www.montalegre.org\/es\/2021\/01\/santo-rosario-por-la-pandemia-y-comentario-del-catecismo-4-sesion\/\",\"url\":\"https:\/\/www.montalegre.org\/es\/2021\/01\/santo-rosario-por-la-pandemia-y-comentario-del-catecismo-4-sesion\/\",\"name\":\"Santo rosario por la pandemia y comentario del Catecismo (4 sesi\u00f3n) - Montalegre\",\"isPartOf\":{\"@id\":\"https:\/\/www.montalegre.org\/es\/#website\"},\"primaryImageOfPage\":{\"@id\":\"https:\/\/www.montalegre.org\/es\/2021\/01\/santo-rosario-por-la-pandemia-y-comentario-del-catecismo-4-sesion\/#primaryimage\"},\"image\":{\"@id\":\"https:\/\/www.montalegre.org\/es\/2021\/01\/santo-rosario-por-la-pandemia-y-comentario-del-catecismo-4-sesion\/#primaryimage\"},\"thumbnailUrl\":\"https:\/\/www.montalegre.org\/wp-content\/uploads\/2021\/01\/cq5dam.thumbnail.cropped.750.422-1.jpeg\",\"datePublished\":\"2021-01-27T11:24:27+00:00\",\"dateModified\":\"2021-01-28T16:17:47+00:00\",\"author\":{\"@id\":\"https:\/\/www.montalegre.org\/es\/#\/schema\/person\/fa12d4cf3a3f1735a9176b4fafd6a633\"},\"breadcrumb\":{\"@id\":\"https:\/\/www.montalegre.org\/es\/2021\/01\/santo-rosario-por-la-pandemia-y-comentario-del-catecismo-4-sesion\/#breadcrumb\"},\"inLanguage\":\"es\",\"potentialAction\":[{\"@type\":\"ReadAction\",\"target\":[\"https:\/\/www.montalegre.org\/es\/2021\/01\/santo-rosario-por-la-pandemia-y-comentario-del-catecismo-4-sesion\/\"]}]},{\"@type\":\"ImageObject\",\"inLanguage\":\"es\",\"@id\":\"https:\/\/www.montalegre.org\/es\/2021\/01\/santo-rosario-por-la-pandemia-y-comentario-del-catecismo-4-sesion\/#primaryimage\",\"url\":\"https:\/\/www.montalegre.org\/wp-content\/uploads\/2021\/01\/cq5dam.thumbnail.cropped.750.422-1.jpeg\",\"contentUrl\":\"https:\/\/www.montalegre.org\/wp-content\/uploads\/2021\/01\/cq5dam.thumbnail.cropped.750.422-1.jpeg\",\"width\":750,\"height\":422},{\"@type\":\"BreadcrumbList\",\"@id\":\"https:\/\/www.montalegre.org\/es\/2021\/01\/santo-rosario-por-la-pandemia-y-comentario-del-catecismo-4-sesion\/#breadcrumb\",\"itemListElement\":[{\"@type\":\"ListItem\",\"position\":1,\"name\":\"Portada\",\"item\":\"https:\/\/www.montalegre.org\/es\/\"},{\"@type\":\"ListItem\",\"position\":2,\"name\":\"Santo rosario por la pandemia y comentario del Catecismo (4 sesi\u00f3n)\"}]},{\"@type\":\"WebSite\",\"@id\":\"https:\/\/www.montalegre.org\/es\/#website\",\"url\":\"https:\/\/www.montalegre.org\/es\/\",\"name\":\"Montalegre\",\"description\":\"\",\"potentialAction\":[{\"@type\":\"SearchAction\",\"target\":{\"@type\":\"EntryPoint\",\"urlTemplate\":\"https:\/\/www.montalegre.org\/es\/?s={search_term_string}\"},\"query-input\":{\"@type\":\"PropertyValueSpecification\",\"valueRequired\":true,\"valueName\":\"search_term_string\"}}],\"inLanguage\":\"es\"},{\"@type\":\"Person\",\"@id\":\"https:\/\/www.montalegre.org\/es\/#\/schema\/person\/fa12d4cf3a3f1735a9176b4fafd6a633\",\"name\":\"montalegre\",\"image\":{\"@type\":\"ImageObject\",\"inLanguage\":\"es\",\"@id\":\"https:\/\/www.montalegre.org\/es\/#\/schema\/person\/image\/\",\"url\":\"https:\/\/secure.gravatar.com\/avatar\/fe6d886cf5081e723c666dceda1f12d4f39070fa2ed4e79695edc3ca355c9b5a?s=96&d=mm&r=g\",\"contentUrl\":\"https:\/\/secure.gravatar.com\/avatar\/fe6d886cf5081e723c666dceda1f12d4f39070fa2ed4e79695edc3ca355c9b5a?s=96&d=mm&r=g\",\"caption\":\"montalegre\"},\"url\":\"https:\/\/www.montalegre.org\/es\/author\/montalegre\/\"}]}<\/script>\n<!-- \/ Yoast SEO plugin. -->","yoast_head_json":{"title":"Santo rosario por la pandemia y comentario del Catecismo (4 sesi\u00f3n) - Montalegre","robots":{"index":"index","follow":"follow","max-snippet":"max-snippet:-1","max-image-preview":"max-image-preview:large","max-video-preview":"max-video-preview:-1"},"canonical":"https:\/\/www.montalegre.org\/es\/2021\/01\/santo-rosario-por-la-pandemia-y-comentario-del-catecismo-4-sesion\/","og_locale":"es_ES","og_type":"article","og_title":"Santo rosario por la pandemia y comentario del Catecismo (4 sesi\u00f3n) - Montalegre","og_description":"Fiel a la cita, la colaboradora de Montalegre, Isabelita Hern\u00e1ndez, el 12 de enero de 2021 d\u00eda en el que se recuerda a San Benito Biscop, monje brit\u00e1nico del siglo VII, pidi\u00f3 como siempre que nos encomend\u00e1ramos al santo del d\u00eda. Al ser d\u00eda martes, los asistentes contemplaron los Misterios Dolorosos. La se\u00f1ora Hern\u00e1ndez escogi\u00f3 [&hellip;]","og_url":"https:\/\/www.montalegre.org\/es\/2021\/01\/santo-rosario-por-la-pandemia-y-comentario-del-catecismo-4-sesion\/","og_site_name":"Montalegre","article_published_time":"2021-01-27T11:24:27+00:00","article_modified_time":"2021-01-28T16:17:47+00:00","og_image":[{"width":750,"height":422,"url":"https:\/\/www.montalegre.org\/wp-content\/uploads\/2021\/01\/cq5dam.thumbnail.cropped.750.422-1.jpeg","type":"image\/jpeg"}],"author":"montalegre","twitter_card":"summary_large_image","twitter_misc":{"Escrito por":"montalegre","Tiempo de lectura":"7 minutos"},"schema":{"@context":"https:\/\/schema.org","@graph":[{"@type":"Article","@id":"https:\/\/www.montalegre.org\/es\/2021\/01\/santo-rosario-por-la-pandemia-y-comentario-del-catecismo-4-sesion\/#article","isPartOf":{"@id":"https:\/\/www.montalegre.org\/es\/2021\/01\/santo-rosario-por-la-pandemia-y-comentario-del-catecismo-4-sesion\/"},"author":{"name":"montalegre","@id":"https:\/\/www.montalegre.org\/es\/#\/schema\/person\/fa12d4cf3a3f1735a9176b4fafd6a633"},"headline":"Santo rosario por la pandemia y comentario del Catecismo (4 sesi\u00f3n)","datePublished":"2021-01-27T11:24:27+00:00","dateModified":"2021-01-28T16:17:47+00:00","mainEntityOfPage":{"@id":"https:\/\/www.montalegre.org\/es\/2021\/01\/santo-rosario-por-la-pandemia-y-comentario-del-catecismo-4-sesion\/"},"wordCount":1363,"commentCount":0,"image":{"@id":"https:\/\/www.montalegre.org\/es\/2021\/01\/santo-rosario-por-la-pandemia-y-comentario-del-catecismo-4-sesion\/#primaryimage"},"thumbnailUrl":"https:\/\/www.montalegre.org\/wp-content\/uploads\/2021\/01\/cq5dam.thumbnail.cropped.750.422-1.jpeg","articleSection":["Noticias de Montalegre"],"inLanguage":"es","potentialAction":[{"@type":"CommentAction","name":"Comment","target":["https:\/\/www.montalegre.org\/es\/2021\/01\/santo-rosario-por-la-pandemia-y-comentario-del-catecismo-4-sesion\/#respond"]}]},{"@type":"WebPage","@id":"https:\/\/www.montalegre.org\/es\/2021\/01\/santo-rosario-por-la-pandemia-y-comentario-del-catecismo-4-sesion\/","url":"https:\/\/www.montalegre.org\/es\/2021\/01\/santo-rosario-por-la-pandemia-y-comentario-del-catecismo-4-sesion\/","name":"Santo rosario por la pandemia y comentario del Catecismo (4 sesi\u00f3n) - Montalegre","isPartOf":{"@id":"https:\/\/www.montalegre.org\/es\/#website"},"primaryImageOfPage":{"@id":"https:\/\/www.montalegre.org\/es\/2021\/01\/santo-rosario-por-la-pandemia-y-comentario-del-catecismo-4-sesion\/#primaryimage"},"image":{"@id":"https:\/\/www.montalegre.org\/es\/2021\/01\/santo-rosario-por-la-pandemia-y-comentario-del-catecismo-4-sesion\/#primaryimage"},"thumbnailUrl":"https:\/\/www.montalegre.org\/wp-content\/uploads\/2021\/01\/cq5dam.thumbnail.cropped.750.422-1.jpeg","datePublished":"2021-01-27T11:24:27+00:00","dateModified":"2021-01-28T16:17:47+00:00","author":{"@id":"https:\/\/www.montalegre.org\/es\/#\/schema\/person\/fa12d4cf3a3f1735a9176b4fafd6a633"},"breadcrumb":{"@id":"https:\/\/www.montalegre.org\/es\/2021\/01\/santo-rosario-por-la-pandemia-y-comentario-del-catecismo-4-sesion\/#breadcrumb"},"inLanguage":"es","potentialAction":[{"@type":"ReadAction","target":["https:\/\/www.montalegre.org\/es\/2021\/01\/santo-rosario-por-la-pandemia-y-comentario-del-catecismo-4-sesion\/"]}]},{"@type":"ImageObject","inLanguage":"es","@id":"https:\/\/www.montalegre.org\/es\/2021\/01\/santo-rosario-por-la-pandemia-y-comentario-del-catecismo-4-sesion\/#primaryimage","url":"https:\/\/www.montalegre.org\/wp-content\/uploads\/2021\/01\/cq5dam.thumbnail.cropped.750.422-1.jpeg","contentUrl":"https:\/\/www.montalegre.org\/wp-content\/uploads\/2021\/01\/cq5dam.thumbnail.cropped.750.422-1.jpeg","width":750,"height":422},{"@type":"BreadcrumbList","@id":"https:\/\/www.montalegre.org\/es\/2021\/01\/santo-rosario-por-la-pandemia-y-comentario-del-catecismo-4-sesion\/#breadcrumb","itemListElement":[{"@type":"ListItem","position":1,"name":"Portada","item":"https:\/\/www.montalegre.org\/es\/"},{"@type":"ListItem","position":2,"name":"Santo rosario por la pandemia y comentario del Catecismo (4 sesi\u00f3n)"}]},{"@type":"WebSite","@id":"https:\/\/www.montalegre.org\/es\/#website","url":"https:\/\/www.montalegre.org\/es\/","name":"Montalegre","description":"","potentialAction":[{"@type":"SearchAction","target":{"@type":"EntryPoint","urlTemplate":"https:\/\/www.montalegre.org\/es\/?s={search_term_string}"},"query-input":{"@type":"PropertyValueSpecification","valueRequired":true,"valueName":"search_term_string"}}],"inLanguage":"es"},{"@type":"Person","@id":"https:\/\/www.montalegre.org\/es\/#\/schema\/person\/fa12d4cf3a3f1735a9176b4fafd6a633","name":"montalegre","image":{"@type":"ImageObject","inLanguage":"es","@id":"https:\/\/www.montalegre.org\/es\/#\/schema\/person\/image\/","url":"https:\/\/secure.gravatar.com\/avatar\/fe6d886cf5081e723c666dceda1f12d4f39070fa2ed4e79695edc3ca355c9b5a?s=96&d=mm&r=g","contentUrl":"https:\/\/secure.gravatar.com\/avatar\/fe6d886cf5081e723c666dceda1f12d4f39070fa2ed4e79695edc3ca355c9b5a?s=96&d=mm&r=g","caption":"montalegre"},"url":"https:\/\/www.montalegre.org\/es\/author\/montalegre\/"}]}},"_links":{"self":[{"href":"https:\/\/www.montalegre.org\/es\/wp-json\/wp\/v2\/posts\/15275","targetHints":{"allow":["GET"]}}],"collection":[{"href":"https:\/\/www.montalegre.org\/es\/wp-json\/wp\/v2\/posts"}],"about":[{"href":"https:\/\/www.montalegre.org\/es\/wp-json\/wp\/v2\/types\/post"}],"author":[{"embeddable":true,"href":"https:\/\/www.montalegre.org\/es\/wp-json\/wp\/v2\/users\/4"}],"replies":[{"embeddable":true,"href":"https:\/\/www.montalegre.org\/es\/wp-json\/wp\/v2\/comments?post=15275"}],"version-history":[{"count":7,"href":"https:\/\/www.montalegre.org\/es\/wp-json\/wp\/v2\/posts\/15275\/revisions"}],"predecessor-version":[{"id":15294,"href":"https:\/\/www.montalegre.org\/es\/wp-json\/wp\/v2\/posts\/15275\/revisions\/15294"}],"wp:featuredmedia":[{"embeddable":true,"href":"https:\/\/www.montalegre.org\/es\/wp-json\/wp\/v2\/media\/15279"}],"wp:attachment":[{"href":"https:\/\/www.montalegre.org\/es\/wp-json\/wp\/v2\/media?parent=15275"}],"wp:term":[{"taxonomy":"category","embeddable":true,"href":"https:\/\/www.montalegre.org\/es\/wp-json\/wp\/v2\/categories?post=15275"},{"taxonomy":"post_tag","embeddable":true,"href":"https:\/\/www.montalegre.org\/es\/wp-json\/wp\/v2\/tags?post=15275"}],"curies":[{"name":"wp","href":"https:\/\/api.w.org\/{rel}","templated":true}]}}