{"id":15204,"date":"2021-01-14T18:46:17","date_gmt":"2021-01-14T18:46:17","guid":{"rendered":"https:\/\/www.montalegre.org\/?p=15204"},"modified":"2021-01-14T18:46:17","modified_gmt":"2021-01-14T18:46:17","slug":"con-el-bautismo-de-jesus-nos-llego-la-purificacion","status":"publish","type":"post","link":"https:\/\/www.montalegre.org\/es\/2021\/01\/con-el-bautismo-de-jesus-nos-llego-la-purificacion\/","title":{"rendered":"Con el Bautismo de Jes\u00fas nos lleg\u00f3 la purificaci\u00f3n"},"content":{"rendered":"<p>En la misa solemne del \u00faltimo domingo del tiempo de Navidad, a las 12 horas del 10 de enero de 2021, los asistentes recibimos la bendici\u00f3n que imparti\u00f3 el presb\u00edtero con agua bendita, recordando as\u00ed las promesas de nuestro bautismo, en la festividad del Bautismo de Jes\u00fas.<\/p>\n<p>Al iniciar la celebraci\u00f3n, el rector explic\u00f3 el acto bendicional. Primero bendijo el agua, luego se aspergi\u00f3, sigui\u00f3 el altar y las personas que estaban en el presbiterio. Descendi\u00f3 a la nave central y fue bendiciendo a todos los fieles y tambi\u00e9n a los que estaban en la capilla abierta de los confesionarios. A todo ello, la soprano colaboradora se\u00f1ora Rosa Parellada, entonaba cantos bell\u00edsimos, acompa\u00f1ada del organista.<\/p>\n<p>Mn. Xavier Argelich manifest\u00f3 que la bendici\u00f3n sustitu\u00eda, en este caso, al acto penitencial, a\u00f1adiendo: <em>Que esta agua nos purifique<\/em>. Seguidamente se cant\u00f3 el Gloria.<a href=\"https:\/\/www.montalegre.org\/wp-content\/uploads\/2021\/01\/bendiciendo-al-pueblo-scaled.jpg\"><img loading=\"lazy\" decoding=\"async\" class=\"alignright size-medium wp-image-15200\" src=\"https:\/\/www.montalegre.org\/wp-content\/uploads\/2021\/01\/bendiciendo-al-pueblo-449x480.jpg\" alt=\"\" width=\"449\" height=\"480\" srcset=\"https:\/\/www.montalegre.org\/wp-content\/uploads\/2021\/01\/bendiciendo-al-pueblo-449x480.jpg 449w, https:\/\/www.montalegre.org\/wp-content\/uploads\/2021\/01\/bendiciendo-al-pueblo-958x1024.jpg 958w, https:\/\/www.montalegre.org\/wp-content\/uploads\/2021\/01\/bendiciendo-al-pueblo-1436x1536.jpg 1436w, https:\/\/www.montalegre.org\/wp-content\/uploads\/2021\/01\/bendiciendo-al-pueblo-1915x2048.jpg 1915w\" sizes=\"auto, (max-width: 449px) 100vw, 449px\" \/><\/a><\/p>\n<p>De forma sucinta recog\u00ed las siguientes palabras de la homil\u00eda del celebrante:<\/p>\n<p><em>En el Evangelio de hoy, San Marcos describe el bautismo de Jes\u00fas con un pasaje breve pero fundamental. A lo largo de los siglos se une a los hombres a trav\u00e9s del bautismo para ser purificados y esta uni\u00f3n inseparable nos incorpora a la Iglesia y a la remisi\u00f3n de los pecados. El relato contiene la expresi\u00f3n viva de la presencia del Esp\u00edritu Santo en el Bautismo. La maldad del mundo se purifica con las aguas pues Jes\u00fas se sumerge en el r\u00edo Jord\u00e1n y a trav\u00e9s de ellas se inicia la recepci\u00f3n de los dones de Dios, por ello es muy importante recibir el Bautismo cuanto antes, as\u00ed como que es fundamental el sacramento de la Confirmaci\u00f3n para recibir la fuerza del Esp\u00edritu Santo. Por el Bautismo <\/em><em>nacemos como <\/em><em>hijos de Dios, hijos amados de Dios.<\/em><\/p>\n<p>Acab\u00f3 la celebraci\u00f3n, con la \u00faltima adoraci\u00f3n a la imagen del Ni\u00f1o Jes\u00fas con una peque\u00f1a reverencia y el canto del <em>Adestes Fideles<\/em>, hasta la pr\u00f3xima Navidad, si Dios quiere.<\/p>\n<p>Isabel Hern\u00e1ndez Esteban<\/p>\n","protected":false},"excerpt":{"rendered":"<p>En la misa solemne del \u00faltimo domingo del tiempo de Navidad, a las 12 horas del 10 de enero de 2021, los asistentes recibimos la bendici\u00f3n que imparti\u00f3 el presb\u00edtero con agua bendita, recordando as\u00ed las promesas de nuestro bautismo, en la festividad del Bautismo de Jes\u00fas. Al iniciar la celebraci\u00f3n, el rector explic\u00f3 el [&hellip;]<\/p>\n","protected":false},"author":4,"featured_media":15202,"comment_status":"open","ping_status":"open","sticky":false,"template":"","format":"standard","meta":{"footnotes":""},"categories":[1],"tags":[],"class_list":["post-15204","post","type-post","status-publish","format-standard","has-post-thumbnail","hentry","category-noticias-de-montalegre"],"yoast_head":"<!-- This site is optimized with the Yoast SEO plugin v27.1.1 - https:\/\/yoast.com\/product\/yoast-seo-wordpress\/ -->\n<title>Con el Bautismo de Jes\u00fas nos lleg\u00f3 la purificaci\u00f3n - Montalegre<\/title>\n<meta name=\"robots\" content=\"index, follow, max-snippet:-1, max-image-preview:large, max-video-preview:-1\" \/>\n<link rel=\"canonical\" href=\"https:\/\/www.montalegre.org\/es\/2021\/01\/con-el-bautismo-de-jesus-nos-llego-la-purificacion\/\" \/>\n<meta property=\"og:locale\" content=\"es_ES\" \/>\n<meta property=\"og:type\" content=\"article\" \/>\n<meta property=\"og:title\" content=\"Con el Bautismo de Jes\u00fas nos lleg\u00f3 la purificaci\u00f3n - Montalegre\" \/>\n<meta property=\"og:description\" content=\"En la misa solemne del \u00faltimo domingo del tiempo de Navidad, a las 12 horas del 10 de enero de 2021, los asistentes recibimos la bendici\u00f3n que imparti\u00f3 el presb\u00edtero con agua bendita, recordando as\u00ed las promesas de nuestro bautismo, en la festividad del Bautismo de Jes\u00fas. Al iniciar la celebraci\u00f3n, el rector explic\u00f3 el [&hellip;]\" \/>\n<meta property=\"og:url\" content=\"https:\/\/www.montalegre.org\/es\/2021\/01\/con-el-bautismo-de-jesus-nos-llego-la-purificacion\/\" \/>\n<meta property=\"og:site_name\" content=\"Montalegre\" \/>\n<meta property=\"article:published_time\" content=\"2021-01-14T18:46:17+00:00\" \/>\n<meta property=\"og:image\" content=\"https:\/\/www.montalegre.org\/wp-content\/uploads\/2021\/01\/agua-bendita-scaled.jpg\" \/>\n\t<meta property=\"og:image:width\" content=\"2364\" \/>\n\t<meta property=\"og:image:height\" content=\"2560\" \/>\n\t<meta property=\"og:image:type\" content=\"image\/jpeg\" \/>\n<meta name=\"author\" content=\"montalegre\" \/>\n<meta name=\"twitter:card\" content=\"summary_large_image\" \/>\n<meta name=\"twitter:label1\" content=\"Escrito por\" \/>\n\t<meta name=\"twitter:data1\" content=\"montalegre\" \/>\n\t<meta name=\"twitter:label2\" content=\"Tiempo de lectura\" \/>\n\t<meta name=\"twitter:data2\" content=\"2 minutos\" \/>\n<script type=\"application\/ld+json\" class=\"yoast-schema-graph\">{\"@context\":\"https:\/\/schema.org\",\"@graph\":[{\"@type\":\"Article\",\"@id\":\"https:\/\/www.montalegre.org\/es\/2021\/01\/con-el-bautismo-de-jesus-nos-llego-la-purificacion\/#article\",\"isPartOf\":{\"@id\":\"https:\/\/www.montalegre.org\/es\/2021\/01\/con-el-bautismo-de-jesus-nos-llego-la-purificacion\/\"},\"author\":{\"name\":\"montalegre\",\"@id\":\"https:\/\/www.montalegre.org\/es\/#\/schema\/person\/fa12d4cf3a3f1735a9176b4fafd6a633\"},\"headline\":\"Con el Bautismo de Jes\u00fas nos lleg\u00f3 la purificaci\u00f3n\",\"datePublished\":\"2021-01-14T18:46:17+00:00\",\"mainEntityOfPage\":{\"@id\":\"https:\/\/www.montalegre.org\/es\/2021\/01\/con-el-bautismo-de-jesus-nos-llego-la-purificacion\/\"},\"wordCount\":362,\"commentCount\":0,\"image\":{\"@id\":\"https:\/\/www.montalegre.org\/es\/2021\/01\/con-el-bautismo-de-jesus-nos-llego-la-purificacion\/#primaryimage\"},\"thumbnailUrl\":\"https:\/\/www.montalegre.org\/wp-content\/uploads\/2021\/01\/agua-bendita-scaled.jpg\",\"articleSection\":[\"Noticias de Montalegre\"],\"inLanguage\":\"es\",\"potentialAction\":[{\"@type\":\"CommentAction\",\"name\":\"Comment\",\"target\":[\"https:\/\/www.montalegre.org\/es\/2021\/01\/con-el-bautismo-de-jesus-nos-llego-la-purificacion\/#respond\"]}]},{\"@type\":\"WebPage\",\"@id\":\"https:\/\/www.montalegre.org\/es\/2021\/01\/con-el-bautismo-de-jesus-nos-llego-la-purificacion\/\",\"url\":\"https:\/\/www.montalegre.org\/es\/2021\/01\/con-el-bautismo-de-jesus-nos-llego-la-purificacion\/\",\"name\":\"Con el Bautismo de Jes\u00fas nos lleg\u00f3 la purificaci\u00f3n - Montalegre\",\"isPartOf\":{\"@id\":\"https:\/\/www.montalegre.org\/es\/#website\"},\"primaryImageOfPage\":{\"@id\":\"https:\/\/www.montalegre.org\/es\/2021\/01\/con-el-bautismo-de-jesus-nos-llego-la-purificacion\/#primaryimage\"},\"image\":{\"@id\":\"https:\/\/www.montalegre.org\/es\/2021\/01\/con-el-bautismo-de-jesus-nos-llego-la-purificacion\/#primaryimage\"},\"thumbnailUrl\":\"https:\/\/www.montalegre.org\/wp-content\/uploads\/2021\/01\/agua-bendita-scaled.jpg\",\"datePublished\":\"2021-01-14T18:46:17+00:00\",\"author\":{\"@id\":\"https:\/\/www.montalegre.org\/es\/#\/schema\/person\/fa12d4cf3a3f1735a9176b4fafd6a633\"},\"breadcrumb\":{\"@id\":\"https:\/\/www.montalegre.org\/es\/2021\/01\/con-el-bautismo-de-jesus-nos-llego-la-purificacion\/#breadcrumb\"},\"inLanguage\":\"es\",\"potentialAction\":[{\"@type\":\"ReadAction\",\"target\":[\"https:\/\/www.montalegre.org\/es\/2021\/01\/con-el-bautismo-de-jesus-nos-llego-la-purificacion\/\"]}]},{\"@type\":\"ImageObject\",\"inLanguage\":\"es\",\"@id\":\"https:\/\/www.montalegre.org\/es\/2021\/01\/con-el-bautismo-de-jesus-nos-llego-la-purificacion\/#primaryimage\",\"url\":\"https:\/\/www.montalegre.org\/wp-content\/uploads\/2021\/01\/agua-bendita-scaled.jpg\",\"contentUrl\":\"https:\/\/www.montalegre.org\/wp-content\/uploads\/2021\/01\/agua-bendita-scaled.jpg\",\"width\":2364,\"height\":2560},{\"@type\":\"BreadcrumbList\",\"@id\":\"https:\/\/www.montalegre.org\/es\/2021\/01\/con-el-bautismo-de-jesus-nos-llego-la-purificacion\/#breadcrumb\",\"itemListElement\":[{\"@type\":\"ListItem\",\"position\":1,\"name\":\"Portada\",\"item\":\"https:\/\/www.montalegre.org\/es\/\"},{\"@type\":\"ListItem\",\"position\":2,\"name\":\"Con el Bautismo de Jes\u00fas nos lleg\u00f3 la purificaci\u00f3n\"}]},{\"@type\":\"WebSite\",\"@id\":\"https:\/\/www.montalegre.org\/es\/#website\",\"url\":\"https:\/\/www.montalegre.org\/es\/\",\"name\":\"Montalegre\",\"description\":\"\",\"potentialAction\":[{\"@type\":\"SearchAction\",\"target\":{\"@type\":\"EntryPoint\",\"urlTemplate\":\"https:\/\/www.montalegre.org\/es\/?s={search_term_string}\"},\"query-input\":{\"@type\":\"PropertyValueSpecification\",\"valueRequired\":true,\"valueName\":\"search_term_string\"}}],\"inLanguage\":\"es\"},{\"@type\":\"Person\",\"@id\":\"https:\/\/www.montalegre.org\/es\/#\/schema\/person\/fa12d4cf3a3f1735a9176b4fafd6a633\",\"name\":\"montalegre\",\"image\":{\"@type\":\"ImageObject\",\"inLanguage\":\"es\",\"@id\":\"https:\/\/www.montalegre.org\/es\/#\/schema\/person\/image\/\",\"url\":\"https:\/\/secure.gravatar.com\/avatar\/fe6d886cf5081e723c666dceda1f12d4f39070fa2ed4e79695edc3ca355c9b5a?s=96&d=mm&r=g\",\"contentUrl\":\"https:\/\/secure.gravatar.com\/avatar\/fe6d886cf5081e723c666dceda1f12d4f39070fa2ed4e79695edc3ca355c9b5a?s=96&d=mm&r=g\",\"caption\":\"montalegre\"},\"url\":\"https:\/\/www.montalegre.org\/es\/author\/montalegre\/\"}]}<\/script>\n<!-- \/ Yoast SEO plugin. -->","yoast_head_json":{"title":"Con el Bautismo de Jes\u00fas nos lleg\u00f3 la purificaci\u00f3n - Montalegre","robots":{"index":"index","follow":"follow","max-snippet":"max-snippet:-1","max-image-preview":"max-image-preview:large","max-video-preview":"max-video-preview:-1"},"canonical":"https:\/\/www.montalegre.org\/es\/2021\/01\/con-el-bautismo-de-jesus-nos-llego-la-purificacion\/","og_locale":"es_ES","og_type":"article","og_title":"Con el Bautismo de Jes\u00fas nos lleg\u00f3 la purificaci\u00f3n - Montalegre","og_description":"En la misa solemne del \u00faltimo domingo del tiempo de Navidad, a las 12 horas del 10 de enero de 2021, los asistentes recibimos la bendici\u00f3n que imparti\u00f3 el presb\u00edtero con agua bendita, recordando as\u00ed las promesas de nuestro bautismo, en la festividad del Bautismo de Jes\u00fas. Al iniciar la celebraci\u00f3n, el rector explic\u00f3 el [&hellip;]","og_url":"https:\/\/www.montalegre.org\/es\/2021\/01\/con-el-bautismo-de-jesus-nos-llego-la-purificacion\/","og_site_name":"Montalegre","article_published_time":"2021-01-14T18:46:17+00:00","og_image":[{"width":2364,"height":2560,"url":"https:\/\/www.montalegre.org\/wp-content\/uploads\/2021\/01\/agua-bendita-scaled.jpg","type":"image\/jpeg"}],"author":"montalegre","twitter_card":"summary_large_image","twitter_misc":{"Escrito por":"montalegre","Tiempo de lectura":"2 minutos"},"schema":{"@context":"https:\/\/schema.org","@graph":[{"@type":"Article","@id":"https:\/\/www.montalegre.org\/es\/2021\/01\/con-el-bautismo-de-jesus-nos-llego-la-purificacion\/#article","isPartOf":{"@id":"https:\/\/www.montalegre.org\/es\/2021\/01\/con-el-bautismo-de-jesus-nos-llego-la-purificacion\/"},"author":{"name":"montalegre","@id":"https:\/\/www.montalegre.org\/es\/#\/schema\/person\/fa12d4cf3a3f1735a9176b4fafd6a633"},"headline":"Con el Bautismo de Jes\u00fas nos lleg\u00f3 la purificaci\u00f3n","datePublished":"2021-01-14T18:46:17+00:00","mainEntityOfPage":{"@id":"https:\/\/www.montalegre.org\/es\/2021\/01\/con-el-bautismo-de-jesus-nos-llego-la-purificacion\/"},"wordCount":362,"commentCount":0,"image":{"@id":"https:\/\/www.montalegre.org\/es\/2021\/01\/con-el-bautismo-de-jesus-nos-llego-la-purificacion\/#primaryimage"},"thumbnailUrl":"https:\/\/www.montalegre.org\/wp-content\/uploads\/2021\/01\/agua-bendita-scaled.jpg","articleSection":["Noticias de Montalegre"],"inLanguage":"es","potentialAction":[{"@type":"CommentAction","name":"Comment","target":["https:\/\/www.montalegre.org\/es\/2021\/01\/con-el-bautismo-de-jesus-nos-llego-la-purificacion\/#respond"]}]},{"@type":"WebPage","@id":"https:\/\/www.montalegre.org\/es\/2021\/01\/con-el-bautismo-de-jesus-nos-llego-la-purificacion\/","url":"https:\/\/www.montalegre.org\/es\/2021\/01\/con-el-bautismo-de-jesus-nos-llego-la-purificacion\/","name":"Con el Bautismo de Jes\u00fas nos lleg\u00f3 la purificaci\u00f3n - Montalegre","isPartOf":{"@id":"https:\/\/www.montalegre.org\/es\/#website"},"primaryImageOfPage":{"@id":"https:\/\/www.montalegre.org\/es\/2021\/01\/con-el-bautismo-de-jesus-nos-llego-la-purificacion\/#primaryimage"},"image":{"@id":"https:\/\/www.montalegre.org\/es\/2021\/01\/con-el-bautismo-de-jesus-nos-llego-la-purificacion\/#primaryimage"},"thumbnailUrl":"https:\/\/www.montalegre.org\/wp-content\/uploads\/2021\/01\/agua-bendita-scaled.jpg","datePublished":"2021-01-14T18:46:17+00:00","author":{"@id":"https:\/\/www.montalegre.org\/es\/#\/schema\/person\/fa12d4cf3a3f1735a9176b4fafd6a633"},"breadcrumb":{"@id":"https:\/\/www.montalegre.org\/es\/2021\/01\/con-el-bautismo-de-jesus-nos-llego-la-purificacion\/#breadcrumb"},"inLanguage":"es","potentialAction":[{"@type":"ReadAction","target":["https:\/\/www.montalegre.org\/es\/2021\/01\/con-el-bautismo-de-jesus-nos-llego-la-purificacion\/"]}]},{"@type":"ImageObject","inLanguage":"es","@id":"https:\/\/www.montalegre.org\/es\/2021\/01\/con-el-bautismo-de-jesus-nos-llego-la-purificacion\/#primaryimage","url":"https:\/\/www.montalegre.org\/wp-content\/uploads\/2021\/01\/agua-bendita-scaled.jpg","contentUrl":"https:\/\/www.montalegre.org\/wp-content\/uploads\/2021\/01\/agua-bendita-scaled.jpg","width":2364,"height":2560},{"@type":"BreadcrumbList","@id":"https:\/\/www.montalegre.org\/es\/2021\/01\/con-el-bautismo-de-jesus-nos-llego-la-purificacion\/#breadcrumb","itemListElement":[{"@type":"ListItem","position":1,"name":"Portada","item":"https:\/\/www.montalegre.org\/es\/"},{"@type":"ListItem","position":2,"name":"Con el Bautismo de Jes\u00fas nos lleg\u00f3 la purificaci\u00f3n"}]},{"@type":"WebSite","@id":"https:\/\/www.montalegre.org\/es\/#website","url":"https:\/\/www.montalegre.org\/es\/","name":"Montalegre","description":"","potentialAction":[{"@type":"SearchAction","target":{"@type":"EntryPoint","urlTemplate":"https:\/\/www.montalegre.org\/es\/?s={search_term_string}"},"query-input":{"@type":"PropertyValueSpecification","valueRequired":true,"valueName":"search_term_string"}}],"inLanguage":"es"},{"@type":"Person","@id":"https:\/\/www.montalegre.org\/es\/#\/schema\/person\/fa12d4cf3a3f1735a9176b4fafd6a633","name":"montalegre","image":{"@type":"ImageObject","inLanguage":"es","@id":"https:\/\/www.montalegre.org\/es\/#\/schema\/person\/image\/","url":"https:\/\/secure.gravatar.com\/avatar\/fe6d886cf5081e723c666dceda1f12d4f39070fa2ed4e79695edc3ca355c9b5a?s=96&d=mm&r=g","contentUrl":"https:\/\/secure.gravatar.com\/avatar\/fe6d886cf5081e723c666dceda1f12d4f39070fa2ed4e79695edc3ca355c9b5a?s=96&d=mm&r=g","caption":"montalegre"},"url":"https:\/\/www.montalegre.org\/es\/author\/montalegre\/"}]}},"_links":{"self":[{"href":"https:\/\/www.montalegre.org\/es\/wp-json\/wp\/v2\/posts\/15204","targetHints":{"allow":["GET"]}}],"collection":[{"href":"https:\/\/www.montalegre.org\/es\/wp-json\/wp\/v2\/posts"}],"about":[{"href":"https:\/\/www.montalegre.org\/es\/wp-json\/wp\/v2\/types\/post"}],"author":[{"embeddable":true,"href":"https:\/\/www.montalegre.org\/es\/wp-json\/wp\/v2\/users\/4"}],"replies":[{"embeddable":true,"href":"https:\/\/www.montalegre.org\/es\/wp-json\/wp\/v2\/comments?post=15204"}],"version-history":[{"count":1,"href":"https:\/\/www.montalegre.org\/es\/wp-json\/wp\/v2\/posts\/15204\/revisions"}],"predecessor-version":[{"id":15205,"href":"https:\/\/www.montalegre.org\/es\/wp-json\/wp\/v2\/posts\/15204\/revisions\/15205"}],"wp:featuredmedia":[{"embeddable":true,"href":"https:\/\/www.montalegre.org\/es\/wp-json\/wp\/v2\/media\/15202"}],"wp:attachment":[{"href":"https:\/\/www.montalegre.org\/es\/wp-json\/wp\/v2\/media?parent=15204"}],"wp:term":[{"taxonomy":"category","embeddable":true,"href":"https:\/\/www.montalegre.org\/es\/wp-json\/wp\/v2\/categories?post=15204"},{"taxonomy":"post_tag","embeddable":true,"href":"https:\/\/www.montalegre.org\/es\/wp-json\/wp\/v2\/tags?post=15204"}],"curies":[{"name":"wp","href":"https:\/\/api.w.org\/{rel}","templated":true}]}}