{"id":14577,"date":"2020-05-11T17:37:52","date_gmt":"2020-05-11T17:37:52","guid":{"rendered":"https:\/\/www.montalegre.org\/?p=14577"},"modified":"2020-05-11T17:37:52","modified_gmt":"2020-05-11T17:37:52","slug":"vivir-de-la-eucaristia","status":"publish","type":"post","link":"https:\/\/www.montalegre.org\/es\/2020\/05\/vivir-de-la-eucaristia\/","title":{"rendered":"Vivir de la Eucarist\u00eda"},"content":{"rendered":"<p>La Pascua nos pone ante la grandeza del misterio de la redenci\u00f3n que se hace presente en nuestra vida y en el mundo a trav\u00e9s de los sacramentos de la Iglesia y de modo particular, en la Pascua, con los sacramentos del Bautismo, la Confirmaci\u00f3n y la Eucarist\u00eda. El confinamiento, provocado por la pandemia del coronavirus, ha dificultado e impedido que podamos participar de la celebraci\u00f3n de los misterios pascuales. Bautizos, confirmaciones y primeras comuniones que se han debido retrasar. Tantos domingos y d\u00edas sin poder asistir a la Eucarist\u00eda en las Iglesias, sin poder comulgar y sin poder recibir la absoluci\u00f3n de nuestros pecados en el sacramento de la penitencia. Todo ello, gracias al esfuerzo de todos, a la ayuda de los medios telem\u00e1ticos y, sobre todo, de la gracia de Dios, que no nos deja nunca, no nos ha desalentado. Es m\u00e1s, ha supuesto un redescubrimiento del valor y la fuerza que tienen la Eucarist\u00eda y los dem\u00e1s sacramentos en nuestra vida. Ha suscitado un deseo ardiente de participar de la Santa Misa y de recibir el Cuerpo y la Sangre de Cristo. Estoy convencido que todos nos hemos formulado prop\u00f3sitos de, cuando podamos, vivirlos con m\u00e1s intensidad, con m\u00e1s fe y sacar mayor fruto de este don precioso que Dios nos ha dado.<\/p>\n<p>Necesitamos vivir de la Eucarist\u00eda, alimentarnos de ella y de los dem\u00e1s sacramentos. La Iglesia y los cristianos vivimos de la Eucarist\u00eda y cuando nos falta nos duele y nos sentimos m\u00e1s vac\u00edos. No obstante, durante este tiempo, con la oraci\u00f3n, las comuniones espirituales y las misas en la televisi\u00f3n o en internet nos han ayudado a mantener viva la esperanza y a descubrir lo mucho que necesitamos los sacramentos. Dios nos lo habr\u00e1 compensado otorg\u00e1ndonos muchas gracias.<\/p>\n<p>Prepar\u00e9monos para recuperar, lo antes posible, tanto bien. Fomentemos un deseo ardiente de recibirle en la comuni\u00f3n eucar\u00edstica. Nos puede ayudar repetir con frecuencia y meditar diariamente estas preciosas palabras de Santo Tom\u00e1s de Aquino: <em>\u201c\u00a1Oh memorial de la muerte del Se\u00f1or! Pan vivo que da la vida al hombre. Conc\u00e9dele a mi alma que de Ti viva, y que siempre saboree tu dulzura.\u201d<\/em><\/p>\n<p>Mn. Xavier Argelich.<\/p>\n<p>&nbsp;<\/p>\n","protected":false},"excerpt":{"rendered":"<p>La Pascua nos pone ante la grandeza del misterio de la redenci\u00f3n que se hace presente en nuestra vida y en el mundo a trav\u00e9s de los sacramentos de la Iglesia y de modo particular, en la Pascua, con los sacramentos del Bautismo, la Confirmaci\u00f3n y la Eucarist\u00eda. El confinamiento, provocado por la pandemia del [&hellip;]<\/p>\n","protected":false},"author":4,"featured_media":0,"comment_status":"open","ping_status":"open","sticky":false,"template":"","format":"standard","meta":{"footnotes":""},"categories":[52],"tags":[],"class_list":["post-14577","post","type-post","status-publish","format-standard","hentry","category-editorial"],"yoast_head":"<!-- This site is optimized with the Yoast SEO plugin v27.1.1 - https:\/\/yoast.com\/product\/yoast-seo-wordpress\/ -->\n<title>Vivir de la Eucarist\u00eda - Montalegre<\/title>\n<meta name=\"robots\" content=\"index, follow, max-snippet:-1, max-image-preview:large, max-video-preview:-1\" \/>\n<link rel=\"canonical\" href=\"https:\/\/www.montalegre.org\/es\/2020\/05\/vivir-de-la-eucaristia\/\" \/>\n<meta property=\"og:locale\" content=\"es_ES\" \/>\n<meta property=\"og:type\" content=\"article\" \/>\n<meta property=\"og:title\" content=\"Vivir de la Eucarist\u00eda - Montalegre\" \/>\n<meta property=\"og:description\" content=\"La Pascua nos pone ante la grandeza del misterio de la redenci\u00f3n que se hace presente en nuestra vida y en el mundo a trav\u00e9s de los sacramentos de la Iglesia y de modo particular, en la Pascua, con los sacramentos del Bautismo, la Confirmaci\u00f3n y la Eucarist\u00eda. El confinamiento, provocado por la pandemia del [&hellip;]\" \/>\n<meta property=\"og:url\" content=\"https:\/\/www.montalegre.org\/es\/2020\/05\/vivir-de-la-eucaristia\/\" \/>\n<meta property=\"og:site_name\" content=\"Montalegre\" \/>\n<meta property=\"article:published_time\" content=\"2020-05-11T17:37:52+00:00\" \/>\n<meta name=\"author\" content=\"montalegre\" \/>\n<meta name=\"twitter:card\" content=\"summary_large_image\" \/>\n<meta name=\"twitter:label1\" content=\"Escrito por\" \/>\n\t<meta name=\"twitter:data1\" content=\"montalegre\" \/>\n\t<meta name=\"twitter:label2\" content=\"Tiempo de lectura\" \/>\n\t<meta name=\"twitter:data2\" content=\"2 minutos\" \/>\n<script type=\"application\/ld+json\" class=\"yoast-schema-graph\">{\"@context\":\"https:\/\/schema.org\",\"@graph\":[{\"@type\":\"Article\",\"@id\":\"https:\/\/www.montalegre.org\/es\/2020\/05\/vivir-de-la-eucaristia\/#article\",\"isPartOf\":{\"@id\":\"https:\/\/www.montalegre.org\/es\/2020\/05\/vivir-de-la-eucaristia\/\"},\"author\":{\"name\":\"montalegre\",\"@id\":\"https:\/\/www.montalegre.org\/es\/#\/schema\/person\/fa12d4cf3a3f1735a9176b4fafd6a633\"},\"headline\":\"Vivir de la Eucarist\u00eda\",\"datePublished\":\"2020-05-11T17:37:52+00:00\",\"mainEntityOfPage\":{\"@id\":\"https:\/\/www.montalegre.org\/es\/2020\/05\/vivir-de-la-eucaristia\/\"},\"wordCount\":396,\"commentCount\":0,\"articleSection\":[\"Editorial\"],\"inLanguage\":\"es\",\"potentialAction\":[{\"@type\":\"CommentAction\",\"name\":\"Comment\",\"target\":[\"https:\/\/www.montalegre.org\/es\/2020\/05\/vivir-de-la-eucaristia\/#respond\"]}]},{\"@type\":\"WebPage\",\"@id\":\"https:\/\/www.montalegre.org\/es\/2020\/05\/vivir-de-la-eucaristia\/\",\"url\":\"https:\/\/www.montalegre.org\/es\/2020\/05\/vivir-de-la-eucaristia\/\",\"name\":\"Vivir de la Eucarist\u00eda - Montalegre\",\"isPartOf\":{\"@id\":\"https:\/\/www.montalegre.org\/es\/#website\"},\"datePublished\":\"2020-05-11T17:37:52+00:00\",\"author\":{\"@id\":\"https:\/\/www.montalegre.org\/es\/#\/schema\/person\/fa12d4cf3a3f1735a9176b4fafd6a633\"},\"breadcrumb\":{\"@id\":\"https:\/\/www.montalegre.org\/es\/2020\/05\/vivir-de-la-eucaristia\/#breadcrumb\"},\"inLanguage\":\"es\",\"potentialAction\":[{\"@type\":\"ReadAction\",\"target\":[\"https:\/\/www.montalegre.org\/es\/2020\/05\/vivir-de-la-eucaristia\/\"]}]},{\"@type\":\"BreadcrumbList\",\"@id\":\"https:\/\/www.montalegre.org\/es\/2020\/05\/vivir-de-la-eucaristia\/#breadcrumb\",\"itemListElement\":[{\"@type\":\"ListItem\",\"position\":1,\"name\":\"Portada\",\"item\":\"https:\/\/www.montalegre.org\/es\/\"},{\"@type\":\"ListItem\",\"position\":2,\"name\":\"Vivir de la Eucarist\u00eda\"}]},{\"@type\":\"WebSite\",\"@id\":\"https:\/\/www.montalegre.org\/es\/#website\",\"url\":\"https:\/\/www.montalegre.org\/es\/\",\"name\":\"Montalegre\",\"description\":\"\",\"potentialAction\":[{\"@type\":\"SearchAction\",\"target\":{\"@type\":\"EntryPoint\",\"urlTemplate\":\"https:\/\/www.montalegre.org\/es\/?s={search_term_string}\"},\"query-input\":{\"@type\":\"PropertyValueSpecification\",\"valueRequired\":true,\"valueName\":\"search_term_string\"}}],\"inLanguage\":\"es\"},{\"@type\":\"Person\",\"@id\":\"https:\/\/www.montalegre.org\/es\/#\/schema\/person\/fa12d4cf3a3f1735a9176b4fafd6a633\",\"name\":\"montalegre\",\"image\":{\"@type\":\"ImageObject\",\"inLanguage\":\"es\",\"@id\":\"https:\/\/www.montalegre.org\/es\/#\/schema\/person\/image\/\",\"url\":\"https:\/\/secure.gravatar.com\/avatar\/fe6d886cf5081e723c666dceda1f12d4f39070fa2ed4e79695edc3ca355c9b5a?s=96&d=mm&r=g\",\"contentUrl\":\"https:\/\/secure.gravatar.com\/avatar\/fe6d886cf5081e723c666dceda1f12d4f39070fa2ed4e79695edc3ca355c9b5a?s=96&d=mm&r=g\",\"caption\":\"montalegre\"},\"url\":\"https:\/\/www.montalegre.org\/es\/author\/montalegre\/\"}]}<\/script>\n<!-- \/ Yoast SEO plugin. -->","yoast_head_json":{"title":"Vivir de la Eucarist\u00eda - Montalegre","robots":{"index":"index","follow":"follow","max-snippet":"max-snippet:-1","max-image-preview":"max-image-preview:large","max-video-preview":"max-video-preview:-1"},"canonical":"https:\/\/www.montalegre.org\/es\/2020\/05\/vivir-de-la-eucaristia\/","og_locale":"es_ES","og_type":"article","og_title":"Vivir de la Eucarist\u00eda - Montalegre","og_description":"La Pascua nos pone ante la grandeza del misterio de la redenci\u00f3n que se hace presente en nuestra vida y en el mundo a trav\u00e9s de los sacramentos de la Iglesia y de modo particular, en la Pascua, con los sacramentos del Bautismo, la Confirmaci\u00f3n y la Eucarist\u00eda. El confinamiento, provocado por la pandemia del [&hellip;]","og_url":"https:\/\/www.montalegre.org\/es\/2020\/05\/vivir-de-la-eucaristia\/","og_site_name":"Montalegre","article_published_time":"2020-05-11T17:37:52+00:00","author":"montalegre","twitter_card":"summary_large_image","twitter_misc":{"Escrito por":"montalegre","Tiempo de lectura":"2 minutos"},"schema":{"@context":"https:\/\/schema.org","@graph":[{"@type":"Article","@id":"https:\/\/www.montalegre.org\/es\/2020\/05\/vivir-de-la-eucaristia\/#article","isPartOf":{"@id":"https:\/\/www.montalegre.org\/es\/2020\/05\/vivir-de-la-eucaristia\/"},"author":{"name":"montalegre","@id":"https:\/\/www.montalegre.org\/es\/#\/schema\/person\/fa12d4cf3a3f1735a9176b4fafd6a633"},"headline":"Vivir de la Eucarist\u00eda","datePublished":"2020-05-11T17:37:52+00:00","mainEntityOfPage":{"@id":"https:\/\/www.montalegre.org\/es\/2020\/05\/vivir-de-la-eucaristia\/"},"wordCount":396,"commentCount":0,"articleSection":["Editorial"],"inLanguage":"es","potentialAction":[{"@type":"CommentAction","name":"Comment","target":["https:\/\/www.montalegre.org\/es\/2020\/05\/vivir-de-la-eucaristia\/#respond"]}]},{"@type":"WebPage","@id":"https:\/\/www.montalegre.org\/es\/2020\/05\/vivir-de-la-eucaristia\/","url":"https:\/\/www.montalegre.org\/es\/2020\/05\/vivir-de-la-eucaristia\/","name":"Vivir de la Eucarist\u00eda - Montalegre","isPartOf":{"@id":"https:\/\/www.montalegre.org\/es\/#website"},"datePublished":"2020-05-11T17:37:52+00:00","author":{"@id":"https:\/\/www.montalegre.org\/es\/#\/schema\/person\/fa12d4cf3a3f1735a9176b4fafd6a633"},"breadcrumb":{"@id":"https:\/\/www.montalegre.org\/es\/2020\/05\/vivir-de-la-eucaristia\/#breadcrumb"},"inLanguage":"es","potentialAction":[{"@type":"ReadAction","target":["https:\/\/www.montalegre.org\/es\/2020\/05\/vivir-de-la-eucaristia\/"]}]},{"@type":"BreadcrumbList","@id":"https:\/\/www.montalegre.org\/es\/2020\/05\/vivir-de-la-eucaristia\/#breadcrumb","itemListElement":[{"@type":"ListItem","position":1,"name":"Portada","item":"https:\/\/www.montalegre.org\/es\/"},{"@type":"ListItem","position":2,"name":"Vivir de la Eucarist\u00eda"}]},{"@type":"WebSite","@id":"https:\/\/www.montalegre.org\/es\/#website","url":"https:\/\/www.montalegre.org\/es\/","name":"Montalegre","description":"","potentialAction":[{"@type":"SearchAction","target":{"@type":"EntryPoint","urlTemplate":"https:\/\/www.montalegre.org\/es\/?s={search_term_string}"},"query-input":{"@type":"PropertyValueSpecification","valueRequired":true,"valueName":"search_term_string"}}],"inLanguage":"es"},{"@type":"Person","@id":"https:\/\/www.montalegre.org\/es\/#\/schema\/person\/fa12d4cf3a3f1735a9176b4fafd6a633","name":"montalegre","image":{"@type":"ImageObject","inLanguage":"es","@id":"https:\/\/www.montalegre.org\/es\/#\/schema\/person\/image\/","url":"https:\/\/secure.gravatar.com\/avatar\/fe6d886cf5081e723c666dceda1f12d4f39070fa2ed4e79695edc3ca355c9b5a?s=96&d=mm&r=g","contentUrl":"https:\/\/secure.gravatar.com\/avatar\/fe6d886cf5081e723c666dceda1f12d4f39070fa2ed4e79695edc3ca355c9b5a?s=96&d=mm&r=g","caption":"montalegre"},"url":"https:\/\/www.montalegre.org\/es\/author\/montalegre\/"}]}},"_links":{"self":[{"href":"https:\/\/www.montalegre.org\/es\/wp-json\/wp\/v2\/posts\/14577","targetHints":{"allow":["GET"]}}],"collection":[{"href":"https:\/\/www.montalegre.org\/es\/wp-json\/wp\/v2\/posts"}],"about":[{"href":"https:\/\/www.montalegre.org\/es\/wp-json\/wp\/v2\/types\/post"}],"author":[{"embeddable":true,"href":"https:\/\/www.montalegre.org\/es\/wp-json\/wp\/v2\/users\/4"}],"replies":[{"embeddable":true,"href":"https:\/\/www.montalegre.org\/es\/wp-json\/wp\/v2\/comments?post=14577"}],"version-history":[{"count":1,"href":"https:\/\/www.montalegre.org\/es\/wp-json\/wp\/v2\/posts\/14577\/revisions"}],"predecessor-version":[{"id":14578,"href":"https:\/\/www.montalegre.org\/es\/wp-json\/wp\/v2\/posts\/14577\/revisions\/14578"}],"wp:attachment":[{"href":"https:\/\/www.montalegre.org\/es\/wp-json\/wp\/v2\/media?parent=14577"}],"wp:term":[{"taxonomy":"category","embeddable":true,"href":"https:\/\/www.montalegre.org\/es\/wp-json\/wp\/v2\/categories?post=14577"},{"taxonomy":"post_tag","embeddable":true,"href":"https:\/\/www.montalegre.org\/es\/wp-json\/wp\/v2\/tags?post=14577"}],"curies":[{"name":"wp","href":"https:\/\/api.w.org\/{rel}","templated":true}]}}