{"id":14149,"date":"2019-12-13T19:49:56","date_gmt":"2019-12-13T19:49:56","guid":{"rendered":"https:\/\/www.montalegre.org\/?p=14149"},"modified":"2019-12-13T19:49:56","modified_gmt":"2019-12-13T19:49:56","slug":"dias-de-espera-y-esperanza","status":"publish","type":"post","link":"https:\/\/www.montalegre.org\/es\/2019\/12\/dias-de-espera-y-esperanza\/","title":{"rendered":"D\u00edas de espera y esperanza"},"content":{"rendered":"<p><strong>\u00a0<\/strong>Con el Adviento iniciamos un tiempo de espera; pero una espera que el Se\u00f1or viene a convertir en esperanza. La experiencia nos muestra que nos pasamos la vida esperando: cuando somos ni\u00f1os queremos crecer; en la juventud aspiramos a un amor grande, que nos llene; cuando somos adultos buscamos la realizaci\u00f3n en la profesi\u00f3n; cuando llegamos a la edad avanzada aspiramos al merecido descanso. Sin embargo, cuando estas esperanzas se cumplen, o tambi\u00e9n cuando naufragan, percibimos que esto, en realidad, no lo era todo. Necesitamos una esperanza que vaya m\u00e1s all\u00e1 de lo que podemos imaginar, que nos sorprenda. As\u00ed, aunque existen esperanzas m\u00e1s o menos peque\u00f1as que d\u00eda a d\u00eda nos mantienen en camino, en realidad, sin la gran esperanza -la que nace de la Fe en Dios y de su Amor a los hombres &#8211; todas las dem\u00e1s son insuficientes.<\/p>\n<p>Como dice el Papa Francisco: &#8220;El tiempo de Adviento nos devuelve el horizonte de la esperanza, una esperanza que no decepciona porque est\u00e1 fundada en la Palabra de Dios. Una esperanza que no decepciona, sencillamente porque el Se\u00f1or no decepciona jam\u00e1s&#8221;. Nuestro tiempo presente tiene un sentido porque el Mes\u00edas, esperado durante siglos, nace en Bel\u00e9n. Al venir Cristo entre nosotros, nos ofrece el don de su amor y de su salvaci\u00f3n. Para los cristianos la esperanza est\u00e1 animada por una certeza: el Se\u00f1or est\u00e1 presente a lo largo de toda nuestra vida, en el trabajo y en los afanes cotidianos; nos acompa\u00f1a y un d\u00eda enjugar\u00e1 tambi\u00e9n nuestras l\u00e1grimas.<\/p>\n<p>Recorramos estas semanas con esa espera atenta y alegre, y, a la vez, llena de esperanza, contagi\u00e1ndola a los dem\u00e1s y de manera especial a los j\u00f3venes, a quienes les puede faltar razones para esperar. El Ni\u00f1o Jes\u00fas, Mar\u00eda y Jos\u00e9 nos esperan en Bel\u00e9n. \u00a1Ah\u00ed queremos llegar con toda la familia! \u00a1Feliz Navidad!<\/p>\n<p>Mn. Xavier Argelich<\/p>\n","protected":false},"excerpt":{"rendered":"<p>\u00a0Con el Adviento iniciamos un tiempo de espera; pero una espera que el Se\u00f1or viene a convertir en esperanza. La experiencia nos muestra que nos pasamos la vida esperando: cuando somos ni\u00f1os queremos crecer; en la juventud aspiramos a un amor grande, que nos llene; cuando somos adultos buscamos la realizaci\u00f3n en la profesi\u00f3n; cuando [&hellip;]<\/p>\n","protected":false},"author":4,"featured_media":0,"comment_status":"open","ping_status":"open","sticky":false,"template":"","format":"standard","meta":{"footnotes":""},"categories":[52],"tags":[],"class_list":["post-14149","post","type-post","status-publish","format-standard","hentry","category-editorial"],"yoast_head":"<!-- This site is optimized with the Yoast SEO plugin v27.1.1 - https:\/\/yoast.com\/product\/yoast-seo-wordpress\/ -->\n<title>D\u00edas de espera y esperanza - Montalegre<\/title>\n<meta name=\"robots\" content=\"index, follow, max-snippet:-1, max-image-preview:large, max-video-preview:-1\" \/>\n<link rel=\"canonical\" href=\"https:\/\/www.montalegre.org\/es\/2019\/12\/dias-de-espera-y-esperanza\/\" \/>\n<meta property=\"og:locale\" content=\"es_ES\" \/>\n<meta property=\"og:type\" content=\"article\" \/>\n<meta property=\"og:title\" content=\"D\u00edas de espera y esperanza - Montalegre\" \/>\n<meta property=\"og:description\" content=\"\u00a0Con el Adviento iniciamos un tiempo de espera; pero una espera que el Se\u00f1or viene a convertir en esperanza. La experiencia nos muestra que nos pasamos la vida esperando: cuando somos ni\u00f1os queremos crecer; en la juventud aspiramos a un amor grande, que nos llene; cuando somos adultos buscamos la realizaci\u00f3n en la profesi\u00f3n; cuando [&hellip;]\" \/>\n<meta property=\"og:url\" content=\"https:\/\/www.montalegre.org\/es\/2019\/12\/dias-de-espera-y-esperanza\/\" \/>\n<meta property=\"og:site_name\" content=\"Montalegre\" \/>\n<meta property=\"article:published_time\" content=\"2019-12-13T19:49:56+00:00\" \/>\n<meta name=\"author\" content=\"montalegre\" \/>\n<meta name=\"twitter:card\" content=\"summary_large_image\" \/>\n<meta name=\"twitter:label1\" content=\"Escrito por\" \/>\n\t<meta name=\"twitter:data1\" content=\"montalegre\" \/>\n\t<meta name=\"twitter:label2\" content=\"Tiempo de lectura\" \/>\n\t<meta name=\"twitter:data2\" content=\"2 minutos\" \/>\n<script type=\"application\/ld+json\" class=\"yoast-schema-graph\">{\"@context\":\"https:\/\/schema.org\",\"@graph\":[{\"@type\":\"Article\",\"@id\":\"https:\/\/www.montalegre.org\/es\/2019\/12\/dias-de-espera-y-esperanza\/#article\",\"isPartOf\":{\"@id\":\"https:\/\/www.montalegre.org\/es\/2019\/12\/dias-de-espera-y-esperanza\/\"},\"author\":{\"name\":\"montalegre\",\"@id\":\"https:\/\/www.montalegre.org\/es\/#\/schema\/person\/fa12d4cf3a3f1735a9176b4fafd6a633\"},\"headline\":\"D\u00edas de espera y esperanza\",\"datePublished\":\"2019-12-13T19:49:56+00:00\",\"mainEntityOfPage\":{\"@id\":\"https:\/\/www.montalegre.org\/es\/2019\/12\/dias-de-espera-y-esperanza\/\"},\"wordCount\":343,\"commentCount\":0,\"articleSection\":[\"Editorial\"],\"inLanguage\":\"es\",\"potentialAction\":[{\"@type\":\"CommentAction\",\"name\":\"Comment\",\"target\":[\"https:\/\/www.montalegre.org\/es\/2019\/12\/dias-de-espera-y-esperanza\/#respond\"]}]},{\"@type\":\"WebPage\",\"@id\":\"https:\/\/www.montalegre.org\/es\/2019\/12\/dias-de-espera-y-esperanza\/\",\"url\":\"https:\/\/www.montalegre.org\/es\/2019\/12\/dias-de-espera-y-esperanza\/\",\"name\":\"D\u00edas de espera y esperanza - Montalegre\",\"isPartOf\":{\"@id\":\"https:\/\/www.montalegre.org\/es\/#website\"},\"datePublished\":\"2019-12-13T19:49:56+00:00\",\"author\":{\"@id\":\"https:\/\/www.montalegre.org\/es\/#\/schema\/person\/fa12d4cf3a3f1735a9176b4fafd6a633\"},\"breadcrumb\":{\"@id\":\"https:\/\/www.montalegre.org\/es\/2019\/12\/dias-de-espera-y-esperanza\/#breadcrumb\"},\"inLanguage\":\"es\",\"potentialAction\":[{\"@type\":\"ReadAction\",\"target\":[\"https:\/\/www.montalegre.org\/es\/2019\/12\/dias-de-espera-y-esperanza\/\"]}]},{\"@type\":\"BreadcrumbList\",\"@id\":\"https:\/\/www.montalegre.org\/es\/2019\/12\/dias-de-espera-y-esperanza\/#breadcrumb\",\"itemListElement\":[{\"@type\":\"ListItem\",\"position\":1,\"name\":\"Portada\",\"item\":\"https:\/\/www.montalegre.org\/es\/\"},{\"@type\":\"ListItem\",\"position\":2,\"name\":\"D\u00edas de espera y esperanza\"}]},{\"@type\":\"WebSite\",\"@id\":\"https:\/\/www.montalegre.org\/es\/#website\",\"url\":\"https:\/\/www.montalegre.org\/es\/\",\"name\":\"Montalegre\",\"description\":\"\",\"potentialAction\":[{\"@type\":\"SearchAction\",\"target\":{\"@type\":\"EntryPoint\",\"urlTemplate\":\"https:\/\/www.montalegre.org\/es\/?s={search_term_string}\"},\"query-input\":{\"@type\":\"PropertyValueSpecification\",\"valueRequired\":true,\"valueName\":\"search_term_string\"}}],\"inLanguage\":\"es\"},{\"@type\":\"Person\",\"@id\":\"https:\/\/www.montalegre.org\/es\/#\/schema\/person\/fa12d4cf3a3f1735a9176b4fafd6a633\",\"name\":\"montalegre\",\"image\":{\"@type\":\"ImageObject\",\"inLanguage\":\"es\",\"@id\":\"https:\/\/www.montalegre.org\/es\/#\/schema\/person\/image\/\",\"url\":\"https:\/\/secure.gravatar.com\/avatar\/fe6d886cf5081e723c666dceda1f12d4f39070fa2ed4e79695edc3ca355c9b5a?s=96&d=mm&r=g\",\"contentUrl\":\"https:\/\/secure.gravatar.com\/avatar\/fe6d886cf5081e723c666dceda1f12d4f39070fa2ed4e79695edc3ca355c9b5a?s=96&d=mm&r=g\",\"caption\":\"montalegre\"},\"url\":\"https:\/\/www.montalegre.org\/es\/author\/montalegre\/\"}]}<\/script>\n<!-- \/ Yoast SEO plugin. -->","yoast_head_json":{"title":"D\u00edas de espera y esperanza - Montalegre","robots":{"index":"index","follow":"follow","max-snippet":"max-snippet:-1","max-image-preview":"max-image-preview:large","max-video-preview":"max-video-preview:-1"},"canonical":"https:\/\/www.montalegre.org\/es\/2019\/12\/dias-de-espera-y-esperanza\/","og_locale":"es_ES","og_type":"article","og_title":"D\u00edas de espera y esperanza - Montalegre","og_description":"\u00a0Con el Adviento iniciamos un tiempo de espera; pero una espera que el Se\u00f1or viene a convertir en esperanza. La experiencia nos muestra que nos pasamos la vida esperando: cuando somos ni\u00f1os queremos crecer; en la juventud aspiramos a un amor grande, que nos llene; cuando somos adultos buscamos la realizaci\u00f3n en la profesi\u00f3n; cuando [&hellip;]","og_url":"https:\/\/www.montalegre.org\/es\/2019\/12\/dias-de-espera-y-esperanza\/","og_site_name":"Montalegre","article_published_time":"2019-12-13T19:49:56+00:00","author":"montalegre","twitter_card":"summary_large_image","twitter_misc":{"Escrito por":"montalegre","Tiempo de lectura":"2 minutos"},"schema":{"@context":"https:\/\/schema.org","@graph":[{"@type":"Article","@id":"https:\/\/www.montalegre.org\/es\/2019\/12\/dias-de-espera-y-esperanza\/#article","isPartOf":{"@id":"https:\/\/www.montalegre.org\/es\/2019\/12\/dias-de-espera-y-esperanza\/"},"author":{"name":"montalegre","@id":"https:\/\/www.montalegre.org\/es\/#\/schema\/person\/fa12d4cf3a3f1735a9176b4fafd6a633"},"headline":"D\u00edas de espera y esperanza","datePublished":"2019-12-13T19:49:56+00:00","mainEntityOfPage":{"@id":"https:\/\/www.montalegre.org\/es\/2019\/12\/dias-de-espera-y-esperanza\/"},"wordCount":343,"commentCount":0,"articleSection":["Editorial"],"inLanguage":"es","potentialAction":[{"@type":"CommentAction","name":"Comment","target":["https:\/\/www.montalegre.org\/es\/2019\/12\/dias-de-espera-y-esperanza\/#respond"]}]},{"@type":"WebPage","@id":"https:\/\/www.montalegre.org\/es\/2019\/12\/dias-de-espera-y-esperanza\/","url":"https:\/\/www.montalegre.org\/es\/2019\/12\/dias-de-espera-y-esperanza\/","name":"D\u00edas de espera y esperanza - Montalegre","isPartOf":{"@id":"https:\/\/www.montalegre.org\/es\/#website"},"datePublished":"2019-12-13T19:49:56+00:00","author":{"@id":"https:\/\/www.montalegre.org\/es\/#\/schema\/person\/fa12d4cf3a3f1735a9176b4fafd6a633"},"breadcrumb":{"@id":"https:\/\/www.montalegre.org\/es\/2019\/12\/dias-de-espera-y-esperanza\/#breadcrumb"},"inLanguage":"es","potentialAction":[{"@type":"ReadAction","target":["https:\/\/www.montalegre.org\/es\/2019\/12\/dias-de-espera-y-esperanza\/"]}]},{"@type":"BreadcrumbList","@id":"https:\/\/www.montalegre.org\/es\/2019\/12\/dias-de-espera-y-esperanza\/#breadcrumb","itemListElement":[{"@type":"ListItem","position":1,"name":"Portada","item":"https:\/\/www.montalegre.org\/es\/"},{"@type":"ListItem","position":2,"name":"D\u00edas de espera y esperanza"}]},{"@type":"WebSite","@id":"https:\/\/www.montalegre.org\/es\/#website","url":"https:\/\/www.montalegre.org\/es\/","name":"Montalegre","description":"","potentialAction":[{"@type":"SearchAction","target":{"@type":"EntryPoint","urlTemplate":"https:\/\/www.montalegre.org\/es\/?s={search_term_string}"},"query-input":{"@type":"PropertyValueSpecification","valueRequired":true,"valueName":"search_term_string"}}],"inLanguage":"es"},{"@type":"Person","@id":"https:\/\/www.montalegre.org\/es\/#\/schema\/person\/fa12d4cf3a3f1735a9176b4fafd6a633","name":"montalegre","image":{"@type":"ImageObject","inLanguage":"es","@id":"https:\/\/www.montalegre.org\/es\/#\/schema\/person\/image\/","url":"https:\/\/secure.gravatar.com\/avatar\/fe6d886cf5081e723c666dceda1f12d4f39070fa2ed4e79695edc3ca355c9b5a?s=96&d=mm&r=g","contentUrl":"https:\/\/secure.gravatar.com\/avatar\/fe6d886cf5081e723c666dceda1f12d4f39070fa2ed4e79695edc3ca355c9b5a?s=96&d=mm&r=g","caption":"montalegre"},"url":"https:\/\/www.montalegre.org\/es\/author\/montalegre\/"}]}},"_links":{"self":[{"href":"https:\/\/www.montalegre.org\/es\/wp-json\/wp\/v2\/posts\/14149","targetHints":{"allow":["GET"]}}],"collection":[{"href":"https:\/\/www.montalegre.org\/es\/wp-json\/wp\/v2\/posts"}],"about":[{"href":"https:\/\/www.montalegre.org\/es\/wp-json\/wp\/v2\/types\/post"}],"author":[{"embeddable":true,"href":"https:\/\/www.montalegre.org\/es\/wp-json\/wp\/v2\/users\/4"}],"replies":[{"embeddable":true,"href":"https:\/\/www.montalegre.org\/es\/wp-json\/wp\/v2\/comments?post=14149"}],"version-history":[{"count":1,"href":"https:\/\/www.montalegre.org\/es\/wp-json\/wp\/v2\/posts\/14149\/revisions"}],"predecessor-version":[{"id":14150,"href":"https:\/\/www.montalegre.org\/es\/wp-json\/wp\/v2\/posts\/14149\/revisions\/14150"}],"wp:attachment":[{"href":"https:\/\/www.montalegre.org\/es\/wp-json\/wp\/v2\/media?parent=14149"}],"wp:term":[{"taxonomy":"category","embeddable":true,"href":"https:\/\/www.montalegre.org\/es\/wp-json\/wp\/v2\/categories?post=14149"},{"taxonomy":"post_tag","embeddable":true,"href":"https:\/\/www.montalegre.org\/es\/wp-json\/wp\/v2\/tags?post=14149"}],"curies":[{"name":"wp","href":"https:\/\/api.w.org\/{rel}","templated":true}]}}