{"id":14018,"date":"2019-10-13T18:03:55","date_gmt":"2019-10-13T18:03:55","guid":{"rendered":"https:\/\/www.montalegre.org\/?p=14018"},"modified":"2019-10-13T18:03:55","modified_gmt":"2019-10-13T18:03:55","slug":"bautizados-y-enviados","status":"publish","type":"post","link":"https:\/\/www.montalegre.org\/es\/2019\/10\/bautizados-y-enviados\/","title":{"rendered":"Bautizados y enviados"},"content":{"rendered":"<p><em>Queridos hermanos y hermanas:<\/em><\/p>\n<p><em>He pedido a toda la Iglesia que durante el mes de octubre de 2019 se viva un tiempo misionero extraordinario, para conmemorar el centenario de la promulgaci\u00f3n de la Carta apost\u00f3lica<a href=\"https:\/\/w2.vatican.va\/content\/benedict-xv\/es\/apost_letters\/documents\/hf_ben-xv_apl_19191130_maximum-illud.html\">\u00a0Maximum illud<\/a>\u00a0del\u00a0<a href=\"https:\/\/w2.vatican.va\/content\/benedict-xv\/es.html\">Papa Benedicto XV<\/a>\u00a0(30 noviembre 1919). La visi\u00f3n prof\u00e9tica de su propuesta apost\u00f3lica me ha confirmado que hoy sigue siendo importante renovar el compromiso misionero de la Iglesia, impulsar evang\u00e9licamente su misi\u00f3n de anunciar y llevar al mundo la salvaci\u00f3n de Jesucristo, muerto y resucitado.\u00a0<\/em><\/p>\n<p><em>El t\u00edtulo del presente mensaje es igual al tema del Octubre Misionero:\u00a0Bautizados y enviados: la Iglesia de Cristo en misi\u00f3n en el mundo.\u00a0La celebraci\u00f3n de este mes nos ayudar\u00e1 en primer lugar a volver a encontrar el sentido misionero de nuestra adhesi\u00f3n de fe a Jesucristo, fe que hemos recibido gratuitamente como un don en el bautismo. Nuestra pertenencia filial a Dios no es un acto individual sino eclesial: la comuni\u00f3n con Dios, Padre, Hijo y Esp\u00edritu Santo, es fuente de una vida nueva junto a tantos otros hermanos y hermanas. Y esta vida divina no es un producto para vender sino una riqueza para dar, para comunicar, para anunciar; este es el sentido de la misi\u00f3n. Gratuitamente hemos recibido este don y gratuitamente lo compartimos (cf.\u00a0Mt\u00a010,8), sin excluir a nadie. Dios quiere que todos los hombres se salven y lleguen al conocimiento de la verdad, y a la experiencia de su misericordia, por medio de la Iglesia, sacramento universal de salvaci\u00f3n.<\/em><\/p>\n<p><em>La fe en la pascua de Jes\u00fas, el env\u00edo eclesial bautismal, la salida geogr\u00e1fica y cultural de s\u00ed y del propio hogar, la necesidad de salvaci\u00f3n del pecado y la liberaci\u00f3n del mal personal y social exigen que la misi\u00f3n llegue hasta los \u00faltimos rincones de la tierra.\u00a0<\/em><\/p>\n<p><em>Confiemos a Mar\u00eda, nuestra Madre, la misi\u00f3n de la Iglesia. La Virgen, unida a su Hijo desde la encarnaci\u00f3n, se puso en movimiento, particip\u00f3 totalmente en la misi\u00f3n de Jes\u00fas, misi\u00f3n que a los pies de la cruz se convirti\u00f3 tambi\u00e9n en su propia misi\u00f3n: colaborar como Madre de la Iglesia que en el Esp\u00edritu y en la fe engendra nuevos hijos e hijas de Dios.<\/em><\/p>\n<p><em>Papa Francisco<\/em><\/p>\n<p>(extracto del mensaje para el octubre misionero 2019)<\/p>\n","protected":false},"excerpt":{"rendered":"<p>Queridos hermanos y hermanas: He pedido a toda la Iglesia que durante el mes de octubre de 2019 se viva un tiempo misionero extraordinario, para conmemorar el centenario de la promulgaci\u00f3n de la Carta apost\u00f3lica\u00a0Maximum illud\u00a0del\u00a0Papa Benedicto XV\u00a0(30 noviembre 1919). La visi\u00f3n prof\u00e9tica de su propuesta apost\u00f3lica me ha confirmado que hoy sigue siendo importante [&hellip;]<\/p>\n","protected":false},"author":4,"featured_media":0,"comment_status":"open","ping_status":"open","sticky":false,"template":"","format":"standard","meta":{"footnotes":""},"categories":[52],"tags":[],"class_list":["post-14018","post","type-post","status-publish","format-standard","hentry","category-editorial"],"yoast_head":"<!-- This site is optimized with the Yoast SEO plugin v27.1.1 - https:\/\/yoast.com\/product\/yoast-seo-wordpress\/ -->\n<title>Bautizados y enviados - Montalegre<\/title>\n<meta name=\"robots\" content=\"index, follow, max-snippet:-1, max-image-preview:large, max-video-preview:-1\" \/>\n<link rel=\"canonical\" href=\"https:\/\/www.montalegre.org\/es\/2019\/10\/bautizados-y-enviados\/\" \/>\n<meta property=\"og:locale\" content=\"es_ES\" \/>\n<meta property=\"og:type\" content=\"article\" \/>\n<meta property=\"og:title\" content=\"Bautizados y enviados - Montalegre\" \/>\n<meta property=\"og:description\" content=\"Queridos hermanos y hermanas: He pedido a toda la Iglesia que durante el mes de octubre de 2019 se viva un tiempo misionero extraordinario, para conmemorar el centenario de la promulgaci\u00f3n de la Carta apost\u00f3lica\u00a0Maximum illud\u00a0del\u00a0Papa Benedicto XV\u00a0(30 noviembre 1919). La visi\u00f3n prof\u00e9tica de su propuesta apost\u00f3lica me ha confirmado que hoy sigue siendo importante [&hellip;]\" \/>\n<meta property=\"og:url\" content=\"https:\/\/www.montalegre.org\/es\/2019\/10\/bautizados-y-enviados\/\" \/>\n<meta property=\"og:site_name\" content=\"Montalegre\" \/>\n<meta property=\"article:published_time\" content=\"2019-10-13T18:03:55+00:00\" \/>\n<meta name=\"author\" content=\"montalegre\" \/>\n<meta name=\"twitter:card\" content=\"summary_large_image\" \/>\n<meta name=\"twitter:label1\" content=\"Escrito por\" \/>\n\t<meta name=\"twitter:data1\" content=\"montalegre\" \/>\n\t<meta name=\"twitter:label2\" content=\"Tiempo de lectura\" \/>\n\t<meta name=\"twitter:data2\" content=\"2 minutos\" \/>\n<script type=\"application\/ld+json\" class=\"yoast-schema-graph\">{\"@context\":\"https:\/\/schema.org\",\"@graph\":[{\"@type\":\"Article\",\"@id\":\"https:\/\/www.montalegre.org\/es\/2019\/10\/bautizados-y-enviados\/#article\",\"isPartOf\":{\"@id\":\"https:\/\/www.montalegre.org\/es\/2019\/10\/bautizados-y-enviados\/\"},\"author\":{\"name\":\"montalegre\",\"@id\":\"https:\/\/www.montalegre.org\/es\/#\/schema\/person\/fa12d4cf3a3f1735a9176b4fafd6a633\"},\"headline\":\"Bautizados y enviados\",\"datePublished\":\"2019-10-13T18:03:55+00:00\",\"mainEntityOfPage\":{\"@id\":\"https:\/\/www.montalegre.org\/es\/2019\/10\/bautizados-y-enviados\/\"},\"wordCount\":402,\"commentCount\":0,\"articleSection\":[\"Editorial\"],\"inLanguage\":\"es\",\"potentialAction\":[{\"@type\":\"CommentAction\",\"name\":\"Comment\",\"target\":[\"https:\/\/www.montalegre.org\/es\/2019\/10\/bautizados-y-enviados\/#respond\"]}]},{\"@type\":\"WebPage\",\"@id\":\"https:\/\/www.montalegre.org\/es\/2019\/10\/bautizados-y-enviados\/\",\"url\":\"https:\/\/www.montalegre.org\/es\/2019\/10\/bautizados-y-enviados\/\",\"name\":\"Bautizados y enviados - Montalegre\",\"isPartOf\":{\"@id\":\"https:\/\/www.montalegre.org\/es\/#website\"},\"datePublished\":\"2019-10-13T18:03:55+00:00\",\"author\":{\"@id\":\"https:\/\/www.montalegre.org\/es\/#\/schema\/person\/fa12d4cf3a3f1735a9176b4fafd6a633\"},\"breadcrumb\":{\"@id\":\"https:\/\/www.montalegre.org\/es\/2019\/10\/bautizados-y-enviados\/#breadcrumb\"},\"inLanguage\":\"es\",\"potentialAction\":[{\"@type\":\"ReadAction\",\"target\":[\"https:\/\/www.montalegre.org\/es\/2019\/10\/bautizados-y-enviados\/\"]}]},{\"@type\":\"BreadcrumbList\",\"@id\":\"https:\/\/www.montalegre.org\/es\/2019\/10\/bautizados-y-enviados\/#breadcrumb\",\"itemListElement\":[{\"@type\":\"ListItem\",\"position\":1,\"name\":\"Portada\",\"item\":\"https:\/\/www.montalegre.org\/es\/\"},{\"@type\":\"ListItem\",\"position\":2,\"name\":\"Bautizados y enviados\"}]},{\"@type\":\"WebSite\",\"@id\":\"https:\/\/www.montalegre.org\/es\/#website\",\"url\":\"https:\/\/www.montalegre.org\/es\/\",\"name\":\"Montalegre\",\"description\":\"\",\"potentialAction\":[{\"@type\":\"SearchAction\",\"target\":{\"@type\":\"EntryPoint\",\"urlTemplate\":\"https:\/\/www.montalegre.org\/es\/?s={search_term_string}\"},\"query-input\":{\"@type\":\"PropertyValueSpecification\",\"valueRequired\":true,\"valueName\":\"search_term_string\"}}],\"inLanguage\":\"es\"},{\"@type\":\"Person\",\"@id\":\"https:\/\/www.montalegre.org\/es\/#\/schema\/person\/fa12d4cf3a3f1735a9176b4fafd6a633\",\"name\":\"montalegre\",\"image\":{\"@type\":\"ImageObject\",\"inLanguage\":\"es\",\"@id\":\"https:\/\/www.montalegre.org\/es\/#\/schema\/person\/image\/\",\"url\":\"https:\/\/secure.gravatar.com\/avatar\/fe6d886cf5081e723c666dceda1f12d4f39070fa2ed4e79695edc3ca355c9b5a?s=96&d=mm&r=g\",\"contentUrl\":\"https:\/\/secure.gravatar.com\/avatar\/fe6d886cf5081e723c666dceda1f12d4f39070fa2ed4e79695edc3ca355c9b5a?s=96&d=mm&r=g\",\"caption\":\"montalegre\"},\"url\":\"https:\/\/www.montalegre.org\/es\/author\/montalegre\/\"}]}<\/script>\n<!-- \/ Yoast SEO plugin. -->","yoast_head_json":{"title":"Bautizados y enviados - Montalegre","robots":{"index":"index","follow":"follow","max-snippet":"max-snippet:-1","max-image-preview":"max-image-preview:large","max-video-preview":"max-video-preview:-1"},"canonical":"https:\/\/www.montalegre.org\/es\/2019\/10\/bautizados-y-enviados\/","og_locale":"es_ES","og_type":"article","og_title":"Bautizados y enviados - Montalegre","og_description":"Queridos hermanos y hermanas: He pedido a toda la Iglesia que durante el mes de octubre de 2019 se viva un tiempo misionero extraordinario, para conmemorar el centenario de la promulgaci\u00f3n de la Carta apost\u00f3lica\u00a0Maximum illud\u00a0del\u00a0Papa Benedicto XV\u00a0(30 noviembre 1919). La visi\u00f3n prof\u00e9tica de su propuesta apost\u00f3lica me ha confirmado que hoy sigue siendo importante [&hellip;]","og_url":"https:\/\/www.montalegre.org\/es\/2019\/10\/bautizados-y-enviados\/","og_site_name":"Montalegre","article_published_time":"2019-10-13T18:03:55+00:00","author":"montalegre","twitter_card":"summary_large_image","twitter_misc":{"Escrito por":"montalegre","Tiempo de lectura":"2 minutos"},"schema":{"@context":"https:\/\/schema.org","@graph":[{"@type":"Article","@id":"https:\/\/www.montalegre.org\/es\/2019\/10\/bautizados-y-enviados\/#article","isPartOf":{"@id":"https:\/\/www.montalegre.org\/es\/2019\/10\/bautizados-y-enviados\/"},"author":{"name":"montalegre","@id":"https:\/\/www.montalegre.org\/es\/#\/schema\/person\/fa12d4cf3a3f1735a9176b4fafd6a633"},"headline":"Bautizados y enviados","datePublished":"2019-10-13T18:03:55+00:00","mainEntityOfPage":{"@id":"https:\/\/www.montalegre.org\/es\/2019\/10\/bautizados-y-enviados\/"},"wordCount":402,"commentCount":0,"articleSection":["Editorial"],"inLanguage":"es","potentialAction":[{"@type":"CommentAction","name":"Comment","target":["https:\/\/www.montalegre.org\/es\/2019\/10\/bautizados-y-enviados\/#respond"]}]},{"@type":"WebPage","@id":"https:\/\/www.montalegre.org\/es\/2019\/10\/bautizados-y-enviados\/","url":"https:\/\/www.montalegre.org\/es\/2019\/10\/bautizados-y-enviados\/","name":"Bautizados y enviados - Montalegre","isPartOf":{"@id":"https:\/\/www.montalegre.org\/es\/#website"},"datePublished":"2019-10-13T18:03:55+00:00","author":{"@id":"https:\/\/www.montalegre.org\/es\/#\/schema\/person\/fa12d4cf3a3f1735a9176b4fafd6a633"},"breadcrumb":{"@id":"https:\/\/www.montalegre.org\/es\/2019\/10\/bautizados-y-enviados\/#breadcrumb"},"inLanguage":"es","potentialAction":[{"@type":"ReadAction","target":["https:\/\/www.montalegre.org\/es\/2019\/10\/bautizados-y-enviados\/"]}]},{"@type":"BreadcrumbList","@id":"https:\/\/www.montalegre.org\/es\/2019\/10\/bautizados-y-enviados\/#breadcrumb","itemListElement":[{"@type":"ListItem","position":1,"name":"Portada","item":"https:\/\/www.montalegre.org\/es\/"},{"@type":"ListItem","position":2,"name":"Bautizados y enviados"}]},{"@type":"WebSite","@id":"https:\/\/www.montalegre.org\/es\/#website","url":"https:\/\/www.montalegre.org\/es\/","name":"Montalegre","description":"","potentialAction":[{"@type":"SearchAction","target":{"@type":"EntryPoint","urlTemplate":"https:\/\/www.montalegre.org\/es\/?s={search_term_string}"},"query-input":{"@type":"PropertyValueSpecification","valueRequired":true,"valueName":"search_term_string"}}],"inLanguage":"es"},{"@type":"Person","@id":"https:\/\/www.montalegre.org\/es\/#\/schema\/person\/fa12d4cf3a3f1735a9176b4fafd6a633","name":"montalegre","image":{"@type":"ImageObject","inLanguage":"es","@id":"https:\/\/www.montalegre.org\/es\/#\/schema\/person\/image\/","url":"https:\/\/secure.gravatar.com\/avatar\/fe6d886cf5081e723c666dceda1f12d4f39070fa2ed4e79695edc3ca355c9b5a?s=96&d=mm&r=g","contentUrl":"https:\/\/secure.gravatar.com\/avatar\/fe6d886cf5081e723c666dceda1f12d4f39070fa2ed4e79695edc3ca355c9b5a?s=96&d=mm&r=g","caption":"montalegre"},"url":"https:\/\/www.montalegre.org\/es\/author\/montalegre\/"}]}},"_links":{"self":[{"href":"https:\/\/www.montalegre.org\/es\/wp-json\/wp\/v2\/posts\/14018","targetHints":{"allow":["GET"]}}],"collection":[{"href":"https:\/\/www.montalegre.org\/es\/wp-json\/wp\/v2\/posts"}],"about":[{"href":"https:\/\/www.montalegre.org\/es\/wp-json\/wp\/v2\/types\/post"}],"author":[{"embeddable":true,"href":"https:\/\/www.montalegre.org\/es\/wp-json\/wp\/v2\/users\/4"}],"replies":[{"embeddable":true,"href":"https:\/\/www.montalegre.org\/es\/wp-json\/wp\/v2\/comments?post=14018"}],"version-history":[{"count":1,"href":"https:\/\/www.montalegre.org\/es\/wp-json\/wp\/v2\/posts\/14018\/revisions"}],"predecessor-version":[{"id":14019,"href":"https:\/\/www.montalegre.org\/es\/wp-json\/wp\/v2\/posts\/14018\/revisions\/14019"}],"wp:attachment":[{"href":"https:\/\/www.montalegre.org\/es\/wp-json\/wp\/v2\/media?parent=14018"}],"wp:term":[{"taxonomy":"category","embeddable":true,"href":"https:\/\/www.montalegre.org\/es\/wp-json\/wp\/v2\/categories?post=14018"},{"taxonomy":"post_tag","embeddable":true,"href":"https:\/\/www.montalegre.org\/es\/wp-json\/wp\/v2\/tags?post=14018"}],"curies":[{"name":"wp","href":"https:\/\/api.w.org\/{rel}","templated":true}]}}