{"id":14005,"date":"2019-10-03T18:19:50","date_gmt":"2019-10-03T18:19:50","guid":{"rendered":"https:\/\/www.montalegre.org\/?p=14005"},"modified":"2019-10-03T18:38:48","modified_gmt":"2019-10-03T18:38:48","slug":"la-vision-divina-de-la-obra","status":"publish","type":"post","link":"https:\/\/www.montalegre.org\/es\/2019\/10\/la-vision-divina-de-la-obra\/","title":{"rendered":"La visi\u00f3n divina de la Obra"},"content":{"rendered":"<p>El d\u00eda 2 de octubre de 2019, a la tarde, la Iglesia de Santa Mar\u00eda de Montalegre ha celebrado la festividad de los Santos \u00c1ngeles Custodios con solemnidad. La Providencia quiso que, en ese d\u00eda, pero de 1928 San Josemar\u00eda viese la Obra, por lo que en esta fecha se concreta la fundaci\u00f3n del Opus Dei.<a href=\"https:\/\/www.montalegre.org\/wp-content\/uploads\/2019\/10\/rector-retocada-2.jpg\"><img loading=\"lazy\" decoding=\"async\" class=\"alignright size-medium wp-image-14007\" src=\"https:\/\/www.montalegre.org\/wp-content\/uploads\/2019\/10\/rector-retocada-2-360x480.jpg\" alt=\"\" width=\"360\" height=\"480\" srcset=\"https:\/\/www.montalegre.org\/wp-content\/uploads\/2019\/10\/rector-retocada-2-360x480.jpg 360w, https:\/\/www.montalegre.org\/wp-content\/uploads\/2019\/10\/rector-retocada-2-768x1024.jpg 768w\" sizes=\"auto, (max-width: 360px) 100vw, 360px\" \/><\/a><\/p>\n<p>El rector en su homil\u00eda nos record\u00f3 unos hechos que se produjeron hace 91 a\u00f1os pero que siguen vivos, expandi\u00e9ndose por muchos pa\u00edses: <em>En la Iglesia de la Virgen de los \u00c1ngeles de Madrid, al momento de doblar las campanadas, San Josemar\u00eda tuvo una visi\u00f3n divina que no solo era para \u00e9l, sino para la Iglesia y para la santidad de todos los hombres y mujeres del mundo &#8230; Todo nos encamina hacia la santidad, pero siempre ha de haber humildad, como la de estos ni\u00f1os que se acercan a Jes\u00fas &#8230; El Se\u00f1or nos da medios. San Josemar\u00eda dec\u00eda de s\u00ed mismo que al momento de ver el Opus Dei ten\u00eda 26 a\u00f1os, la gracia de Dios y buen humor, y con ello Dios quer\u00eda que emprendiera la Obra. Estos medios tambi\u00e9n est\u00e1n a nuestro alcance, la gracia de Dios de los sacramentos y la oraci\u00f3n, el sacrificio y el trabajo. Igualmente tenemos la ayuda de la Virgen, los santos del cielo y de los \u00e1ngeles de la Guarda.<\/em><\/p>\n<p>Mn. Argelich continu\u00f3 diciendo, citando a San Jer\u00f3nimo, del que se ha celebrado la fiesta recientemente<em> \u201c\u00a1C\u00f3mo ser\u00e1 de grande el alma de cada persona para dar el Se\u00f1or un \u00e1ngel de la guarda a cada una!\u201d &#8230; Parece que no pueda ser la santidad en este mundo que se aparta de Dios o bien provocan esc\u00e1ndalo las personas que deber\u00edan ser modelos de santidad &#8230; Adem\u00e1s, podemos tener la tentaci\u00f3n de salir de este ambiente, a veces maloliente como un charco estancado. No, este es el mundo en el que nos toca vivir, debemos ser constantes y pacientes, con la ayuda de los sacramentos y la Virgen de los \u00c1ngeles.<\/em><\/p>\n<p>Al terminar la celebraci\u00f3n, el rector agradeci\u00f3 la presencia de los asistentes, y su piedad. Mn. Juventeny dirigi\u00f3 los cantos y Josep Masabeu, el \u00f3rgano rom\u00e1ntico de Montalegre.<\/p>\n<p>&nbsp;<\/p>\n<p>Isabel Hern\u00e1ndez Esteban<\/p>\n","protected":false},"excerpt":{"rendered":"<p>El d\u00eda 2 de octubre de 2019, a la tarde, la Iglesia de Santa Mar\u00eda de Montalegre ha celebrado la festividad de los Santos \u00c1ngeles Custodios con solemnidad. La Providencia quiso que, en ese d\u00eda, pero de 1928 San Josemar\u00eda viese la Obra, por lo que en esta fecha se concreta la fundaci\u00f3n del Opus [&hellip;]<\/p>\n","protected":false},"author":4,"featured_media":14010,"comment_status":"open","ping_status":"open","sticky":false,"template":"","format":"standard","meta":{"footnotes":""},"categories":[31],"tags":[],"class_list":["post-14005","post","type-post","status-publish","format-standard","has-post-thumbnail","hentry","category-actualidad"],"yoast_head":"<!-- This site is optimized with the Yoast SEO plugin v27.1.1 - https:\/\/yoast.com\/product\/yoast-seo-wordpress\/ -->\n<title>La visi\u00f3n divina de la Obra - Montalegre<\/title>\n<meta name=\"robots\" content=\"index, follow, max-snippet:-1, max-image-preview:large, max-video-preview:-1\" \/>\n<link rel=\"canonical\" href=\"https:\/\/www.montalegre.org\/es\/2019\/10\/la-vision-divina-de-la-obra\/\" \/>\n<meta property=\"og:locale\" content=\"es_ES\" \/>\n<meta property=\"og:type\" content=\"article\" \/>\n<meta property=\"og:title\" content=\"La visi\u00f3n divina de la Obra - Montalegre\" \/>\n<meta property=\"og:description\" content=\"El d\u00eda 2 de octubre de 2019, a la tarde, la Iglesia de Santa Mar\u00eda de Montalegre ha celebrado la festividad de los Santos \u00c1ngeles Custodios con solemnidad. La Providencia quiso que, en ese d\u00eda, pero de 1928 San Josemar\u00eda viese la Obra, por lo que en esta fecha se concreta la fundaci\u00f3n del Opus [&hellip;]\" \/>\n<meta property=\"og:url\" content=\"https:\/\/www.montalegre.org\/es\/2019\/10\/la-vision-divina-de-la-obra\/\" \/>\n<meta property=\"og:site_name\" content=\"Montalegre\" \/>\n<meta property=\"article:published_time\" content=\"2019-10-03T18:19:50+00:00\" \/>\n<meta property=\"article:modified_time\" content=\"2019-10-03T18:38:48+00:00\" \/>\n<meta property=\"og:image\" content=\"https:\/\/www.montalegre.org\/wp-content\/uploads\/2019\/10\/IMG_5508-1024x768.jpg\" \/>\n\t<meta property=\"og:image:width\" content=\"1024\" \/>\n\t<meta property=\"og:image:height\" content=\"768\" \/>\n\t<meta property=\"og:image:type\" content=\"image\/jpeg\" \/>\n<meta name=\"author\" content=\"montalegre\" \/>\n<meta name=\"twitter:card\" content=\"summary_large_image\" \/>\n<meta name=\"twitter:label1\" content=\"Escrito por\" \/>\n\t<meta name=\"twitter:data1\" content=\"montalegre\" \/>\n\t<meta name=\"twitter:label2\" content=\"Tiempo de lectura\" \/>\n\t<meta name=\"twitter:data2\" content=\"2 minutos\" \/>\n<script type=\"application\/ld+json\" class=\"yoast-schema-graph\">{\"@context\":\"https:\/\/schema.org\",\"@graph\":[{\"@type\":\"Article\",\"@id\":\"https:\/\/www.montalegre.org\/es\/2019\/10\/la-vision-divina-de-la-obra\/#article\",\"isPartOf\":{\"@id\":\"https:\/\/www.montalegre.org\/es\/2019\/10\/la-vision-divina-de-la-obra\/\"},\"author\":{\"name\":\"montalegre\",\"@id\":\"https:\/\/www.montalegre.org\/es\/#\/schema\/person\/fa12d4cf3a3f1735a9176b4fafd6a633\"},\"headline\":\"La visi\u00f3n divina de la Obra\",\"datePublished\":\"2019-10-03T18:19:50+00:00\",\"dateModified\":\"2019-10-03T18:38:48+00:00\",\"mainEntityOfPage\":{\"@id\":\"https:\/\/www.montalegre.org\/es\/2019\/10\/la-vision-divina-de-la-obra\/\"},\"wordCount\":399,\"commentCount\":0,\"image\":{\"@id\":\"https:\/\/www.montalegre.org\/es\/2019\/10\/la-vision-divina-de-la-obra\/#primaryimage\"},\"thumbnailUrl\":\"https:\/\/www.montalegre.org\/wp-content\/uploads\/2019\/10\/IMG_5508.jpg\",\"articleSection\":[\"Actualidad\"],\"inLanguage\":\"es\",\"potentialAction\":[{\"@type\":\"CommentAction\",\"name\":\"Comment\",\"target\":[\"https:\/\/www.montalegre.org\/es\/2019\/10\/la-vision-divina-de-la-obra\/#respond\"]}]},{\"@type\":\"WebPage\",\"@id\":\"https:\/\/www.montalegre.org\/es\/2019\/10\/la-vision-divina-de-la-obra\/\",\"url\":\"https:\/\/www.montalegre.org\/es\/2019\/10\/la-vision-divina-de-la-obra\/\",\"name\":\"La visi\u00f3n divina de la Obra - Montalegre\",\"isPartOf\":{\"@id\":\"https:\/\/www.montalegre.org\/es\/#website\"},\"primaryImageOfPage\":{\"@id\":\"https:\/\/www.montalegre.org\/es\/2019\/10\/la-vision-divina-de-la-obra\/#primaryimage\"},\"image\":{\"@id\":\"https:\/\/www.montalegre.org\/es\/2019\/10\/la-vision-divina-de-la-obra\/#primaryimage\"},\"thumbnailUrl\":\"https:\/\/www.montalegre.org\/wp-content\/uploads\/2019\/10\/IMG_5508.jpg\",\"datePublished\":\"2019-10-03T18:19:50+00:00\",\"dateModified\":\"2019-10-03T18:38:48+00:00\",\"author\":{\"@id\":\"https:\/\/www.montalegre.org\/es\/#\/schema\/person\/fa12d4cf3a3f1735a9176b4fafd6a633\"},\"breadcrumb\":{\"@id\":\"https:\/\/www.montalegre.org\/es\/2019\/10\/la-vision-divina-de-la-obra\/#breadcrumb\"},\"inLanguage\":\"es\",\"potentialAction\":[{\"@type\":\"ReadAction\",\"target\":[\"https:\/\/www.montalegre.org\/es\/2019\/10\/la-vision-divina-de-la-obra\/\"]}]},{\"@type\":\"ImageObject\",\"inLanguage\":\"es\",\"@id\":\"https:\/\/www.montalegre.org\/es\/2019\/10\/la-vision-divina-de-la-obra\/#primaryimage\",\"url\":\"https:\/\/www.montalegre.org\/wp-content\/uploads\/2019\/10\/IMG_5508.jpg\",\"contentUrl\":\"https:\/\/www.montalegre.org\/wp-content\/uploads\/2019\/10\/IMG_5508.jpg\",\"width\":5184,\"height\":3888},{\"@type\":\"BreadcrumbList\",\"@id\":\"https:\/\/www.montalegre.org\/es\/2019\/10\/la-vision-divina-de-la-obra\/#breadcrumb\",\"itemListElement\":[{\"@type\":\"ListItem\",\"position\":1,\"name\":\"Portada\",\"item\":\"https:\/\/www.montalegre.org\/es\/\"},{\"@type\":\"ListItem\",\"position\":2,\"name\":\"La visi\u00f3n divina de la Obra\"}]},{\"@type\":\"WebSite\",\"@id\":\"https:\/\/www.montalegre.org\/es\/#website\",\"url\":\"https:\/\/www.montalegre.org\/es\/\",\"name\":\"Montalegre\",\"description\":\"\",\"potentialAction\":[{\"@type\":\"SearchAction\",\"target\":{\"@type\":\"EntryPoint\",\"urlTemplate\":\"https:\/\/www.montalegre.org\/es\/?s={search_term_string}\"},\"query-input\":{\"@type\":\"PropertyValueSpecification\",\"valueRequired\":true,\"valueName\":\"search_term_string\"}}],\"inLanguage\":\"es\"},{\"@type\":\"Person\",\"@id\":\"https:\/\/www.montalegre.org\/es\/#\/schema\/person\/fa12d4cf3a3f1735a9176b4fafd6a633\",\"name\":\"montalegre\",\"image\":{\"@type\":\"ImageObject\",\"inLanguage\":\"es\",\"@id\":\"https:\/\/www.montalegre.org\/es\/#\/schema\/person\/image\/\",\"url\":\"https:\/\/secure.gravatar.com\/avatar\/fe6d886cf5081e723c666dceda1f12d4f39070fa2ed4e79695edc3ca355c9b5a?s=96&d=mm&r=g\",\"contentUrl\":\"https:\/\/secure.gravatar.com\/avatar\/fe6d886cf5081e723c666dceda1f12d4f39070fa2ed4e79695edc3ca355c9b5a?s=96&d=mm&r=g\",\"caption\":\"montalegre\"},\"url\":\"https:\/\/www.montalegre.org\/es\/author\/montalegre\/\"}]}<\/script>\n<!-- \/ Yoast SEO plugin. -->","yoast_head_json":{"title":"La visi\u00f3n divina de la Obra - Montalegre","robots":{"index":"index","follow":"follow","max-snippet":"max-snippet:-1","max-image-preview":"max-image-preview:large","max-video-preview":"max-video-preview:-1"},"canonical":"https:\/\/www.montalegre.org\/es\/2019\/10\/la-vision-divina-de-la-obra\/","og_locale":"es_ES","og_type":"article","og_title":"La visi\u00f3n divina de la Obra - Montalegre","og_description":"El d\u00eda 2 de octubre de 2019, a la tarde, la Iglesia de Santa Mar\u00eda de Montalegre ha celebrado la festividad de los Santos \u00c1ngeles Custodios con solemnidad. La Providencia quiso que, en ese d\u00eda, pero de 1928 San Josemar\u00eda viese la Obra, por lo que en esta fecha se concreta la fundaci\u00f3n del Opus [&hellip;]","og_url":"https:\/\/www.montalegre.org\/es\/2019\/10\/la-vision-divina-de-la-obra\/","og_site_name":"Montalegre","article_published_time":"2019-10-03T18:19:50+00:00","article_modified_time":"2019-10-03T18:38:48+00:00","og_image":[{"width":1024,"height":768,"url":"https:\/\/www.montalegre.org\/wp-content\/uploads\/2019\/10\/IMG_5508-1024x768.jpg","type":"image\/jpeg"}],"author":"montalegre","twitter_card":"summary_large_image","twitter_misc":{"Escrito por":"montalegre","Tiempo de lectura":"2 minutos"},"schema":{"@context":"https:\/\/schema.org","@graph":[{"@type":"Article","@id":"https:\/\/www.montalegre.org\/es\/2019\/10\/la-vision-divina-de-la-obra\/#article","isPartOf":{"@id":"https:\/\/www.montalegre.org\/es\/2019\/10\/la-vision-divina-de-la-obra\/"},"author":{"name":"montalegre","@id":"https:\/\/www.montalegre.org\/es\/#\/schema\/person\/fa12d4cf3a3f1735a9176b4fafd6a633"},"headline":"La visi\u00f3n divina de la Obra","datePublished":"2019-10-03T18:19:50+00:00","dateModified":"2019-10-03T18:38:48+00:00","mainEntityOfPage":{"@id":"https:\/\/www.montalegre.org\/es\/2019\/10\/la-vision-divina-de-la-obra\/"},"wordCount":399,"commentCount":0,"image":{"@id":"https:\/\/www.montalegre.org\/es\/2019\/10\/la-vision-divina-de-la-obra\/#primaryimage"},"thumbnailUrl":"https:\/\/www.montalegre.org\/wp-content\/uploads\/2019\/10\/IMG_5508.jpg","articleSection":["Actualidad"],"inLanguage":"es","potentialAction":[{"@type":"CommentAction","name":"Comment","target":["https:\/\/www.montalegre.org\/es\/2019\/10\/la-vision-divina-de-la-obra\/#respond"]}]},{"@type":"WebPage","@id":"https:\/\/www.montalegre.org\/es\/2019\/10\/la-vision-divina-de-la-obra\/","url":"https:\/\/www.montalegre.org\/es\/2019\/10\/la-vision-divina-de-la-obra\/","name":"La visi\u00f3n divina de la Obra - Montalegre","isPartOf":{"@id":"https:\/\/www.montalegre.org\/es\/#website"},"primaryImageOfPage":{"@id":"https:\/\/www.montalegre.org\/es\/2019\/10\/la-vision-divina-de-la-obra\/#primaryimage"},"image":{"@id":"https:\/\/www.montalegre.org\/es\/2019\/10\/la-vision-divina-de-la-obra\/#primaryimage"},"thumbnailUrl":"https:\/\/www.montalegre.org\/wp-content\/uploads\/2019\/10\/IMG_5508.jpg","datePublished":"2019-10-03T18:19:50+00:00","dateModified":"2019-10-03T18:38:48+00:00","author":{"@id":"https:\/\/www.montalegre.org\/es\/#\/schema\/person\/fa12d4cf3a3f1735a9176b4fafd6a633"},"breadcrumb":{"@id":"https:\/\/www.montalegre.org\/es\/2019\/10\/la-vision-divina-de-la-obra\/#breadcrumb"},"inLanguage":"es","potentialAction":[{"@type":"ReadAction","target":["https:\/\/www.montalegre.org\/es\/2019\/10\/la-vision-divina-de-la-obra\/"]}]},{"@type":"ImageObject","inLanguage":"es","@id":"https:\/\/www.montalegre.org\/es\/2019\/10\/la-vision-divina-de-la-obra\/#primaryimage","url":"https:\/\/www.montalegre.org\/wp-content\/uploads\/2019\/10\/IMG_5508.jpg","contentUrl":"https:\/\/www.montalegre.org\/wp-content\/uploads\/2019\/10\/IMG_5508.jpg","width":5184,"height":3888},{"@type":"BreadcrumbList","@id":"https:\/\/www.montalegre.org\/es\/2019\/10\/la-vision-divina-de-la-obra\/#breadcrumb","itemListElement":[{"@type":"ListItem","position":1,"name":"Portada","item":"https:\/\/www.montalegre.org\/es\/"},{"@type":"ListItem","position":2,"name":"La visi\u00f3n divina de la Obra"}]},{"@type":"WebSite","@id":"https:\/\/www.montalegre.org\/es\/#website","url":"https:\/\/www.montalegre.org\/es\/","name":"Montalegre","description":"","potentialAction":[{"@type":"SearchAction","target":{"@type":"EntryPoint","urlTemplate":"https:\/\/www.montalegre.org\/es\/?s={search_term_string}"},"query-input":{"@type":"PropertyValueSpecification","valueRequired":true,"valueName":"search_term_string"}}],"inLanguage":"es"},{"@type":"Person","@id":"https:\/\/www.montalegre.org\/es\/#\/schema\/person\/fa12d4cf3a3f1735a9176b4fafd6a633","name":"montalegre","image":{"@type":"ImageObject","inLanguage":"es","@id":"https:\/\/www.montalegre.org\/es\/#\/schema\/person\/image\/","url":"https:\/\/secure.gravatar.com\/avatar\/fe6d886cf5081e723c666dceda1f12d4f39070fa2ed4e79695edc3ca355c9b5a?s=96&d=mm&r=g","contentUrl":"https:\/\/secure.gravatar.com\/avatar\/fe6d886cf5081e723c666dceda1f12d4f39070fa2ed4e79695edc3ca355c9b5a?s=96&d=mm&r=g","caption":"montalegre"},"url":"https:\/\/www.montalegre.org\/es\/author\/montalegre\/"}]}},"_links":{"self":[{"href":"https:\/\/www.montalegre.org\/es\/wp-json\/wp\/v2\/posts\/14005","targetHints":{"allow":["GET"]}}],"collection":[{"href":"https:\/\/www.montalegre.org\/es\/wp-json\/wp\/v2\/posts"}],"about":[{"href":"https:\/\/www.montalegre.org\/es\/wp-json\/wp\/v2\/types\/post"}],"author":[{"embeddable":true,"href":"https:\/\/www.montalegre.org\/es\/wp-json\/wp\/v2\/users\/4"}],"replies":[{"embeddable":true,"href":"https:\/\/www.montalegre.org\/es\/wp-json\/wp\/v2\/comments?post=14005"}],"version-history":[{"count":3,"href":"https:\/\/www.montalegre.org\/es\/wp-json\/wp\/v2\/posts\/14005\/revisions"}],"predecessor-version":[{"id":14012,"href":"https:\/\/www.montalegre.org\/es\/wp-json\/wp\/v2\/posts\/14005\/revisions\/14012"}],"wp:featuredmedia":[{"embeddable":true,"href":"https:\/\/www.montalegre.org\/es\/wp-json\/wp\/v2\/media\/14010"}],"wp:attachment":[{"href":"https:\/\/www.montalegre.org\/es\/wp-json\/wp\/v2\/media?parent=14005"}],"wp:term":[{"taxonomy":"category","embeddable":true,"href":"https:\/\/www.montalegre.org\/es\/wp-json\/wp\/v2\/categories?post=14005"},{"taxonomy":"post_tag","embeddable":true,"href":"https:\/\/www.montalegre.org\/es\/wp-json\/wp\/v2\/tags?post=14005"}],"curies":[{"name":"wp","href":"https:\/\/api.w.org\/{rel}","templated":true}]}}