{"id":13855,"date":"2019-07-01T15:24:50","date_gmt":"2019-07-01T15:24:50","guid":{"rendered":"https:\/\/www.montalegre.org\/?p=13855"},"modified":"2019-07-01T15:25:53","modified_gmt":"2019-07-01T15:25:53","slug":"de-tierra-santa-a-sant-marti-sarroca","status":"publish","type":"post","link":"https:\/\/www.montalegre.org\/es\/2019\/07\/de-tierra-santa-a-sant-marti-sarroca\/","title":{"rendered":"De Tierra Santa a Sant Mart\u00ed Sarroca"},"content":{"rendered":"<p><a href=\"https:\/\/www.montalegre.org\/wp-content\/uploads\/2019\/07\/IMG_5448-2.jpg\"><img loading=\"lazy\" decoding=\"async\" class=\"alignleft wp-image-13849\" src=\"https:\/\/www.montalegre.org\/wp-content\/uploads\/2019\/07\/IMG_5448-2-480x360.jpg\" alt=\"\" width=\"424\" height=\"318\" srcset=\"https:\/\/www.montalegre.org\/wp-content\/uploads\/2019\/07\/IMG_5448-2-480x360.jpg 480w, https:\/\/www.montalegre.org\/wp-content\/uploads\/2019\/07\/IMG_5448-2-1024x768.jpg 1024w\" sizes=\"auto, (max-width: 424px) 100vw, 424px\" \/><\/a>Al regresar de Tierra Santa, en Montalegre realizamos varias actividades relacionadas con la peregrinaci\u00f3n. No pod\u00eda quedarse para nosotros todo el bien que hab\u00edamos recibido. Muchas personas se hab\u00edan acercado al rector de la Iglesia de Santa Mar\u00eda de Montalegre preguntando, con entusiasmo, <em>C\u00f3mo hab\u00eda ido todo?<\/em>\u2026 Ten\u00edamos que explicar la peregrinaci\u00f3n y trasladar nuestras vivencias a aquellas personas que no hab\u00edan podido peregrinar con nosotros, por diversas circunstancias.<\/p>\n<p>Por otra parte, en las diversas tertulias que realiz\u00f3 el grupo de peregrinos se lanzaron al aire diversas propuestas para nuevos encuentros.<\/p>\n<p>Combinadas todas las opciones, result\u00f3 lo siguiente. En primer lugar, el domingo d\u00eda 16 de junio de 2019, despu\u00e9s de la misa de 12, un grupo de fieles, el rector y la cronista nos reunimos en la sala polivalente o de actos de Montalegre. All\u00ed durante 45 minutos, con el proyector y el ordenador, visionamos m\u00e1s de 300 fotos de la peregrinaci\u00f3n. Fuimos explicando con la <a href=\"https:\/\/www.montalegre.org\/wp-content\/uploads\/2019\/06\/Cronica-desde-Tierra-Santa.pdf\">Cronica desde Tierra Santa<\/a> ya escrita en la mano, cada uno de los pasos y visitas que hicimos en aquella zona de Oriente Medio, tan importante para todos los cristianos del mundo.<\/p>\n<p>En segundo lugar, los peregrinos Santi e Irene propusieron visitar la poblaci\u00f3n de Sant Mart\u00ed Sarroca, la cual est\u00e1 ubicada en la comarca del Alt Pened\u00e8s en Barcelona, una tierra de buen vino. Estos amigos prepararon un recorrido perfecto a trav\u00e9s de la historia de los antepasados de aquel lugar y las vi\u00f1as. Fuimos el s\u00e1bado 22 de junio de 2019. En esta ocasi\u00f3n, llenamos varios coches. Despu\u00e9s de cruzar amplios campos de vi\u00f1as, nos dirigimos al Castillo de Sant Mart\u00ed Sarroca, construido sobre una roca, punto de defensa de la poblaci\u00f3n. En la misa roca, a iniciativa de los se\u00f1ores feudales, se erigi\u00f3 la Iglesia de Santa Mar\u00eda de la Roca, un rom\u00e1nico <a href=\"https:\/\/www.montalegre.org\/wp-content\/uploads\/2019\/07\/IMG_5449.jpg\"><img loading=\"lazy\" decoding=\"async\" class=\"alignright wp-image-13853\" src=\"https:\/\/www.montalegre.org\/wp-content\/uploads\/2019\/07\/IMG_5449-480x360.jpg\" alt=\"\" width=\"400\" height=\"300\" srcset=\"https:\/\/www.montalegre.org\/wp-content\/uploads\/2019\/07\/IMG_5449-480x360.jpg 480w, https:\/\/www.montalegre.org\/wp-content\/uploads\/2019\/07\/IMG_5449-1024x768.jpg 1024w\" sizes=\"auto, (max-width: 400px) 100vw, 400px\" \/><\/a>reconstruido del mejor conservado en Europa.<\/p>\n<p>El rector celebr\u00f3 la misa en la nave central de la iglesia para los peregrinos y otras personas que se sumaron. En la breve homil\u00eda nos record\u00f3 la peregrinaci\u00f3n a Tierra Santa\u2026 <em>\u201cY c\u00f3mo al leer el Evangelio y tambi\u00e9n el Antiguo Testamento, a pesar de la transformaci\u00f3n de los caminos y los lugares, los textos se completan con la ayuda de la visi\u00f3n presencial que cada uno recuerda\u2026. Vivimos estos d\u00edas la preparaci\u00f3n de la festividad del Corpus Christi, en ella gloriamos el Cuerpo y la Sangre de Cristo\u2026 Que estos d\u00edas nos conduzcan a estimar m\u00e1s la Eucarist\u00eda y acompa\u00f1emos al Se\u00f1or, vi\u00e9ndonos en el Cen\u00e1culo de Jerusal\u00e9n con el coraz\u00f3n inflamado de gozo\u201d.<\/em><\/p>\n<p>Acabada la celebraci\u00f3n, se inici\u00f3 la visita guiada de la iglesia y del castillo. En el interior del templo, pudimos contemplar un retablo g\u00f3tico con una imagen grande de la Virgen, en alabastro. En la capilla del Sant\u00edsimo se conserva un retablo barroco.<\/p>\n<p>Recorrimos el Castillo de la Roca, todas sus estancias est\u00e1n rehabilitadas, con un valor a\u00f1adido importante. En las obras de reconstrucci\u00f3n colaboraron los hombre y mujeres de Sant Mart\u00ed Sarroca trabajando sin cobrar el jornal, en la d\u00e9cada de los a\u00f1os 60 del siglo pasado. Y se nota que sus habitantes aman esta obra. En ella hay varias salas que albergan un museo, donde se exponen objetos encontrados en aquellas tierras, incluso de la \u00e9poca romana. Tambi\u00e9n ha recogido utensilios y aperos del campo y de diversos oficios que se hab\u00edan desarrollado en el pueblo, del herrero a la hilandera, del carpintero al panadero, etc&#8230; La sala donde se exponen es la \u00fanica que se conserva del origen del castillo, y se ofrece a los visitantes un v\u00eddeo explicativo de estas obras arquitect\u00f3nicas y de la industria vin\u00edcola.<\/p>\n<p><a href=\"https:\/\/www.montalegre.org\/wp-content\/uploads\/2019\/07\/IMG_5460.jpg\"><img loading=\"lazy\" decoding=\"async\" class=\"alignleft  wp-image-13851\" src=\"https:\/\/www.montalegre.org\/wp-content\/uploads\/2019\/07\/IMG_5460-480x360.jpg\" alt=\"\" width=\"421\" height=\"316\" srcset=\"https:\/\/www.montalegre.org\/wp-content\/uploads\/2019\/07\/IMG_5460-480x360.jpg 480w, https:\/\/www.montalegre.org\/wp-content\/uploads\/2019\/07\/IMG_5460-1024x768.jpg 1024w\" sizes=\"auto, (max-width: 421px) 100vw, 421px\" \/><\/a>A continuaci\u00f3n, Santi e Irene nos invitaron a degustar la coca de Forner la m\u00e1s gustosa tastada hasta ahora, con ese toque propio del lugar: elaborada por ellos mismos, y con un brindis de cava de la regi\u00f3n.<\/p>\n<p>Despu\u00e9s de almorzar en un sitio t\u00edpico del pueblo, all\u00ed mismo proyectamos en el televisor las m\u00e1s de 300 fotos de la peregrinaci\u00f3n a Tierra Santa \u00a1Qu\u00e9 recuerdos!<\/p>\n<p>Por la tarde y sin salir del t\u00e9rmino municipal, visitamos unas cavas. Tastamos y compramos un fin\u00edsimo cava, un buen colof\u00f3n para un d\u00eda de fraternidad estupendo.<\/p>\n<p>&nbsp;<\/p>\n<p>Isabel Hern\u00e1ndez Esteban<\/p>\n","protected":false},"excerpt":{"rendered":"<p>Al regresar de Tierra Santa, en Montalegre realizamos varias actividades relacionadas con la peregrinaci\u00f3n. No pod\u00eda quedarse para nosotros todo el bien que hab\u00edamos recibido. Muchas personas se hab\u00edan acercado al rector de la Iglesia de Santa Mar\u00eda de Montalegre preguntando, con entusiasmo, C\u00f3mo hab\u00eda ido todo?\u2026 Ten\u00edamos que explicar la peregrinaci\u00f3n y trasladar nuestras [&hellip;]<\/p>\n","protected":false},"author":4,"featured_media":13847,"comment_status":"open","ping_status":"open","sticky":false,"template":"","format":"standard","meta":{"footnotes":""},"categories":[1],"tags":[],"class_list":["post-13855","post","type-post","status-publish","format-standard","has-post-thumbnail","hentry","category-noticias-de-montalegre"],"yoast_head":"<!-- This site is optimized with the Yoast SEO plugin v27.1.1 - https:\/\/yoast.com\/product\/yoast-seo-wordpress\/ -->\n<title>De Tierra Santa a Sant Mart\u00ed Sarroca - Montalegre<\/title>\n<meta name=\"robots\" content=\"index, follow, max-snippet:-1, max-image-preview:large, max-video-preview:-1\" \/>\n<link rel=\"canonical\" href=\"https:\/\/www.montalegre.org\/es\/2019\/07\/de-tierra-santa-a-sant-marti-sarroca\/\" \/>\n<meta property=\"og:locale\" content=\"es_ES\" \/>\n<meta property=\"og:type\" content=\"article\" \/>\n<meta property=\"og:title\" content=\"De Tierra Santa a Sant Mart\u00ed Sarroca - Montalegre\" \/>\n<meta property=\"og:description\" content=\"Al regresar de Tierra Santa, en Montalegre realizamos varias actividades relacionadas con la peregrinaci\u00f3n. No pod\u00eda quedarse para nosotros todo el bien que hab\u00edamos recibido. Muchas personas se hab\u00edan acercado al rector de la Iglesia de Santa Mar\u00eda de Montalegre preguntando, con entusiasmo, C\u00f3mo hab\u00eda ido todo?\u2026 Ten\u00edamos que explicar la peregrinaci\u00f3n y trasladar nuestras [&hellip;]\" \/>\n<meta property=\"og:url\" content=\"https:\/\/www.montalegre.org\/es\/2019\/07\/de-tierra-santa-a-sant-marti-sarroca\/\" \/>\n<meta property=\"og:site_name\" content=\"Montalegre\" \/>\n<meta property=\"article:published_time\" content=\"2019-07-01T15:24:50+00:00\" \/>\n<meta property=\"article:modified_time\" content=\"2019-07-01T15:25:53+00:00\" \/>\n<meta property=\"og:image\" content=\"https:\/\/www.montalegre.org\/wp-content\/uploads\/2019\/07\/IMG_5479-2-1024x768.jpg\" \/>\n\t<meta property=\"og:image:width\" content=\"1024\" \/>\n\t<meta property=\"og:image:height\" content=\"768\" \/>\n\t<meta property=\"og:image:type\" content=\"image\/jpeg\" \/>\n<meta name=\"author\" content=\"montalegre\" \/>\n<meta name=\"twitter:card\" content=\"summary_large_image\" \/>\n<meta name=\"twitter:label1\" content=\"Escrito por\" \/>\n\t<meta name=\"twitter:data1\" content=\"montalegre\" \/>\n\t<meta name=\"twitter:label2\" content=\"Tiempo de lectura\" \/>\n\t<meta name=\"twitter:data2\" content=\"4 minutos\" \/>\n<script type=\"application\/ld+json\" class=\"yoast-schema-graph\">{\"@context\":\"https:\/\/schema.org\",\"@graph\":[{\"@type\":\"Article\",\"@id\":\"https:\/\/www.montalegre.org\/es\/2019\/07\/de-tierra-santa-a-sant-marti-sarroca\/#article\",\"isPartOf\":{\"@id\":\"https:\/\/www.montalegre.org\/es\/2019\/07\/de-tierra-santa-a-sant-marti-sarroca\/\"},\"author\":{\"name\":\"montalegre\",\"@id\":\"https:\/\/www.montalegre.org\/es\/#\/schema\/person\/fa12d4cf3a3f1735a9176b4fafd6a633\"},\"headline\":\"De Tierra Santa a Sant Mart\u00ed Sarroca\",\"datePublished\":\"2019-07-01T15:24:50+00:00\",\"dateModified\":\"2019-07-01T15:25:53+00:00\",\"mainEntityOfPage\":{\"@id\":\"https:\/\/www.montalegre.org\/es\/2019\/07\/de-tierra-santa-a-sant-marti-sarroca\/\"},\"wordCount\":769,\"commentCount\":0,\"image\":{\"@id\":\"https:\/\/www.montalegre.org\/es\/2019\/07\/de-tierra-santa-a-sant-marti-sarroca\/#primaryimage\"},\"thumbnailUrl\":\"https:\/\/www.montalegre.org\/wp-content\/uploads\/2019\/07\/IMG_5479-2.jpg\",\"articleSection\":[\"Noticias de Montalegre\"],\"inLanguage\":\"es\",\"potentialAction\":[{\"@type\":\"CommentAction\",\"name\":\"Comment\",\"target\":[\"https:\/\/www.montalegre.org\/es\/2019\/07\/de-tierra-santa-a-sant-marti-sarroca\/#respond\"]}]},{\"@type\":\"WebPage\",\"@id\":\"https:\/\/www.montalegre.org\/es\/2019\/07\/de-tierra-santa-a-sant-marti-sarroca\/\",\"url\":\"https:\/\/www.montalegre.org\/es\/2019\/07\/de-tierra-santa-a-sant-marti-sarroca\/\",\"name\":\"De Tierra Santa a Sant Mart\u00ed Sarroca - Montalegre\",\"isPartOf\":{\"@id\":\"https:\/\/www.montalegre.org\/es\/#website\"},\"primaryImageOfPage\":{\"@id\":\"https:\/\/www.montalegre.org\/es\/2019\/07\/de-tierra-santa-a-sant-marti-sarroca\/#primaryimage\"},\"image\":{\"@id\":\"https:\/\/www.montalegre.org\/es\/2019\/07\/de-tierra-santa-a-sant-marti-sarroca\/#primaryimage\"},\"thumbnailUrl\":\"https:\/\/www.montalegre.org\/wp-content\/uploads\/2019\/07\/IMG_5479-2.jpg\",\"datePublished\":\"2019-07-01T15:24:50+00:00\",\"dateModified\":\"2019-07-01T15:25:53+00:00\",\"author\":{\"@id\":\"https:\/\/www.montalegre.org\/es\/#\/schema\/person\/fa12d4cf3a3f1735a9176b4fafd6a633\"},\"breadcrumb\":{\"@id\":\"https:\/\/www.montalegre.org\/es\/2019\/07\/de-tierra-santa-a-sant-marti-sarroca\/#breadcrumb\"},\"inLanguage\":\"es\",\"potentialAction\":[{\"@type\":\"ReadAction\",\"target\":[\"https:\/\/www.montalegre.org\/es\/2019\/07\/de-tierra-santa-a-sant-marti-sarroca\/\"]}]},{\"@type\":\"ImageObject\",\"inLanguage\":\"es\",\"@id\":\"https:\/\/www.montalegre.org\/es\/2019\/07\/de-tierra-santa-a-sant-marti-sarroca\/#primaryimage\",\"url\":\"https:\/\/www.montalegre.org\/wp-content\/uploads\/2019\/07\/IMG_5479-2.jpg\",\"contentUrl\":\"https:\/\/www.montalegre.org\/wp-content\/uploads\/2019\/07\/IMG_5479-2.jpg\",\"width\":4699,\"height\":3525},{\"@type\":\"BreadcrumbList\",\"@id\":\"https:\/\/www.montalegre.org\/es\/2019\/07\/de-tierra-santa-a-sant-marti-sarroca\/#breadcrumb\",\"itemListElement\":[{\"@type\":\"ListItem\",\"position\":1,\"name\":\"Portada\",\"item\":\"https:\/\/www.montalegre.org\/es\/\"},{\"@type\":\"ListItem\",\"position\":2,\"name\":\"De Tierra Santa a Sant Mart\u00ed Sarroca\"}]},{\"@type\":\"WebSite\",\"@id\":\"https:\/\/www.montalegre.org\/es\/#website\",\"url\":\"https:\/\/www.montalegre.org\/es\/\",\"name\":\"Montalegre\",\"description\":\"\",\"potentialAction\":[{\"@type\":\"SearchAction\",\"target\":{\"@type\":\"EntryPoint\",\"urlTemplate\":\"https:\/\/www.montalegre.org\/es\/?s={search_term_string}\"},\"query-input\":{\"@type\":\"PropertyValueSpecification\",\"valueRequired\":true,\"valueName\":\"search_term_string\"}}],\"inLanguage\":\"es\"},{\"@type\":\"Person\",\"@id\":\"https:\/\/www.montalegre.org\/es\/#\/schema\/person\/fa12d4cf3a3f1735a9176b4fafd6a633\",\"name\":\"montalegre\",\"image\":{\"@type\":\"ImageObject\",\"inLanguage\":\"es\",\"@id\":\"https:\/\/www.montalegre.org\/es\/#\/schema\/person\/image\/\",\"url\":\"https:\/\/secure.gravatar.com\/avatar\/fe6d886cf5081e723c666dceda1f12d4f39070fa2ed4e79695edc3ca355c9b5a?s=96&d=mm&r=g\",\"contentUrl\":\"https:\/\/secure.gravatar.com\/avatar\/fe6d886cf5081e723c666dceda1f12d4f39070fa2ed4e79695edc3ca355c9b5a?s=96&d=mm&r=g\",\"caption\":\"montalegre\"},\"url\":\"https:\/\/www.montalegre.org\/es\/author\/montalegre\/\"}]}<\/script>\n<!-- \/ Yoast SEO plugin. -->","yoast_head_json":{"title":"De Tierra Santa a Sant Mart\u00ed Sarroca - Montalegre","robots":{"index":"index","follow":"follow","max-snippet":"max-snippet:-1","max-image-preview":"max-image-preview:large","max-video-preview":"max-video-preview:-1"},"canonical":"https:\/\/www.montalegre.org\/es\/2019\/07\/de-tierra-santa-a-sant-marti-sarroca\/","og_locale":"es_ES","og_type":"article","og_title":"De Tierra Santa a Sant Mart\u00ed Sarroca - Montalegre","og_description":"Al regresar de Tierra Santa, en Montalegre realizamos varias actividades relacionadas con la peregrinaci\u00f3n. No pod\u00eda quedarse para nosotros todo el bien que hab\u00edamos recibido. Muchas personas se hab\u00edan acercado al rector de la Iglesia de Santa Mar\u00eda de Montalegre preguntando, con entusiasmo, C\u00f3mo hab\u00eda ido todo?\u2026 Ten\u00edamos que explicar la peregrinaci\u00f3n y trasladar nuestras [&hellip;]","og_url":"https:\/\/www.montalegre.org\/es\/2019\/07\/de-tierra-santa-a-sant-marti-sarroca\/","og_site_name":"Montalegre","article_published_time":"2019-07-01T15:24:50+00:00","article_modified_time":"2019-07-01T15:25:53+00:00","og_image":[{"width":1024,"height":768,"url":"https:\/\/www.montalegre.org\/wp-content\/uploads\/2019\/07\/IMG_5479-2-1024x768.jpg","type":"image\/jpeg"}],"author":"montalegre","twitter_card":"summary_large_image","twitter_misc":{"Escrito por":"montalegre","Tiempo de lectura":"4 minutos"},"schema":{"@context":"https:\/\/schema.org","@graph":[{"@type":"Article","@id":"https:\/\/www.montalegre.org\/es\/2019\/07\/de-tierra-santa-a-sant-marti-sarroca\/#article","isPartOf":{"@id":"https:\/\/www.montalegre.org\/es\/2019\/07\/de-tierra-santa-a-sant-marti-sarroca\/"},"author":{"name":"montalegre","@id":"https:\/\/www.montalegre.org\/es\/#\/schema\/person\/fa12d4cf3a3f1735a9176b4fafd6a633"},"headline":"De Tierra Santa a Sant Mart\u00ed Sarroca","datePublished":"2019-07-01T15:24:50+00:00","dateModified":"2019-07-01T15:25:53+00:00","mainEntityOfPage":{"@id":"https:\/\/www.montalegre.org\/es\/2019\/07\/de-tierra-santa-a-sant-marti-sarroca\/"},"wordCount":769,"commentCount":0,"image":{"@id":"https:\/\/www.montalegre.org\/es\/2019\/07\/de-tierra-santa-a-sant-marti-sarroca\/#primaryimage"},"thumbnailUrl":"https:\/\/www.montalegre.org\/wp-content\/uploads\/2019\/07\/IMG_5479-2.jpg","articleSection":["Noticias de Montalegre"],"inLanguage":"es","potentialAction":[{"@type":"CommentAction","name":"Comment","target":["https:\/\/www.montalegre.org\/es\/2019\/07\/de-tierra-santa-a-sant-marti-sarroca\/#respond"]}]},{"@type":"WebPage","@id":"https:\/\/www.montalegre.org\/es\/2019\/07\/de-tierra-santa-a-sant-marti-sarroca\/","url":"https:\/\/www.montalegre.org\/es\/2019\/07\/de-tierra-santa-a-sant-marti-sarroca\/","name":"De Tierra Santa a Sant Mart\u00ed Sarroca - Montalegre","isPartOf":{"@id":"https:\/\/www.montalegre.org\/es\/#website"},"primaryImageOfPage":{"@id":"https:\/\/www.montalegre.org\/es\/2019\/07\/de-tierra-santa-a-sant-marti-sarroca\/#primaryimage"},"image":{"@id":"https:\/\/www.montalegre.org\/es\/2019\/07\/de-tierra-santa-a-sant-marti-sarroca\/#primaryimage"},"thumbnailUrl":"https:\/\/www.montalegre.org\/wp-content\/uploads\/2019\/07\/IMG_5479-2.jpg","datePublished":"2019-07-01T15:24:50+00:00","dateModified":"2019-07-01T15:25:53+00:00","author":{"@id":"https:\/\/www.montalegre.org\/es\/#\/schema\/person\/fa12d4cf3a3f1735a9176b4fafd6a633"},"breadcrumb":{"@id":"https:\/\/www.montalegre.org\/es\/2019\/07\/de-tierra-santa-a-sant-marti-sarroca\/#breadcrumb"},"inLanguage":"es","potentialAction":[{"@type":"ReadAction","target":["https:\/\/www.montalegre.org\/es\/2019\/07\/de-tierra-santa-a-sant-marti-sarroca\/"]}]},{"@type":"ImageObject","inLanguage":"es","@id":"https:\/\/www.montalegre.org\/es\/2019\/07\/de-tierra-santa-a-sant-marti-sarroca\/#primaryimage","url":"https:\/\/www.montalegre.org\/wp-content\/uploads\/2019\/07\/IMG_5479-2.jpg","contentUrl":"https:\/\/www.montalegre.org\/wp-content\/uploads\/2019\/07\/IMG_5479-2.jpg","width":4699,"height":3525},{"@type":"BreadcrumbList","@id":"https:\/\/www.montalegre.org\/es\/2019\/07\/de-tierra-santa-a-sant-marti-sarroca\/#breadcrumb","itemListElement":[{"@type":"ListItem","position":1,"name":"Portada","item":"https:\/\/www.montalegre.org\/es\/"},{"@type":"ListItem","position":2,"name":"De Tierra Santa a Sant Mart\u00ed Sarroca"}]},{"@type":"WebSite","@id":"https:\/\/www.montalegre.org\/es\/#website","url":"https:\/\/www.montalegre.org\/es\/","name":"Montalegre","description":"","potentialAction":[{"@type":"SearchAction","target":{"@type":"EntryPoint","urlTemplate":"https:\/\/www.montalegre.org\/es\/?s={search_term_string}"},"query-input":{"@type":"PropertyValueSpecification","valueRequired":true,"valueName":"search_term_string"}}],"inLanguage":"es"},{"@type":"Person","@id":"https:\/\/www.montalegre.org\/es\/#\/schema\/person\/fa12d4cf3a3f1735a9176b4fafd6a633","name":"montalegre","image":{"@type":"ImageObject","inLanguage":"es","@id":"https:\/\/www.montalegre.org\/es\/#\/schema\/person\/image\/","url":"https:\/\/secure.gravatar.com\/avatar\/fe6d886cf5081e723c666dceda1f12d4f39070fa2ed4e79695edc3ca355c9b5a?s=96&d=mm&r=g","contentUrl":"https:\/\/secure.gravatar.com\/avatar\/fe6d886cf5081e723c666dceda1f12d4f39070fa2ed4e79695edc3ca355c9b5a?s=96&d=mm&r=g","caption":"montalegre"},"url":"https:\/\/www.montalegre.org\/es\/author\/montalegre\/"}]}},"_links":{"self":[{"href":"https:\/\/www.montalegre.org\/es\/wp-json\/wp\/v2\/posts\/13855","targetHints":{"allow":["GET"]}}],"collection":[{"href":"https:\/\/www.montalegre.org\/es\/wp-json\/wp\/v2\/posts"}],"about":[{"href":"https:\/\/www.montalegre.org\/es\/wp-json\/wp\/v2\/types\/post"}],"author":[{"embeddable":true,"href":"https:\/\/www.montalegre.org\/es\/wp-json\/wp\/v2\/users\/4"}],"replies":[{"embeddable":true,"href":"https:\/\/www.montalegre.org\/es\/wp-json\/wp\/v2\/comments?post=13855"}],"version-history":[{"count":2,"href":"https:\/\/www.montalegre.org\/es\/wp-json\/wp\/v2\/posts\/13855\/revisions"}],"predecessor-version":[{"id":13857,"href":"https:\/\/www.montalegre.org\/es\/wp-json\/wp\/v2\/posts\/13855\/revisions\/13857"}],"wp:featuredmedia":[{"embeddable":true,"href":"https:\/\/www.montalegre.org\/es\/wp-json\/wp\/v2\/media\/13847"}],"wp:attachment":[{"href":"https:\/\/www.montalegre.org\/es\/wp-json\/wp\/v2\/media?parent=13855"}],"wp:term":[{"taxonomy":"category","embeddable":true,"href":"https:\/\/www.montalegre.org\/es\/wp-json\/wp\/v2\/categories?post=13855"},{"taxonomy":"post_tag","embeddable":true,"href":"https:\/\/www.montalegre.org\/es\/wp-json\/wp\/v2\/tags?post=13855"}],"curies":[{"name":"wp","href":"https:\/\/api.w.org\/{rel}","templated":true}]}}