{"id":1296,"date":"2010-05-21T18:50:31","date_gmt":"2010-05-21T18:50:31","guid":{"rendered":"http:\/\/www.montalegre.org\/?p=1296"},"modified":"2010-07-24T16:33:54","modified_gmt":"2010-07-24T16:33:54","slug":"abriendo-horizontes-el-primer-libro-sobre-chiqui","status":"publish","type":"post","link":"https:\/\/www.montalegre.org\/es\/2010\/05\/abriendo-horizontes-el-primer-libro-sobre-chiqui\/","title":{"rendered":"Abriendo Horizontes, libro sobre Siervo de Dios , Jos\u00e9 Mar\u00eda Hern\u00e1ndez Garnica"},"content":{"rendered":"<p>\u00a0<strong>D. Jos\u00e9 Carlos Mart\u00edn de la Hoz, presenta el primer libro dedicado al Siervo de Dios.<\/strong><\/p>\n<p>\u00a0<a class=\"tt-flickr tt-flickr tt-flickr-Small\" title=\"img_1650\" href=\"http:\/\/farm5.static.flickr.com\/4093\/4789178067_8d875b10cf.jpg\"><img loading=\"lazy\" decoding=\"async\" class=\"alignleft\" style=\"border: 0px;\" src=\"http:\/\/farm5.static.flickr.com\/4093\/4789178067_8d875b10cf_m.jpg\" border=\"0\" alt=\"img_1650\" width=\"240\" height=\"160\" \/><\/a> El d\u00eda 20 de mayo y bajo el patrocinio de la Iglesia de Santa Mar\u00eda de Montalegre, se llev\u00f3 a cabo la presentaci\u00f3n del libro \u00a0<strong><em>Abriendo Horizontes<\/em><\/strong>, con la pretensi\u00f3n de ser \u00a0solamente una aproximaci\u00f3n a todo lo que se puede decir del siervo de Dios Jos\u00e9 Maria Hern\u00e1ndez Garnica. El acto hab\u00eda de celebrarse en la sala polivalente de la iglesia, pero debido a la buena acogida de la promoci\u00f3n se realiz\u00f3 en una de las aulas de la Facultad de Comunicaci\u00f3n de la Universidad Blanquerna, ubicada muy cerca de la iglesia.\u00a0<\/p>\n<p>El acto lo\u00a0 present\u00f3 la Sra. Pilar \u00c1lvarez. A continuaci\u00f3n, el rector de la iglesia, Mn. Perarnau, se refiri\u00f3 a los santos de altar que hab\u00edan estado en aquel entorno de la Casa de la Caridad, como Santa Joaquima Madrona que muri\u00f3 heroicamente, y San Josemaria Escriv\u00e1 en el a\u00f1o 1972. Destac\u00f3 que el cielo est\u00e1 lleno de santos, pero teniendo en cuenta que el pueblo de Dios presiona, la iglesia certifica esta santidad, aunque solamente de algunos, como es el caso que ahora se pretende de Jos\u00e9 Hern\u00e1ndez Garnica, de sobrenombre \u201cEl Chiqui\u201d.\u00a0<\/p>\n<p>El autor de <strong><em>Abriendo Horizontes<\/em><\/strong> manifest\u00f3 espont\u00e1neamente que ya ha escrito m\u00e1s de 300 folios sobre la vida de este siervo de Dios, para a una futura biograf\u00eda que est\u00e1 preparando. En su exposici\u00f3n, llena de an\u00e9cdotas y en un tono muy ameno se\u00f1al\u00f3 que era dif\u00edcil resumir la vida de este santo, ya que en Jos\u00e9 Maria se daban dos aspectos importantes, era una mezcla del sentido sobrenatural y del sentido com\u00fan en todo, y lo ejercitaba cada d\u00eda. Dec\u00eda (cuando algo no sal\u00eda bien) \u201cEsto no marcha, pero tiene que marchar&#8230;\u201d; siempre cre\u00eda que la soluci\u00f3n viene\u00a0 rompiendo por arriba.<\/p>\n<p>D. Jos\u00e9 Mart\u00edn \u00a0insisti\u00f3 que hemos de tener ocupados\u00a0 a los santos y ponerlos\u00a0 a prueba, y sobre todo pedirles cosas\u00a0 siempre: <strong><em>T\u00fa reza que pasan cosas<\/em><\/strong><em>.<\/em> Actualmente dirige la Oficina de las Causas de los Santos del Opus Dei en Espa\u00f1a y es Postulador de diversas causas.<\/p>\n<p>El libro, editado por la Iglesia de Santa Mar\u00eda de Montalegre, estaba a la venta en castellano y en catal\u00e1n; tambi\u00e9n se\u00a0 pudo adquirir el documental, en versi\u00f3n DVD, que resume la vida del siervo de Dios. Los numerosos asistentes pudieron llevarse estampas y hojas informativas sobre la nueva web, blog y direcci\u00f3n de correo para obtener m\u00e1s informaci\u00f3n.\u00a0<\/p>\n<p>Isabel Hern\u00e1ndez Esteban<\/p>\n<p><a href=\"https:\/\/www.montalegre.org\/es\/2010\/05\/presentacion-del-libro-abriendo-horizontes-mayo-de-2010\/\">Fotos del acto de presentaci\u00f3n del libro<\/a><\/p>\n","protected":false},"excerpt":{"rendered":"<p>\u00a0D. Jos\u00e9 Carlos Mart\u00edn de la Hoz, presenta el primer libro dedicado al Siervo de Dios. \u00a0 El d\u00eda 20 de mayo y bajo el patrocinio de la Iglesia de Santa Mar\u00eda de Montalegre, se llev\u00f3 a cabo la presentaci\u00f3n del libro \u00a0Abriendo Horizontes, con la pretensi\u00f3n de ser \u00a0solamente una aproximaci\u00f3n a todo lo [&hellip;]<\/p>\n","protected":false},"author":4,"featured_media":0,"comment_status":"open","ping_status":"open","sticky":false,"template":"","format":"standard","meta":{"footnotes":""},"categories":[1],"tags":[],"class_list":["post-1296","post","type-post","status-publish","format-standard","hentry","category-noticias-de-montalegre"],"yoast_head":"<!-- This site is optimized with the Yoast SEO plugin v27.1.1 - https:\/\/yoast.com\/product\/yoast-seo-wordpress\/ -->\n<title>Abriendo Horizontes, libro sobre Siervo de Dios , Jos\u00e9 Mar\u00eda Hern\u00e1ndez Garnica - Montalegre<\/title>\n<meta name=\"robots\" content=\"index, follow, max-snippet:-1, max-image-preview:large, max-video-preview:-1\" \/>\n<link rel=\"canonical\" href=\"https:\/\/www.montalegre.org\/es\/2010\/05\/abriendo-horizontes-el-primer-libro-sobre-chiqui\/\" \/>\n<meta property=\"og:locale\" content=\"es_ES\" \/>\n<meta property=\"og:type\" content=\"article\" \/>\n<meta property=\"og:title\" content=\"Abriendo Horizontes, libro sobre Siervo de Dios , Jos\u00e9 Mar\u00eda Hern\u00e1ndez Garnica - Montalegre\" \/>\n<meta property=\"og:description\" content=\"\u00a0D. Jos\u00e9 Carlos Mart\u00edn de la Hoz, presenta el primer libro dedicado al Siervo de Dios. \u00a0 El d\u00eda 20 de mayo y bajo el patrocinio de la Iglesia de Santa Mar\u00eda de Montalegre, se llev\u00f3 a cabo la presentaci\u00f3n del libro \u00a0Abriendo Horizontes, con la pretensi\u00f3n de ser \u00a0solamente una aproximaci\u00f3n a todo lo [&hellip;]\" \/>\n<meta property=\"og:url\" content=\"https:\/\/www.montalegre.org\/es\/2010\/05\/abriendo-horizontes-el-primer-libro-sobre-chiqui\/\" \/>\n<meta property=\"og:site_name\" content=\"Montalegre\" \/>\n<meta property=\"article:published_time\" content=\"2010-05-21T18:50:31+00:00\" \/>\n<meta property=\"article:modified_time\" content=\"2010-07-24T16:33:54+00:00\" \/>\n<meta property=\"og:image\" content=\"http:\/\/farm5.static.flickr.com\/4093\/4789178067_8d875b10cf_m.jpg\" \/>\n<meta name=\"author\" content=\"montalegre\" \/>\n<meta name=\"twitter:card\" content=\"summary_large_image\" \/>\n<meta name=\"twitter:label1\" content=\"Escrito por\" \/>\n\t<meta name=\"twitter:data1\" content=\"montalegre\" \/>\n\t<meta name=\"twitter:label2\" content=\"Tiempo de lectura\" \/>\n\t<meta name=\"twitter:data2\" content=\"2 minutos\" \/>\n<script type=\"application\/ld+json\" class=\"yoast-schema-graph\">{\"@context\":\"https:\/\/schema.org\",\"@graph\":[{\"@type\":\"Article\",\"@id\":\"https:\/\/www.montalegre.org\/es\/2010\/05\/abriendo-horizontes-el-primer-libro-sobre-chiqui\/#article\",\"isPartOf\":{\"@id\":\"https:\/\/www.montalegre.org\/es\/2010\/05\/abriendo-horizontes-el-primer-libro-sobre-chiqui\/\"},\"author\":{\"name\":\"montalegre\",\"@id\":\"https:\/\/www.montalegre.org\/es\/#\/schema\/person\/fa12d4cf3a3f1735a9176b4fafd6a633\"},\"headline\":\"Abriendo Horizontes, libro sobre Siervo de Dios , Jos\u00e9 Mar\u00eda Hern\u00e1ndez Garnica\",\"datePublished\":\"2010-05-21T18:50:31+00:00\",\"dateModified\":\"2010-07-24T16:33:54+00:00\",\"mainEntityOfPage\":{\"@id\":\"https:\/\/www.montalegre.org\/es\/2010\/05\/abriendo-horizontes-el-primer-libro-sobre-chiqui\/\"},\"wordCount\":470,\"commentCount\":0,\"image\":{\"@id\":\"https:\/\/www.montalegre.org\/es\/2010\/05\/abriendo-horizontes-el-primer-libro-sobre-chiqui\/#primaryimage\"},\"thumbnailUrl\":\"http:\/\/farm5.static.flickr.com\/4093\/4789178067_8d875b10cf_m.jpg\",\"articleSection\":[\"Noticias de Montalegre\"],\"inLanguage\":\"es\",\"potentialAction\":[{\"@type\":\"CommentAction\",\"name\":\"Comment\",\"target\":[\"https:\/\/www.montalegre.org\/es\/2010\/05\/abriendo-horizontes-el-primer-libro-sobre-chiqui\/#respond\"]}]},{\"@type\":\"WebPage\",\"@id\":\"https:\/\/www.montalegre.org\/es\/2010\/05\/abriendo-horizontes-el-primer-libro-sobre-chiqui\/\",\"url\":\"https:\/\/www.montalegre.org\/es\/2010\/05\/abriendo-horizontes-el-primer-libro-sobre-chiqui\/\",\"name\":\"Abriendo Horizontes, libro sobre Siervo de Dios , Jos\u00e9 Mar\u00eda Hern\u00e1ndez Garnica - Montalegre\",\"isPartOf\":{\"@id\":\"https:\/\/www.montalegre.org\/es\/#website\"},\"primaryImageOfPage\":{\"@id\":\"https:\/\/www.montalegre.org\/es\/2010\/05\/abriendo-horizontes-el-primer-libro-sobre-chiqui\/#primaryimage\"},\"image\":{\"@id\":\"https:\/\/www.montalegre.org\/es\/2010\/05\/abriendo-horizontes-el-primer-libro-sobre-chiqui\/#primaryimage\"},\"thumbnailUrl\":\"http:\/\/farm5.static.flickr.com\/4093\/4789178067_8d875b10cf_m.jpg\",\"datePublished\":\"2010-05-21T18:50:31+00:00\",\"dateModified\":\"2010-07-24T16:33:54+00:00\",\"author\":{\"@id\":\"https:\/\/www.montalegre.org\/es\/#\/schema\/person\/fa12d4cf3a3f1735a9176b4fafd6a633\"},\"breadcrumb\":{\"@id\":\"https:\/\/www.montalegre.org\/es\/2010\/05\/abriendo-horizontes-el-primer-libro-sobre-chiqui\/#breadcrumb\"},\"inLanguage\":\"es\",\"potentialAction\":[{\"@type\":\"ReadAction\",\"target\":[\"https:\/\/www.montalegre.org\/es\/2010\/05\/abriendo-horizontes-el-primer-libro-sobre-chiqui\/\"]}]},{\"@type\":\"ImageObject\",\"inLanguage\":\"es\",\"@id\":\"https:\/\/www.montalegre.org\/es\/2010\/05\/abriendo-horizontes-el-primer-libro-sobre-chiqui\/#primaryimage\",\"url\":\"http:\/\/farm5.static.flickr.com\/4093\/4789178067_8d875b10cf_m.jpg\",\"contentUrl\":\"http:\/\/farm5.static.flickr.com\/4093\/4789178067_8d875b10cf_m.jpg\"},{\"@type\":\"BreadcrumbList\",\"@id\":\"https:\/\/www.montalegre.org\/es\/2010\/05\/abriendo-horizontes-el-primer-libro-sobre-chiqui\/#breadcrumb\",\"itemListElement\":[{\"@type\":\"ListItem\",\"position\":1,\"name\":\"Portada\",\"item\":\"https:\/\/www.montalegre.org\/es\/\"},{\"@type\":\"ListItem\",\"position\":2,\"name\":\"Abriendo Horizontes, libro sobre Siervo de Dios , Jos\u00e9 Mar\u00eda Hern\u00e1ndez Garnica\"}]},{\"@type\":\"WebSite\",\"@id\":\"https:\/\/www.montalegre.org\/es\/#website\",\"url\":\"https:\/\/www.montalegre.org\/es\/\",\"name\":\"Montalegre\",\"description\":\"\",\"potentialAction\":[{\"@type\":\"SearchAction\",\"target\":{\"@type\":\"EntryPoint\",\"urlTemplate\":\"https:\/\/www.montalegre.org\/es\/?s={search_term_string}\"},\"query-input\":{\"@type\":\"PropertyValueSpecification\",\"valueRequired\":true,\"valueName\":\"search_term_string\"}}],\"inLanguage\":\"es\"},{\"@type\":\"Person\",\"@id\":\"https:\/\/www.montalegre.org\/es\/#\/schema\/person\/fa12d4cf3a3f1735a9176b4fafd6a633\",\"name\":\"montalegre\",\"image\":{\"@type\":\"ImageObject\",\"inLanguage\":\"es\",\"@id\":\"https:\/\/www.montalegre.org\/es\/#\/schema\/person\/image\/\",\"url\":\"https:\/\/secure.gravatar.com\/avatar\/fe6d886cf5081e723c666dceda1f12d4f39070fa2ed4e79695edc3ca355c9b5a?s=96&d=mm&r=g\",\"contentUrl\":\"https:\/\/secure.gravatar.com\/avatar\/fe6d886cf5081e723c666dceda1f12d4f39070fa2ed4e79695edc3ca355c9b5a?s=96&d=mm&r=g\",\"caption\":\"montalegre\"},\"url\":\"https:\/\/www.montalegre.org\/es\/author\/montalegre\/\"}]}<\/script>\n<!-- \/ Yoast SEO plugin. -->","yoast_head_json":{"title":"Abriendo Horizontes, libro sobre Siervo de Dios , Jos\u00e9 Mar\u00eda Hern\u00e1ndez Garnica - Montalegre","robots":{"index":"index","follow":"follow","max-snippet":"max-snippet:-1","max-image-preview":"max-image-preview:large","max-video-preview":"max-video-preview:-1"},"canonical":"https:\/\/www.montalegre.org\/es\/2010\/05\/abriendo-horizontes-el-primer-libro-sobre-chiqui\/","og_locale":"es_ES","og_type":"article","og_title":"Abriendo Horizontes, libro sobre Siervo de Dios , Jos\u00e9 Mar\u00eda Hern\u00e1ndez Garnica - Montalegre","og_description":"\u00a0D. Jos\u00e9 Carlos Mart\u00edn de la Hoz, presenta el primer libro dedicado al Siervo de Dios. \u00a0 El d\u00eda 20 de mayo y bajo el patrocinio de la Iglesia de Santa Mar\u00eda de Montalegre, se llev\u00f3 a cabo la presentaci\u00f3n del libro \u00a0Abriendo Horizontes, con la pretensi\u00f3n de ser \u00a0solamente una aproximaci\u00f3n a todo lo [&hellip;]","og_url":"https:\/\/www.montalegre.org\/es\/2010\/05\/abriendo-horizontes-el-primer-libro-sobre-chiqui\/","og_site_name":"Montalegre","article_published_time":"2010-05-21T18:50:31+00:00","article_modified_time":"2010-07-24T16:33:54+00:00","og_image":[{"url":"http:\/\/farm5.static.flickr.com\/4093\/4789178067_8d875b10cf_m.jpg","type":"","width":"","height":""}],"author":"montalegre","twitter_card":"summary_large_image","twitter_misc":{"Escrito por":"montalegre","Tiempo de lectura":"2 minutos"},"schema":{"@context":"https:\/\/schema.org","@graph":[{"@type":"Article","@id":"https:\/\/www.montalegre.org\/es\/2010\/05\/abriendo-horizontes-el-primer-libro-sobre-chiqui\/#article","isPartOf":{"@id":"https:\/\/www.montalegre.org\/es\/2010\/05\/abriendo-horizontes-el-primer-libro-sobre-chiqui\/"},"author":{"name":"montalegre","@id":"https:\/\/www.montalegre.org\/es\/#\/schema\/person\/fa12d4cf3a3f1735a9176b4fafd6a633"},"headline":"Abriendo Horizontes, libro sobre Siervo de Dios , Jos\u00e9 Mar\u00eda Hern\u00e1ndez Garnica","datePublished":"2010-05-21T18:50:31+00:00","dateModified":"2010-07-24T16:33:54+00:00","mainEntityOfPage":{"@id":"https:\/\/www.montalegre.org\/es\/2010\/05\/abriendo-horizontes-el-primer-libro-sobre-chiqui\/"},"wordCount":470,"commentCount":0,"image":{"@id":"https:\/\/www.montalegre.org\/es\/2010\/05\/abriendo-horizontes-el-primer-libro-sobre-chiqui\/#primaryimage"},"thumbnailUrl":"http:\/\/farm5.static.flickr.com\/4093\/4789178067_8d875b10cf_m.jpg","articleSection":["Noticias de Montalegre"],"inLanguage":"es","potentialAction":[{"@type":"CommentAction","name":"Comment","target":["https:\/\/www.montalegre.org\/es\/2010\/05\/abriendo-horizontes-el-primer-libro-sobre-chiqui\/#respond"]}]},{"@type":"WebPage","@id":"https:\/\/www.montalegre.org\/es\/2010\/05\/abriendo-horizontes-el-primer-libro-sobre-chiqui\/","url":"https:\/\/www.montalegre.org\/es\/2010\/05\/abriendo-horizontes-el-primer-libro-sobre-chiqui\/","name":"Abriendo Horizontes, libro sobre Siervo de Dios , Jos\u00e9 Mar\u00eda Hern\u00e1ndez Garnica - Montalegre","isPartOf":{"@id":"https:\/\/www.montalegre.org\/es\/#website"},"primaryImageOfPage":{"@id":"https:\/\/www.montalegre.org\/es\/2010\/05\/abriendo-horizontes-el-primer-libro-sobre-chiqui\/#primaryimage"},"image":{"@id":"https:\/\/www.montalegre.org\/es\/2010\/05\/abriendo-horizontes-el-primer-libro-sobre-chiqui\/#primaryimage"},"thumbnailUrl":"http:\/\/farm5.static.flickr.com\/4093\/4789178067_8d875b10cf_m.jpg","datePublished":"2010-05-21T18:50:31+00:00","dateModified":"2010-07-24T16:33:54+00:00","author":{"@id":"https:\/\/www.montalegre.org\/es\/#\/schema\/person\/fa12d4cf3a3f1735a9176b4fafd6a633"},"breadcrumb":{"@id":"https:\/\/www.montalegre.org\/es\/2010\/05\/abriendo-horizontes-el-primer-libro-sobre-chiqui\/#breadcrumb"},"inLanguage":"es","potentialAction":[{"@type":"ReadAction","target":["https:\/\/www.montalegre.org\/es\/2010\/05\/abriendo-horizontes-el-primer-libro-sobre-chiqui\/"]}]},{"@type":"ImageObject","inLanguage":"es","@id":"https:\/\/www.montalegre.org\/es\/2010\/05\/abriendo-horizontes-el-primer-libro-sobre-chiqui\/#primaryimage","url":"http:\/\/farm5.static.flickr.com\/4093\/4789178067_8d875b10cf_m.jpg","contentUrl":"http:\/\/farm5.static.flickr.com\/4093\/4789178067_8d875b10cf_m.jpg"},{"@type":"BreadcrumbList","@id":"https:\/\/www.montalegre.org\/es\/2010\/05\/abriendo-horizontes-el-primer-libro-sobre-chiqui\/#breadcrumb","itemListElement":[{"@type":"ListItem","position":1,"name":"Portada","item":"https:\/\/www.montalegre.org\/es\/"},{"@type":"ListItem","position":2,"name":"Abriendo Horizontes, libro sobre Siervo de Dios , Jos\u00e9 Mar\u00eda Hern\u00e1ndez Garnica"}]},{"@type":"WebSite","@id":"https:\/\/www.montalegre.org\/es\/#website","url":"https:\/\/www.montalegre.org\/es\/","name":"Montalegre","description":"","potentialAction":[{"@type":"SearchAction","target":{"@type":"EntryPoint","urlTemplate":"https:\/\/www.montalegre.org\/es\/?s={search_term_string}"},"query-input":{"@type":"PropertyValueSpecification","valueRequired":true,"valueName":"search_term_string"}}],"inLanguage":"es"},{"@type":"Person","@id":"https:\/\/www.montalegre.org\/es\/#\/schema\/person\/fa12d4cf3a3f1735a9176b4fafd6a633","name":"montalegre","image":{"@type":"ImageObject","inLanguage":"es","@id":"https:\/\/www.montalegre.org\/es\/#\/schema\/person\/image\/","url":"https:\/\/secure.gravatar.com\/avatar\/fe6d886cf5081e723c666dceda1f12d4f39070fa2ed4e79695edc3ca355c9b5a?s=96&d=mm&r=g","contentUrl":"https:\/\/secure.gravatar.com\/avatar\/fe6d886cf5081e723c666dceda1f12d4f39070fa2ed4e79695edc3ca355c9b5a?s=96&d=mm&r=g","caption":"montalegre"},"url":"https:\/\/www.montalegre.org\/es\/author\/montalegre\/"}]}},"_links":{"self":[{"href":"https:\/\/www.montalegre.org\/es\/wp-json\/wp\/v2\/posts\/1296","targetHints":{"allow":["GET"]}}],"collection":[{"href":"https:\/\/www.montalegre.org\/es\/wp-json\/wp\/v2\/posts"}],"about":[{"href":"https:\/\/www.montalegre.org\/es\/wp-json\/wp\/v2\/types\/post"}],"author":[{"embeddable":true,"href":"https:\/\/www.montalegre.org\/es\/wp-json\/wp\/v2\/users\/4"}],"replies":[{"embeddable":true,"href":"https:\/\/www.montalegre.org\/es\/wp-json\/wp\/v2\/comments?post=1296"}],"version-history":[{"count":9,"href":"https:\/\/www.montalegre.org\/es\/wp-json\/wp\/v2\/posts\/1296\/revisions"}],"predecessor-version":[{"id":1371,"href":"https:\/\/www.montalegre.org\/es\/wp-json\/wp\/v2\/posts\/1296\/revisions\/1371"}],"wp:attachment":[{"href":"https:\/\/www.montalegre.org\/es\/wp-json\/wp\/v2\/media?parent=1296"}],"wp:term":[{"taxonomy":"category","embeddable":true,"href":"https:\/\/www.montalegre.org\/es\/wp-json\/wp\/v2\/categories?post=1296"},{"taxonomy":"post_tag","embeddable":true,"href":"https:\/\/www.montalegre.org\/es\/wp-json\/wp\/v2\/tags?post=1296"}],"curies":[{"name":"wp","href":"https:\/\/api.w.org\/{rel}","templated":true}]}}