{"id":12341,"date":"2019-02-16T18:06:55","date_gmt":"2019-02-16T18:06:55","guid":{"rendered":"https:\/\/www.montalegre.org\/?p=12341"},"modified":"2019-02-16T18:06:55","modified_gmt":"2019-02-16T18:06:55","slug":"fraternidad-senal-de-identidad","status":"publish","type":"post","link":"https:\/\/www.montalegre.org\/es\/2019\/02\/fraternidad-senal-de-identidad\/","title":{"rendered":"Fraternidad: se\u00f1al de identidad"},"content":{"rendered":"<p>El mes pasado record\u00e1bamos unas palabras de Tertuliano (siglo II) que manifiestan la manera de vivir la fraternidad y la uni\u00f3n entre ellos, de los primeros cristianos: \u00a1Mirad c\u00f3mo se aman!<\/p>\n<p>Podr\u00edamos afirmar que la nota m\u00e1s caracter\u00edstica de la vida de los primeros cristianos era, precisamente, c\u00f3mo sab\u00edan quererse entre s\u00ed. Esta es la se\u00f1al por la que ser\u00e1n reconocidos por los que no creen en Dios y, seguramente, el motivo de que muchos se sintieran atra\u00eddos a la fe en Dios.<\/p>\n<p>Los primeros cristianos procuraban llevar a la pr\u00e1ctica el mandato de Jes\u00fas &#8220;amaos unos a los otros como Yo os he amado&#8221;: \u00e9sta es la herencia que nos han dejado. Ahora nos corresponde a nosotros seguir transmitiendo esta herencia al mundo entero.<\/p>\n<p>Para ello, conviene empezar por querer m\u00e1s a las personas que tenemos a nuestro alrededor y en primer lugar a los familiares m\u00e1s directos. La fraternidad en sentido propio se refiere a los hermanos de sangre. Y por extensi\u00f3n a los bautizados, los que forman la Iglesia, y tambi\u00e9n a todos los dem\u00e1s. Seguir este orden es manifestaci\u00f3n clara de la verdadera fraternidad.<\/p>\n<p>Un aspecto en el que todos podemos esforzarnos y que nos ayudar\u00e1 a vivir mejor la fraternidad es procurar escuchar m\u00e1s a los dem\u00e1s, con atenci\u00f3n e inter\u00e9s verdaderos. El inter\u00e9s por los asuntos de nuestros hermanos facilitar\u00e1, a la vez, que no estemos tan pendientes de nuestras cosas y que apreciemos m\u00e1s a los dem\u00e1s.<\/p>\n<p>La fraternidad, el amor al pr\u00f3jimo, se apoya en el amor a Dios. Necesitamos de la fuerza que encontramos en la fe en Dios para ser pacientes, amables, compresivos, misericordiosos y dispuestos a dejar lo nuestro para ayudar al otro.<\/p>\n<p>Tambi\u00e9n nos puede ayudar el fijarnos en la Virgen Mar\u00eda y sus desvelos por todos los hombres y mujeres, en primer lugar, por los que buscan amar a su Hijo.<\/p>\n<p>Mn. Xavier Argelich<\/p>\n","protected":false},"excerpt":{"rendered":"<p>El mes pasado record\u00e1bamos unas palabras de Tertuliano (siglo II) que manifiestan la manera de vivir la fraternidad y la uni\u00f3n entre ellos, de los primeros cristianos: \u00a1Mirad c\u00f3mo se aman! Podr\u00edamos afirmar que la nota m\u00e1s caracter\u00edstica de la vida de los primeros cristianos era, precisamente, c\u00f3mo sab\u00edan quererse entre s\u00ed. Esta es la [&hellip;]<\/p>\n","protected":false},"author":4,"featured_media":0,"comment_status":"open","ping_status":"open","sticky":false,"template":"","format":"standard","meta":{"footnotes":""},"categories":[52],"tags":[],"class_list":["post-12341","post","type-post","status-publish","format-standard","hentry","category-editorial"],"yoast_head":"<!-- This site is optimized with the Yoast SEO plugin v27.1.1 - https:\/\/yoast.com\/product\/yoast-seo-wordpress\/ -->\n<title>Fraternidad: se\u00f1al de identidad - Montalegre<\/title>\n<meta name=\"robots\" content=\"index, follow, max-snippet:-1, max-image-preview:large, max-video-preview:-1\" \/>\n<link rel=\"canonical\" href=\"https:\/\/www.montalegre.org\/es\/2019\/02\/fraternidad-senal-de-identidad\/\" \/>\n<meta property=\"og:locale\" content=\"es_ES\" \/>\n<meta property=\"og:type\" content=\"article\" \/>\n<meta property=\"og:title\" content=\"Fraternidad: se\u00f1al de identidad - Montalegre\" \/>\n<meta property=\"og:description\" content=\"El mes pasado record\u00e1bamos unas palabras de Tertuliano (siglo II) que manifiestan la manera de vivir la fraternidad y la uni\u00f3n entre ellos, de los primeros cristianos: \u00a1Mirad c\u00f3mo se aman! Podr\u00edamos afirmar que la nota m\u00e1s caracter\u00edstica de la vida de los primeros cristianos era, precisamente, c\u00f3mo sab\u00edan quererse entre s\u00ed. Esta es la [&hellip;]\" \/>\n<meta property=\"og:url\" content=\"https:\/\/www.montalegre.org\/es\/2019\/02\/fraternidad-senal-de-identidad\/\" \/>\n<meta property=\"og:site_name\" content=\"Montalegre\" \/>\n<meta property=\"article:published_time\" content=\"2019-02-16T18:06:55+00:00\" \/>\n<meta name=\"author\" content=\"montalegre\" \/>\n<meta name=\"twitter:card\" content=\"summary_large_image\" \/>\n<meta name=\"twitter:label1\" content=\"Escrito por\" \/>\n\t<meta name=\"twitter:data1\" content=\"montalegre\" \/>\n\t<meta name=\"twitter:label2\" content=\"Tiempo de lectura\" \/>\n\t<meta name=\"twitter:data2\" content=\"2 minutos\" \/>\n<script type=\"application\/ld+json\" class=\"yoast-schema-graph\">{\"@context\":\"https:\/\/schema.org\",\"@graph\":[{\"@type\":\"Article\",\"@id\":\"https:\/\/www.montalegre.org\/es\/2019\/02\/fraternidad-senal-de-identidad\/#article\",\"isPartOf\":{\"@id\":\"https:\/\/www.montalegre.org\/es\/2019\/02\/fraternidad-senal-de-identidad\/\"},\"author\":{\"name\":\"montalegre\",\"@id\":\"https:\/\/www.montalegre.org\/es\/#\/schema\/person\/fa12d4cf3a3f1735a9176b4fafd6a633\"},\"headline\":\"Fraternidad: se\u00f1al de identidad\",\"datePublished\":\"2019-02-16T18:06:55+00:00\",\"mainEntityOfPage\":{\"@id\":\"https:\/\/www.montalegre.org\/es\/2019\/02\/fraternidad-senal-de-identidad\/\"},\"wordCount\":351,\"commentCount\":0,\"articleSection\":[\"Editorial\"],\"inLanguage\":\"es\",\"potentialAction\":[{\"@type\":\"CommentAction\",\"name\":\"Comment\",\"target\":[\"https:\/\/www.montalegre.org\/es\/2019\/02\/fraternidad-senal-de-identidad\/#respond\"]}]},{\"@type\":\"WebPage\",\"@id\":\"https:\/\/www.montalegre.org\/es\/2019\/02\/fraternidad-senal-de-identidad\/\",\"url\":\"https:\/\/www.montalegre.org\/es\/2019\/02\/fraternidad-senal-de-identidad\/\",\"name\":\"Fraternidad: se\u00f1al de identidad - Montalegre\",\"isPartOf\":{\"@id\":\"https:\/\/www.montalegre.org\/es\/#website\"},\"datePublished\":\"2019-02-16T18:06:55+00:00\",\"author\":{\"@id\":\"https:\/\/www.montalegre.org\/es\/#\/schema\/person\/fa12d4cf3a3f1735a9176b4fafd6a633\"},\"breadcrumb\":{\"@id\":\"https:\/\/www.montalegre.org\/es\/2019\/02\/fraternidad-senal-de-identidad\/#breadcrumb\"},\"inLanguage\":\"es\",\"potentialAction\":[{\"@type\":\"ReadAction\",\"target\":[\"https:\/\/www.montalegre.org\/es\/2019\/02\/fraternidad-senal-de-identidad\/\"]}]},{\"@type\":\"BreadcrumbList\",\"@id\":\"https:\/\/www.montalegre.org\/es\/2019\/02\/fraternidad-senal-de-identidad\/#breadcrumb\",\"itemListElement\":[{\"@type\":\"ListItem\",\"position\":1,\"name\":\"Portada\",\"item\":\"https:\/\/www.montalegre.org\/es\/\"},{\"@type\":\"ListItem\",\"position\":2,\"name\":\"Fraternidad: se\u00f1al de identidad\"}]},{\"@type\":\"WebSite\",\"@id\":\"https:\/\/www.montalegre.org\/es\/#website\",\"url\":\"https:\/\/www.montalegre.org\/es\/\",\"name\":\"Montalegre\",\"description\":\"\",\"potentialAction\":[{\"@type\":\"SearchAction\",\"target\":{\"@type\":\"EntryPoint\",\"urlTemplate\":\"https:\/\/www.montalegre.org\/es\/?s={search_term_string}\"},\"query-input\":{\"@type\":\"PropertyValueSpecification\",\"valueRequired\":true,\"valueName\":\"search_term_string\"}}],\"inLanguage\":\"es\"},{\"@type\":\"Person\",\"@id\":\"https:\/\/www.montalegre.org\/es\/#\/schema\/person\/fa12d4cf3a3f1735a9176b4fafd6a633\",\"name\":\"montalegre\",\"image\":{\"@type\":\"ImageObject\",\"inLanguage\":\"es\",\"@id\":\"https:\/\/www.montalegre.org\/es\/#\/schema\/person\/image\/\",\"url\":\"https:\/\/secure.gravatar.com\/avatar\/fe6d886cf5081e723c666dceda1f12d4f39070fa2ed4e79695edc3ca355c9b5a?s=96&d=mm&r=g\",\"contentUrl\":\"https:\/\/secure.gravatar.com\/avatar\/fe6d886cf5081e723c666dceda1f12d4f39070fa2ed4e79695edc3ca355c9b5a?s=96&d=mm&r=g\",\"caption\":\"montalegre\"},\"url\":\"https:\/\/www.montalegre.org\/es\/author\/montalegre\/\"}]}<\/script>\n<!-- \/ Yoast SEO plugin. -->","yoast_head_json":{"title":"Fraternidad: se\u00f1al de identidad - Montalegre","robots":{"index":"index","follow":"follow","max-snippet":"max-snippet:-1","max-image-preview":"max-image-preview:large","max-video-preview":"max-video-preview:-1"},"canonical":"https:\/\/www.montalegre.org\/es\/2019\/02\/fraternidad-senal-de-identidad\/","og_locale":"es_ES","og_type":"article","og_title":"Fraternidad: se\u00f1al de identidad - Montalegre","og_description":"El mes pasado record\u00e1bamos unas palabras de Tertuliano (siglo II) que manifiestan la manera de vivir la fraternidad y la uni\u00f3n entre ellos, de los primeros cristianos: \u00a1Mirad c\u00f3mo se aman! Podr\u00edamos afirmar que la nota m\u00e1s caracter\u00edstica de la vida de los primeros cristianos era, precisamente, c\u00f3mo sab\u00edan quererse entre s\u00ed. Esta es la [&hellip;]","og_url":"https:\/\/www.montalegre.org\/es\/2019\/02\/fraternidad-senal-de-identidad\/","og_site_name":"Montalegre","article_published_time":"2019-02-16T18:06:55+00:00","author":"montalegre","twitter_card":"summary_large_image","twitter_misc":{"Escrito por":"montalegre","Tiempo de lectura":"2 minutos"},"schema":{"@context":"https:\/\/schema.org","@graph":[{"@type":"Article","@id":"https:\/\/www.montalegre.org\/es\/2019\/02\/fraternidad-senal-de-identidad\/#article","isPartOf":{"@id":"https:\/\/www.montalegre.org\/es\/2019\/02\/fraternidad-senal-de-identidad\/"},"author":{"name":"montalegre","@id":"https:\/\/www.montalegre.org\/es\/#\/schema\/person\/fa12d4cf3a3f1735a9176b4fafd6a633"},"headline":"Fraternidad: se\u00f1al de identidad","datePublished":"2019-02-16T18:06:55+00:00","mainEntityOfPage":{"@id":"https:\/\/www.montalegre.org\/es\/2019\/02\/fraternidad-senal-de-identidad\/"},"wordCount":351,"commentCount":0,"articleSection":["Editorial"],"inLanguage":"es","potentialAction":[{"@type":"CommentAction","name":"Comment","target":["https:\/\/www.montalegre.org\/es\/2019\/02\/fraternidad-senal-de-identidad\/#respond"]}]},{"@type":"WebPage","@id":"https:\/\/www.montalegre.org\/es\/2019\/02\/fraternidad-senal-de-identidad\/","url":"https:\/\/www.montalegre.org\/es\/2019\/02\/fraternidad-senal-de-identidad\/","name":"Fraternidad: se\u00f1al de identidad - Montalegre","isPartOf":{"@id":"https:\/\/www.montalegre.org\/es\/#website"},"datePublished":"2019-02-16T18:06:55+00:00","author":{"@id":"https:\/\/www.montalegre.org\/es\/#\/schema\/person\/fa12d4cf3a3f1735a9176b4fafd6a633"},"breadcrumb":{"@id":"https:\/\/www.montalegre.org\/es\/2019\/02\/fraternidad-senal-de-identidad\/#breadcrumb"},"inLanguage":"es","potentialAction":[{"@type":"ReadAction","target":["https:\/\/www.montalegre.org\/es\/2019\/02\/fraternidad-senal-de-identidad\/"]}]},{"@type":"BreadcrumbList","@id":"https:\/\/www.montalegre.org\/es\/2019\/02\/fraternidad-senal-de-identidad\/#breadcrumb","itemListElement":[{"@type":"ListItem","position":1,"name":"Portada","item":"https:\/\/www.montalegre.org\/es\/"},{"@type":"ListItem","position":2,"name":"Fraternidad: se\u00f1al de identidad"}]},{"@type":"WebSite","@id":"https:\/\/www.montalegre.org\/es\/#website","url":"https:\/\/www.montalegre.org\/es\/","name":"Montalegre","description":"","potentialAction":[{"@type":"SearchAction","target":{"@type":"EntryPoint","urlTemplate":"https:\/\/www.montalegre.org\/es\/?s={search_term_string}"},"query-input":{"@type":"PropertyValueSpecification","valueRequired":true,"valueName":"search_term_string"}}],"inLanguage":"es"},{"@type":"Person","@id":"https:\/\/www.montalegre.org\/es\/#\/schema\/person\/fa12d4cf3a3f1735a9176b4fafd6a633","name":"montalegre","image":{"@type":"ImageObject","inLanguage":"es","@id":"https:\/\/www.montalegre.org\/es\/#\/schema\/person\/image\/","url":"https:\/\/secure.gravatar.com\/avatar\/fe6d886cf5081e723c666dceda1f12d4f39070fa2ed4e79695edc3ca355c9b5a?s=96&d=mm&r=g","contentUrl":"https:\/\/secure.gravatar.com\/avatar\/fe6d886cf5081e723c666dceda1f12d4f39070fa2ed4e79695edc3ca355c9b5a?s=96&d=mm&r=g","caption":"montalegre"},"url":"https:\/\/www.montalegre.org\/es\/author\/montalegre\/"}]}},"_links":{"self":[{"href":"https:\/\/www.montalegre.org\/es\/wp-json\/wp\/v2\/posts\/12341","targetHints":{"allow":["GET"]}}],"collection":[{"href":"https:\/\/www.montalegre.org\/es\/wp-json\/wp\/v2\/posts"}],"about":[{"href":"https:\/\/www.montalegre.org\/es\/wp-json\/wp\/v2\/types\/post"}],"author":[{"embeddable":true,"href":"https:\/\/www.montalegre.org\/es\/wp-json\/wp\/v2\/users\/4"}],"replies":[{"embeddable":true,"href":"https:\/\/www.montalegre.org\/es\/wp-json\/wp\/v2\/comments?post=12341"}],"version-history":[{"count":1,"href":"https:\/\/www.montalegre.org\/es\/wp-json\/wp\/v2\/posts\/12341\/revisions"}],"predecessor-version":[{"id":12342,"href":"https:\/\/www.montalegre.org\/es\/wp-json\/wp\/v2\/posts\/12341\/revisions\/12342"}],"wp:attachment":[{"href":"https:\/\/www.montalegre.org\/es\/wp-json\/wp\/v2\/media?parent=12341"}],"wp:term":[{"taxonomy":"category","embeddable":true,"href":"https:\/\/www.montalegre.org\/es\/wp-json\/wp\/v2\/categories?post=12341"},{"taxonomy":"post_tag","embeddable":true,"href":"https:\/\/www.montalegre.org\/es\/wp-json\/wp\/v2\/tags?post=12341"}],"curies":[{"name":"wp","href":"https:\/\/api.w.org\/{rel}","templated":true}]}}