{"id":12279,"date":"2018-12-29T18:35:44","date_gmt":"2018-12-29T18:35:44","guid":{"rendered":"https:\/\/www.montalegre.org\/?p=12279"},"modified":"2018-12-29T18:35:44","modified_gmt":"2018-12-29T18:35:44","slug":"testigos-de-la-venida-del-senor","status":"publish","type":"post","link":"https:\/\/www.montalegre.org\/es\/2018\/12\/testigos-de-la-venida-del-senor\/","title":{"rendered":"Testigos de la venida del Se\u00f1or"},"content":{"rendered":"<p>&nbsp;<\/p>\n<p>\u00a1Dios viene! Esta breve exclamaci\u00f3n abre el tiempo de Adviento y resuena durante estas semanas de preparaci\u00f3n para el nacimiento del Hijo de Dios.<\/p>\n<p>Es un tiempo de espera alegre que nos lleva a disponernos y a disponer nuestro hogar y entorno para darle el mejor recibimiento posible a nuestro Redentor, a nuestro Dios. Por eso procuraremos, en primer lugar, preparar nuestra alma para que encuentre en ella una digna morada. Alimentemos, estos d\u00edas, nuestra vida espiritual con los textos sagrados que la liturgia nos presenta y fomentemos la ilusi\u00f3n de la venida de Cristo a la tierra.<\/p>\n<p>Y, a la vez, buscaremos adornar nuestro mundo para que cuando llegue encuentre un ambiente festivo, lleno de alegr\u00eda, paz, caridad y mucha fe. De ah\u00ed la necesidad de adornar e iluminar bien nuestras casas y ciudades.<\/p>\n<p>En una sociedad como la nuestra, cristiana pero cada vez m\u00e1s paganizada, el Adviento es una buena ocasi\u00f3n para dar testimonio de la venida de Dios al mundo. Mostremos nuestra fe en el modo de actuar y de celebrar las pr\u00f3ximas fiestas navide\u00f1as. La certeza de la venida de Cristo nos llevar\u00e1 a vivir este gran acontecimiento prepar\u00e1ndonos con la oraci\u00f3n, fomentando la esperanza y viviendo las costumbres cristianas de estas fechas. La corona de Adviento, el Bel\u00e9n, el \u00e1rbol de Navidad, el Ni\u00f1o Jes\u00fas, las comidas familiares, la celebraci\u00f3n de la Epifan\u00eda, etc. nos introducen en el gran misterio de la venida del Se\u00f1or para habitar entre nosotros y manifestar su gran Amor a los hombres.<\/p>\n<p>Las velas de la corona de Adviento que encenderemos cada domingo iluminar\u00e1n nuestro interior para dar cabida y cobijo al Ni\u00f1o-Dios que nacer\u00e1 en Bel\u00e9n. \u00a1Feliz Navidad!<\/p>\n<p>Mn. Xavier Argelich<\/p>\n<p>&nbsp;<\/p>\n","protected":false},"excerpt":{"rendered":"<p>&nbsp; \u00a1Dios viene! Esta breve exclamaci\u00f3n abre el tiempo de Adviento y resuena durante estas semanas de preparaci\u00f3n para el nacimiento del Hijo de Dios. Es un tiempo de espera alegre que nos lleva a disponernos y a disponer nuestro hogar y entorno para darle el mejor recibimiento posible a nuestro Redentor, a nuestro Dios. [&hellip;]<\/p>\n","protected":false},"author":4,"featured_media":0,"comment_status":"open","ping_status":"open","sticky":false,"template":"","format":"standard","meta":{"footnotes":""},"categories":[52],"tags":[],"class_list":["post-12279","post","type-post","status-publish","format-standard","hentry","category-editorial"],"yoast_head":"<!-- This site is optimized with the Yoast SEO plugin v27.1.1 - https:\/\/yoast.com\/product\/yoast-seo-wordpress\/ -->\n<title>Testigos de la venida del Se\u00f1or - Montalegre<\/title>\n<meta name=\"robots\" content=\"index, follow, max-snippet:-1, max-image-preview:large, max-video-preview:-1\" \/>\n<link rel=\"canonical\" href=\"https:\/\/www.montalegre.org\/es\/2018\/12\/testigos-de-la-venida-del-senor\/\" \/>\n<meta property=\"og:locale\" content=\"es_ES\" \/>\n<meta property=\"og:type\" content=\"article\" \/>\n<meta property=\"og:title\" content=\"Testigos de la venida del Se\u00f1or - Montalegre\" \/>\n<meta property=\"og:description\" content=\"&nbsp; \u00a1Dios viene! Esta breve exclamaci\u00f3n abre el tiempo de Adviento y resuena durante estas semanas de preparaci\u00f3n para el nacimiento del Hijo de Dios. Es un tiempo de espera alegre que nos lleva a disponernos y a disponer nuestro hogar y entorno para darle el mejor recibimiento posible a nuestro Redentor, a nuestro Dios. [&hellip;]\" \/>\n<meta property=\"og:url\" content=\"https:\/\/www.montalegre.org\/es\/2018\/12\/testigos-de-la-venida-del-senor\/\" \/>\n<meta property=\"og:site_name\" content=\"Montalegre\" \/>\n<meta property=\"article:published_time\" content=\"2018-12-29T18:35:44+00:00\" \/>\n<meta name=\"author\" content=\"montalegre\" \/>\n<meta name=\"twitter:card\" content=\"summary_large_image\" \/>\n<meta name=\"twitter:label1\" content=\"Escrito por\" \/>\n\t<meta name=\"twitter:data1\" content=\"montalegre\" \/>\n\t<meta name=\"twitter:label2\" content=\"Tiempo de lectura\" \/>\n\t<meta name=\"twitter:data2\" content=\"2 minutos\" \/>\n<script type=\"application\/ld+json\" class=\"yoast-schema-graph\">{\"@context\":\"https:\/\/schema.org\",\"@graph\":[{\"@type\":\"Article\",\"@id\":\"https:\/\/www.montalegre.org\/es\/2018\/12\/testigos-de-la-venida-del-senor\/#article\",\"isPartOf\":{\"@id\":\"https:\/\/www.montalegre.org\/es\/2018\/12\/testigos-de-la-venida-del-senor\/\"},\"author\":{\"name\":\"montalegre\",\"@id\":\"https:\/\/www.montalegre.org\/es\/#\/schema\/person\/fa12d4cf3a3f1735a9176b4fafd6a633\"},\"headline\":\"Testigos de la venida del Se\u00f1or\",\"datePublished\":\"2018-12-29T18:35:44+00:00\",\"mainEntityOfPage\":{\"@id\":\"https:\/\/www.montalegre.org\/es\/2018\/12\/testigos-de-la-venida-del-senor\/\"},\"wordCount\":311,\"commentCount\":0,\"articleSection\":[\"Editorial\"],\"inLanguage\":\"es\",\"potentialAction\":[{\"@type\":\"CommentAction\",\"name\":\"Comment\",\"target\":[\"https:\/\/www.montalegre.org\/es\/2018\/12\/testigos-de-la-venida-del-senor\/#respond\"]}]},{\"@type\":\"WebPage\",\"@id\":\"https:\/\/www.montalegre.org\/es\/2018\/12\/testigos-de-la-venida-del-senor\/\",\"url\":\"https:\/\/www.montalegre.org\/es\/2018\/12\/testigos-de-la-venida-del-senor\/\",\"name\":\"Testigos de la venida del Se\u00f1or - Montalegre\",\"isPartOf\":{\"@id\":\"https:\/\/www.montalegre.org\/es\/#website\"},\"datePublished\":\"2018-12-29T18:35:44+00:00\",\"author\":{\"@id\":\"https:\/\/www.montalegre.org\/es\/#\/schema\/person\/fa12d4cf3a3f1735a9176b4fafd6a633\"},\"breadcrumb\":{\"@id\":\"https:\/\/www.montalegre.org\/es\/2018\/12\/testigos-de-la-venida-del-senor\/#breadcrumb\"},\"inLanguage\":\"es\",\"potentialAction\":[{\"@type\":\"ReadAction\",\"target\":[\"https:\/\/www.montalegre.org\/es\/2018\/12\/testigos-de-la-venida-del-senor\/\"]}]},{\"@type\":\"BreadcrumbList\",\"@id\":\"https:\/\/www.montalegre.org\/es\/2018\/12\/testigos-de-la-venida-del-senor\/#breadcrumb\",\"itemListElement\":[{\"@type\":\"ListItem\",\"position\":1,\"name\":\"Portada\",\"item\":\"https:\/\/www.montalegre.org\/es\/\"},{\"@type\":\"ListItem\",\"position\":2,\"name\":\"Testigos de la venida del Se\u00f1or\"}]},{\"@type\":\"WebSite\",\"@id\":\"https:\/\/www.montalegre.org\/es\/#website\",\"url\":\"https:\/\/www.montalegre.org\/es\/\",\"name\":\"Montalegre\",\"description\":\"\",\"potentialAction\":[{\"@type\":\"SearchAction\",\"target\":{\"@type\":\"EntryPoint\",\"urlTemplate\":\"https:\/\/www.montalegre.org\/es\/?s={search_term_string}\"},\"query-input\":{\"@type\":\"PropertyValueSpecification\",\"valueRequired\":true,\"valueName\":\"search_term_string\"}}],\"inLanguage\":\"es\"},{\"@type\":\"Person\",\"@id\":\"https:\/\/www.montalegre.org\/es\/#\/schema\/person\/fa12d4cf3a3f1735a9176b4fafd6a633\",\"name\":\"montalegre\",\"image\":{\"@type\":\"ImageObject\",\"inLanguage\":\"es\",\"@id\":\"https:\/\/www.montalegre.org\/es\/#\/schema\/person\/image\/\",\"url\":\"https:\/\/secure.gravatar.com\/avatar\/fe6d886cf5081e723c666dceda1f12d4f39070fa2ed4e79695edc3ca355c9b5a?s=96&d=mm&r=g\",\"contentUrl\":\"https:\/\/secure.gravatar.com\/avatar\/fe6d886cf5081e723c666dceda1f12d4f39070fa2ed4e79695edc3ca355c9b5a?s=96&d=mm&r=g\",\"caption\":\"montalegre\"},\"url\":\"https:\/\/www.montalegre.org\/es\/author\/montalegre\/\"}]}<\/script>\n<!-- \/ Yoast SEO plugin. -->","yoast_head_json":{"title":"Testigos de la venida del Se\u00f1or - Montalegre","robots":{"index":"index","follow":"follow","max-snippet":"max-snippet:-1","max-image-preview":"max-image-preview:large","max-video-preview":"max-video-preview:-1"},"canonical":"https:\/\/www.montalegre.org\/es\/2018\/12\/testigos-de-la-venida-del-senor\/","og_locale":"es_ES","og_type":"article","og_title":"Testigos de la venida del Se\u00f1or - Montalegre","og_description":"&nbsp; \u00a1Dios viene! Esta breve exclamaci\u00f3n abre el tiempo de Adviento y resuena durante estas semanas de preparaci\u00f3n para el nacimiento del Hijo de Dios. Es un tiempo de espera alegre que nos lleva a disponernos y a disponer nuestro hogar y entorno para darle el mejor recibimiento posible a nuestro Redentor, a nuestro Dios. [&hellip;]","og_url":"https:\/\/www.montalegre.org\/es\/2018\/12\/testigos-de-la-venida-del-senor\/","og_site_name":"Montalegre","article_published_time":"2018-12-29T18:35:44+00:00","author":"montalegre","twitter_card":"summary_large_image","twitter_misc":{"Escrito por":"montalegre","Tiempo de lectura":"2 minutos"},"schema":{"@context":"https:\/\/schema.org","@graph":[{"@type":"Article","@id":"https:\/\/www.montalegre.org\/es\/2018\/12\/testigos-de-la-venida-del-senor\/#article","isPartOf":{"@id":"https:\/\/www.montalegre.org\/es\/2018\/12\/testigos-de-la-venida-del-senor\/"},"author":{"name":"montalegre","@id":"https:\/\/www.montalegre.org\/es\/#\/schema\/person\/fa12d4cf3a3f1735a9176b4fafd6a633"},"headline":"Testigos de la venida del Se\u00f1or","datePublished":"2018-12-29T18:35:44+00:00","mainEntityOfPage":{"@id":"https:\/\/www.montalegre.org\/es\/2018\/12\/testigos-de-la-venida-del-senor\/"},"wordCount":311,"commentCount":0,"articleSection":["Editorial"],"inLanguage":"es","potentialAction":[{"@type":"CommentAction","name":"Comment","target":["https:\/\/www.montalegre.org\/es\/2018\/12\/testigos-de-la-venida-del-senor\/#respond"]}]},{"@type":"WebPage","@id":"https:\/\/www.montalegre.org\/es\/2018\/12\/testigos-de-la-venida-del-senor\/","url":"https:\/\/www.montalegre.org\/es\/2018\/12\/testigos-de-la-venida-del-senor\/","name":"Testigos de la venida del Se\u00f1or - Montalegre","isPartOf":{"@id":"https:\/\/www.montalegre.org\/es\/#website"},"datePublished":"2018-12-29T18:35:44+00:00","author":{"@id":"https:\/\/www.montalegre.org\/es\/#\/schema\/person\/fa12d4cf3a3f1735a9176b4fafd6a633"},"breadcrumb":{"@id":"https:\/\/www.montalegre.org\/es\/2018\/12\/testigos-de-la-venida-del-senor\/#breadcrumb"},"inLanguage":"es","potentialAction":[{"@type":"ReadAction","target":["https:\/\/www.montalegre.org\/es\/2018\/12\/testigos-de-la-venida-del-senor\/"]}]},{"@type":"BreadcrumbList","@id":"https:\/\/www.montalegre.org\/es\/2018\/12\/testigos-de-la-venida-del-senor\/#breadcrumb","itemListElement":[{"@type":"ListItem","position":1,"name":"Portada","item":"https:\/\/www.montalegre.org\/es\/"},{"@type":"ListItem","position":2,"name":"Testigos de la venida del Se\u00f1or"}]},{"@type":"WebSite","@id":"https:\/\/www.montalegre.org\/es\/#website","url":"https:\/\/www.montalegre.org\/es\/","name":"Montalegre","description":"","potentialAction":[{"@type":"SearchAction","target":{"@type":"EntryPoint","urlTemplate":"https:\/\/www.montalegre.org\/es\/?s={search_term_string}"},"query-input":{"@type":"PropertyValueSpecification","valueRequired":true,"valueName":"search_term_string"}}],"inLanguage":"es"},{"@type":"Person","@id":"https:\/\/www.montalegre.org\/es\/#\/schema\/person\/fa12d4cf3a3f1735a9176b4fafd6a633","name":"montalegre","image":{"@type":"ImageObject","inLanguage":"es","@id":"https:\/\/www.montalegre.org\/es\/#\/schema\/person\/image\/","url":"https:\/\/secure.gravatar.com\/avatar\/fe6d886cf5081e723c666dceda1f12d4f39070fa2ed4e79695edc3ca355c9b5a?s=96&d=mm&r=g","contentUrl":"https:\/\/secure.gravatar.com\/avatar\/fe6d886cf5081e723c666dceda1f12d4f39070fa2ed4e79695edc3ca355c9b5a?s=96&d=mm&r=g","caption":"montalegre"},"url":"https:\/\/www.montalegre.org\/es\/author\/montalegre\/"}]}},"_links":{"self":[{"href":"https:\/\/www.montalegre.org\/es\/wp-json\/wp\/v2\/posts\/12279","targetHints":{"allow":["GET"]}}],"collection":[{"href":"https:\/\/www.montalegre.org\/es\/wp-json\/wp\/v2\/posts"}],"about":[{"href":"https:\/\/www.montalegre.org\/es\/wp-json\/wp\/v2\/types\/post"}],"author":[{"embeddable":true,"href":"https:\/\/www.montalegre.org\/es\/wp-json\/wp\/v2\/users\/4"}],"replies":[{"embeddable":true,"href":"https:\/\/www.montalegre.org\/es\/wp-json\/wp\/v2\/comments?post=12279"}],"version-history":[{"count":1,"href":"https:\/\/www.montalegre.org\/es\/wp-json\/wp\/v2\/posts\/12279\/revisions"}],"predecessor-version":[{"id":12280,"href":"https:\/\/www.montalegre.org\/es\/wp-json\/wp\/v2\/posts\/12279\/revisions\/12280"}],"wp:attachment":[{"href":"https:\/\/www.montalegre.org\/es\/wp-json\/wp\/v2\/media?parent=12279"}],"wp:term":[{"taxonomy":"category","embeddable":true,"href":"https:\/\/www.montalegre.org\/es\/wp-json\/wp\/v2\/categories?post=12279"},{"taxonomy":"post_tag","embeddable":true,"href":"https:\/\/www.montalegre.org\/es\/wp-json\/wp\/v2\/tags?post=12279"}],"curies":[{"name":"wp","href":"https:\/\/api.w.org\/{rel}","templated":true}]}}