{"id":1217,"date":"2010-07-14T09:29:42","date_gmt":"2010-07-14T09:29:42","guid":{"rendered":"http:\/\/www.montalegre.org\/?p=1217"},"modified":"2010-07-23T18:03:15","modified_gmt":"2010-07-23T18:03:15","slug":"sexo-y-jovenes","status":"publish","type":"post","link":"https:\/\/www.montalegre.org\/es\/2010\/07\/sexo-y-jovenes\/","title":{"rendered":"Consideraciones al respecto de &#8220;Sexe i joves&#8221; (Sexo y J\u00f3venes)"},"content":{"rendered":"<div id=\"menu_path\">\n<div>\n<div>\n<p>Recientemente la Delegaci\u00f3n diocesana de la Pastoral Familiar del Arzobispado de Barcelona ha expresado su parecer en relaci\u00f3n con el Documento &#8220;Sexe i Joves&#8221; (Sexo y J\u00f3venes) \u00a0promovido por el Institut Catal\u00e0 de la Salut, de la Consejer\u00eda \u00a0de Salud de la Generalitat de Catalu\u00f1a.<\/p>\n<\/div>\n<div>Tomado de <em>TEMES D&#8217;AVUI<\/em><\/div>\n<div>\n<div>Publicado el 25 de junio de 2010<\/div>\n<\/div>\n<\/div>\n<\/div>\n<div id=\"articulo\">\n<div id=\"articulo_texto\">\n<div>\u00a0<\/div>\n<div>El Departamento de Salud de a Generalitat de Catalu\u00f1a y el Instituto Catal\u00e1n de la salud han hecho p\u00fablica la p\u00e1gina web \u201cSexo jovenes\u201d en el dominio \u201cgencat\u201d, dirigida especialmente a los adolescentes y j\u00f3venes sobre temas relacionados con la sexualidad. Por causa de los criterios que se mencionan, y por la confusi\u00f3n que puede crear sobre los valores morales en los adolescentes y los j\u00f3venes, la Delegaci\u00f3n Diocesana de Pastoral Familiar del Arzobispado de Barcelona, quiere ofrecer su reflexi\u00f3n a las personas que buscan, sobre esta materia, un criterio cristiano, y como expresi\u00f3n de una parte de la sociedad catalana que se preocupa por la educaci\u00f3n de sus adolescentes y j\u00f3venes y no se ve reflejada en en los juicios y los criterios promovidos desde una entidad p\u00fablica como el Departamento de Salud de la Generalitat de Catalu\u00f1a.<img loading=\"lazy\" decoding=\"async\" class=\"alignleft\" src=\"http:\/\/www.temesdavui.org\/img\/Sexe%20i%20joves\/sexe%20i%20joves%201.jpg\" alt=\"\" width=\"245\" height=\"169\" \/><\/div>\n<div>El Documento no formula juicios \u00e9ticos en principio; se presenta como una p\u00e1gina informativa y neutra. Pero en estos temas, la simple informaci\u00f3n ya es una opci\u00f3n \u00e9tica clara. La opci\u00f3n es \u00e9sta: en temas de sexualidad y embarazo, el interesado o interesada tiene abiertas, delante suyo, todas las posibilidades; cualquier decisi\u00f3n que tome es buena. Se trata s\u00f3lo de informar.<\/div>\n<div>Este es un criterio perverso. No se acepta este criterio en otros \u00e1mbitos de los comportamientos humanos: en los negocios, en la circulaci\u00f3n, en la educaci\u00f3n de los hijos, en la pr\u00e1ctica m\u00e9dica o judicial, en la resoluci\u00f3n de los conflictos entre personas, entre grupos o entre pueblos. En todos los \u00e1mbitos de la vida humana, sabemos que hay comportamientos positivos y comportamientos negativos, que quiere decir que son \u00e9ticamente buenos o \u00e9ticamente malos. Si alguien se presenta diciendo que todo est\u00e1 permitido, ser\u00e1 acusado de ser un ser socialmente peligroso. En cambio, este es el criterio de este Documento en cuanto a la experiencia sexual, las relaciones de pareja, la regulaci\u00f3n de la natalidad o el aborto. <img loading=\"lazy\" decoding=\"async\" class=\"alignright\" src=\"http:\/\/www.temesdavui.org\/img\/Sexe%20i%20joves\/sexe%20i%20joves%202.jpg\" alt=\"\" width=\"265\" height=\"174\" \/><\/div>\n<div>El Documento aplica, pr\u00e1cticamente sin ninguna limitaci\u00f3n, el criterio de la permisividad total en el \u00e1mbito de la sexualidad y de la pareja, erigi\u00e9ndose en derecho que cualquiera puede exigir a los educadores o a la sociedad. Para evitar una visi\u00f3n negativa de la sexualidad acaba permitiendo e incluso promoviendo todo tipo de experiencias, como si la permisividad total fuera garant\u00eda de validez \u00e9tica, de salud ps\u00edquica y de realizaci\u00f3n personal.<\/div>\n<div>El \u00e1mbito de las relaciones humanas y de la sexualidad, como todos los otros, se ha de vivir seg\u00fan el criterio fundamental de la aut\u00e9ntica vida humana. \u00c9sta est\u00e1 marcada por el amor personal y el respeto a toda vida humana, ya desde el primer momento. Los tab\u00faes y las represiones no se superan a base de aceptar cualquier tipo de experiencias, porque \u00e9s<img loading=\"lazy\" decoding=\"async\" class=\"alignleft\" src=\"http:\/\/www.temesdavui.org\/img\/Sexe%20i%20joves\/sexe%20i%20joves%203.jpg\" alt=\"\" width=\"268\" height=\"159\" \/>tas terminan da\u00f1ando al otro o a uno mismo. S\u00f3lo la b\u00fasqueda sincera de ser fiel a los valores morales puede ayudar a hacer crecer a la persona y ofrecerle una verdadera realizaci\u00f3n personal. La verdadera vida \u00e9tica consiste en someter y orientar las propias tendencias biol\u00f3gicas, tambi\u00e9n las sexuales, al amor aut\u00e9ntico, maduro y sincero, a la persona del otro, al servicio respetuoso de la nueva vida que puede aparecer en la relaci\u00f3n sexual.<img loading=\"lazy\" decoding=\"async\" class=\"alignright\" src=\"http:\/\/www.temesdavui.org\/img\/Sexe%20i%20joves\/sexe%20i%20joves%205.jpg\" alt=\"\" width=\"226\" height=\"229\" \/><\/div>\n<div>El cuerpo no es un juguete, no tiene como finalidad ser una caja de resonancia para conseguir el m\u00e1ximo placer. Los dem\u00e1s no son objetos para conseguir relaciones ef\u00edmeras y sin valor en funci\u00f3n de intereses primarios personales, como presenta la p\u00e1gina \u201csexo j\u00f3venes\u201d. Desde nuestra posici\u00f3n cristiana podemos aportar una nueva visi\u00f3n: las relaciones sexuales tienen mayor valor cuando se reconoce que han de ser fruto de una donaci\u00f3n personal, donaci\u00f3n de amor total, y que significan un compromiso fiel, responsable y definitivo, como pertenece la dignidad del ser humano. Afirmamos tambi\u00e9n que la vida es sagrada e inviolable y que merece todo el respeto y protecci\u00f3n desde el primer momento hasta el \u00faltimo.<\/div>\n<div>El Documento del Departamento de Salud de la Generalitat realiza una labor social y educativamente muy negativa. Con la excusa de la informaci\u00f3n liberadora y neutra, de hecho promueve una concepci\u00f3n de las relaciones humanas y de la sexualidad que destruye la obra educativa de las familias y de las escuelas, porque la educaci\u00f3n de los hijos es un derecho inalienable de los padres. Lo lamentamos porque la Generalitat es nuestro gobierno, y creemos que se deber\u00eda poner al servicio de los esfuerzos y los ineludibles derechos y deberes educativos de los padres, de las escuelas y de toda la sociedad, que intentan que nuestros adolescentes y j\u00f3venes vivan en el respeto, el amor personal y su realizaci\u00f3n aut\u00e9ntica, respetando todos aquellos valores que dan sentido a la vida de las personas y de las familias.<\/div>\n<div>Barcelona, 17 de junio de 2010<\/div>\n<\/div>\n<\/div>\n","protected":false},"excerpt":{"rendered":"<p>Recientemente la Delegaci\u00f3n diocesana de la Pastoral Familiar del Arzobispado de Barcelona ha expresado su parecer en relaci\u00f3n con el Documento &#8220;Sexe i Joves&#8221; (Sexo y J\u00f3venes) \u00a0promovido por el Institut Catal\u00e0 de la Salut, de la Consejer\u00eda \u00a0de Salud de la Generalitat de Catalu\u00f1a. Tomado de TEMES D&#8217;AVUI Publicado el 25 de junio de [&hellip;]<\/p>\n","protected":false},"author":4,"featured_media":0,"comment_status":"open","ping_status":"open","sticky":false,"template":"","format":"standard","meta":{"footnotes":""},"categories":[31],"tags":[],"class_list":["post-1217","post","type-post","status-publish","format-standard","hentry","category-actualidad"],"yoast_head":"<!-- This site is optimized with the Yoast SEO plugin v27.1.1 - https:\/\/yoast.com\/product\/yoast-seo-wordpress\/ -->\n<title>Consideraciones al respecto de &quot;Sexe i joves&quot; (Sexo y J\u00f3venes) - Montalegre<\/title>\n<meta name=\"robots\" content=\"index, follow, max-snippet:-1, max-image-preview:large, max-video-preview:-1\" \/>\n<link rel=\"canonical\" href=\"https:\/\/www.montalegre.org\/es\/2010\/07\/sexo-y-jovenes\/\" \/>\n<meta property=\"og:locale\" content=\"es_ES\" \/>\n<meta property=\"og:type\" content=\"article\" \/>\n<meta property=\"og:title\" content=\"Consideraciones al respecto de &quot;Sexe i joves&quot; (Sexo y J\u00f3venes) - Montalegre\" \/>\n<meta property=\"og:description\" content=\"Recientemente la Delegaci\u00f3n diocesana de la Pastoral Familiar del Arzobispado de Barcelona ha expresado su parecer en relaci\u00f3n con el Documento &#8220;Sexe i Joves&#8221; (Sexo y J\u00f3venes) \u00a0promovido por el Institut Catal\u00e0 de la Salut, de la Consejer\u00eda \u00a0de Salud de la Generalitat de Catalu\u00f1a. Tomado de TEMES D&#8217;AVUI Publicado el 25 de junio de [&hellip;]\" \/>\n<meta property=\"og:url\" content=\"https:\/\/www.montalegre.org\/es\/2010\/07\/sexo-y-jovenes\/\" \/>\n<meta property=\"og:site_name\" content=\"Montalegre\" \/>\n<meta property=\"article:published_time\" content=\"2010-07-14T09:29:42+00:00\" \/>\n<meta property=\"article:modified_time\" content=\"2010-07-23T18:03:15+00:00\" \/>\n<meta property=\"og:image\" content=\"http:\/\/www.temesdavui.org\/img\/Sexe%20i%20joves\/sexe%20i%20joves%201.jpg\" \/>\n<meta name=\"author\" content=\"montalegre\" \/>\n<meta name=\"twitter:card\" content=\"summary_large_image\" \/>\n<meta name=\"twitter:label1\" content=\"Escrito por\" \/>\n\t<meta name=\"twitter:data1\" content=\"montalegre\" \/>\n\t<meta name=\"twitter:label2\" content=\"Tiempo de lectura\" \/>\n\t<meta name=\"twitter:data2\" content=\"5 minutos\" \/>\n<script type=\"application\/ld+json\" class=\"yoast-schema-graph\">{\"@context\":\"https:\/\/schema.org\",\"@graph\":[{\"@type\":\"Article\",\"@id\":\"https:\/\/www.montalegre.org\/es\/2010\/07\/sexo-y-jovenes\/#article\",\"isPartOf\":{\"@id\":\"https:\/\/www.montalegre.org\/es\/2010\/07\/sexo-y-jovenes\/\"},\"author\":{\"name\":\"montalegre\",\"@id\":\"https:\/\/www.montalegre.org\/es\/#\/schema\/person\/fa12d4cf3a3f1735a9176b4fafd6a633\"},\"headline\":\"Consideraciones al respecto de &#8220;Sexe i joves&#8221; (Sexo y J\u00f3venes)\",\"datePublished\":\"2010-07-14T09:29:42+00:00\",\"dateModified\":\"2010-07-23T18:03:15+00:00\",\"mainEntityOfPage\":{\"@id\":\"https:\/\/www.montalegre.org\/es\/2010\/07\/sexo-y-jovenes\/\"},\"wordCount\":915,\"commentCount\":0,\"image\":{\"@id\":\"https:\/\/www.montalegre.org\/es\/2010\/07\/sexo-y-jovenes\/#primaryimage\"},\"thumbnailUrl\":\"http:\/\/www.temesdavui.org\/img\/Sexe%20i%20joves\/sexe%20i%20joves%201.jpg\",\"articleSection\":[\"Actualidad\"],\"inLanguage\":\"es\",\"potentialAction\":[{\"@type\":\"CommentAction\",\"name\":\"Comment\",\"target\":[\"https:\/\/www.montalegre.org\/es\/2010\/07\/sexo-y-jovenes\/#respond\"]}]},{\"@type\":\"WebPage\",\"@id\":\"https:\/\/www.montalegre.org\/es\/2010\/07\/sexo-y-jovenes\/\",\"url\":\"https:\/\/www.montalegre.org\/es\/2010\/07\/sexo-y-jovenes\/\",\"name\":\"Consideraciones al respecto de \\\"Sexe i joves\\\" (Sexo y J\u00f3venes) - Montalegre\",\"isPartOf\":{\"@id\":\"https:\/\/www.montalegre.org\/es\/#website\"},\"primaryImageOfPage\":{\"@id\":\"https:\/\/www.montalegre.org\/es\/2010\/07\/sexo-y-jovenes\/#primaryimage\"},\"image\":{\"@id\":\"https:\/\/www.montalegre.org\/es\/2010\/07\/sexo-y-jovenes\/#primaryimage\"},\"thumbnailUrl\":\"http:\/\/www.temesdavui.org\/img\/Sexe%20i%20joves\/sexe%20i%20joves%201.jpg\",\"datePublished\":\"2010-07-14T09:29:42+00:00\",\"dateModified\":\"2010-07-23T18:03:15+00:00\",\"author\":{\"@id\":\"https:\/\/www.montalegre.org\/es\/#\/schema\/person\/fa12d4cf3a3f1735a9176b4fafd6a633\"},\"breadcrumb\":{\"@id\":\"https:\/\/www.montalegre.org\/es\/2010\/07\/sexo-y-jovenes\/#breadcrumb\"},\"inLanguage\":\"es\",\"potentialAction\":[{\"@type\":\"ReadAction\",\"target\":[\"https:\/\/www.montalegre.org\/es\/2010\/07\/sexo-y-jovenes\/\"]}]},{\"@type\":\"ImageObject\",\"inLanguage\":\"es\",\"@id\":\"https:\/\/www.montalegre.org\/es\/2010\/07\/sexo-y-jovenes\/#primaryimage\",\"url\":\"http:\/\/www.temesdavui.org\/img\/Sexe%20i%20joves\/sexe%20i%20joves%201.jpg\",\"contentUrl\":\"http:\/\/www.temesdavui.org\/img\/Sexe%20i%20joves\/sexe%20i%20joves%201.jpg\"},{\"@type\":\"BreadcrumbList\",\"@id\":\"https:\/\/www.montalegre.org\/es\/2010\/07\/sexo-y-jovenes\/#breadcrumb\",\"itemListElement\":[{\"@type\":\"ListItem\",\"position\":1,\"name\":\"Portada\",\"item\":\"https:\/\/www.montalegre.org\/es\/\"},{\"@type\":\"ListItem\",\"position\":2,\"name\":\"Consideraciones al respecto de &#8220;Sexe i joves&#8221; (Sexo y J\u00f3venes)\"}]},{\"@type\":\"WebSite\",\"@id\":\"https:\/\/www.montalegre.org\/es\/#website\",\"url\":\"https:\/\/www.montalegre.org\/es\/\",\"name\":\"Montalegre\",\"description\":\"\",\"potentialAction\":[{\"@type\":\"SearchAction\",\"target\":{\"@type\":\"EntryPoint\",\"urlTemplate\":\"https:\/\/www.montalegre.org\/es\/?s={search_term_string}\"},\"query-input\":{\"@type\":\"PropertyValueSpecification\",\"valueRequired\":true,\"valueName\":\"search_term_string\"}}],\"inLanguage\":\"es\"},{\"@type\":\"Person\",\"@id\":\"https:\/\/www.montalegre.org\/es\/#\/schema\/person\/fa12d4cf3a3f1735a9176b4fafd6a633\",\"name\":\"montalegre\",\"image\":{\"@type\":\"ImageObject\",\"inLanguage\":\"es\",\"@id\":\"https:\/\/www.montalegre.org\/es\/#\/schema\/person\/image\/\",\"url\":\"https:\/\/secure.gravatar.com\/avatar\/fe6d886cf5081e723c666dceda1f12d4f39070fa2ed4e79695edc3ca355c9b5a?s=96&d=mm&r=g\",\"contentUrl\":\"https:\/\/secure.gravatar.com\/avatar\/fe6d886cf5081e723c666dceda1f12d4f39070fa2ed4e79695edc3ca355c9b5a?s=96&d=mm&r=g\",\"caption\":\"montalegre\"},\"url\":\"https:\/\/www.montalegre.org\/es\/author\/montalegre\/\"}]}<\/script>\n<!-- \/ Yoast SEO plugin. -->","yoast_head_json":{"title":"Consideraciones al respecto de \"Sexe i joves\" (Sexo y J\u00f3venes) - Montalegre","robots":{"index":"index","follow":"follow","max-snippet":"max-snippet:-1","max-image-preview":"max-image-preview:large","max-video-preview":"max-video-preview:-1"},"canonical":"https:\/\/www.montalegre.org\/es\/2010\/07\/sexo-y-jovenes\/","og_locale":"es_ES","og_type":"article","og_title":"Consideraciones al respecto de \"Sexe i joves\" (Sexo y J\u00f3venes) - Montalegre","og_description":"Recientemente la Delegaci\u00f3n diocesana de la Pastoral Familiar del Arzobispado de Barcelona ha expresado su parecer en relaci\u00f3n con el Documento &#8220;Sexe i Joves&#8221; (Sexo y J\u00f3venes) \u00a0promovido por el Institut Catal\u00e0 de la Salut, de la Consejer\u00eda \u00a0de Salud de la Generalitat de Catalu\u00f1a. Tomado de TEMES D&#8217;AVUI Publicado el 25 de junio de [&hellip;]","og_url":"https:\/\/www.montalegre.org\/es\/2010\/07\/sexo-y-jovenes\/","og_site_name":"Montalegre","article_published_time":"2010-07-14T09:29:42+00:00","article_modified_time":"2010-07-23T18:03:15+00:00","og_image":[{"url":"http:\/\/www.temesdavui.org\/img\/Sexe%20i%20joves\/sexe%20i%20joves%201.jpg","type":"","width":"","height":""}],"author":"montalegre","twitter_card":"summary_large_image","twitter_misc":{"Escrito por":"montalegre","Tiempo de lectura":"5 minutos"},"schema":{"@context":"https:\/\/schema.org","@graph":[{"@type":"Article","@id":"https:\/\/www.montalegre.org\/es\/2010\/07\/sexo-y-jovenes\/#article","isPartOf":{"@id":"https:\/\/www.montalegre.org\/es\/2010\/07\/sexo-y-jovenes\/"},"author":{"name":"montalegre","@id":"https:\/\/www.montalegre.org\/es\/#\/schema\/person\/fa12d4cf3a3f1735a9176b4fafd6a633"},"headline":"Consideraciones al respecto de &#8220;Sexe i joves&#8221; (Sexo y J\u00f3venes)","datePublished":"2010-07-14T09:29:42+00:00","dateModified":"2010-07-23T18:03:15+00:00","mainEntityOfPage":{"@id":"https:\/\/www.montalegre.org\/es\/2010\/07\/sexo-y-jovenes\/"},"wordCount":915,"commentCount":0,"image":{"@id":"https:\/\/www.montalegre.org\/es\/2010\/07\/sexo-y-jovenes\/#primaryimage"},"thumbnailUrl":"http:\/\/www.temesdavui.org\/img\/Sexe%20i%20joves\/sexe%20i%20joves%201.jpg","articleSection":["Actualidad"],"inLanguage":"es","potentialAction":[{"@type":"CommentAction","name":"Comment","target":["https:\/\/www.montalegre.org\/es\/2010\/07\/sexo-y-jovenes\/#respond"]}]},{"@type":"WebPage","@id":"https:\/\/www.montalegre.org\/es\/2010\/07\/sexo-y-jovenes\/","url":"https:\/\/www.montalegre.org\/es\/2010\/07\/sexo-y-jovenes\/","name":"Consideraciones al respecto de \"Sexe i joves\" (Sexo y J\u00f3venes) - Montalegre","isPartOf":{"@id":"https:\/\/www.montalegre.org\/es\/#website"},"primaryImageOfPage":{"@id":"https:\/\/www.montalegre.org\/es\/2010\/07\/sexo-y-jovenes\/#primaryimage"},"image":{"@id":"https:\/\/www.montalegre.org\/es\/2010\/07\/sexo-y-jovenes\/#primaryimage"},"thumbnailUrl":"http:\/\/www.temesdavui.org\/img\/Sexe%20i%20joves\/sexe%20i%20joves%201.jpg","datePublished":"2010-07-14T09:29:42+00:00","dateModified":"2010-07-23T18:03:15+00:00","author":{"@id":"https:\/\/www.montalegre.org\/es\/#\/schema\/person\/fa12d4cf3a3f1735a9176b4fafd6a633"},"breadcrumb":{"@id":"https:\/\/www.montalegre.org\/es\/2010\/07\/sexo-y-jovenes\/#breadcrumb"},"inLanguage":"es","potentialAction":[{"@type":"ReadAction","target":["https:\/\/www.montalegre.org\/es\/2010\/07\/sexo-y-jovenes\/"]}]},{"@type":"ImageObject","inLanguage":"es","@id":"https:\/\/www.montalegre.org\/es\/2010\/07\/sexo-y-jovenes\/#primaryimage","url":"http:\/\/www.temesdavui.org\/img\/Sexe%20i%20joves\/sexe%20i%20joves%201.jpg","contentUrl":"http:\/\/www.temesdavui.org\/img\/Sexe%20i%20joves\/sexe%20i%20joves%201.jpg"},{"@type":"BreadcrumbList","@id":"https:\/\/www.montalegre.org\/es\/2010\/07\/sexo-y-jovenes\/#breadcrumb","itemListElement":[{"@type":"ListItem","position":1,"name":"Portada","item":"https:\/\/www.montalegre.org\/es\/"},{"@type":"ListItem","position":2,"name":"Consideraciones al respecto de &#8220;Sexe i joves&#8221; (Sexo y J\u00f3venes)"}]},{"@type":"WebSite","@id":"https:\/\/www.montalegre.org\/es\/#website","url":"https:\/\/www.montalegre.org\/es\/","name":"Montalegre","description":"","potentialAction":[{"@type":"SearchAction","target":{"@type":"EntryPoint","urlTemplate":"https:\/\/www.montalegre.org\/es\/?s={search_term_string}"},"query-input":{"@type":"PropertyValueSpecification","valueRequired":true,"valueName":"search_term_string"}}],"inLanguage":"es"},{"@type":"Person","@id":"https:\/\/www.montalegre.org\/es\/#\/schema\/person\/fa12d4cf3a3f1735a9176b4fafd6a633","name":"montalegre","image":{"@type":"ImageObject","inLanguage":"es","@id":"https:\/\/www.montalegre.org\/es\/#\/schema\/person\/image\/","url":"https:\/\/secure.gravatar.com\/avatar\/fe6d886cf5081e723c666dceda1f12d4f39070fa2ed4e79695edc3ca355c9b5a?s=96&d=mm&r=g","contentUrl":"https:\/\/secure.gravatar.com\/avatar\/fe6d886cf5081e723c666dceda1f12d4f39070fa2ed4e79695edc3ca355c9b5a?s=96&d=mm&r=g","caption":"montalegre"},"url":"https:\/\/www.montalegre.org\/es\/author\/montalegre\/"}]}},"_links":{"self":[{"href":"https:\/\/www.montalegre.org\/es\/wp-json\/wp\/v2\/posts\/1217","targetHints":{"allow":["GET"]}}],"collection":[{"href":"https:\/\/www.montalegre.org\/es\/wp-json\/wp\/v2\/posts"}],"about":[{"href":"https:\/\/www.montalegre.org\/es\/wp-json\/wp\/v2\/types\/post"}],"author":[{"embeddable":true,"href":"https:\/\/www.montalegre.org\/es\/wp-json\/wp\/v2\/users\/4"}],"replies":[{"embeddable":true,"href":"https:\/\/www.montalegre.org\/es\/wp-json\/wp\/v2\/comments?post=1217"}],"version-history":[{"count":13,"href":"https:\/\/www.montalegre.org\/es\/wp-json\/wp\/v2\/posts\/1217\/revisions"}],"predecessor-version":[{"id":1357,"href":"https:\/\/www.montalegre.org\/es\/wp-json\/wp\/v2\/posts\/1217\/revisions\/1357"}],"wp:attachment":[{"href":"https:\/\/www.montalegre.org\/es\/wp-json\/wp\/v2\/media?parent=1217"}],"wp:term":[{"taxonomy":"category","embeddable":true,"href":"https:\/\/www.montalegre.org\/es\/wp-json\/wp\/v2\/categories?post=1217"},{"taxonomy":"post_tag","embeddable":true,"href":"https:\/\/www.montalegre.org\/es\/wp-json\/wp\/v2\/tags?post=1217"}],"curies":[{"name":"wp","href":"https:\/\/api.w.org\/{rel}","templated":true}]}}