{"id":12021,"date":"2018-09-08T16:47:29","date_gmt":"2018-09-08T16:47:29","guid":{"rendered":"https:\/\/www.montalegre.org\/?p=12021"},"modified":"2018-09-08T16:52:58","modified_gmt":"2018-09-08T16:52:58","slug":"con-los-jovenes-a-jesus-por-maria","status":"publish","type":"post","link":"https:\/\/www.montalegre.org\/es\/2018\/09\/con-los-jovenes-a-jesus-por-maria\/","title":{"rendered":"Con los j\u00f3venes a Jes\u00fas por Mar\u00eda"},"content":{"rendered":"<p>El mes de septiembre es un mes rico en fiestas dedicadas a la Virgen Mar\u00eda. Empezaremos celebrando su Natividad, para unos d\u00edas <a href=\"https:\/\/www.montalegre.org\/wp-content\/uploads\/2018\/09\/cq5dam.thumbnail.319.319.png\"><img loading=\"lazy\" decoding=\"async\" class=\"alignright  wp-image-12024\" src=\"https:\/\/www.montalegre.org\/wp-content\/uploads\/2018\/09\/cq5dam.thumbnail.319.319.png\" alt=\"\" width=\"357\" height=\"299\" \/><\/a>m\u00e1s tarde celebrar el Santo y Dulce Nombre de Mar\u00eda. Justo despu\u00e9s de celebrar la Exaltaci\u00f3n de su Hijo en la Cruz, contemplaremos los Dolores de Mar\u00eda. Y antes de terminar el mes, la veneraremos como patrona de la Ciudad de Barcelona en la fiesta de la Merced, que este a\u00f1o adquiere un relieve especial, ya que estamos conmemorando los ochocientos a\u00f1os de la Orden de la Merced.<\/p>\n<p>Pienso que es una buena ocasi\u00f3n para acudir a Mar\u00eda pidiendo de modo especial por los j\u00f3venes y por el pr\u00f3ximo S\u00ednodo de Obispos dedicado a ellos, que se celebrar\u00e1 durante el mes de octubre en Roma, con el lema: <strong>\u201cLos j\u00f3venes, la fe y el discernimiento vocacional\u201d<\/strong>. Acudamos con fe a Mar\u00eda rog\u00e1ndole que muchos j\u00f3venes se acerquen a Jes\u00fas, Ella es el camino m\u00e1s breve para lograrlo.<\/p>\n<p>La Virgen Mar\u00eda recibi\u00f3 la embajada del \u00c1ngel siendo muy joven y demostr\u00f3 su fe en ese momento y a lo largo de su vida, y de una manera admirable al pie de la Cruz de su Hijo. Su respuesta siempre afirmativa y pronta al querer de Dios propici\u00f3 la venida del Hijo de Dios a este mundo nuestro, tan necesitado de fe y respuestas generosas al servicio de la Iglesia y de las almas.<\/p>\n<p>A Ella, a Mar\u00eda, acudimos confiadamente y nos ponemos bajo su protecci\u00f3n y amparo. Con Ella sabremos mostrar a los j\u00f3venes el rostro amable y atractivo de Jes\u00fas.<\/p>\n<p>Xavier Argelich<\/p>\n","protected":false},"excerpt":{"rendered":"<p>El mes de septiembre es un mes rico en fiestas dedicadas a la Virgen Mar\u00eda. Empezaremos celebrando su Natividad, para unos d\u00edas m\u00e1s tarde celebrar el Santo y Dulce Nombre de Mar\u00eda. Justo despu\u00e9s de celebrar la Exaltaci\u00f3n de su Hijo en la Cruz, contemplaremos los Dolores de Mar\u00eda. Y antes de terminar el mes, [&hellip;]<\/p>\n","protected":false},"author":4,"featured_media":0,"comment_status":"open","ping_status":"open","sticky":false,"template":"","format":"standard","meta":{"footnotes":""},"categories":[52],"tags":[],"class_list":["post-12021","post","type-post","status-publish","format-standard","hentry","category-editorial"],"yoast_head":"<!-- This site is optimized with the Yoast SEO plugin v27.1.1 - https:\/\/yoast.com\/product\/yoast-seo-wordpress\/ -->\n<title>Con los j\u00f3venes a Jes\u00fas por Mar\u00eda - Montalegre<\/title>\n<meta name=\"robots\" content=\"index, follow, max-snippet:-1, max-image-preview:large, max-video-preview:-1\" \/>\n<link rel=\"canonical\" href=\"https:\/\/www.montalegre.org\/es\/2018\/09\/con-los-jovenes-a-jesus-por-maria\/\" \/>\n<meta property=\"og:locale\" content=\"es_ES\" \/>\n<meta property=\"og:type\" content=\"article\" \/>\n<meta property=\"og:title\" content=\"Con los j\u00f3venes a Jes\u00fas por Mar\u00eda - Montalegre\" \/>\n<meta property=\"og:description\" content=\"El mes de septiembre es un mes rico en fiestas dedicadas a la Virgen Mar\u00eda. Empezaremos celebrando su Natividad, para unos d\u00edas m\u00e1s tarde celebrar el Santo y Dulce Nombre de Mar\u00eda. Justo despu\u00e9s de celebrar la Exaltaci\u00f3n de su Hijo en la Cruz, contemplaremos los Dolores de Mar\u00eda. Y antes de terminar el mes, [&hellip;]\" \/>\n<meta property=\"og:url\" content=\"https:\/\/www.montalegre.org\/es\/2018\/09\/con-los-jovenes-a-jesus-por-maria\/\" \/>\n<meta property=\"og:site_name\" content=\"Montalegre\" \/>\n<meta property=\"article:published_time\" content=\"2018-09-08T16:47:29+00:00\" \/>\n<meta property=\"article:modified_time\" content=\"2018-09-08T16:52:58+00:00\" \/>\n<meta property=\"og:image\" content=\"https:\/\/www.montalegre.org\/wp-content\/uploads\/2018\/09\/cq5dam.thumbnail.319.319.png\" \/>\n<meta name=\"author\" content=\"montalegre\" \/>\n<meta name=\"twitter:card\" content=\"summary_large_image\" \/>\n<meta name=\"twitter:label1\" content=\"Escrito por\" \/>\n\t<meta name=\"twitter:data1\" content=\"montalegre\" \/>\n\t<meta name=\"twitter:label2\" content=\"Tiempo de lectura\" \/>\n\t<meta name=\"twitter:data2\" content=\"1 minuto\" \/>\n<script type=\"application\/ld+json\" class=\"yoast-schema-graph\">{\"@context\":\"https:\/\/schema.org\",\"@graph\":[{\"@type\":\"Article\",\"@id\":\"https:\/\/www.montalegre.org\/es\/2018\/09\/con-los-jovenes-a-jesus-por-maria\/#article\",\"isPartOf\":{\"@id\":\"https:\/\/www.montalegre.org\/es\/2018\/09\/con-los-jovenes-a-jesus-por-maria\/\"},\"author\":{\"name\":\"montalegre\",\"@id\":\"https:\/\/www.montalegre.org\/es\/#\/schema\/person\/fa12d4cf3a3f1735a9176b4fafd6a633\"},\"headline\":\"Con los j\u00f3venes a Jes\u00fas por Mar\u00eda\",\"datePublished\":\"2018-09-08T16:47:29+00:00\",\"dateModified\":\"2018-09-08T16:52:58+00:00\",\"mainEntityOfPage\":{\"@id\":\"https:\/\/www.montalegre.org\/es\/2018\/09\/con-los-jovenes-a-jesus-por-maria\/\"},\"wordCount\":299,\"commentCount\":0,\"image\":{\"@id\":\"https:\/\/www.montalegre.org\/es\/2018\/09\/con-los-jovenes-a-jesus-por-maria\/#primaryimage\"},\"thumbnailUrl\":\"https:\/\/www.montalegre.org\/wp-content\/uploads\/2018\/09\/cq5dam.thumbnail.319.319.png\",\"articleSection\":[\"Editorial\"],\"inLanguage\":\"es\",\"potentialAction\":[{\"@type\":\"CommentAction\",\"name\":\"Comment\",\"target\":[\"https:\/\/www.montalegre.org\/es\/2018\/09\/con-los-jovenes-a-jesus-por-maria\/#respond\"]}]},{\"@type\":\"WebPage\",\"@id\":\"https:\/\/www.montalegre.org\/es\/2018\/09\/con-los-jovenes-a-jesus-por-maria\/\",\"url\":\"https:\/\/www.montalegre.org\/es\/2018\/09\/con-los-jovenes-a-jesus-por-maria\/\",\"name\":\"Con los j\u00f3venes a Jes\u00fas por Mar\u00eda - Montalegre\",\"isPartOf\":{\"@id\":\"https:\/\/www.montalegre.org\/es\/#website\"},\"primaryImageOfPage\":{\"@id\":\"https:\/\/www.montalegre.org\/es\/2018\/09\/con-los-jovenes-a-jesus-por-maria\/#primaryimage\"},\"image\":{\"@id\":\"https:\/\/www.montalegre.org\/es\/2018\/09\/con-los-jovenes-a-jesus-por-maria\/#primaryimage\"},\"thumbnailUrl\":\"https:\/\/www.montalegre.org\/wp-content\/uploads\/2018\/09\/cq5dam.thumbnail.319.319.png\",\"datePublished\":\"2018-09-08T16:47:29+00:00\",\"dateModified\":\"2018-09-08T16:52:58+00:00\",\"author\":{\"@id\":\"https:\/\/www.montalegre.org\/es\/#\/schema\/person\/fa12d4cf3a3f1735a9176b4fafd6a633\"},\"breadcrumb\":{\"@id\":\"https:\/\/www.montalegre.org\/es\/2018\/09\/con-los-jovenes-a-jesus-por-maria\/#breadcrumb\"},\"inLanguage\":\"es\",\"potentialAction\":[{\"@type\":\"ReadAction\",\"target\":[\"https:\/\/www.montalegre.org\/es\/2018\/09\/con-los-jovenes-a-jesus-por-maria\/\"]}]},{\"@type\":\"ImageObject\",\"inLanguage\":\"es\",\"@id\":\"https:\/\/www.montalegre.org\/es\/2018\/09\/con-los-jovenes-a-jesus-por-maria\/#primaryimage\",\"url\":\"https:\/\/www.montalegre.org\/wp-content\/uploads\/2018\/09\/cq5dam.thumbnail.319.319.png\",\"contentUrl\":\"https:\/\/www.montalegre.org\/wp-content\/uploads\/2018\/09\/cq5dam.thumbnail.319.319.png\"},{\"@type\":\"BreadcrumbList\",\"@id\":\"https:\/\/www.montalegre.org\/es\/2018\/09\/con-los-jovenes-a-jesus-por-maria\/#breadcrumb\",\"itemListElement\":[{\"@type\":\"ListItem\",\"position\":1,\"name\":\"Portada\",\"item\":\"https:\/\/www.montalegre.org\/es\/\"},{\"@type\":\"ListItem\",\"position\":2,\"name\":\"Con los j\u00f3venes a Jes\u00fas por Mar\u00eda\"}]},{\"@type\":\"WebSite\",\"@id\":\"https:\/\/www.montalegre.org\/es\/#website\",\"url\":\"https:\/\/www.montalegre.org\/es\/\",\"name\":\"Montalegre\",\"description\":\"\",\"potentialAction\":[{\"@type\":\"SearchAction\",\"target\":{\"@type\":\"EntryPoint\",\"urlTemplate\":\"https:\/\/www.montalegre.org\/es\/?s={search_term_string}\"},\"query-input\":{\"@type\":\"PropertyValueSpecification\",\"valueRequired\":true,\"valueName\":\"search_term_string\"}}],\"inLanguage\":\"es\"},{\"@type\":\"Person\",\"@id\":\"https:\/\/www.montalegre.org\/es\/#\/schema\/person\/fa12d4cf3a3f1735a9176b4fafd6a633\",\"name\":\"montalegre\",\"image\":{\"@type\":\"ImageObject\",\"inLanguage\":\"es\",\"@id\":\"https:\/\/www.montalegre.org\/es\/#\/schema\/person\/image\/\",\"url\":\"https:\/\/secure.gravatar.com\/avatar\/fe6d886cf5081e723c666dceda1f12d4f39070fa2ed4e79695edc3ca355c9b5a?s=96&d=mm&r=g\",\"contentUrl\":\"https:\/\/secure.gravatar.com\/avatar\/fe6d886cf5081e723c666dceda1f12d4f39070fa2ed4e79695edc3ca355c9b5a?s=96&d=mm&r=g\",\"caption\":\"montalegre\"},\"url\":\"https:\/\/www.montalegre.org\/es\/author\/montalegre\/\"}]}<\/script>\n<!-- \/ Yoast SEO plugin. -->","yoast_head_json":{"title":"Con los j\u00f3venes a Jes\u00fas por Mar\u00eda - Montalegre","robots":{"index":"index","follow":"follow","max-snippet":"max-snippet:-1","max-image-preview":"max-image-preview:large","max-video-preview":"max-video-preview:-1"},"canonical":"https:\/\/www.montalegre.org\/es\/2018\/09\/con-los-jovenes-a-jesus-por-maria\/","og_locale":"es_ES","og_type":"article","og_title":"Con los j\u00f3venes a Jes\u00fas por Mar\u00eda - Montalegre","og_description":"El mes de septiembre es un mes rico en fiestas dedicadas a la Virgen Mar\u00eda. Empezaremos celebrando su Natividad, para unos d\u00edas m\u00e1s tarde celebrar el Santo y Dulce Nombre de Mar\u00eda. Justo despu\u00e9s de celebrar la Exaltaci\u00f3n de su Hijo en la Cruz, contemplaremos los Dolores de Mar\u00eda. Y antes de terminar el mes, [&hellip;]","og_url":"https:\/\/www.montalegre.org\/es\/2018\/09\/con-los-jovenes-a-jesus-por-maria\/","og_site_name":"Montalegre","article_published_time":"2018-09-08T16:47:29+00:00","article_modified_time":"2018-09-08T16:52:58+00:00","og_image":[{"url":"https:\/\/www.montalegre.org\/wp-content\/uploads\/2018\/09\/cq5dam.thumbnail.319.319.png","type":"","width":"","height":""}],"author":"montalegre","twitter_card":"summary_large_image","twitter_misc":{"Escrito por":"montalegre","Tiempo de lectura":"1 minuto"},"schema":{"@context":"https:\/\/schema.org","@graph":[{"@type":"Article","@id":"https:\/\/www.montalegre.org\/es\/2018\/09\/con-los-jovenes-a-jesus-por-maria\/#article","isPartOf":{"@id":"https:\/\/www.montalegre.org\/es\/2018\/09\/con-los-jovenes-a-jesus-por-maria\/"},"author":{"name":"montalegre","@id":"https:\/\/www.montalegre.org\/es\/#\/schema\/person\/fa12d4cf3a3f1735a9176b4fafd6a633"},"headline":"Con los j\u00f3venes a Jes\u00fas por Mar\u00eda","datePublished":"2018-09-08T16:47:29+00:00","dateModified":"2018-09-08T16:52:58+00:00","mainEntityOfPage":{"@id":"https:\/\/www.montalegre.org\/es\/2018\/09\/con-los-jovenes-a-jesus-por-maria\/"},"wordCount":299,"commentCount":0,"image":{"@id":"https:\/\/www.montalegre.org\/es\/2018\/09\/con-los-jovenes-a-jesus-por-maria\/#primaryimage"},"thumbnailUrl":"https:\/\/www.montalegre.org\/wp-content\/uploads\/2018\/09\/cq5dam.thumbnail.319.319.png","articleSection":["Editorial"],"inLanguage":"es","potentialAction":[{"@type":"CommentAction","name":"Comment","target":["https:\/\/www.montalegre.org\/es\/2018\/09\/con-los-jovenes-a-jesus-por-maria\/#respond"]}]},{"@type":"WebPage","@id":"https:\/\/www.montalegre.org\/es\/2018\/09\/con-los-jovenes-a-jesus-por-maria\/","url":"https:\/\/www.montalegre.org\/es\/2018\/09\/con-los-jovenes-a-jesus-por-maria\/","name":"Con los j\u00f3venes a Jes\u00fas por Mar\u00eda - Montalegre","isPartOf":{"@id":"https:\/\/www.montalegre.org\/es\/#website"},"primaryImageOfPage":{"@id":"https:\/\/www.montalegre.org\/es\/2018\/09\/con-los-jovenes-a-jesus-por-maria\/#primaryimage"},"image":{"@id":"https:\/\/www.montalegre.org\/es\/2018\/09\/con-los-jovenes-a-jesus-por-maria\/#primaryimage"},"thumbnailUrl":"https:\/\/www.montalegre.org\/wp-content\/uploads\/2018\/09\/cq5dam.thumbnail.319.319.png","datePublished":"2018-09-08T16:47:29+00:00","dateModified":"2018-09-08T16:52:58+00:00","author":{"@id":"https:\/\/www.montalegre.org\/es\/#\/schema\/person\/fa12d4cf3a3f1735a9176b4fafd6a633"},"breadcrumb":{"@id":"https:\/\/www.montalegre.org\/es\/2018\/09\/con-los-jovenes-a-jesus-por-maria\/#breadcrumb"},"inLanguage":"es","potentialAction":[{"@type":"ReadAction","target":["https:\/\/www.montalegre.org\/es\/2018\/09\/con-los-jovenes-a-jesus-por-maria\/"]}]},{"@type":"ImageObject","inLanguage":"es","@id":"https:\/\/www.montalegre.org\/es\/2018\/09\/con-los-jovenes-a-jesus-por-maria\/#primaryimage","url":"https:\/\/www.montalegre.org\/wp-content\/uploads\/2018\/09\/cq5dam.thumbnail.319.319.png","contentUrl":"https:\/\/www.montalegre.org\/wp-content\/uploads\/2018\/09\/cq5dam.thumbnail.319.319.png"},{"@type":"BreadcrumbList","@id":"https:\/\/www.montalegre.org\/es\/2018\/09\/con-los-jovenes-a-jesus-por-maria\/#breadcrumb","itemListElement":[{"@type":"ListItem","position":1,"name":"Portada","item":"https:\/\/www.montalegre.org\/es\/"},{"@type":"ListItem","position":2,"name":"Con los j\u00f3venes a Jes\u00fas por Mar\u00eda"}]},{"@type":"WebSite","@id":"https:\/\/www.montalegre.org\/es\/#website","url":"https:\/\/www.montalegre.org\/es\/","name":"Montalegre","description":"","potentialAction":[{"@type":"SearchAction","target":{"@type":"EntryPoint","urlTemplate":"https:\/\/www.montalegre.org\/es\/?s={search_term_string}"},"query-input":{"@type":"PropertyValueSpecification","valueRequired":true,"valueName":"search_term_string"}}],"inLanguage":"es"},{"@type":"Person","@id":"https:\/\/www.montalegre.org\/es\/#\/schema\/person\/fa12d4cf3a3f1735a9176b4fafd6a633","name":"montalegre","image":{"@type":"ImageObject","inLanguage":"es","@id":"https:\/\/www.montalegre.org\/es\/#\/schema\/person\/image\/","url":"https:\/\/secure.gravatar.com\/avatar\/fe6d886cf5081e723c666dceda1f12d4f39070fa2ed4e79695edc3ca355c9b5a?s=96&d=mm&r=g","contentUrl":"https:\/\/secure.gravatar.com\/avatar\/fe6d886cf5081e723c666dceda1f12d4f39070fa2ed4e79695edc3ca355c9b5a?s=96&d=mm&r=g","caption":"montalegre"},"url":"https:\/\/www.montalegre.org\/es\/author\/montalegre\/"}]}},"_links":{"self":[{"href":"https:\/\/www.montalegre.org\/es\/wp-json\/wp\/v2\/posts\/12021","targetHints":{"allow":["GET"]}}],"collection":[{"href":"https:\/\/www.montalegre.org\/es\/wp-json\/wp\/v2\/posts"}],"about":[{"href":"https:\/\/www.montalegre.org\/es\/wp-json\/wp\/v2\/types\/post"}],"author":[{"embeddable":true,"href":"https:\/\/www.montalegre.org\/es\/wp-json\/wp\/v2\/users\/4"}],"replies":[{"embeddable":true,"href":"https:\/\/www.montalegre.org\/es\/wp-json\/wp\/v2\/comments?post=12021"}],"version-history":[{"count":2,"href":"https:\/\/www.montalegre.org\/es\/wp-json\/wp\/v2\/posts\/12021\/revisions"}],"predecessor-version":[{"id":12026,"href":"https:\/\/www.montalegre.org\/es\/wp-json\/wp\/v2\/posts\/12021\/revisions\/12026"}],"wp:attachment":[{"href":"https:\/\/www.montalegre.org\/es\/wp-json\/wp\/v2\/media?parent=12021"}],"wp:term":[{"taxonomy":"category","embeddable":true,"href":"https:\/\/www.montalegre.org\/es\/wp-json\/wp\/v2\/categories?post=12021"},{"taxonomy":"post_tag","embeddable":true,"href":"https:\/\/www.montalegre.org\/es\/wp-json\/wp\/v2\/tags?post=12021"}],"curies":[{"name":"wp","href":"https:\/\/api.w.org\/{rel}","templated":true}]}}