{"id":12006,"date":"2018-08-30T17:59:12","date_gmt":"2018-08-30T17:59:12","guid":{"rendered":"https:\/\/www.montalegre.org\/?p=12006"},"modified":"2018-09-30T17:53:51","modified_gmt":"2018-09-30T17:53:51","slug":"y-quien-es-el-santo-de-la-imagen","status":"publish","type":"post","link":"https:\/\/www.montalegre.org\/es\/2018\/08\/y-quien-es-el-santo-de-la-imagen\/","title":{"rendered":"\u00bfY qui\u00e9n es el santo de la imagen?"},"content":{"rendered":"<p><img loading=\"lazy\" decoding=\"async\" class=\"size-medium wp-image-12001 alignright\" src=\"https:\/\/www.montalegre.org\/wp-content\/uploads\/2018\/08\/IMG_20180815_114851-360x480.jpg\" alt=\"\" width=\"360\" height=\"480\" srcset=\"https:\/\/www.montalegre.org\/wp-content\/uploads\/2018\/08\/IMG_20180815_114851-360x480.jpg 360w, https:\/\/www.montalegre.org\/wp-content\/uploads\/2018\/08\/IMG_20180815_114851-768x1024.jpg 768w, https:\/\/www.montalegre.org\/wp-content\/uploads\/2018\/08\/IMG_20180815_114851-600x800.jpg 600w, https:\/\/www.montalegre.org\/wp-content\/uploads\/2018\/08\/IMG_20180815_114851.jpg 1536w\" sizes=\"auto, (max-width: 360px) 100vw, 360px\" \/><\/p>\n<p>Esta ha sido una pregunta que muchas personas que han entrado, ocasionalmente, en el templo de la Iglesia de Santa Mar\u00eda de Montalegre, del barrio de El Raval de Barcelona, han efectuado a otras que estaban all\u00ed. Para los habituales de Montalegre no ofrec\u00eda ninguna duda de qui\u00e9n era, adem\u00e1s hay muchas estampas del santo en el mueblecito de folletos y estampas. Pero es cierto que puede dar a confusi\u00f3n saber qui\u00e9n es pues el nombre del santo de la imagen est\u00e1 escrito en japon\u00e9s y la fecha de la bendici\u00f3n de la imagen en n\u00fameros romanos. Por lo tanto, a pesar de que ya han pasado m\u00e1s de diez a\u00f1os desde la fecha en qu\u00e9 el prelado, que entonces presid\u00eda el Opus Dei, Mons. Javier Echevarr\u00eda, bendijo de forma solemne la imagen, en el mes de mayo de 2008, no ha sido hasta ahora que se le ha puesto un indicador con su nombre, y los a\u00f1os de su nacimiento (1902) y de su traspaso (1975).<\/p>\n<p>Esta mejora aporta a la imagen de San Josemar\u00eda Escriv\u00e1, fundador del Opus Dei, una prestancia y un complemento que no ten\u00eda, y que con el paso del tiempo se ha observado que eran necesarios. Adem\u00e1s, tal como apunta el historiador de la Casa, Josep Masabeu, San Josemar\u00eda rez\u00f3 en Montalegre el 28 de noviembre de 1972.<\/p>\n<p>Isabel Hern\u00e1ndez Esteban<\/p>\n<p>&nbsp;<\/p>\n","protected":false},"excerpt":{"rendered":"<p>Esta ha sido una pregunta que muchas personas que han entrado, ocasionalmente, en el templo de la Iglesia de Santa Mar\u00eda de Montalegre, del barrio de El Raval de Barcelona, han efectuado a otras que estaban all\u00ed. Para los habituales de Montalegre no ofrec\u00eda ninguna duda de qui\u00e9n era, adem\u00e1s hay muchas estampas del santo [&hellip;]<\/p>\n","protected":false},"author":4,"featured_media":12004,"comment_status":"open","ping_status":"open","sticky":false,"template":"","format":"standard","meta":{"footnotes":""},"categories":[1],"tags":[],"class_list":["post-12006","post","type-post","status-publish","format-standard","has-post-thumbnail","hentry","category-noticias-de-montalegre"],"yoast_head":"<!-- This site is optimized with the Yoast SEO plugin v27.1.1 - https:\/\/yoast.com\/product\/yoast-seo-wordpress\/ -->\n<title>\u00bfY qui\u00e9n es el santo de la imagen? - Montalegre<\/title>\n<meta name=\"robots\" content=\"index, follow, max-snippet:-1, max-image-preview:large, max-video-preview:-1\" \/>\n<link rel=\"canonical\" href=\"https:\/\/www.montalegre.org\/es\/2018\/08\/y-quien-es-el-santo-de-la-imagen\/\" \/>\n<meta property=\"og:locale\" content=\"es_ES\" \/>\n<meta property=\"og:type\" content=\"article\" \/>\n<meta property=\"og:title\" content=\"\u00bfY qui\u00e9n es el santo de la imagen? - Montalegre\" \/>\n<meta property=\"og:description\" content=\"Esta ha sido una pregunta que muchas personas que han entrado, ocasionalmente, en el templo de la Iglesia de Santa Mar\u00eda de Montalegre, del barrio de El Raval de Barcelona, han efectuado a otras que estaban all\u00ed. Para los habituales de Montalegre no ofrec\u00eda ninguna duda de qui\u00e9n era, adem\u00e1s hay muchas estampas del santo [&hellip;]\" \/>\n<meta property=\"og:url\" content=\"https:\/\/www.montalegre.org\/es\/2018\/08\/y-quien-es-el-santo-de-la-imagen\/\" \/>\n<meta property=\"og:site_name\" content=\"Montalegre\" \/>\n<meta property=\"article:published_time\" content=\"2018-08-30T17:59:12+00:00\" \/>\n<meta property=\"article:modified_time\" content=\"2018-09-30T17:53:51+00:00\" \/>\n<meta property=\"og:image\" content=\"https:\/\/www.montalegre.org\/wp-content\/uploads\/2018\/08\/peu-imatge-SJM-japones.jpg\" \/>\n\t<meta property=\"og:image:width\" content=\"1536\" \/>\n\t<meta property=\"og:image:height\" content=\"2048\" \/>\n\t<meta property=\"og:image:type\" content=\"image\/jpeg\" \/>\n<meta name=\"author\" content=\"montalegre\" \/>\n<meta name=\"twitter:card\" content=\"summary_large_image\" \/>\n<meta name=\"twitter:label1\" content=\"Escrito por\" \/>\n\t<meta name=\"twitter:data1\" content=\"montalegre\" \/>\n\t<meta name=\"twitter:label2\" content=\"Tiempo de lectura\" \/>\n\t<meta name=\"twitter:data2\" content=\"1 minuto\" \/>\n<script type=\"application\/ld+json\" class=\"yoast-schema-graph\">{\"@context\":\"https:\/\/schema.org\",\"@graph\":[{\"@type\":\"Article\",\"@id\":\"https:\/\/www.montalegre.org\/es\/2018\/08\/y-quien-es-el-santo-de-la-imagen\/#article\",\"isPartOf\":{\"@id\":\"https:\/\/www.montalegre.org\/es\/2018\/08\/y-quien-es-el-santo-de-la-imagen\/\"},\"author\":{\"name\":\"montalegre\",\"@id\":\"https:\/\/www.montalegre.org\/es\/#\/schema\/person\/fa12d4cf3a3f1735a9176b4fafd6a633\"},\"headline\":\"\u00bfY qui\u00e9n es el santo de la imagen?\",\"datePublished\":\"2018-08-30T17:59:12+00:00\",\"dateModified\":\"2018-09-30T17:53:51+00:00\",\"mainEntityOfPage\":{\"@id\":\"https:\/\/www.montalegre.org\/es\/2018\/08\/y-quien-es-el-santo-de-la-imagen\/\"},\"wordCount\":251,\"commentCount\":0,\"image\":{\"@id\":\"https:\/\/www.montalegre.org\/es\/2018\/08\/y-quien-es-el-santo-de-la-imagen\/#primaryimage\"},\"thumbnailUrl\":\"https:\/\/www.montalegre.org\/wp-content\/uploads\/2018\/08\/peu-imatge-SJM-japones.jpg\",\"articleSection\":[\"Noticias de Montalegre\"],\"inLanguage\":\"es\",\"potentialAction\":[{\"@type\":\"CommentAction\",\"name\":\"Comment\",\"target\":[\"https:\/\/www.montalegre.org\/es\/2018\/08\/y-quien-es-el-santo-de-la-imagen\/#respond\"]}]},{\"@type\":\"WebPage\",\"@id\":\"https:\/\/www.montalegre.org\/es\/2018\/08\/y-quien-es-el-santo-de-la-imagen\/\",\"url\":\"https:\/\/www.montalegre.org\/es\/2018\/08\/y-quien-es-el-santo-de-la-imagen\/\",\"name\":\"\u00bfY qui\u00e9n es el santo de la imagen? - Montalegre\",\"isPartOf\":{\"@id\":\"https:\/\/www.montalegre.org\/es\/#website\"},\"primaryImageOfPage\":{\"@id\":\"https:\/\/www.montalegre.org\/es\/2018\/08\/y-quien-es-el-santo-de-la-imagen\/#primaryimage\"},\"image\":{\"@id\":\"https:\/\/www.montalegre.org\/es\/2018\/08\/y-quien-es-el-santo-de-la-imagen\/#primaryimage\"},\"thumbnailUrl\":\"https:\/\/www.montalegre.org\/wp-content\/uploads\/2018\/08\/peu-imatge-SJM-japones.jpg\",\"datePublished\":\"2018-08-30T17:59:12+00:00\",\"dateModified\":\"2018-09-30T17:53:51+00:00\",\"author\":{\"@id\":\"https:\/\/www.montalegre.org\/es\/#\/schema\/person\/fa12d4cf3a3f1735a9176b4fafd6a633\"},\"breadcrumb\":{\"@id\":\"https:\/\/www.montalegre.org\/es\/2018\/08\/y-quien-es-el-santo-de-la-imagen\/#breadcrumb\"},\"inLanguage\":\"es\",\"potentialAction\":[{\"@type\":\"ReadAction\",\"target\":[\"https:\/\/www.montalegre.org\/es\/2018\/08\/y-quien-es-el-santo-de-la-imagen\/\"]}]},{\"@type\":\"ImageObject\",\"inLanguage\":\"es\",\"@id\":\"https:\/\/www.montalegre.org\/es\/2018\/08\/y-quien-es-el-santo-de-la-imagen\/#primaryimage\",\"url\":\"https:\/\/www.montalegre.org\/wp-content\/uploads\/2018\/08\/peu-imatge-SJM-japones.jpg\",\"contentUrl\":\"https:\/\/www.montalegre.org\/wp-content\/uploads\/2018\/08\/peu-imatge-SJM-japones.jpg\",\"width\":1536,\"height\":2048,\"caption\":\"mde\"},{\"@type\":\"BreadcrumbList\",\"@id\":\"https:\/\/www.montalegre.org\/es\/2018\/08\/y-quien-es-el-santo-de-la-imagen\/#breadcrumb\",\"itemListElement\":[{\"@type\":\"ListItem\",\"position\":1,\"name\":\"Portada\",\"item\":\"https:\/\/www.montalegre.org\/es\/\"},{\"@type\":\"ListItem\",\"position\":2,\"name\":\"\u00bfY qui\u00e9n es el santo de la imagen?\"}]},{\"@type\":\"WebSite\",\"@id\":\"https:\/\/www.montalegre.org\/es\/#website\",\"url\":\"https:\/\/www.montalegre.org\/es\/\",\"name\":\"Montalegre\",\"description\":\"\",\"potentialAction\":[{\"@type\":\"SearchAction\",\"target\":{\"@type\":\"EntryPoint\",\"urlTemplate\":\"https:\/\/www.montalegre.org\/es\/?s={search_term_string}\"},\"query-input\":{\"@type\":\"PropertyValueSpecification\",\"valueRequired\":true,\"valueName\":\"search_term_string\"}}],\"inLanguage\":\"es\"},{\"@type\":\"Person\",\"@id\":\"https:\/\/www.montalegre.org\/es\/#\/schema\/person\/fa12d4cf3a3f1735a9176b4fafd6a633\",\"name\":\"montalegre\",\"image\":{\"@type\":\"ImageObject\",\"inLanguage\":\"es\",\"@id\":\"https:\/\/www.montalegre.org\/es\/#\/schema\/person\/image\/\",\"url\":\"https:\/\/secure.gravatar.com\/avatar\/fe6d886cf5081e723c666dceda1f12d4f39070fa2ed4e79695edc3ca355c9b5a?s=96&d=mm&r=g\",\"contentUrl\":\"https:\/\/secure.gravatar.com\/avatar\/fe6d886cf5081e723c666dceda1f12d4f39070fa2ed4e79695edc3ca355c9b5a?s=96&d=mm&r=g\",\"caption\":\"montalegre\"},\"url\":\"https:\/\/www.montalegre.org\/es\/author\/montalegre\/\"}]}<\/script>\n<!-- \/ Yoast SEO plugin. -->","yoast_head_json":{"title":"\u00bfY qui\u00e9n es el santo de la imagen? - Montalegre","robots":{"index":"index","follow":"follow","max-snippet":"max-snippet:-1","max-image-preview":"max-image-preview:large","max-video-preview":"max-video-preview:-1"},"canonical":"https:\/\/www.montalegre.org\/es\/2018\/08\/y-quien-es-el-santo-de-la-imagen\/","og_locale":"es_ES","og_type":"article","og_title":"\u00bfY qui\u00e9n es el santo de la imagen? - Montalegre","og_description":"Esta ha sido una pregunta que muchas personas que han entrado, ocasionalmente, en el templo de la Iglesia de Santa Mar\u00eda de Montalegre, del barrio de El Raval de Barcelona, han efectuado a otras que estaban all\u00ed. Para los habituales de Montalegre no ofrec\u00eda ninguna duda de qui\u00e9n era, adem\u00e1s hay muchas estampas del santo [&hellip;]","og_url":"https:\/\/www.montalegre.org\/es\/2018\/08\/y-quien-es-el-santo-de-la-imagen\/","og_site_name":"Montalegre","article_published_time":"2018-08-30T17:59:12+00:00","article_modified_time":"2018-09-30T17:53:51+00:00","og_image":[{"width":1536,"height":2048,"url":"https:\/\/www.montalegre.org\/wp-content\/uploads\/2018\/08\/peu-imatge-SJM-japones.jpg","type":"image\/jpeg"}],"author":"montalegre","twitter_card":"summary_large_image","twitter_misc":{"Escrito por":"montalegre","Tiempo de lectura":"1 minuto"},"schema":{"@context":"https:\/\/schema.org","@graph":[{"@type":"Article","@id":"https:\/\/www.montalegre.org\/es\/2018\/08\/y-quien-es-el-santo-de-la-imagen\/#article","isPartOf":{"@id":"https:\/\/www.montalegre.org\/es\/2018\/08\/y-quien-es-el-santo-de-la-imagen\/"},"author":{"name":"montalegre","@id":"https:\/\/www.montalegre.org\/es\/#\/schema\/person\/fa12d4cf3a3f1735a9176b4fafd6a633"},"headline":"\u00bfY qui\u00e9n es el santo de la imagen?","datePublished":"2018-08-30T17:59:12+00:00","dateModified":"2018-09-30T17:53:51+00:00","mainEntityOfPage":{"@id":"https:\/\/www.montalegre.org\/es\/2018\/08\/y-quien-es-el-santo-de-la-imagen\/"},"wordCount":251,"commentCount":0,"image":{"@id":"https:\/\/www.montalegre.org\/es\/2018\/08\/y-quien-es-el-santo-de-la-imagen\/#primaryimage"},"thumbnailUrl":"https:\/\/www.montalegre.org\/wp-content\/uploads\/2018\/08\/peu-imatge-SJM-japones.jpg","articleSection":["Noticias de Montalegre"],"inLanguage":"es","potentialAction":[{"@type":"CommentAction","name":"Comment","target":["https:\/\/www.montalegre.org\/es\/2018\/08\/y-quien-es-el-santo-de-la-imagen\/#respond"]}]},{"@type":"WebPage","@id":"https:\/\/www.montalegre.org\/es\/2018\/08\/y-quien-es-el-santo-de-la-imagen\/","url":"https:\/\/www.montalegre.org\/es\/2018\/08\/y-quien-es-el-santo-de-la-imagen\/","name":"\u00bfY qui\u00e9n es el santo de la imagen? - Montalegre","isPartOf":{"@id":"https:\/\/www.montalegre.org\/es\/#website"},"primaryImageOfPage":{"@id":"https:\/\/www.montalegre.org\/es\/2018\/08\/y-quien-es-el-santo-de-la-imagen\/#primaryimage"},"image":{"@id":"https:\/\/www.montalegre.org\/es\/2018\/08\/y-quien-es-el-santo-de-la-imagen\/#primaryimage"},"thumbnailUrl":"https:\/\/www.montalegre.org\/wp-content\/uploads\/2018\/08\/peu-imatge-SJM-japones.jpg","datePublished":"2018-08-30T17:59:12+00:00","dateModified":"2018-09-30T17:53:51+00:00","author":{"@id":"https:\/\/www.montalegre.org\/es\/#\/schema\/person\/fa12d4cf3a3f1735a9176b4fafd6a633"},"breadcrumb":{"@id":"https:\/\/www.montalegre.org\/es\/2018\/08\/y-quien-es-el-santo-de-la-imagen\/#breadcrumb"},"inLanguage":"es","potentialAction":[{"@type":"ReadAction","target":["https:\/\/www.montalegre.org\/es\/2018\/08\/y-quien-es-el-santo-de-la-imagen\/"]}]},{"@type":"ImageObject","inLanguage":"es","@id":"https:\/\/www.montalegre.org\/es\/2018\/08\/y-quien-es-el-santo-de-la-imagen\/#primaryimage","url":"https:\/\/www.montalegre.org\/wp-content\/uploads\/2018\/08\/peu-imatge-SJM-japones.jpg","contentUrl":"https:\/\/www.montalegre.org\/wp-content\/uploads\/2018\/08\/peu-imatge-SJM-japones.jpg","width":1536,"height":2048,"caption":"mde"},{"@type":"BreadcrumbList","@id":"https:\/\/www.montalegre.org\/es\/2018\/08\/y-quien-es-el-santo-de-la-imagen\/#breadcrumb","itemListElement":[{"@type":"ListItem","position":1,"name":"Portada","item":"https:\/\/www.montalegre.org\/es\/"},{"@type":"ListItem","position":2,"name":"\u00bfY qui\u00e9n es el santo de la imagen?"}]},{"@type":"WebSite","@id":"https:\/\/www.montalegre.org\/es\/#website","url":"https:\/\/www.montalegre.org\/es\/","name":"Montalegre","description":"","potentialAction":[{"@type":"SearchAction","target":{"@type":"EntryPoint","urlTemplate":"https:\/\/www.montalegre.org\/es\/?s={search_term_string}"},"query-input":{"@type":"PropertyValueSpecification","valueRequired":true,"valueName":"search_term_string"}}],"inLanguage":"es"},{"@type":"Person","@id":"https:\/\/www.montalegre.org\/es\/#\/schema\/person\/fa12d4cf3a3f1735a9176b4fafd6a633","name":"montalegre","image":{"@type":"ImageObject","inLanguage":"es","@id":"https:\/\/www.montalegre.org\/es\/#\/schema\/person\/image\/","url":"https:\/\/secure.gravatar.com\/avatar\/fe6d886cf5081e723c666dceda1f12d4f39070fa2ed4e79695edc3ca355c9b5a?s=96&d=mm&r=g","contentUrl":"https:\/\/secure.gravatar.com\/avatar\/fe6d886cf5081e723c666dceda1f12d4f39070fa2ed4e79695edc3ca355c9b5a?s=96&d=mm&r=g","caption":"montalegre"},"url":"https:\/\/www.montalegre.org\/es\/author\/montalegre\/"}]}},"_links":{"self":[{"href":"https:\/\/www.montalegre.org\/es\/wp-json\/wp\/v2\/posts\/12006","targetHints":{"allow":["GET"]}}],"collection":[{"href":"https:\/\/www.montalegre.org\/es\/wp-json\/wp\/v2\/posts"}],"about":[{"href":"https:\/\/www.montalegre.org\/es\/wp-json\/wp\/v2\/types\/post"}],"author":[{"embeddable":true,"href":"https:\/\/www.montalegre.org\/es\/wp-json\/wp\/v2\/users\/4"}],"replies":[{"embeddable":true,"href":"https:\/\/www.montalegre.org\/es\/wp-json\/wp\/v2\/comments?post=12006"}],"version-history":[{"count":6,"href":"https:\/\/www.montalegre.org\/es\/wp-json\/wp\/v2\/posts\/12006\/revisions"}],"predecessor-version":[{"id":12070,"href":"https:\/\/www.montalegre.org\/es\/wp-json\/wp\/v2\/posts\/12006\/revisions\/12070"}],"wp:featuredmedia":[{"embeddable":true,"href":"https:\/\/www.montalegre.org\/es\/wp-json\/wp\/v2\/media\/12004"}],"wp:attachment":[{"href":"https:\/\/www.montalegre.org\/es\/wp-json\/wp\/v2\/media?parent=12006"}],"wp:term":[{"taxonomy":"category","embeddable":true,"href":"https:\/\/www.montalegre.org\/es\/wp-json\/wp\/v2\/categories?post=12006"},{"taxonomy":"post_tag","embeddable":true,"href":"https:\/\/www.montalegre.org\/es\/wp-json\/wp\/v2\/tags?post=12006"}],"curies":[{"name":"wp","href":"https:\/\/api.w.org\/{rel}","templated":true}]}}