{"id":11980,"date":"2018-07-10T15:35:59","date_gmt":"2018-07-10T15:35:59","guid":{"rendered":"https:\/\/www.montalegre.org\/?p=11980"},"modified":"2018-07-10T15:36:58","modified_gmt":"2018-07-10T15:36:58","slug":"discernir-el-querer-de-dios","status":"publish","type":"post","link":"https:\/\/www.montalegre.org\/es\/2018\/07\/discernir-el-querer-de-dios\/","title":{"rendered":"Discernir el querer de Dios"},"content":{"rendered":"<p>En frecuentes ocasiones el Papa Francisco ha utilizado la expresi\u00f3n \u201cdiscernir\u201d en sus escritos y en su predicaci\u00f3n oral. La volvemos a encontrar en el programa del S\u00ednodo de Obispos del pr\u00f3ximo mes de octubre, sobre los j\u00f3venes, la fe y el discernimiento vocacional. Tambi\u00e9n aparece en el nuevo plan pastoral de la Archidi\u00f3cesis de Barcelona.<\/p>\n<p>Hoy en d\u00eda encontramos muchas dificultades para llevar a cabo un verdadero discernimiento y, de manera especial, cuando debemos decidir sobre cuestiones de gran trascendencia para nuestra vida. Se nos hace dif\u00edcil discernir entre el bien y el mal; entre lo que realmente me conviene y lo que me viene en gusto o hacen la mayor\u00eda de nuestros amigos y compa\u00f1eros. Vemos como cuesta decidirse a contraer verdadero matrimonio y, tambi\u00e9n, nos damos cuenta de lo dif\u00edcil que es decidirse a secundar una llamada espec\u00edfica de Dios al servicio de la Iglesia y de las almas. Somos conscientes de la falta de vocaciones en la Iglesia y, a la vez, tenemos deseos grandes de seguir y cumplir el querer de Dios para nosotros. Pero no nos acabamos de decidir.<\/p>\n<p>El estilo actual de la sociedad no nos facilita tomar la decisi\u00f3n adecuada, aquella que nos llenar\u00e1 de felicidad, aunque nos complique la vida. Si procuramos acercarnos m\u00e1s a Dios, con una vida sacramental y de oraci\u00f3n intensa, encontraremos la fuerza necesaria para descubrir el querer de Dios y decidirnos a vivirlo. Esto es discernir. Como hicieron los ap\u00f3stoles, que les bast\u00f3 un \u201cs\u00edgueme\u201d de nuestro Se\u00f1or para dejarlo todo y jugarse la vida por Cristo. Del mismo modo lo han hecho tantos santos y tantos cristianos, as\u00ed como muchos de nuestros padres y abuelos.<\/p>\n<p>Quiero recordar ahora al beato \u00c1lvaro del Portillo, quien el 7 de julio de 1935 asisti\u00f3 a una predicaci\u00f3n de San Josemar\u00eda y al final de la misma se decidi\u00f3 a entregarse por completo a Dios, sin necesidad de muchas reflexiones y cavilaciones, sin dudar del querer de Dios para \u00e9l, sin necesidad de consultar a otros ni experimentar otras cosas. Lo vio claro, se fi\u00f3 de Dios y le dijo que s\u00ed, hasta el final de su vida. Ahora lo veneramos como beato. Otro ejemplo muy querido por nosotros: la Virgen Mar\u00eda. \u00a1Discernamos y decid\u00e1monos! \u00a1Vale la pena!<\/p>\n<p>Mn. Xavier Argelich<\/p>\n<p>&nbsp;<\/p>\n","protected":false},"excerpt":{"rendered":"<p>En frecuentes ocasiones el Papa Francisco ha utilizado la expresi\u00f3n \u201cdiscernir\u201d en sus escritos y en su predicaci\u00f3n oral. La volvemos a encontrar en el programa del S\u00ednodo de Obispos del pr\u00f3ximo mes de octubre, sobre los j\u00f3venes, la fe y el discernimiento vocacional. Tambi\u00e9n aparece en el nuevo plan pastoral de la Archidi\u00f3cesis de [&hellip;]<\/p>\n","protected":false},"author":4,"featured_media":0,"comment_status":"open","ping_status":"open","sticky":false,"template":"","format":"standard","meta":{"footnotes":""},"categories":[52],"tags":[],"class_list":["post-11980","post","type-post","status-publish","format-standard","hentry","category-editorial"],"yoast_head":"<!-- This site is optimized with the Yoast SEO plugin v27.1.1 - https:\/\/yoast.com\/product\/yoast-seo-wordpress\/ -->\n<title>Discernir el querer de Dios - Montalegre<\/title>\n<meta name=\"robots\" content=\"index, follow, max-snippet:-1, max-image-preview:large, max-video-preview:-1\" \/>\n<link rel=\"canonical\" href=\"https:\/\/www.montalegre.org\/es\/2018\/07\/discernir-el-querer-de-dios\/\" \/>\n<meta property=\"og:locale\" content=\"es_ES\" \/>\n<meta property=\"og:type\" content=\"article\" \/>\n<meta property=\"og:title\" content=\"Discernir el querer de Dios - Montalegre\" \/>\n<meta property=\"og:description\" content=\"En frecuentes ocasiones el Papa Francisco ha utilizado la expresi\u00f3n \u201cdiscernir\u201d en sus escritos y en su predicaci\u00f3n oral. La volvemos a encontrar en el programa del S\u00ednodo de Obispos del pr\u00f3ximo mes de octubre, sobre los j\u00f3venes, la fe y el discernimiento vocacional. Tambi\u00e9n aparece en el nuevo plan pastoral de la Archidi\u00f3cesis de [&hellip;]\" \/>\n<meta property=\"og:url\" content=\"https:\/\/www.montalegre.org\/es\/2018\/07\/discernir-el-querer-de-dios\/\" \/>\n<meta property=\"og:site_name\" content=\"Montalegre\" \/>\n<meta property=\"article:published_time\" content=\"2018-07-10T15:35:59+00:00\" \/>\n<meta property=\"article:modified_time\" content=\"2018-07-10T15:36:58+00:00\" \/>\n<meta name=\"author\" content=\"montalegre\" \/>\n<meta name=\"twitter:card\" content=\"summary_large_image\" \/>\n<meta name=\"twitter:label1\" content=\"Escrito por\" \/>\n\t<meta name=\"twitter:data1\" content=\"montalegre\" \/>\n\t<meta name=\"twitter:label2\" content=\"Tiempo de lectura\" \/>\n\t<meta name=\"twitter:data2\" content=\"2 minutos\" \/>\n<script type=\"application\/ld+json\" class=\"yoast-schema-graph\">{\"@context\":\"https:\/\/schema.org\",\"@graph\":[{\"@type\":\"Article\",\"@id\":\"https:\/\/www.montalegre.org\/es\/2018\/07\/discernir-el-querer-de-dios\/#article\",\"isPartOf\":{\"@id\":\"https:\/\/www.montalegre.org\/es\/2018\/07\/discernir-el-querer-de-dios\/\"},\"author\":{\"name\":\"montalegre\",\"@id\":\"https:\/\/www.montalegre.org\/es\/#\/schema\/person\/fa12d4cf3a3f1735a9176b4fafd6a633\"},\"headline\":\"Discernir el querer de Dios\",\"datePublished\":\"2018-07-10T15:35:59+00:00\",\"dateModified\":\"2018-07-10T15:36:58+00:00\",\"mainEntityOfPage\":{\"@id\":\"https:\/\/www.montalegre.org\/es\/2018\/07\/discernir-el-querer-de-dios\/\"},\"wordCount\":410,\"commentCount\":0,\"articleSection\":[\"Editorial\"],\"inLanguage\":\"es\",\"potentialAction\":[{\"@type\":\"CommentAction\",\"name\":\"Comment\",\"target\":[\"https:\/\/www.montalegre.org\/es\/2018\/07\/discernir-el-querer-de-dios\/#respond\"]}]},{\"@type\":\"WebPage\",\"@id\":\"https:\/\/www.montalegre.org\/es\/2018\/07\/discernir-el-querer-de-dios\/\",\"url\":\"https:\/\/www.montalegre.org\/es\/2018\/07\/discernir-el-querer-de-dios\/\",\"name\":\"Discernir el querer de Dios - Montalegre\",\"isPartOf\":{\"@id\":\"https:\/\/www.montalegre.org\/es\/#website\"},\"datePublished\":\"2018-07-10T15:35:59+00:00\",\"dateModified\":\"2018-07-10T15:36:58+00:00\",\"author\":{\"@id\":\"https:\/\/www.montalegre.org\/es\/#\/schema\/person\/fa12d4cf3a3f1735a9176b4fafd6a633\"},\"breadcrumb\":{\"@id\":\"https:\/\/www.montalegre.org\/es\/2018\/07\/discernir-el-querer-de-dios\/#breadcrumb\"},\"inLanguage\":\"es\",\"potentialAction\":[{\"@type\":\"ReadAction\",\"target\":[\"https:\/\/www.montalegre.org\/es\/2018\/07\/discernir-el-querer-de-dios\/\"]}]},{\"@type\":\"BreadcrumbList\",\"@id\":\"https:\/\/www.montalegre.org\/es\/2018\/07\/discernir-el-querer-de-dios\/#breadcrumb\",\"itemListElement\":[{\"@type\":\"ListItem\",\"position\":1,\"name\":\"Portada\",\"item\":\"https:\/\/www.montalegre.org\/es\/\"},{\"@type\":\"ListItem\",\"position\":2,\"name\":\"Discernir el querer de Dios\"}]},{\"@type\":\"WebSite\",\"@id\":\"https:\/\/www.montalegre.org\/es\/#website\",\"url\":\"https:\/\/www.montalegre.org\/es\/\",\"name\":\"Montalegre\",\"description\":\"\",\"potentialAction\":[{\"@type\":\"SearchAction\",\"target\":{\"@type\":\"EntryPoint\",\"urlTemplate\":\"https:\/\/www.montalegre.org\/es\/?s={search_term_string}\"},\"query-input\":{\"@type\":\"PropertyValueSpecification\",\"valueRequired\":true,\"valueName\":\"search_term_string\"}}],\"inLanguage\":\"es\"},{\"@type\":\"Person\",\"@id\":\"https:\/\/www.montalegre.org\/es\/#\/schema\/person\/fa12d4cf3a3f1735a9176b4fafd6a633\",\"name\":\"montalegre\",\"image\":{\"@type\":\"ImageObject\",\"inLanguage\":\"es\",\"@id\":\"https:\/\/www.montalegre.org\/es\/#\/schema\/person\/image\/\",\"url\":\"https:\/\/secure.gravatar.com\/avatar\/fe6d886cf5081e723c666dceda1f12d4f39070fa2ed4e79695edc3ca355c9b5a?s=96&d=mm&r=g\",\"contentUrl\":\"https:\/\/secure.gravatar.com\/avatar\/fe6d886cf5081e723c666dceda1f12d4f39070fa2ed4e79695edc3ca355c9b5a?s=96&d=mm&r=g\",\"caption\":\"montalegre\"},\"url\":\"https:\/\/www.montalegre.org\/es\/author\/montalegre\/\"}]}<\/script>\n<!-- \/ Yoast SEO plugin. -->","yoast_head_json":{"title":"Discernir el querer de Dios - Montalegre","robots":{"index":"index","follow":"follow","max-snippet":"max-snippet:-1","max-image-preview":"max-image-preview:large","max-video-preview":"max-video-preview:-1"},"canonical":"https:\/\/www.montalegre.org\/es\/2018\/07\/discernir-el-querer-de-dios\/","og_locale":"es_ES","og_type":"article","og_title":"Discernir el querer de Dios - Montalegre","og_description":"En frecuentes ocasiones el Papa Francisco ha utilizado la expresi\u00f3n \u201cdiscernir\u201d en sus escritos y en su predicaci\u00f3n oral. La volvemos a encontrar en el programa del S\u00ednodo de Obispos del pr\u00f3ximo mes de octubre, sobre los j\u00f3venes, la fe y el discernimiento vocacional. Tambi\u00e9n aparece en el nuevo plan pastoral de la Archidi\u00f3cesis de [&hellip;]","og_url":"https:\/\/www.montalegre.org\/es\/2018\/07\/discernir-el-querer-de-dios\/","og_site_name":"Montalegre","article_published_time":"2018-07-10T15:35:59+00:00","article_modified_time":"2018-07-10T15:36:58+00:00","author":"montalegre","twitter_card":"summary_large_image","twitter_misc":{"Escrito por":"montalegre","Tiempo de lectura":"2 minutos"},"schema":{"@context":"https:\/\/schema.org","@graph":[{"@type":"Article","@id":"https:\/\/www.montalegre.org\/es\/2018\/07\/discernir-el-querer-de-dios\/#article","isPartOf":{"@id":"https:\/\/www.montalegre.org\/es\/2018\/07\/discernir-el-querer-de-dios\/"},"author":{"name":"montalegre","@id":"https:\/\/www.montalegre.org\/es\/#\/schema\/person\/fa12d4cf3a3f1735a9176b4fafd6a633"},"headline":"Discernir el querer de Dios","datePublished":"2018-07-10T15:35:59+00:00","dateModified":"2018-07-10T15:36:58+00:00","mainEntityOfPage":{"@id":"https:\/\/www.montalegre.org\/es\/2018\/07\/discernir-el-querer-de-dios\/"},"wordCount":410,"commentCount":0,"articleSection":["Editorial"],"inLanguage":"es","potentialAction":[{"@type":"CommentAction","name":"Comment","target":["https:\/\/www.montalegre.org\/es\/2018\/07\/discernir-el-querer-de-dios\/#respond"]}]},{"@type":"WebPage","@id":"https:\/\/www.montalegre.org\/es\/2018\/07\/discernir-el-querer-de-dios\/","url":"https:\/\/www.montalegre.org\/es\/2018\/07\/discernir-el-querer-de-dios\/","name":"Discernir el querer de Dios - Montalegre","isPartOf":{"@id":"https:\/\/www.montalegre.org\/es\/#website"},"datePublished":"2018-07-10T15:35:59+00:00","dateModified":"2018-07-10T15:36:58+00:00","author":{"@id":"https:\/\/www.montalegre.org\/es\/#\/schema\/person\/fa12d4cf3a3f1735a9176b4fafd6a633"},"breadcrumb":{"@id":"https:\/\/www.montalegre.org\/es\/2018\/07\/discernir-el-querer-de-dios\/#breadcrumb"},"inLanguage":"es","potentialAction":[{"@type":"ReadAction","target":["https:\/\/www.montalegre.org\/es\/2018\/07\/discernir-el-querer-de-dios\/"]}]},{"@type":"BreadcrumbList","@id":"https:\/\/www.montalegre.org\/es\/2018\/07\/discernir-el-querer-de-dios\/#breadcrumb","itemListElement":[{"@type":"ListItem","position":1,"name":"Portada","item":"https:\/\/www.montalegre.org\/es\/"},{"@type":"ListItem","position":2,"name":"Discernir el querer de Dios"}]},{"@type":"WebSite","@id":"https:\/\/www.montalegre.org\/es\/#website","url":"https:\/\/www.montalegre.org\/es\/","name":"Montalegre","description":"","potentialAction":[{"@type":"SearchAction","target":{"@type":"EntryPoint","urlTemplate":"https:\/\/www.montalegre.org\/es\/?s={search_term_string}"},"query-input":{"@type":"PropertyValueSpecification","valueRequired":true,"valueName":"search_term_string"}}],"inLanguage":"es"},{"@type":"Person","@id":"https:\/\/www.montalegre.org\/es\/#\/schema\/person\/fa12d4cf3a3f1735a9176b4fafd6a633","name":"montalegre","image":{"@type":"ImageObject","inLanguage":"es","@id":"https:\/\/www.montalegre.org\/es\/#\/schema\/person\/image\/","url":"https:\/\/secure.gravatar.com\/avatar\/fe6d886cf5081e723c666dceda1f12d4f39070fa2ed4e79695edc3ca355c9b5a?s=96&d=mm&r=g","contentUrl":"https:\/\/secure.gravatar.com\/avatar\/fe6d886cf5081e723c666dceda1f12d4f39070fa2ed4e79695edc3ca355c9b5a?s=96&d=mm&r=g","caption":"montalegre"},"url":"https:\/\/www.montalegre.org\/es\/author\/montalegre\/"}]}},"_links":{"self":[{"href":"https:\/\/www.montalegre.org\/es\/wp-json\/wp\/v2\/posts\/11980","targetHints":{"allow":["GET"]}}],"collection":[{"href":"https:\/\/www.montalegre.org\/es\/wp-json\/wp\/v2\/posts"}],"about":[{"href":"https:\/\/www.montalegre.org\/es\/wp-json\/wp\/v2\/types\/post"}],"author":[{"embeddable":true,"href":"https:\/\/www.montalegre.org\/es\/wp-json\/wp\/v2\/users\/4"}],"replies":[{"embeddable":true,"href":"https:\/\/www.montalegre.org\/es\/wp-json\/wp\/v2\/comments?post=11980"}],"version-history":[{"count":2,"href":"https:\/\/www.montalegre.org\/es\/wp-json\/wp\/v2\/posts\/11980\/revisions"}],"predecessor-version":[{"id":11982,"href":"https:\/\/www.montalegre.org\/es\/wp-json\/wp\/v2\/posts\/11980\/revisions\/11982"}],"wp:attachment":[{"href":"https:\/\/www.montalegre.org\/es\/wp-json\/wp\/v2\/media?parent=11980"}],"wp:term":[{"taxonomy":"category","embeddable":true,"href":"https:\/\/www.montalegre.org\/es\/wp-json\/wp\/v2\/categories?post=11980"},{"taxonomy":"post_tag","embeddable":true,"href":"https:\/\/www.montalegre.org\/es\/wp-json\/wp\/v2\/tags?post=11980"}],"curies":[{"name":"wp","href":"https:\/\/api.w.org\/{rel}","templated":true}]}}