{"id":11903,"date":"2018-06-19T17:22:16","date_gmt":"2018-06-19T17:22:16","guid":{"rendered":"https:\/\/www.montalegre.org\/?p=11903"},"modified":"2018-06-19T17:22:16","modified_gmt":"2018-06-19T17:22:16","slug":"cualidades-de-la-santidad-actual","status":"publish","type":"post","link":"https:\/\/www.montalegre.org\/es\/2018\/06\/cualidades-de-la-santidad-actual\/","title":{"rendered":"Cualidades de la santidad actual"},"content":{"rendered":"<p>El Papa Francisco nos ense\u00f1a cu\u00e1les deben ser las notas o caracter\u00edsticas de la santidad en el mundo actual. Me parece de gran inter\u00e9s recordarlas este mes dedicado a la devoci\u00f3n al Sagrado Coraz\u00f3n de Jes\u00fas. El que desea de verdad alcanzar la santidad en su caminar terreno, procura tener los mismos sentimientos que Cristo, busca parecerse cada vez m\u00e1s a \u00c9l. De ah\u00ed, la importancia de fijarnos en esas cualidades que nos se\u00f1ala el Santo Padre, ya que, nos facilitar\u00e1n enormemente la tarea de imitar a Jesucristo, nuestro modelo de santidad.<\/p>\n<p>El Papa define estas cualidades c\u00f3mo cinco grandes manifestaciones del amor a Dios y al pr\u00f3jimo. En primer lugar, la paciencia y la mansuetud, que nos llevan a aguantar, a soportar las contrariedades y las inestabilidades de la vida, as\u00ed como las agresiones, las infidelidades y los defectos de los dem\u00e1s.<\/p>\n<p>En segundo lugar, la alegr\u00eda y el buen humor. El santo ha de ser capaz de vivir de esta manera, sin perder el realismo, y con su fe ilumina el esp\u00edritu de los dem\u00e1s de manera positiva y esperanzada. El santo, en tercer lugar, es audaz, entusiasta, habla con libertad y tiene fervor apost\u00f3lico. La compasi\u00f3n entra\u00f1able de Jes\u00fas, lo mov\u00eda a salir de s\u00ed mismo para anunciar con fuerza, curar, y liberar. Del mismo modo debemos desear tener ese mismo esp\u00edritu evang\u00e9lico e interesarnos por todas las personas, procurando transmitirles la alegr\u00eda de la vida cristiana.<\/p>\n<p>Contin\u00faa el Papa recordando que, para vencer en nuestras propias luchas para ser m\u00e1s santos, necesitamos la ayuda de los dem\u00e1s. No podemos aislarnos, debemos aprender a ayudar y a dejarnos ayudar. La santidad es personal, pero se alcanza junto a la comunidad creyente. Y, por \u00faltimo, nos se\u00f1ala que la santidad est\u00e1 abierta a la trascendencia, que se manifiesta en la oraci\u00f3n y en la adoraci\u00f3n.<\/p>\n<p>Mn. Xavier Argelich<\/p>\n","protected":false},"excerpt":{"rendered":"<p>El Papa Francisco nos ense\u00f1a cu\u00e1les deben ser las notas o caracter\u00edsticas de la santidad en el mundo actual. Me parece de gran inter\u00e9s recordarlas este mes dedicado a la devoci\u00f3n al Sagrado Coraz\u00f3n de Jes\u00fas. El que desea de verdad alcanzar la santidad en su caminar terreno, procura tener los mismos sentimientos que Cristo, [&hellip;]<\/p>\n","protected":false},"author":4,"featured_media":0,"comment_status":"open","ping_status":"open","sticky":false,"template":"","format":"standard","meta":{"footnotes":""},"categories":[52],"tags":[],"class_list":["post-11903","post","type-post","status-publish","format-standard","hentry","category-editorial"],"yoast_head":"<!-- This site is optimized with the Yoast SEO plugin v27.1.1 - https:\/\/yoast.com\/product\/yoast-seo-wordpress\/ -->\n<title>Cualidades de la santidad actual - Montalegre<\/title>\n<meta name=\"robots\" content=\"index, follow, max-snippet:-1, max-image-preview:large, max-video-preview:-1\" \/>\n<link rel=\"canonical\" href=\"https:\/\/www.montalegre.org\/es\/2018\/06\/cualidades-de-la-santidad-actual\/\" \/>\n<meta property=\"og:locale\" content=\"es_ES\" \/>\n<meta property=\"og:type\" content=\"article\" \/>\n<meta property=\"og:title\" content=\"Cualidades de la santidad actual - Montalegre\" \/>\n<meta property=\"og:description\" content=\"El Papa Francisco nos ense\u00f1a cu\u00e1les deben ser las notas o caracter\u00edsticas de la santidad en el mundo actual. Me parece de gran inter\u00e9s recordarlas este mes dedicado a la devoci\u00f3n al Sagrado Coraz\u00f3n de Jes\u00fas. El que desea de verdad alcanzar la santidad en su caminar terreno, procura tener los mismos sentimientos que Cristo, [&hellip;]\" \/>\n<meta property=\"og:url\" content=\"https:\/\/www.montalegre.org\/es\/2018\/06\/cualidades-de-la-santidad-actual\/\" \/>\n<meta property=\"og:site_name\" content=\"Montalegre\" \/>\n<meta property=\"article:published_time\" content=\"2018-06-19T17:22:16+00:00\" \/>\n<meta name=\"author\" content=\"montalegre\" \/>\n<meta name=\"twitter:card\" content=\"summary_large_image\" \/>\n<meta name=\"twitter:label1\" content=\"Escrito por\" \/>\n\t<meta name=\"twitter:data1\" content=\"montalegre\" \/>\n\t<meta name=\"twitter:label2\" content=\"Tiempo de lectura\" \/>\n\t<meta name=\"twitter:data2\" content=\"2 minutos\" \/>\n<script type=\"application\/ld+json\" class=\"yoast-schema-graph\">{\"@context\":\"https:\/\/schema.org\",\"@graph\":[{\"@type\":\"Article\",\"@id\":\"https:\/\/www.montalegre.org\/es\/2018\/06\/cualidades-de-la-santidad-actual\/#article\",\"isPartOf\":{\"@id\":\"https:\/\/www.montalegre.org\/es\/2018\/06\/cualidades-de-la-santidad-actual\/\"},\"author\":{\"name\":\"montalegre\",\"@id\":\"https:\/\/www.montalegre.org\/es\/#\/schema\/person\/fa12d4cf3a3f1735a9176b4fafd6a633\"},\"headline\":\"Cualidades de la santidad actual\",\"datePublished\":\"2018-06-19T17:22:16+00:00\",\"mainEntityOfPage\":{\"@id\":\"https:\/\/www.montalegre.org\/es\/2018\/06\/cualidades-de-la-santidad-actual\/\"},\"wordCount\":345,\"commentCount\":0,\"articleSection\":[\"Editorial\"],\"inLanguage\":\"es\",\"potentialAction\":[{\"@type\":\"CommentAction\",\"name\":\"Comment\",\"target\":[\"https:\/\/www.montalegre.org\/es\/2018\/06\/cualidades-de-la-santidad-actual\/#respond\"]}]},{\"@type\":\"WebPage\",\"@id\":\"https:\/\/www.montalegre.org\/es\/2018\/06\/cualidades-de-la-santidad-actual\/\",\"url\":\"https:\/\/www.montalegre.org\/es\/2018\/06\/cualidades-de-la-santidad-actual\/\",\"name\":\"Cualidades de la santidad actual - Montalegre\",\"isPartOf\":{\"@id\":\"https:\/\/www.montalegre.org\/es\/#website\"},\"datePublished\":\"2018-06-19T17:22:16+00:00\",\"author\":{\"@id\":\"https:\/\/www.montalegre.org\/es\/#\/schema\/person\/fa12d4cf3a3f1735a9176b4fafd6a633\"},\"breadcrumb\":{\"@id\":\"https:\/\/www.montalegre.org\/es\/2018\/06\/cualidades-de-la-santidad-actual\/#breadcrumb\"},\"inLanguage\":\"es\",\"potentialAction\":[{\"@type\":\"ReadAction\",\"target\":[\"https:\/\/www.montalegre.org\/es\/2018\/06\/cualidades-de-la-santidad-actual\/\"]}]},{\"@type\":\"BreadcrumbList\",\"@id\":\"https:\/\/www.montalegre.org\/es\/2018\/06\/cualidades-de-la-santidad-actual\/#breadcrumb\",\"itemListElement\":[{\"@type\":\"ListItem\",\"position\":1,\"name\":\"Portada\",\"item\":\"https:\/\/www.montalegre.org\/es\/\"},{\"@type\":\"ListItem\",\"position\":2,\"name\":\"Cualidades de la santidad actual\"}]},{\"@type\":\"WebSite\",\"@id\":\"https:\/\/www.montalegre.org\/es\/#website\",\"url\":\"https:\/\/www.montalegre.org\/es\/\",\"name\":\"Montalegre\",\"description\":\"\",\"potentialAction\":[{\"@type\":\"SearchAction\",\"target\":{\"@type\":\"EntryPoint\",\"urlTemplate\":\"https:\/\/www.montalegre.org\/es\/?s={search_term_string}\"},\"query-input\":{\"@type\":\"PropertyValueSpecification\",\"valueRequired\":true,\"valueName\":\"search_term_string\"}}],\"inLanguage\":\"es\"},{\"@type\":\"Person\",\"@id\":\"https:\/\/www.montalegre.org\/es\/#\/schema\/person\/fa12d4cf3a3f1735a9176b4fafd6a633\",\"name\":\"montalegre\",\"image\":{\"@type\":\"ImageObject\",\"inLanguage\":\"es\",\"@id\":\"https:\/\/www.montalegre.org\/es\/#\/schema\/person\/image\/\",\"url\":\"https:\/\/secure.gravatar.com\/avatar\/fe6d886cf5081e723c666dceda1f12d4f39070fa2ed4e79695edc3ca355c9b5a?s=96&d=mm&r=g\",\"contentUrl\":\"https:\/\/secure.gravatar.com\/avatar\/fe6d886cf5081e723c666dceda1f12d4f39070fa2ed4e79695edc3ca355c9b5a?s=96&d=mm&r=g\",\"caption\":\"montalegre\"},\"url\":\"https:\/\/www.montalegre.org\/es\/author\/montalegre\/\"}]}<\/script>\n<!-- \/ Yoast SEO plugin. -->","yoast_head_json":{"title":"Cualidades de la santidad actual - Montalegre","robots":{"index":"index","follow":"follow","max-snippet":"max-snippet:-1","max-image-preview":"max-image-preview:large","max-video-preview":"max-video-preview:-1"},"canonical":"https:\/\/www.montalegre.org\/es\/2018\/06\/cualidades-de-la-santidad-actual\/","og_locale":"es_ES","og_type":"article","og_title":"Cualidades de la santidad actual - Montalegre","og_description":"El Papa Francisco nos ense\u00f1a cu\u00e1les deben ser las notas o caracter\u00edsticas de la santidad en el mundo actual. Me parece de gran inter\u00e9s recordarlas este mes dedicado a la devoci\u00f3n al Sagrado Coraz\u00f3n de Jes\u00fas. El que desea de verdad alcanzar la santidad en su caminar terreno, procura tener los mismos sentimientos que Cristo, [&hellip;]","og_url":"https:\/\/www.montalegre.org\/es\/2018\/06\/cualidades-de-la-santidad-actual\/","og_site_name":"Montalegre","article_published_time":"2018-06-19T17:22:16+00:00","author":"montalegre","twitter_card":"summary_large_image","twitter_misc":{"Escrito por":"montalegre","Tiempo de lectura":"2 minutos"},"schema":{"@context":"https:\/\/schema.org","@graph":[{"@type":"Article","@id":"https:\/\/www.montalegre.org\/es\/2018\/06\/cualidades-de-la-santidad-actual\/#article","isPartOf":{"@id":"https:\/\/www.montalegre.org\/es\/2018\/06\/cualidades-de-la-santidad-actual\/"},"author":{"name":"montalegre","@id":"https:\/\/www.montalegre.org\/es\/#\/schema\/person\/fa12d4cf3a3f1735a9176b4fafd6a633"},"headline":"Cualidades de la santidad actual","datePublished":"2018-06-19T17:22:16+00:00","mainEntityOfPage":{"@id":"https:\/\/www.montalegre.org\/es\/2018\/06\/cualidades-de-la-santidad-actual\/"},"wordCount":345,"commentCount":0,"articleSection":["Editorial"],"inLanguage":"es","potentialAction":[{"@type":"CommentAction","name":"Comment","target":["https:\/\/www.montalegre.org\/es\/2018\/06\/cualidades-de-la-santidad-actual\/#respond"]}]},{"@type":"WebPage","@id":"https:\/\/www.montalegre.org\/es\/2018\/06\/cualidades-de-la-santidad-actual\/","url":"https:\/\/www.montalegre.org\/es\/2018\/06\/cualidades-de-la-santidad-actual\/","name":"Cualidades de la santidad actual - Montalegre","isPartOf":{"@id":"https:\/\/www.montalegre.org\/es\/#website"},"datePublished":"2018-06-19T17:22:16+00:00","author":{"@id":"https:\/\/www.montalegre.org\/es\/#\/schema\/person\/fa12d4cf3a3f1735a9176b4fafd6a633"},"breadcrumb":{"@id":"https:\/\/www.montalegre.org\/es\/2018\/06\/cualidades-de-la-santidad-actual\/#breadcrumb"},"inLanguage":"es","potentialAction":[{"@type":"ReadAction","target":["https:\/\/www.montalegre.org\/es\/2018\/06\/cualidades-de-la-santidad-actual\/"]}]},{"@type":"BreadcrumbList","@id":"https:\/\/www.montalegre.org\/es\/2018\/06\/cualidades-de-la-santidad-actual\/#breadcrumb","itemListElement":[{"@type":"ListItem","position":1,"name":"Portada","item":"https:\/\/www.montalegre.org\/es\/"},{"@type":"ListItem","position":2,"name":"Cualidades de la santidad actual"}]},{"@type":"WebSite","@id":"https:\/\/www.montalegre.org\/es\/#website","url":"https:\/\/www.montalegre.org\/es\/","name":"Montalegre","description":"","potentialAction":[{"@type":"SearchAction","target":{"@type":"EntryPoint","urlTemplate":"https:\/\/www.montalegre.org\/es\/?s={search_term_string}"},"query-input":{"@type":"PropertyValueSpecification","valueRequired":true,"valueName":"search_term_string"}}],"inLanguage":"es"},{"@type":"Person","@id":"https:\/\/www.montalegre.org\/es\/#\/schema\/person\/fa12d4cf3a3f1735a9176b4fafd6a633","name":"montalegre","image":{"@type":"ImageObject","inLanguage":"es","@id":"https:\/\/www.montalegre.org\/es\/#\/schema\/person\/image\/","url":"https:\/\/secure.gravatar.com\/avatar\/fe6d886cf5081e723c666dceda1f12d4f39070fa2ed4e79695edc3ca355c9b5a?s=96&d=mm&r=g","contentUrl":"https:\/\/secure.gravatar.com\/avatar\/fe6d886cf5081e723c666dceda1f12d4f39070fa2ed4e79695edc3ca355c9b5a?s=96&d=mm&r=g","caption":"montalegre"},"url":"https:\/\/www.montalegre.org\/es\/author\/montalegre\/"}]}},"_links":{"self":[{"href":"https:\/\/www.montalegre.org\/es\/wp-json\/wp\/v2\/posts\/11903","targetHints":{"allow":["GET"]}}],"collection":[{"href":"https:\/\/www.montalegre.org\/es\/wp-json\/wp\/v2\/posts"}],"about":[{"href":"https:\/\/www.montalegre.org\/es\/wp-json\/wp\/v2\/types\/post"}],"author":[{"embeddable":true,"href":"https:\/\/www.montalegre.org\/es\/wp-json\/wp\/v2\/users\/4"}],"replies":[{"embeddable":true,"href":"https:\/\/www.montalegre.org\/es\/wp-json\/wp\/v2\/comments?post=11903"}],"version-history":[{"count":1,"href":"https:\/\/www.montalegre.org\/es\/wp-json\/wp\/v2\/posts\/11903\/revisions"}],"predecessor-version":[{"id":11904,"href":"https:\/\/www.montalegre.org\/es\/wp-json\/wp\/v2\/posts\/11903\/revisions\/11904"}],"wp:attachment":[{"href":"https:\/\/www.montalegre.org\/es\/wp-json\/wp\/v2\/media?parent=11903"}],"wp:term":[{"taxonomy":"category","embeddable":true,"href":"https:\/\/www.montalegre.org\/es\/wp-json\/wp\/v2\/categories?post=11903"},{"taxonomy":"post_tag","embeddable":true,"href":"https:\/\/www.montalegre.org\/es\/wp-json\/wp\/v2\/tags?post=11903"}],"curies":[{"name":"wp","href":"https:\/\/api.w.org\/{rel}","templated":true}]}}