{"id":11804,"date":"2018-04-09T16:12:20","date_gmt":"2018-04-09T16:12:20","guid":{"rendered":"https:\/\/www.montalegre.org\/?p=11804"},"modified":"2018-04-09T16:12:20","modified_gmt":"2018-04-09T16:12:20","slug":"una-bendicion-pascual-para-las-familias","status":"publish","type":"post","link":"https:\/\/www.montalegre.org\/es\/2018\/04\/una-bendicion-pascual-para-las-familias\/","title":{"rendered":"Una Bendici\u00f3n Pascual para las familias"},"content":{"rendered":"<p>\u00a1Cristo ha resucitado! Este es el gran anuncio a toda la humanidad desde hace veinti\u00fan siglos y que la Iglesia no se cansa de anunciar ininterrumpidamente.<\/p>\n<p>La Resurrecci\u00f3n de Jesucristo es el mayor acontecimiento de la historia del\u00a0 mundo entero y del universo. Es el motivo principal de nuestra fe y la certeza m\u00e1s s\u00f3lida de toda esperanza del cristiano. Por eso la celebramos con gran j\u00fabilo y una alegr\u00eda inmensa. Animemos a nuestros familiares, amigos y conocidos a participar de esta celebraci\u00f3n.<\/p>\n<p>La Pascua de Resurrecci\u00f3n es un buen momento para celebrarla, no s\u00f3lo en la Iglesia, sino tambi\u00e9n en la Familia, por eso es una tradici\u00f3n bien arraigada la Bendici\u00f3n de las Familias durante este tiempo pascual. Podemos hacerlo comunitariamente o con la familia reunida. Pienso que este a\u00f1o es una buena ocasi\u00f3n para que todos recibamos esta bendici\u00f3n. Lo podemos hacer recitando esta oraci\u00f3n en familia en nuestro propio hogar:<\/p>\n<p><em>\u201cOh Dios, creador y misericordioso restaurador de tu pueblo, que quisiste que la familia, constituida por la alianza nupcial, fuera signo de Cristo y de su Iglesia, derrama la abundancia de tu bendici\u00f3n sobre nuestra familia, reunida en tu Nombre, para que quienes en ella vivimos unidos por el amor nos mantengamos fervientes en el esp\u00edritu y asiduos en la oraci\u00f3n, nos ayudemos mutuamente, contribuyamos a las necesidades de todos y demos testimonio de la fe a trav\u00e9s de nuestro amor. Por Jesucristo nuestro Se\u00f1or. Am\u00e9n\u201d.<\/em><\/p>\n<p>La Resurrecci\u00f3n de Cristo es un gran don para todos. Procuremos que sus frutos lleguen a todas las familias, tan necesitadas de la bendici\u00f3n de Dios. \u00a1Feliz Pascua!<\/p>\n<p>Mn. Xavier Argelich<\/p>\n","protected":false},"excerpt":{"rendered":"<p>\u00a1Cristo ha resucitado! Este es el gran anuncio a toda la humanidad desde hace veinti\u00fan siglos y que la Iglesia no se cansa de anunciar ininterrumpidamente. La Resurrecci\u00f3n de Jesucristo es el mayor acontecimiento de la historia del\u00a0 mundo entero y del universo. Es el motivo principal de nuestra fe y la certeza m\u00e1s s\u00f3lida [&hellip;]<\/p>\n","protected":false},"author":4,"featured_media":0,"comment_status":"open","ping_status":"open","sticky":false,"template":"","format":"standard","meta":{"footnotes":""},"categories":[52],"tags":[],"class_list":["post-11804","post","type-post","status-publish","format-standard","hentry","category-editorial"],"yoast_head":"<!-- This site is optimized with the Yoast SEO plugin v27.1.1 - https:\/\/yoast.com\/product\/yoast-seo-wordpress\/ -->\n<title>Una Bendici\u00f3n Pascual para las familias - Montalegre<\/title>\n<meta name=\"robots\" content=\"index, follow, max-snippet:-1, max-image-preview:large, max-video-preview:-1\" \/>\n<link rel=\"canonical\" href=\"https:\/\/www.montalegre.org\/es\/2018\/04\/una-bendicion-pascual-para-las-familias\/\" \/>\n<meta property=\"og:locale\" content=\"es_ES\" \/>\n<meta property=\"og:type\" content=\"article\" \/>\n<meta property=\"og:title\" content=\"Una Bendici\u00f3n Pascual para las familias - Montalegre\" \/>\n<meta property=\"og:description\" content=\"\u00a1Cristo ha resucitado! Este es el gran anuncio a toda la humanidad desde hace veinti\u00fan siglos y que la Iglesia no se cansa de anunciar ininterrumpidamente. La Resurrecci\u00f3n de Jesucristo es el mayor acontecimiento de la historia del\u00a0 mundo entero y del universo. Es el motivo principal de nuestra fe y la certeza m\u00e1s s\u00f3lida [&hellip;]\" \/>\n<meta property=\"og:url\" content=\"https:\/\/www.montalegre.org\/es\/2018\/04\/una-bendicion-pascual-para-las-familias\/\" \/>\n<meta property=\"og:site_name\" content=\"Montalegre\" \/>\n<meta property=\"article:published_time\" content=\"2018-04-09T16:12:20+00:00\" \/>\n<meta name=\"author\" content=\"montalegre\" \/>\n<meta name=\"twitter:card\" content=\"summary_large_image\" \/>\n<meta name=\"twitter:label1\" content=\"Escrito por\" \/>\n\t<meta name=\"twitter:data1\" content=\"montalegre\" \/>\n\t<meta name=\"twitter:label2\" content=\"Tiempo de lectura\" \/>\n\t<meta name=\"twitter:data2\" content=\"1 minuto\" \/>\n<script type=\"application\/ld+json\" class=\"yoast-schema-graph\">{\"@context\":\"https:\/\/schema.org\",\"@graph\":[{\"@type\":\"Article\",\"@id\":\"https:\/\/www.montalegre.org\/es\/2018\/04\/una-bendicion-pascual-para-las-familias\/#article\",\"isPartOf\":{\"@id\":\"https:\/\/www.montalegre.org\/es\/2018\/04\/una-bendicion-pascual-para-las-familias\/\"},\"author\":{\"name\":\"montalegre\",\"@id\":\"https:\/\/www.montalegre.org\/es\/#\/schema\/person\/fa12d4cf3a3f1735a9176b4fafd6a633\"},\"headline\":\"Una Bendici\u00f3n Pascual para las familias\",\"datePublished\":\"2018-04-09T16:12:20+00:00\",\"mainEntityOfPage\":{\"@id\":\"https:\/\/www.montalegre.org\/es\/2018\/04\/una-bendicion-pascual-para-las-familias\/\"},\"wordCount\":301,\"commentCount\":0,\"articleSection\":[\"Editorial\"],\"inLanguage\":\"es\",\"potentialAction\":[{\"@type\":\"CommentAction\",\"name\":\"Comment\",\"target\":[\"https:\/\/www.montalegre.org\/es\/2018\/04\/una-bendicion-pascual-para-las-familias\/#respond\"]}]},{\"@type\":\"WebPage\",\"@id\":\"https:\/\/www.montalegre.org\/es\/2018\/04\/una-bendicion-pascual-para-las-familias\/\",\"url\":\"https:\/\/www.montalegre.org\/es\/2018\/04\/una-bendicion-pascual-para-las-familias\/\",\"name\":\"Una Bendici\u00f3n Pascual para las familias - Montalegre\",\"isPartOf\":{\"@id\":\"https:\/\/www.montalegre.org\/es\/#website\"},\"datePublished\":\"2018-04-09T16:12:20+00:00\",\"author\":{\"@id\":\"https:\/\/www.montalegre.org\/es\/#\/schema\/person\/fa12d4cf3a3f1735a9176b4fafd6a633\"},\"breadcrumb\":{\"@id\":\"https:\/\/www.montalegre.org\/es\/2018\/04\/una-bendicion-pascual-para-las-familias\/#breadcrumb\"},\"inLanguage\":\"es\",\"potentialAction\":[{\"@type\":\"ReadAction\",\"target\":[\"https:\/\/www.montalegre.org\/es\/2018\/04\/una-bendicion-pascual-para-las-familias\/\"]}]},{\"@type\":\"BreadcrumbList\",\"@id\":\"https:\/\/www.montalegre.org\/es\/2018\/04\/una-bendicion-pascual-para-las-familias\/#breadcrumb\",\"itemListElement\":[{\"@type\":\"ListItem\",\"position\":1,\"name\":\"Portada\",\"item\":\"https:\/\/www.montalegre.org\/es\/\"},{\"@type\":\"ListItem\",\"position\":2,\"name\":\"Una Bendici\u00f3n Pascual para las familias\"}]},{\"@type\":\"WebSite\",\"@id\":\"https:\/\/www.montalegre.org\/es\/#website\",\"url\":\"https:\/\/www.montalegre.org\/es\/\",\"name\":\"Montalegre\",\"description\":\"\",\"potentialAction\":[{\"@type\":\"SearchAction\",\"target\":{\"@type\":\"EntryPoint\",\"urlTemplate\":\"https:\/\/www.montalegre.org\/es\/?s={search_term_string}\"},\"query-input\":{\"@type\":\"PropertyValueSpecification\",\"valueRequired\":true,\"valueName\":\"search_term_string\"}}],\"inLanguage\":\"es\"},{\"@type\":\"Person\",\"@id\":\"https:\/\/www.montalegre.org\/es\/#\/schema\/person\/fa12d4cf3a3f1735a9176b4fafd6a633\",\"name\":\"montalegre\",\"image\":{\"@type\":\"ImageObject\",\"inLanguage\":\"es\",\"@id\":\"https:\/\/www.montalegre.org\/es\/#\/schema\/person\/image\/\",\"url\":\"https:\/\/secure.gravatar.com\/avatar\/fe6d886cf5081e723c666dceda1f12d4f39070fa2ed4e79695edc3ca355c9b5a?s=96&d=mm&r=g\",\"contentUrl\":\"https:\/\/secure.gravatar.com\/avatar\/fe6d886cf5081e723c666dceda1f12d4f39070fa2ed4e79695edc3ca355c9b5a?s=96&d=mm&r=g\",\"caption\":\"montalegre\"},\"url\":\"https:\/\/www.montalegre.org\/es\/author\/montalegre\/\"}]}<\/script>\n<!-- \/ Yoast SEO plugin. -->","yoast_head_json":{"title":"Una Bendici\u00f3n Pascual para las familias - Montalegre","robots":{"index":"index","follow":"follow","max-snippet":"max-snippet:-1","max-image-preview":"max-image-preview:large","max-video-preview":"max-video-preview:-1"},"canonical":"https:\/\/www.montalegre.org\/es\/2018\/04\/una-bendicion-pascual-para-las-familias\/","og_locale":"es_ES","og_type":"article","og_title":"Una Bendici\u00f3n Pascual para las familias - Montalegre","og_description":"\u00a1Cristo ha resucitado! Este es el gran anuncio a toda la humanidad desde hace veinti\u00fan siglos y que la Iglesia no se cansa de anunciar ininterrumpidamente. La Resurrecci\u00f3n de Jesucristo es el mayor acontecimiento de la historia del\u00a0 mundo entero y del universo. Es el motivo principal de nuestra fe y la certeza m\u00e1s s\u00f3lida [&hellip;]","og_url":"https:\/\/www.montalegre.org\/es\/2018\/04\/una-bendicion-pascual-para-las-familias\/","og_site_name":"Montalegre","article_published_time":"2018-04-09T16:12:20+00:00","author":"montalegre","twitter_card":"summary_large_image","twitter_misc":{"Escrito por":"montalegre","Tiempo de lectura":"1 minuto"},"schema":{"@context":"https:\/\/schema.org","@graph":[{"@type":"Article","@id":"https:\/\/www.montalegre.org\/es\/2018\/04\/una-bendicion-pascual-para-las-familias\/#article","isPartOf":{"@id":"https:\/\/www.montalegre.org\/es\/2018\/04\/una-bendicion-pascual-para-las-familias\/"},"author":{"name":"montalegre","@id":"https:\/\/www.montalegre.org\/es\/#\/schema\/person\/fa12d4cf3a3f1735a9176b4fafd6a633"},"headline":"Una Bendici\u00f3n Pascual para las familias","datePublished":"2018-04-09T16:12:20+00:00","mainEntityOfPage":{"@id":"https:\/\/www.montalegre.org\/es\/2018\/04\/una-bendicion-pascual-para-las-familias\/"},"wordCount":301,"commentCount":0,"articleSection":["Editorial"],"inLanguage":"es","potentialAction":[{"@type":"CommentAction","name":"Comment","target":["https:\/\/www.montalegre.org\/es\/2018\/04\/una-bendicion-pascual-para-las-familias\/#respond"]}]},{"@type":"WebPage","@id":"https:\/\/www.montalegre.org\/es\/2018\/04\/una-bendicion-pascual-para-las-familias\/","url":"https:\/\/www.montalegre.org\/es\/2018\/04\/una-bendicion-pascual-para-las-familias\/","name":"Una Bendici\u00f3n Pascual para las familias - Montalegre","isPartOf":{"@id":"https:\/\/www.montalegre.org\/es\/#website"},"datePublished":"2018-04-09T16:12:20+00:00","author":{"@id":"https:\/\/www.montalegre.org\/es\/#\/schema\/person\/fa12d4cf3a3f1735a9176b4fafd6a633"},"breadcrumb":{"@id":"https:\/\/www.montalegre.org\/es\/2018\/04\/una-bendicion-pascual-para-las-familias\/#breadcrumb"},"inLanguage":"es","potentialAction":[{"@type":"ReadAction","target":["https:\/\/www.montalegre.org\/es\/2018\/04\/una-bendicion-pascual-para-las-familias\/"]}]},{"@type":"BreadcrumbList","@id":"https:\/\/www.montalegre.org\/es\/2018\/04\/una-bendicion-pascual-para-las-familias\/#breadcrumb","itemListElement":[{"@type":"ListItem","position":1,"name":"Portada","item":"https:\/\/www.montalegre.org\/es\/"},{"@type":"ListItem","position":2,"name":"Una Bendici\u00f3n Pascual para las familias"}]},{"@type":"WebSite","@id":"https:\/\/www.montalegre.org\/es\/#website","url":"https:\/\/www.montalegre.org\/es\/","name":"Montalegre","description":"","potentialAction":[{"@type":"SearchAction","target":{"@type":"EntryPoint","urlTemplate":"https:\/\/www.montalegre.org\/es\/?s={search_term_string}"},"query-input":{"@type":"PropertyValueSpecification","valueRequired":true,"valueName":"search_term_string"}}],"inLanguage":"es"},{"@type":"Person","@id":"https:\/\/www.montalegre.org\/es\/#\/schema\/person\/fa12d4cf3a3f1735a9176b4fafd6a633","name":"montalegre","image":{"@type":"ImageObject","inLanguage":"es","@id":"https:\/\/www.montalegre.org\/es\/#\/schema\/person\/image\/","url":"https:\/\/secure.gravatar.com\/avatar\/fe6d886cf5081e723c666dceda1f12d4f39070fa2ed4e79695edc3ca355c9b5a?s=96&d=mm&r=g","contentUrl":"https:\/\/secure.gravatar.com\/avatar\/fe6d886cf5081e723c666dceda1f12d4f39070fa2ed4e79695edc3ca355c9b5a?s=96&d=mm&r=g","caption":"montalegre"},"url":"https:\/\/www.montalegre.org\/es\/author\/montalegre\/"}]}},"_links":{"self":[{"href":"https:\/\/www.montalegre.org\/es\/wp-json\/wp\/v2\/posts\/11804","targetHints":{"allow":["GET"]}}],"collection":[{"href":"https:\/\/www.montalegre.org\/es\/wp-json\/wp\/v2\/posts"}],"about":[{"href":"https:\/\/www.montalegre.org\/es\/wp-json\/wp\/v2\/types\/post"}],"author":[{"embeddable":true,"href":"https:\/\/www.montalegre.org\/es\/wp-json\/wp\/v2\/users\/4"}],"replies":[{"embeddable":true,"href":"https:\/\/www.montalegre.org\/es\/wp-json\/wp\/v2\/comments?post=11804"}],"version-history":[{"count":1,"href":"https:\/\/www.montalegre.org\/es\/wp-json\/wp\/v2\/posts\/11804\/revisions"}],"predecessor-version":[{"id":11805,"href":"https:\/\/www.montalegre.org\/es\/wp-json\/wp\/v2\/posts\/11804\/revisions\/11805"}],"wp:attachment":[{"href":"https:\/\/www.montalegre.org\/es\/wp-json\/wp\/v2\/media?parent=11804"}],"wp:term":[{"taxonomy":"category","embeddable":true,"href":"https:\/\/www.montalegre.org\/es\/wp-json\/wp\/v2\/categories?post=11804"},{"taxonomy":"post_tag","embeddable":true,"href":"https:\/\/www.montalegre.org\/es\/wp-json\/wp\/v2\/tags?post=11804"}],"curies":[{"name":"wp","href":"https:\/\/api.w.org\/{rel}","templated":true}]}}