{"id":11692,"date":"2018-02-27T19:59:29","date_gmt":"2018-02-27T19:59:29","guid":{"rendered":"https:\/\/www.montalegre.org\/?p=11692"},"modified":"2018-02-27T20:02:04","modified_gmt":"2018-02-27T20:02:04","slug":"primera-jornada-familiar-de-cooperadores-del-opus-dei","status":"publish","type":"post","link":"https:\/\/www.montalegre.org\/es\/2018\/02\/primera-jornada-familiar-de-cooperadores-del-opus-dei\/","title":{"rendered":"Primera Jornada Familiar de Cooperadores del Opus Dei"},"content":{"rendered":"<h4>El s\u00e1bado 10 de febrero 2018 se celebr\u00f3 en el IESE de Barcelona la primera Jornada Familiar de Cooperadores del Opus Dei. El acto tuvo tres partes significativas. La primera, en la capilla del IESE se celebr\u00f3 el acto eucar\u00edstico de la Adoraci\u00f3n y Bendici\u00f3n del Sant\u00edsimo Sacramento, con el canto del Te Deum a cargo de la coral Non Nobis de Bonaigua. Seguidamente, en el Aula Magna, los protagonistas i\/o promotores de diversas obras corporativas en las que han colaborado miles de personas, no solo fieles de la Prelatura del Opus Dei sino tambi\u00e9n cooperadores que han querido participar en el desarrollo de esos proyectos, presentaron la realidad actual de aquellos proyectos.<\/h4>\n<h4>Se inici\u00f3 la exposici\u00f3n con los colegios de Instituci\u00f3n como Xaloc, Pineda y Avantis Centro de Educaci\u00f3n Infantil, ubicados en l\u2019Hospitalet de Llobregat. Sigui\u00f3 el IESE, Escuela de Negocios, desde sus inicios en Pamplona, luego en Barcelona, y hoy por hoy, en todo el mundo.<a href=\"https:\/\/www.montalegre.org\/wp-content\/uploads\/2018\/02\/Braval_ONG_Raval_Barcelona_Integracio_Obispo_8-800.jpg\"><img loading=\"lazy\" decoding=\"async\" class=\"alignleft size-medium wp-image-11689\" src=\"https:\/\/www.montalegre.org\/wp-content\/uploads\/2018\/02\/Braval_ONG_Raval_Barcelona_Integracio_Obispo_8-800-480x270.jpg\" alt=\"\" width=\"480\" height=\"270\" srcset=\"https:\/\/www.montalegre.org\/wp-content\/uploads\/2018\/02\/Braval_ONG_Raval_Barcelona_Integracio_Obispo_8-800-480x270.jpg 480w, https:\/\/www.montalegre.org\/wp-content\/uploads\/2018\/02\/Braval_ONG_Raval_Barcelona_Integracio_Obispo_8-800-600x338.jpg 600w, https:\/\/www.montalegre.org\/wp-content\/uploads\/2018\/02\/Braval_ONG_Raval_Barcelona_Integracio_Obispo_8-800.jpg 800w\" sizes=\"auto, (max-width: 480px) 100vw, 480px\" \/><\/a><\/h4>\n<h4>Particip\u00f3 el se\u00f1or Ernest Flaqu\u00e9, tan querido por Montalegre, el cual, actualmente, es presidente honor\u00edfico de la Fundaci\u00f3 Raval Solidari. Esta fundaci\u00f3n revierte las aportaciones econ\u00f3micas de los cooperadores y de las cooperadoras, en tres entidades del Barrio del Raval de Barcelona. Por un lado, la Acci\u00f3 Social Montalegre que atiende a m\u00e1s de 400 familias; Braval que atiende a los j\u00f3venes del barrio, y Terral que atiende a chicas y a sus madres, ambas entidades en beneficio de la formaci\u00f3n humana, espiritual y de estudios de todos ellos. El Sr. Flaqu\u00e9 tuvo unas sentidas palabras por much\u00edsimas personas, cooperadores y cooperadoras, que desde los comienzos de estos proyectos han colaborado y siguen colaborando en su desarrollo, en beneficio de tantas personas necesitadas del Raval.<\/h4>\n<h4>Sin duda, nos entusiasm\u00f3 la intervenci\u00f3n del Sr. Antonio Quintana, miembro ejecutivo de Saxum International Foundation, fundaci\u00f3n que es responsable de la campa\u00f1a de fondos a nivel mundial para la construcci\u00f3n y el desarrollo de la Casa de Retiros Saxum y el Centro de Recursos Multimedia Saxum, as\u00ed como para el establecimiento de un fondo de dotaci\u00f3n para las necesidades actuales y futuras de ambos.<\/h4>\n<h4>Este proyecto fue muy deseado por el fundador de la Obra, san Josemaria Escriv\u00e1 y por su sucesor el beato \u00c1lvaro del Portillo, y se puso en marcha en el a\u00f1o 1994. Llegado el momento en el que el proyecto<a href=\"https:\/\/www.montalegre.org\/wp-content\/uploads\/2018\/02\/resized_QUINTANA-VELASCO-ANTONIO-JOSE_20161106172655984434.jpg\"><img loading=\"lazy\" decoding=\"async\" class=\"alignright size-medium wp-image-11688\" src=\"https:\/\/www.montalegre.org\/wp-content\/uploads\/2018\/02\/resized_QUINTANA-VELASCO-ANTONIO-JOSE_20161106172655984434-480x296.jpg\" alt=\"\" width=\"480\" height=\"296\" srcset=\"https:\/\/www.montalegre.org\/wp-content\/uploads\/2018\/02\/resized_QUINTANA-VELASCO-ANTONIO-JOSE_20161106172655984434-480x296.jpg 480w, https:\/\/www.montalegre.org\/wp-content\/uploads\/2018\/02\/resized_QUINTANA-VELASCO-ANTONIO-JOSE_20161106172655984434.jpg 600w\" sizes=\"auto, (max-width: 480px) 100vw, 480px\" \/><\/a> de la construcci\u00f3n ya pod\u00eda llevarse a cabo, era necesaria la cooperaci\u00f3n de much\u00edsimas personas. La informaci\u00f3n de Saxum se proyect\u00f3 mundialmente, y de todas las partes del mundo las oraciones y las aportaciones econ\u00f3micas se multiplicaron, de tal manera que en dos a\u00f1os y medio se super\u00f3 la cifra techo que previamente se hab\u00eda establecido por los organizadores. Con tanto entusiasmo lo explic\u00f3 el Sr. Quintana, citando numerosas an\u00e9cdotas de cooperadores y cooperadoras que nos aumentaron los deseos de ir pronto a Saxum, que ya es una realidad habitable, a 15 km. de la Ciudad Santa y al pie de la autopista que va del aeropuerto de Ben Gurion a Jerusal\u00e9n.<\/h4>\n<h4>El testimonio del seminarista Jorge Castro, colombiano, se refiri\u00f3 al proyecto hecho realidad del poco conocido del Colegio Eclesi\u00e1stico Internacional de Bidasoa, al amparo del Centro Acad\u00e9mico Romano Fundaci\u00f3n CARF, que naci\u00f3 en 1989, y ayuda fundamentalmente a la formaci\u00f3n integral de sacerdotes y seminaristas de la Pontificia Universidad de la Santa Cruz (PUSC), de las Facultades de Estudios Eclesi\u00e1sticos de la Universidad de Navarra (UNAV) y de los Colegios Eclesi\u00e1sticos Internacionales Sedes Sapientiae y Bidasoa. Su intervenci\u00f3n nos estimul\u00f3 a rezar m\u00e1s para que los sacerdotes fueran santos.<\/h4>\n<h4>Y la tercera parte de la <em>Jornada Familiar de Cooperadores del Opus Dei<\/em> consisti\u00f3 en un agradable aperitivo que nos permiti\u00f3 dialogar directamente con los ponentes, los asistentes y disfrutar de la terraza, del sol y de la vista de Barcelona a vista de dron.<\/h4>\n<h4>Isabel Hern\u00e1ndez Esteban<\/h4>\n","protected":false},"excerpt":{"rendered":"<p>El s\u00e1bado 10 de febrero 2018 se celebr\u00f3 en el IESE de Barcelona la primera Jornada Familiar de Cooperadores del Opus Dei. El acto tuvo tres partes significativas. La primera, en la capilla del IESE se celebr\u00f3 el acto eucar\u00edstico de la Adoraci\u00f3n y Bendici\u00f3n del Sant\u00edsimo Sacramento, con el canto del Te Deum a [&hellip;]<\/p>\n","protected":false},"author":4,"featured_media":11691,"comment_status":"open","ping_status":"open","sticky":false,"template":"","format":"standard","meta":{"footnotes":""},"categories":[1],"tags":[],"class_list":["post-11692","post","type-post","status-publish","format-standard","has-post-thumbnail","hentry","category-noticias-de-montalegre"],"yoast_head":"<!-- This site is optimized with the Yoast SEO plugin v27.1.1 - https:\/\/yoast.com\/product\/yoast-seo-wordpress\/ -->\n<title>Primera Jornada Familiar de Cooperadores del Opus Dei - Montalegre<\/title>\n<meta name=\"robots\" content=\"index, follow, max-snippet:-1, max-image-preview:large, max-video-preview:-1\" \/>\n<link rel=\"canonical\" href=\"https:\/\/www.montalegre.org\/es\/2018\/02\/primera-jornada-familiar-de-cooperadores-del-opus-dei\/\" \/>\n<meta property=\"og:locale\" content=\"es_ES\" \/>\n<meta property=\"og:type\" content=\"article\" \/>\n<meta property=\"og:title\" content=\"Primera Jornada Familiar de Cooperadores del Opus Dei - Montalegre\" \/>\n<meta property=\"og:description\" content=\"El s\u00e1bado 10 de febrero 2018 se celebr\u00f3 en el IESE de Barcelona la primera Jornada Familiar de Cooperadores del Opus Dei. El acto tuvo tres partes significativas. La primera, en la capilla del IESE se celebr\u00f3 el acto eucar\u00edstico de la Adoraci\u00f3n y Bendici\u00f3n del Sant\u00edsimo Sacramento, con el canto del Te Deum a [&hellip;]\" \/>\n<meta property=\"og:url\" content=\"https:\/\/www.montalegre.org\/es\/2018\/02\/primera-jornada-familiar-de-cooperadores-del-opus-dei\/\" \/>\n<meta property=\"og:site_name\" content=\"Montalegre\" \/>\n<meta property=\"article:published_time\" content=\"2018-02-27T19:59:29+00:00\" \/>\n<meta property=\"article:modified_time\" content=\"2018-02-27T20:02:04+00:00\" \/>\n<meta property=\"og:image\" content=\"https:\/\/www.montalegre.org\/wp-content\/uploads\/2018\/02\/images.png\" \/>\n\t<meta property=\"og:image:width\" content=\"265\" \/>\n\t<meta property=\"og:image:height\" content=\"88\" \/>\n\t<meta property=\"og:image:type\" content=\"image\/png\" \/>\n<meta name=\"author\" content=\"montalegre\" \/>\n<meta name=\"twitter:card\" content=\"summary_large_image\" \/>\n<meta name=\"twitter:label1\" content=\"Escrito por\" \/>\n\t<meta name=\"twitter:data1\" content=\"montalegre\" \/>\n\t<meta name=\"twitter:label2\" content=\"Tiempo de lectura\" \/>\n\t<meta name=\"twitter:data2\" content=\"3 minutos\" \/>\n<script type=\"application\/ld+json\" class=\"yoast-schema-graph\">{\"@context\":\"https:\/\/schema.org\",\"@graph\":[{\"@type\":\"Article\",\"@id\":\"https:\/\/www.montalegre.org\/es\/2018\/02\/primera-jornada-familiar-de-cooperadores-del-opus-dei\/#article\",\"isPartOf\":{\"@id\":\"https:\/\/www.montalegre.org\/es\/2018\/02\/primera-jornada-familiar-de-cooperadores-del-opus-dei\/\"},\"author\":{\"name\":\"montalegre\",\"@id\":\"https:\/\/www.montalegre.org\/es\/#\/schema\/person\/fa12d4cf3a3f1735a9176b4fafd6a633\"},\"headline\":\"Primera Jornada Familiar de Cooperadores del Opus Dei\",\"datePublished\":\"2018-02-27T19:59:29+00:00\",\"dateModified\":\"2018-02-27T20:02:04+00:00\",\"mainEntityOfPage\":{\"@id\":\"https:\/\/www.montalegre.org\/es\/2018\/02\/primera-jornada-familiar-de-cooperadores-del-opus-dei\/\"},\"wordCount\":683,\"commentCount\":0,\"image\":{\"@id\":\"https:\/\/www.montalegre.org\/es\/2018\/02\/primera-jornada-familiar-de-cooperadores-del-opus-dei\/#primaryimage\"},\"thumbnailUrl\":\"https:\/\/www.montalegre.org\/wp-content\/uploads\/2018\/02\/images.png\",\"articleSection\":[\"Noticias de Montalegre\"],\"inLanguage\":\"es\",\"potentialAction\":[{\"@type\":\"CommentAction\",\"name\":\"Comment\",\"target\":[\"https:\/\/www.montalegre.org\/es\/2018\/02\/primera-jornada-familiar-de-cooperadores-del-opus-dei\/#respond\"]}]},{\"@type\":\"WebPage\",\"@id\":\"https:\/\/www.montalegre.org\/es\/2018\/02\/primera-jornada-familiar-de-cooperadores-del-opus-dei\/\",\"url\":\"https:\/\/www.montalegre.org\/es\/2018\/02\/primera-jornada-familiar-de-cooperadores-del-opus-dei\/\",\"name\":\"Primera Jornada Familiar de Cooperadores del Opus Dei - Montalegre\",\"isPartOf\":{\"@id\":\"https:\/\/www.montalegre.org\/es\/#website\"},\"primaryImageOfPage\":{\"@id\":\"https:\/\/www.montalegre.org\/es\/2018\/02\/primera-jornada-familiar-de-cooperadores-del-opus-dei\/#primaryimage\"},\"image\":{\"@id\":\"https:\/\/www.montalegre.org\/es\/2018\/02\/primera-jornada-familiar-de-cooperadores-del-opus-dei\/#primaryimage\"},\"thumbnailUrl\":\"https:\/\/www.montalegre.org\/wp-content\/uploads\/2018\/02\/images.png\",\"datePublished\":\"2018-02-27T19:59:29+00:00\",\"dateModified\":\"2018-02-27T20:02:04+00:00\",\"author\":{\"@id\":\"https:\/\/www.montalegre.org\/es\/#\/schema\/person\/fa12d4cf3a3f1735a9176b4fafd6a633\"},\"breadcrumb\":{\"@id\":\"https:\/\/www.montalegre.org\/es\/2018\/02\/primera-jornada-familiar-de-cooperadores-del-opus-dei\/#breadcrumb\"},\"inLanguage\":\"es\",\"potentialAction\":[{\"@type\":\"ReadAction\",\"target\":[\"https:\/\/www.montalegre.org\/es\/2018\/02\/primera-jornada-familiar-de-cooperadores-del-opus-dei\/\"]}]},{\"@type\":\"ImageObject\",\"inLanguage\":\"es\",\"@id\":\"https:\/\/www.montalegre.org\/es\/2018\/02\/primera-jornada-familiar-de-cooperadores-del-opus-dei\/#primaryimage\",\"url\":\"https:\/\/www.montalegre.org\/wp-content\/uploads\/2018\/02\/images.png\",\"contentUrl\":\"https:\/\/www.montalegre.org\/wp-content\/uploads\/2018\/02\/images.png\",\"width\":265,\"height\":88},{\"@type\":\"BreadcrumbList\",\"@id\":\"https:\/\/www.montalegre.org\/es\/2018\/02\/primera-jornada-familiar-de-cooperadores-del-opus-dei\/#breadcrumb\",\"itemListElement\":[{\"@type\":\"ListItem\",\"position\":1,\"name\":\"Portada\",\"item\":\"https:\/\/www.montalegre.org\/es\/\"},{\"@type\":\"ListItem\",\"position\":2,\"name\":\"Primera Jornada Familiar de Cooperadores del Opus Dei\"}]},{\"@type\":\"WebSite\",\"@id\":\"https:\/\/www.montalegre.org\/es\/#website\",\"url\":\"https:\/\/www.montalegre.org\/es\/\",\"name\":\"Montalegre\",\"description\":\"\",\"potentialAction\":[{\"@type\":\"SearchAction\",\"target\":{\"@type\":\"EntryPoint\",\"urlTemplate\":\"https:\/\/www.montalegre.org\/es\/?s={search_term_string}\"},\"query-input\":{\"@type\":\"PropertyValueSpecification\",\"valueRequired\":true,\"valueName\":\"search_term_string\"}}],\"inLanguage\":\"es\"},{\"@type\":\"Person\",\"@id\":\"https:\/\/www.montalegre.org\/es\/#\/schema\/person\/fa12d4cf3a3f1735a9176b4fafd6a633\",\"name\":\"montalegre\",\"image\":{\"@type\":\"ImageObject\",\"inLanguage\":\"es\",\"@id\":\"https:\/\/www.montalegre.org\/es\/#\/schema\/person\/image\/\",\"url\":\"https:\/\/secure.gravatar.com\/avatar\/fe6d886cf5081e723c666dceda1f12d4f39070fa2ed4e79695edc3ca355c9b5a?s=96&d=mm&r=g\",\"contentUrl\":\"https:\/\/secure.gravatar.com\/avatar\/fe6d886cf5081e723c666dceda1f12d4f39070fa2ed4e79695edc3ca355c9b5a?s=96&d=mm&r=g\",\"caption\":\"montalegre\"},\"url\":\"https:\/\/www.montalegre.org\/es\/author\/montalegre\/\"}]}<\/script>\n<!-- \/ Yoast SEO plugin. -->","yoast_head_json":{"title":"Primera Jornada Familiar de Cooperadores del Opus Dei - Montalegre","robots":{"index":"index","follow":"follow","max-snippet":"max-snippet:-1","max-image-preview":"max-image-preview:large","max-video-preview":"max-video-preview:-1"},"canonical":"https:\/\/www.montalegre.org\/es\/2018\/02\/primera-jornada-familiar-de-cooperadores-del-opus-dei\/","og_locale":"es_ES","og_type":"article","og_title":"Primera Jornada Familiar de Cooperadores del Opus Dei - Montalegre","og_description":"El s\u00e1bado 10 de febrero 2018 se celebr\u00f3 en el IESE de Barcelona la primera Jornada Familiar de Cooperadores del Opus Dei. El acto tuvo tres partes significativas. La primera, en la capilla del IESE se celebr\u00f3 el acto eucar\u00edstico de la Adoraci\u00f3n y Bendici\u00f3n del Sant\u00edsimo Sacramento, con el canto del Te Deum a [&hellip;]","og_url":"https:\/\/www.montalegre.org\/es\/2018\/02\/primera-jornada-familiar-de-cooperadores-del-opus-dei\/","og_site_name":"Montalegre","article_published_time":"2018-02-27T19:59:29+00:00","article_modified_time":"2018-02-27T20:02:04+00:00","og_image":[{"width":265,"height":88,"url":"https:\/\/www.montalegre.org\/wp-content\/uploads\/2018\/02\/images.png","type":"image\/png"}],"author":"montalegre","twitter_card":"summary_large_image","twitter_misc":{"Escrito por":"montalegre","Tiempo de lectura":"3 minutos"},"schema":{"@context":"https:\/\/schema.org","@graph":[{"@type":"Article","@id":"https:\/\/www.montalegre.org\/es\/2018\/02\/primera-jornada-familiar-de-cooperadores-del-opus-dei\/#article","isPartOf":{"@id":"https:\/\/www.montalegre.org\/es\/2018\/02\/primera-jornada-familiar-de-cooperadores-del-opus-dei\/"},"author":{"name":"montalegre","@id":"https:\/\/www.montalegre.org\/es\/#\/schema\/person\/fa12d4cf3a3f1735a9176b4fafd6a633"},"headline":"Primera Jornada Familiar de Cooperadores del Opus Dei","datePublished":"2018-02-27T19:59:29+00:00","dateModified":"2018-02-27T20:02:04+00:00","mainEntityOfPage":{"@id":"https:\/\/www.montalegre.org\/es\/2018\/02\/primera-jornada-familiar-de-cooperadores-del-opus-dei\/"},"wordCount":683,"commentCount":0,"image":{"@id":"https:\/\/www.montalegre.org\/es\/2018\/02\/primera-jornada-familiar-de-cooperadores-del-opus-dei\/#primaryimage"},"thumbnailUrl":"https:\/\/www.montalegre.org\/wp-content\/uploads\/2018\/02\/images.png","articleSection":["Noticias de Montalegre"],"inLanguage":"es","potentialAction":[{"@type":"CommentAction","name":"Comment","target":["https:\/\/www.montalegre.org\/es\/2018\/02\/primera-jornada-familiar-de-cooperadores-del-opus-dei\/#respond"]}]},{"@type":"WebPage","@id":"https:\/\/www.montalegre.org\/es\/2018\/02\/primera-jornada-familiar-de-cooperadores-del-opus-dei\/","url":"https:\/\/www.montalegre.org\/es\/2018\/02\/primera-jornada-familiar-de-cooperadores-del-opus-dei\/","name":"Primera Jornada Familiar de Cooperadores del Opus Dei - Montalegre","isPartOf":{"@id":"https:\/\/www.montalegre.org\/es\/#website"},"primaryImageOfPage":{"@id":"https:\/\/www.montalegre.org\/es\/2018\/02\/primera-jornada-familiar-de-cooperadores-del-opus-dei\/#primaryimage"},"image":{"@id":"https:\/\/www.montalegre.org\/es\/2018\/02\/primera-jornada-familiar-de-cooperadores-del-opus-dei\/#primaryimage"},"thumbnailUrl":"https:\/\/www.montalegre.org\/wp-content\/uploads\/2018\/02\/images.png","datePublished":"2018-02-27T19:59:29+00:00","dateModified":"2018-02-27T20:02:04+00:00","author":{"@id":"https:\/\/www.montalegre.org\/es\/#\/schema\/person\/fa12d4cf3a3f1735a9176b4fafd6a633"},"breadcrumb":{"@id":"https:\/\/www.montalegre.org\/es\/2018\/02\/primera-jornada-familiar-de-cooperadores-del-opus-dei\/#breadcrumb"},"inLanguage":"es","potentialAction":[{"@type":"ReadAction","target":["https:\/\/www.montalegre.org\/es\/2018\/02\/primera-jornada-familiar-de-cooperadores-del-opus-dei\/"]}]},{"@type":"ImageObject","inLanguage":"es","@id":"https:\/\/www.montalegre.org\/es\/2018\/02\/primera-jornada-familiar-de-cooperadores-del-opus-dei\/#primaryimage","url":"https:\/\/www.montalegre.org\/wp-content\/uploads\/2018\/02\/images.png","contentUrl":"https:\/\/www.montalegre.org\/wp-content\/uploads\/2018\/02\/images.png","width":265,"height":88},{"@type":"BreadcrumbList","@id":"https:\/\/www.montalegre.org\/es\/2018\/02\/primera-jornada-familiar-de-cooperadores-del-opus-dei\/#breadcrumb","itemListElement":[{"@type":"ListItem","position":1,"name":"Portada","item":"https:\/\/www.montalegre.org\/es\/"},{"@type":"ListItem","position":2,"name":"Primera Jornada Familiar de Cooperadores del Opus Dei"}]},{"@type":"WebSite","@id":"https:\/\/www.montalegre.org\/es\/#website","url":"https:\/\/www.montalegre.org\/es\/","name":"Montalegre","description":"","potentialAction":[{"@type":"SearchAction","target":{"@type":"EntryPoint","urlTemplate":"https:\/\/www.montalegre.org\/es\/?s={search_term_string}"},"query-input":{"@type":"PropertyValueSpecification","valueRequired":true,"valueName":"search_term_string"}}],"inLanguage":"es"},{"@type":"Person","@id":"https:\/\/www.montalegre.org\/es\/#\/schema\/person\/fa12d4cf3a3f1735a9176b4fafd6a633","name":"montalegre","image":{"@type":"ImageObject","inLanguage":"es","@id":"https:\/\/www.montalegre.org\/es\/#\/schema\/person\/image\/","url":"https:\/\/secure.gravatar.com\/avatar\/fe6d886cf5081e723c666dceda1f12d4f39070fa2ed4e79695edc3ca355c9b5a?s=96&d=mm&r=g","contentUrl":"https:\/\/secure.gravatar.com\/avatar\/fe6d886cf5081e723c666dceda1f12d4f39070fa2ed4e79695edc3ca355c9b5a?s=96&d=mm&r=g","caption":"montalegre"},"url":"https:\/\/www.montalegre.org\/es\/author\/montalegre\/"}]}},"_links":{"self":[{"href":"https:\/\/www.montalegre.org\/es\/wp-json\/wp\/v2\/posts\/11692","targetHints":{"allow":["GET"]}}],"collection":[{"href":"https:\/\/www.montalegre.org\/es\/wp-json\/wp\/v2\/posts"}],"about":[{"href":"https:\/\/www.montalegre.org\/es\/wp-json\/wp\/v2\/types\/post"}],"author":[{"embeddable":true,"href":"https:\/\/www.montalegre.org\/es\/wp-json\/wp\/v2\/users\/4"}],"replies":[{"embeddable":true,"href":"https:\/\/www.montalegre.org\/es\/wp-json\/wp\/v2\/comments?post=11692"}],"version-history":[{"count":2,"href":"https:\/\/www.montalegre.org\/es\/wp-json\/wp\/v2\/posts\/11692\/revisions"}],"predecessor-version":[{"id":11694,"href":"https:\/\/www.montalegre.org\/es\/wp-json\/wp\/v2\/posts\/11692\/revisions\/11694"}],"wp:featuredmedia":[{"embeddable":true,"href":"https:\/\/www.montalegre.org\/es\/wp-json\/wp\/v2\/media\/11691"}],"wp:attachment":[{"href":"https:\/\/www.montalegre.org\/es\/wp-json\/wp\/v2\/media?parent=11692"}],"wp:term":[{"taxonomy":"category","embeddable":true,"href":"https:\/\/www.montalegre.org\/es\/wp-json\/wp\/v2\/categories?post=11692"},{"taxonomy":"post_tag","embeddable":true,"href":"https:\/\/www.montalegre.org\/es\/wp-json\/wp\/v2\/tags?post=11692"}],"curies":[{"name":"wp","href":"https:\/\/api.w.org\/{rel}","templated":true}]}}