{"id":11478,"date":"2017-11-07T17:20:37","date_gmt":"2017-11-07T17:20:37","guid":{"rendered":"https:\/\/www.montalegre.org\/?p=11478\/"},"modified":"2017-11-07T17:20:37","modified_gmt":"2017-11-07T17:20:37","slug":"la-palabra-nos-santifica","status":"publish","type":"post","link":"https:\/\/www.montalegre.org\/es\/2017\/11\/la-palabra-nos-santifica\/","title":{"rendered":"La Palabra nos santifica"},"content":{"rendered":"<p>Este mes recordamos a todos aquellos que han alcanzado la Bienaventuranza, y pedimos por los que todav\u00eda se purifican antes de llegar a la gloria definitiva.<\/p>\n<p>Son aquellos que han escuchado la Palabra de Dios y la han puesto en pr\u00e1ctica (cfr. Lc. 11,28). Nos han dado ejemplo de fidelidad a la Palabra de Dios y, a la vez, de conversi\u00f3n y luchas, de triunfos y derrotas, pero que han sabido levantarse y mantener la esperanza y el deseo de alcanzar la meta, el premio definitivo.<\/p>\n<p>Escuchar la Palabra y vivirla nos santifica. Cristo nos ense\u00f1a y muestra el camino de la santidad. Fomentemos y renovemos nuestros deseos de santidad, sin miedo a ser santos de verdad.<\/p>\n<p>La Iglesia proclama la llamada universal a la santidad tal como Jesucristo nos la ha anunciado. Todos, con la gracia de Dios, podemos llegar a ser santos, es m\u00e1s, estamos llamados a ser santos con los medios que \u00c9l nos da y que encontramos en la Iglesia, y eso, por los m\u00e9ritos de nuestro Se\u00f1or Jesucristo.<\/p>\n<p>Hagamos nuestra la Palabra de Dios, que ella oriente nuestra vida, que sea el referente para nuestras decisiones, que sea la fuente de nuestra oraci\u00f3n y que impregne todas nuestras relaciones personales, laborables y sociales.<\/p>\n<p>Y no dejemos de rezar y ofrecer sufragios por todos los difuntos.<\/p>\n<p>Mn. Xavier Argelich<\/p>\n","protected":false},"excerpt":{"rendered":"<p>Este mes recordamos a todos aquellos que han alcanzado la Bienaventuranza, y pedimos por los que todav\u00eda se purifican antes de llegar a la gloria definitiva. Son aquellos que han escuchado la Palabra de Dios y la han puesto en pr\u00e1ctica (cfr. Lc. 11,28). Nos han dado ejemplo de fidelidad a la Palabra de Dios [&hellip;]<\/p>\n","protected":false},"author":4,"featured_media":0,"comment_status":"open","ping_status":"open","sticky":false,"template":"","format":"standard","meta":{"footnotes":""},"categories":[52],"tags":[],"class_list":["post-11478","post","type-post","status-publish","format-standard","hentry","category-editorial"],"yoast_head":"<!-- This site is optimized with the Yoast SEO plugin v27.1.1 - https:\/\/yoast.com\/product\/yoast-seo-wordpress\/ -->\n<title>La Palabra nos santifica - Montalegre<\/title>\n<meta name=\"robots\" content=\"index, follow, max-snippet:-1, max-image-preview:large, max-video-preview:-1\" \/>\n<link rel=\"canonical\" href=\"https:\/\/www.montalegre.org\/es\/2017\/11\/la-palabra-nos-santifica\/\" \/>\n<meta property=\"og:locale\" content=\"es_ES\" \/>\n<meta property=\"og:type\" content=\"article\" \/>\n<meta property=\"og:title\" content=\"La Palabra nos santifica - Montalegre\" \/>\n<meta property=\"og:description\" content=\"Este mes recordamos a todos aquellos que han alcanzado la Bienaventuranza, y pedimos por los que todav\u00eda se purifican antes de llegar a la gloria definitiva. Son aquellos que han escuchado la Palabra de Dios y la han puesto en pr\u00e1ctica (cfr. Lc. 11,28). Nos han dado ejemplo de fidelidad a la Palabra de Dios [&hellip;]\" \/>\n<meta property=\"og:url\" content=\"https:\/\/www.montalegre.org\/es\/2017\/11\/la-palabra-nos-santifica\/\" \/>\n<meta property=\"og:site_name\" content=\"Montalegre\" \/>\n<meta property=\"article:published_time\" content=\"2017-11-07T17:20:37+00:00\" \/>\n<meta name=\"author\" content=\"montalegre\" \/>\n<meta name=\"twitter:card\" content=\"summary_large_image\" \/>\n<meta name=\"twitter:label1\" content=\"Escrito por\" \/>\n\t<meta name=\"twitter:data1\" content=\"montalegre\" \/>\n\t<meta name=\"twitter:label2\" content=\"Tiempo de lectura\" \/>\n\t<meta name=\"twitter:data2\" content=\"1 minuto\" \/>\n<script type=\"application\/ld+json\" class=\"yoast-schema-graph\">{\"@context\":\"https:\/\/schema.org\",\"@graph\":[{\"@type\":\"Article\",\"@id\":\"https:\/\/www.montalegre.org\/es\/2017\/11\/la-palabra-nos-santifica\/#article\",\"isPartOf\":{\"@id\":\"https:\/\/www.montalegre.org\/es\/2017\/11\/la-palabra-nos-santifica\/\"},\"author\":{\"name\":\"montalegre\",\"@id\":\"https:\/\/www.montalegre.org\/es\/#\/schema\/person\/fa12d4cf3a3f1735a9176b4fafd6a633\"},\"headline\":\"La Palabra nos santifica\",\"datePublished\":\"2017-11-07T17:20:37+00:00\",\"mainEntityOfPage\":{\"@id\":\"https:\/\/www.montalegre.org\/es\/2017\/11\/la-palabra-nos-santifica\/\"},\"wordCount\":234,\"commentCount\":0,\"articleSection\":[\"Editorial\"],\"inLanguage\":\"es\",\"potentialAction\":[{\"@type\":\"CommentAction\",\"name\":\"Comment\",\"target\":[\"https:\/\/www.montalegre.org\/es\/2017\/11\/la-palabra-nos-santifica\/#respond\"]}]},{\"@type\":\"WebPage\",\"@id\":\"https:\/\/www.montalegre.org\/es\/2017\/11\/la-palabra-nos-santifica\/\",\"url\":\"https:\/\/www.montalegre.org\/es\/2017\/11\/la-palabra-nos-santifica\/\",\"name\":\"La Palabra nos santifica - Montalegre\",\"isPartOf\":{\"@id\":\"https:\/\/www.montalegre.org\/es\/#website\"},\"datePublished\":\"2017-11-07T17:20:37+00:00\",\"author\":{\"@id\":\"https:\/\/www.montalegre.org\/es\/#\/schema\/person\/fa12d4cf3a3f1735a9176b4fafd6a633\"},\"breadcrumb\":{\"@id\":\"https:\/\/www.montalegre.org\/es\/2017\/11\/la-palabra-nos-santifica\/#breadcrumb\"},\"inLanguage\":\"es\",\"potentialAction\":[{\"@type\":\"ReadAction\",\"target\":[\"https:\/\/www.montalegre.org\/es\/2017\/11\/la-palabra-nos-santifica\/\"]}]},{\"@type\":\"BreadcrumbList\",\"@id\":\"https:\/\/www.montalegre.org\/es\/2017\/11\/la-palabra-nos-santifica\/#breadcrumb\",\"itemListElement\":[{\"@type\":\"ListItem\",\"position\":1,\"name\":\"Portada\",\"item\":\"https:\/\/www.montalegre.org\/es\/\"},{\"@type\":\"ListItem\",\"position\":2,\"name\":\"La Palabra nos santifica\"}]},{\"@type\":\"WebSite\",\"@id\":\"https:\/\/www.montalegre.org\/es\/#website\",\"url\":\"https:\/\/www.montalegre.org\/es\/\",\"name\":\"Montalegre\",\"description\":\"\",\"potentialAction\":[{\"@type\":\"SearchAction\",\"target\":{\"@type\":\"EntryPoint\",\"urlTemplate\":\"https:\/\/www.montalegre.org\/es\/?s={search_term_string}\"},\"query-input\":{\"@type\":\"PropertyValueSpecification\",\"valueRequired\":true,\"valueName\":\"search_term_string\"}}],\"inLanguage\":\"es\"},{\"@type\":\"Person\",\"@id\":\"https:\/\/www.montalegre.org\/es\/#\/schema\/person\/fa12d4cf3a3f1735a9176b4fafd6a633\",\"name\":\"montalegre\",\"image\":{\"@type\":\"ImageObject\",\"inLanguage\":\"es\",\"@id\":\"https:\/\/www.montalegre.org\/es\/#\/schema\/person\/image\/\",\"url\":\"https:\/\/secure.gravatar.com\/avatar\/fe6d886cf5081e723c666dceda1f12d4f39070fa2ed4e79695edc3ca355c9b5a?s=96&d=mm&r=g\",\"contentUrl\":\"https:\/\/secure.gravatar.com\/avatar\/fe6d886cf5081e723c666dceda1f12d4f39070fa2ed4e79695edc3ca355c9b5a?s=96&d=mm&r=g\",\"caption\":\"montalegre\"},\"url\":\"https:\/\/www.montalegre.org\/es\/author\/montalegre\/\"}]}<\/script>\n<!-- \/ Yoast SEO plugin. -->","yoast_head_json":{"title":"La Palabra nos santifica - Montalegre","robots":{"index":"index","follow":"follow","max-snippet":"max-snippet:-1","max-image-preview":"max-image-preview:large","max-video-preview":"max-video-preview:-1"},"canonical":"https:\/\/www.montalegre.org\/es\/2017\/11\/la-palabra-nos-santifica\/","og_locale":"es_ES","og_type":"article","og_title":"La Palabra nos santifica - Montalegre","og_description":"Este mes recordamos a todos aquellos que han alcanzado la Bienaventuranza, y pedimos por los que todav\u00eda se purifican antes de llegar a la gloria definitiva. Son aquellos que han escuchado la Palabra de Dios y la han puesto en pr\u00e1ctica (cfr. Lc. 11,28). Nos han dado ejemplo de fidelidad a la Palabra de Dios [&hellip;]","og_url":"https:\/\/www.montalegre.org\/es\/2017\/11\/la-palabra-nos-santifica\/","og_site_name":"Montalegre","article_published_time":"2017-11-07T17:20:37+00:00","author":"montalegre","twitter_card":"summary_large_image","twitter_misc":{"Escrito por":"montalegre","Tiempo de lectura":"1 minuto"},"schema":{"@context":"https:\/\/schema.org","@graph":[{"@type":"Article","@id":"https:\/\/www.montalegre.org\/es\/2017\/11\/la-palabra-nos-santifica\/#article","isPartOf":{"@id":"https:\/\/www.montalegre.org\/es\/2017\/11\/la-palabra-nos-santifica\/"},"author":{"name":"montalegre","@id":"https:\/\/www.montalegre.org\/es\/#\/schema\/person\/fa12d4cf3a3f1735a9176b4fafd6a633"},"headline":"La Palabra nos santifica","datePublished":"2017-11-07T17:20:37+00:00","mainEntityOfPage":{"@id":"https:\/\/www.montalegre.org\/es\/2017\/11\/la-palabra-nos-santifica\/"},"wordCount":234,"commentCount":0,"articleSection":["Editorial"],"inLanguage":"es","potentialAction":[{"@type":"CommentAction","name":"Comment","target":["https:\/\/www.montalegre.org\/es\/2017\/11\/la-palabra-nos-santifica\/#respond"]}]},{"@type":"WebPage","@id":"https:\/\/www.montalegre.org\/es\/2017\/11\/la-palabra-nos-santifica\/","url":"https:\/\/www.montalegre.org\/es\/2017\/11\/la-palabra-nos-santifica\/","name":"La Palabra nos santifica - Montalegre","isPartOf":{"@id":"https:\/\/www.montalegre.org\/es\/#website"},"datePublished":"2017-11-07T17:20:37+00:00","author":{"@id":"https:\/\/www.montalegre.org\/es\/#\/schema\/person\/fa12d4cf3a3f1735a9176b4fafd6a633"},"breadcrumb":{"@id":"https:\/\/www.montalegre.org\/es\/2017\/11\/la-palabra-nos-santifica\/#breadcrumb"},"inLanguage":"es","potentialAction":[{"@type":"ReadAction","target":["https:\/\/www.montalegre.org\/es\/2017\/11\/la-palabra-nos-santifica\/"]}]},{"@type":"BreadcrumbList","@id":"https:\/\/www.montalegre.org\/es\/2017\/11\/la-palabra-nos-santifica\/#breadcrumb","itemListElement":[{"@type":"ListItem","position":1,"name":"Portada","item":"https:\/\/www.montalegre.org\/es\/"},{"@type":"ListItem","position":2,"name":"La Palabra nos santifica"}]},{"@type":"WebSite","@id":"https:\/\/www.montalegre.org\/es\/#website","url":"https:\/\/www.montalegre.org\/es\/","name":"Montalegre","description":"","potentialAction":[{"@type":"SearchAction","target":{"@type":"EntryPoint","urlTemplate":"https:\/\/www.montalegre.org\/es\/?s={search_term_string}"},"query-input":{"@type":"PropertyValueSpecification","valueRequired":true,"valueName":"search_term_string"}}],"inLanguage":"es"},{"@type":"Person","@id":"https:\/\/www.montalegre.org\/es\/#\/schema\/person\/fa12d4cf3a3f1735a9176b4fafd6a633","name":"montalegre","image":{"@type":"ImageObject","inLanguage":"es","@id":"https:\/\/www.montalegre.org\/es\/#\/schema\/person\/image\/","url":"https:\/\/secure.gravatar.com\/avatar\/fe6d886cf5081e723c666dceda1f12d4f39070fa2ed4e79695edc3ca355c9b5a?s=96&d=mm&r=g","contentUrl":"https:\/\/secure.gravatar.com\/avatar\/fe6d886cf5081e723c666dceda1f12d4f39070fa2ed4e79695edc3ca355c9b5a?s=96&d=mm&r=g","caption":"montalegre"},"url":"https:\/\/www.montalegre.org\/es\/author\/montalegre\/"}]}},"_links":{"self":[{"href":"https:\/\/www.montalegre.org\/es\/wp-json\/wp\/v2\/posts\/11478","targetHints":{"allow":["GET"]}}],"collection":[{"href":"https:\/\/www.montalegre.org\/es\/wp-json\/wp\/v2\/posts"}],"about":[{"href":"https:\/\/www.montalegre.org\/es\/wp-json\/wp\/v2\/types\/post"}],"author":[{"embeddable":true,"href":"https:\/\/www.montalegre.org\/es\/wp-json\/wp\/v2\/users\/4"}],"replies":[{"embeddable":true,"href":"https:\/\/www.montalegre.org\/es\/wp-json\/wp\/v2\/comments?post=11478"}],"version-history":[{"count":1,"href":"https:\/\/www.montalegre.org\/es\/wp-json\/wp\/v2\/posts\/11478\/revisions"}],"predecessor-version":[{"id":11479,"href":"https:\/\/www.montalegre.org\/es\/wp-json\/wp\/v2\/posts\/11478\/revisions\/11479"}],"wp:attachment":[{"href":"https:\/\/www.montalegre.org\/es\/wp-json\/wp\/v2\/media?parent=11478"}],"wp:term":[{"taxonomy":"category","embeddable":true,"href":"https:\/\/www.montalegre.org\/es\/wp-json\/wp\/v2\/categories?post=11478"},{"taxonomy":"post_tag","embeddable":true,"href":"https:\/\/www.montalegre.org\/es\/wp-json\/wp\/v2\/tags?post=11478"}],"curies":[{"name":"wp","href":"https:\/\/api.w.org\/{rel}","templated":true}]}}