{"id":11439,"date":"2017-10-14T18:14:56","date_gmt":"2017-10-14T18:14:56","guid":{"rendered":"https:\/\/www.montalegre.org\/?p=11439\/"},"modified":"2017-10-14T18:14:56","modified_gmt":"2017-10-14T18:14:56","slug":"el-anuncio-de-la-palabra","status":"publish","type":"post","link":"https:\/\/www.montalegre.org\/es\/2017\/10\/el-anuncio-de-la-palabra\/","title":{"rendered":"El anuncio de la Palabra"},"content":{"rendered":"<p>Dios no se impone. Y es el \u00fanico que podr\u00eda hacerlo sin faltar a la justicia y a la libertad. Pero no lo hace. Ha escogido darse a conocer\u00a0 a trav\u00e9s del Verbo encarnado y anunciar y revelar la venida del Reino de Dios, de la salvaci\u00f3n, para que cada uno libremente la acepte en su coraz\u00f3n.<\/p>\n<p>Nuestro Se\u00f1or Jesucristo, antes de volver al Padre, se dirige a aquellos que le han seguido y son testigos de su resurrecci\u00f3n y les deja sus \u00faltimas palabras: <em>\u201cId al mundo entero y proclamad el Evangelio\u201d<\/em>. Y as\u00ed lo hicieron, y as\u00ed debemos continuar haci\u00e9ndolo todos los que creemos en \u00c9l.<\/p>\n<p>La Palabra de Dios se nos ha dado para vivirla y transmitirla. Cuanto m\u00e1s la vivamos, m\u00e1s y mejor lograremos hacerla llegar a los dem\u00e1s hombres y mujeres.<\/p>\n<p>La Iglesia y los cristianos no han dejado de hacerlo desde ese d\u00eda de la Ascensi\u00f3n del Se\u00f1or a los cielos. Ilusion\u00e9monos con el anuncio de la Palabra! Seamos verdaderos ap\u00f3stoles, anunciadores del don de Dios, que sale al encuentro de todos y de cada uno de los hombres y mujeres de nuestro tiempo. Anunciar la Palabra de Dios es muy gratificante, ya que nos acerca m\u00e1s a \u00c9l y nos lleva a dar a los dem\u00e1s lo mejor que tenemos: Dios mismo. Anunciamos la felicidad, la alegr\u00eda del Evangelio, la paz, la justicia, la verdad, la caridad, la fraternidad, etc. En definitiva, anunciamos el Amor de Dios a los hombres. Nada llena m\u00e1s que \u00e9ste amor. Si acogemos el Amor de Dios habremos dado sentido a nuestra vida. Si, adem\u00e1s, lo propagamos devolveremos a muchos el sentido de sus vidas. Sintamos con San Pablo ese Amor de Cristo que nos apremia y nos lleva a anunciar el Evangelio.<\/p>\n<p>Mn. Xavier Argelich<\/p>\n","protected":false},"excerpt":{"rendered":"<p>Dios no se impone. Y es el \u00fanico que podr\u00eda hacerlo sin faltar a la justicia y a la libertad. Pero no lo hace. Ha escogido darse a conocer\u00a0 a trav\u00e9s del Verbo encarnado y anunciar y revelar la venida del Reino de Dios, de la salvaci\u00f3n, para que cada uno libremente la acepte en [&hellip;]<\/p>\n","protected":false},"author":4,"featured_media":0,"comment_status":"open","ping_status":"open","sticky":false,"template":"","format":"standard","meta":{"footnotes":""},"categories":[52],"tags":[],"class_list":["post-11439","post","type-post","status-publish","format-standard","hentry","category-editorial"],"yoast_head":"<!-- This site is optimized with the Yoast SEO plugin v27.1.1 - https:\/\/yoast.com\/product\/yoast-seo-wordpress\/ -->\n<title>El anuncio de la Palabra - Montalegre<\/title>\n<meta name=\"robots\" content=\"index, follow, max-snippet:-1, max-image-preview:large, max-video-preview:-1\" \/>\n<link rel=\"canonical\" href=\"https:\/\/www.montalegre.org\/es\/2017\/10\/el-anuncio-de-la-palabra\/\" \/>\n<meta property=\"og:locale\" content=\"es_ES\" \/>\n<meta property=\"og:type\" content=\"article\" \/>\n<meta property=\"og:title\" content=\"El anuncio de la Palabra - Montalegre\" \/>\n<meta property=\"og:description\" content=\"Dios no se impone. Y es el \u00fanico que podr\u00eda hacerlo sin faltar a la justicia y a la libertad. Pero no lo hace. Ha escogido darse a conocer\u00a0 a trav\u00e9s del Verbo encarnado y anunciar y revelar la venida del Reino de Dios, de la salvaci\u00f3n, para que cada uno libremente la acepte en [&hellip;]\" \/>\n<meta property=\"og:url\" content=\"https:\/\/www.montalegre.org\/es\/2017\/10\/el-anuncio-de-la-palabra\/\" \/>\n<meta property=\"og:site_name\" content=\"Montalegre\" \/>\n<meta property=\"article:published_time\" content=\"2017-10-14T18:14:56+00:00\" \/>\n<meta name=\"author\" content=\"montalegre\" \/>\n<meta name=\"twitter:card\" content=\"summary_large_image\" \/>\n<meta name=\"twitter:label1\" content=\"Escrito por\" \/>\n\t<meta name=\"twitter:data1\" content=\"montalegre\" \/>\n\t<meta name=\"twitter:label2\" content=\"Tiempo de lectura\" \/>\n\t<meta name=\"twitter:data2\" content=\"2 minutos\" \/>\n<script type=\"application\/ld+json\" class=\"yoast-schema-graph\">{\"@context\":\"https:\/\/schema.org\",\"@graph\":[{\"@type\":\"Article\",\"@id\":\"https:\/\/www.montalegre.org\/es\/2017\/10\/el-anuncio-de-la-palabra\/#article\",\"isPartOf\":{\"@id\":\"https:\/\/www.montalegre.org\/es\/2017\/10\/el-anuncio-de-la-palabra\/\"},\"author\":{\"name\":\"montalegre\",\"@id\":\"https:\/\/www.montalegre.org\/es\/#\/schema\/person\/fa12d4cf3a3f1735a9176b4fafd6a633\"},\"headline\":\"El anuncio de la Palabra\",\"datePublished\":\"2017-10-14T18:14:56+00:00\",\"mainEntityOfPage\":{\"@id\":\"https:\/\/www.montalegre.org\/es\/2017\/10\/el-anuncio-de-la-palabra\/\"},\"wordCount\":323,\"commentCount\":0,\"articleSection\":[\"Editorial\"],\"inLanguage\":\"es\",\"potentialAction\":[{\"@type\":\"CommentAction\",\"name\":\"Comment\",\"target\":[\"https:\/\/www.montalegre.org\/es\/2017\/10\/el-anuncio-de-la-palabra\/#respond\"]}]},{\"@type\":\"WebPage\",\"@id\":\"https:\/\/www.montalegre.org\/es\/2017\/10\/el-anuncio-de-la-palabra\/\",\"url\":\"https:\/\/www.montalegre.org\/es\/2017\/10\/el-anuncio-de-la-palabra\/\",\"name\":\"El anuncio de la Palabra - Montalegre\",\"isPartOf\":{\"@id\":\"https:\/\/www.montalegre.org\/es\/#website\"},\"datePublished\":\"2017-10-14T18:14:56+00:00\",\"author\":{\"@id\":\"https:\/\/www.montalegre.org\/es\/#\/schema\/person\/fa12d4cf3a3f1735a9176b4fafd6a633\"},\"breadcrumb\":{\"@id\":\"https:\/\/www.montalegre.org\/es\/2017\/10\/el-anuncio-de-la-palabra\/#breadcrumb\"},\"inLanguage\":\"es\",\"potentialAction\":[{\"@type\":\"ReadAction\",\"target\":[\"https:\/\/www.montalegre.org\/es\/2017\/10\/el-anuncio-de-la-palabra\/\"]}]},{\"@type\":\"BreadcrumbList\",\"@id\":\"https:\/\/www.montalegre.org\/es\/2017\/10\/el-anuncio-de-la-palabra\/#breadcrumb\",\"itemListElement\":[{\"@type\":\"ListItem\",\"position\":1,\"name\":\"Portada\",\"item\":\"https:\/\/www.montalegre.org\/es\/\"},{\"@type\":\"ListItem\",\"position\":2,\"name\":\"El anuncio de la Palabra\"}]},{\"@type\":\"WebSite\",\"@id\":\"https:\/\/www.montalegre.org\/es\/#website\",\"url\":\"https:\/\/www.montalegre.org\/es\/\",\"name\":\"Montalegre\",\"description\":\"\",\"potentialAction\":[{\"@type\":\"SearchAction\",\"target\":{\"@type\":\"EntryPoint\",\"urlTemplate\":\"https:\/\/www.montalegre.org\/es\/?s={search_term_string}\"},\"query-input\":{\"@type\":\"PropertyValueSpecification\",\"valueRequired\":true,\"valueName\":\"search_term_string\"}}],\"inLanguage\":\"es\"},{\"@type\":\"Person\",\"@id\":\"https:\/\/www.montalegre.org\/es\/#\/schema\/person\/fa12d4cf3a3f1735a9176b4fafd6a633\",\"name\":\"montalegre\",\"image\":{\"@type\":\"ImageObject\",\"inLanguage\":\"es\",\"@id\":\"https:\/\/www.montalegre.org\/es\/#\/schema\/person\/image\/\",\"url\":\"https:\/\/secure.gravatar.com\/avatar\/fe6d886cf5081e723c666dceda1f12d4f39070fa2ed4e79695edc3ca355c9b5a?s=96&d=mm&r=g\",\"contentUrl\":\"https:\/\/secure.gravatar.com\/avatar\/fe6d886cf5081e723c666dceda1f12d4f39070fa2ed4e79695edc3ca355c9b5a?s=96&d=mm&r=g\",\"caption\":\"montalegre\"},\"url\":\"https:\/\/www.montalegre.org\/es\/author\/montalegre\/\"}]}<\/script>\n<!-- \/ Yoast SEO plugin. -->","yoast_head_json":{"title":"El anuncio de la Palabra - Montalegre","robots":{"index":"index","follow":"follow","max-snippet":"max-snippet:-1","max-image-preview":"max-image-preview:large","max-video-preview":"max-video-preview:-1"},"canonical":"https:\/\/www.montalegre.org\/es\/2017\/10\/el-anuncio-de-la-palabra\/","og_locale":"es_ES","og_type":"article","og_title":"El anuncio de la Palabra - Montalegre","og_description":"Dios no se impone. Y es el \u00fanico que podr\u00eda hacerlo sin faltar a la justicia y a la libertad. Pero no lo hace. Ha escogido darse a conocer\u00a0 a trav\u00e9s del Verbo encarnado y anunciar y revelar la venida del Reino de Dios, de la salvaci\u00f3n, para que cada uno libremente la acepte en [&hellip;]","og_url":"https:\/\/www.montalegre.org\/es\/2017\/10\/el-anuncio-de-la-palabra\/","og_site_name":"Montalegre","article_published_time":"2017-10-14T18:14:56+00:00","author":"montalegre","twitter_card":"summary_large_image","twitter_misc":{"Escrito por":"montalegre","Tiempo de lectura":"2 minutos"},"schema":{"@context":"https:\/\/schema.org","@graph":[{"@type":"Article","@id":"https:\/\/www.montalegre.org\/es\/2017\/10\/el-anuncio-de-la-palabra\/#article","isPartOf":{"@id":"https:\/\/www.montalegre.org\/es\/2017\/10\/el-anuncio-de-la-palabra\/"},"author":{"name":"montalegre","@id":"https:\/\/www.montalegre.org\/es\/#\/schema\/person\/fa12d4cf3a3f1735a9176b4fafd6a633"},"headline":"El anuncio de la Palabra","datePublished":"2017-10-14T18:14:56+00:00","mainEntityOfPage":{"@id":"https:\/\/www.montalegre.org\/es\/2017\/10\/el-anuncio-de-la-palabra\/"},"wordCount":323,"commentCount":0,"articleSection":["Editorial"],"inLanguage":"es","potentialAction":[{"@type":"CommentAction","name":"Comment","target":["https:\/\/www.montalegre.org\/es\/2017\/10\/el-anuncio-de-la-palabra\/#respond"]}]},{"@type":"WebPage","@id":"https:\/\/www.montalegre.org\/es\/2017\/10\/el-anuncio-de-la-palabra\/","url":"https:\/\/www.montalegre.org\/es\/2017\/10\/el-anuncio-de-la-palabra\/","name":"El anuncio de la Palabra - Montalegre","isPartOf":{"@id":"https:\/\/www.montalegre.org\/es\/#website"},"datePublished":"2017-10-14T18:14:56+00:00","author":{"@id":"https:\/\/www.montalegre.org\/es\/#\/schema\/person\/fa12d4cf3a3f1735a9176b4fafd6a633"},"breadcrumb":{"@id":"https:\/\/www.montalegre.org\/es\/2017\/10\/el-anuncio-de-la-palabra\/#breadcrumb"},"inLanguage":"es","potentialAction":[{"@type":"ReadAction","target":["https:\/\/www.montalegre.org\/es\/2017\/10\/el-anuncio-de-la-palabra\/"]}]},{"@type":"BreadcrumbList","@id":"https:\/\/www.montalegre.org\/es\/2017\/10\/el-anuncio-de-la-palabra\/#breadcrumb","itemListElement":[{"@type":"ListItem","position":1,"name":"Portada","item":"https:\/\/www.montalegre.org\/es\/"},{"@type":"ListItem","position":2,"name":"El anuncio de la Palabra"}]},{"@type":"WebSite","@id":"https:\/\/www.montalegre.org\/es\/#website","url":"https:\/\/www.montalegre.org\/es\/","name":"Montalegre","description":"","potentialAction":[{"@type":"SearchAction","target":{"@type":"EntryPoint","urlTemplate":"https:\/\/www.montalegre.org\/es\/?s={search_term_string}"},"query-input":{"@type":"PropertyValueSpecification","valueRequired":true,"valueName":"search_term_string"}}],"inLanguage":"es"},{"@type":"Person","@id":"https:\/\/www.montalegre.org\/es\/#\/schema\/person\/fa12d4cf3a3f1735a9176b4fafd6a633","name":"montalegre","image":{"@type":"ImageObject","inLanguage":"es","@id":"https:\/\/www.montalegre.org\/es\/#\/schema\/person\/image\/","url":"https:\/\/secure.gravatar.com\/avatar\/fe6d886cf5081e723c666dceda1f12d4f39070fa2ed4e79695edc3ca355c9b5a?s=96&d=mm&r=g","contentUrl":"https:\/\/secure.gravatar.com\/avatar\/fe6d886cf5081e723c666dceda1f12d4f39070fa2ed4e79695edc3ca355c9b5a?s=96&d=mm&r=g","caption":"montalegre"},"url":"https:\/\/www.montalegre.org\/es\/author\/montalegre\/"}]}},"_links":{"self":[{"href":"https:\/\/www.montalegre.org\/es\/wp-json\/wp\/v2\/posts\/11439","targetHints":{"allow":["GET"]}}],"collection":[{"href":"https:\/\/www.montalegre.org\/es\/wp-json\/wp\/v2\/posts"}],"about":[{"href":"https:\/\/www.montalegre.org\/es\/wp-json\/wp\/v2\/types\/post"}],"author":[{"embeddable":true,"href":"https:\/\/www.montalegre.org\/es\/wp-json\/wp\/v2\/users\/4"}],"replies":[{"embeddable":true,"href":"https:\/\/www.montalegre.org\/es\/wp-json\/wp\/v2\/comments?post=11439"}],"version-history":[{"count":1,"href":"https:\/\/www.montalegre.org\/es\/wp-json\/wp\/v2\/posts\/11439\/revisions"}],"predecessor-version":[{"id":11440,"href":"https:\/\/www.montalegre.org\/es\/wp-json\/wp\/v2\/posts\/11439\/revisions\/11440"}],"wp:attachment":[{"href":"https:\/\/www.montalegre.org\/es\/wp-json\/wp\/v2\/media?parent=11439"}],"wp:term":[{"taxonomy":"category","embeddable":true,"href":"https:\/\/www.montalegre.org\/es\/wp-json\/wp\/v2\/categories?post=11439"},{"taxonomy":"post_tag","embeddable":true,"href":"https:\/\/www.montalegre.org\/es\/wp-json\/wp\/v2\/tags?post=11439"}],"curies":[{"name":"wp","href":"https:\/\/api.w.org\/{rel}","templated":true}]}}