{"id":11398,"date":"2017-10-03T17:08:39","date_gmt":"2017-10-03T17:08:39","guid":{"rendered":"https:\/\/www.montalegre.org\/?p=11398\/"},"modified":"2017-10-03T17:14:07","modified_gmt":"2017-10-03T17:14:07","slug":"concierto-de-opera-por-la-paz","status":"publish","type":"post","link":"https:\/\/www.montalegre.org\/es\/2017\/10\/concierto-de-opera-por-la-paz\/","title":{"rendered":"Concierto de \u00f3pera por la paz"},"content":{"rendered":"<p><a href=\"https:\/\/www.montalegre.org\/wp-content\/uploads\/2017\/10\/IMG_3625.jpg\"><img loading=\"lazy\" decoding=\"async\" class=\"alignleft wp-image-11391\" src=\"https:\/\/www.montalegre.org\/wp-content\/uploads\/2017\/10\/IMG_3625-480x360.jpg\" alt=\"\" width=\"453\" height=\"340\" srcset=\"https:\/\/www.montalegre.org\/wp-content\/uploads\/2017\/10\/IMG_3625-480x360.jpg 480w, https:\/\/www.montalegre.org\/wp-content\/uploads\/2017\/10\/IMG_3625-1024x768.jpg 1024w, https:\/\/www.montalegre.org\/wp-content\/uploads\/2017\/10\/IMG_3625-600x450.jpg 600w, https:\/\/www.montalegre.org\/wp-content\/uploads\/2017\/10\/IMG_3625.jpg 2048w\" sizes=\"auto, (max-width: 453px) 100vw, 453px\" \/><\/a>En la v\u00edspera de la festividad de Nuestra Se\u00f1ora de la Merced, el d\u00eda 23 de setiembre de 2017, se celebr\u00f3 en la Iglesia de Santa Mar\u00eda de Montalegre un concierto para rezar por las v\u00edctimas de los atentados sufridos en Barcelona los d\u00edas 17 y 18 de agosto de 2017, a cargo del tenor se\u00f1or Dresden Ramos y la pianista se\u00f1ora Marina G\u00f3mez Nagales.<\/p>\n<p>El rector de Montalegre abri\u00f3 el acto y nos invit\u00f3 a rezar por las v\u00edctimas y por la paz dirigi\u00e9ndonos a la <em>Princesa de Barcelona<\/em>, Nuestra Se\u00f1ora de la Merced, especialmente en los cantos dirigidos a la Virgen Sant\u00edsima.<\/p>\n<p>El anuncio del concierto gener\u00f3 mucho inter\u00e9s, sobre todo en el barrio del Raval, y aconteci\u00f3 que particip\u00f3 mucho p\u00fablico en el evento. El concierto complaci\u00f3 m\u00e1s de lo esperado, trat\u00e1ndose de unos artistas j\u00f3venes pero muy cultivados. Dresden Ramos cant\u00f3 a pulm\u00f3n abierto, sin micro, a pesar de que la sonoridad del templo no es la de una sala de conciertos. Y la pianista, con un piano peque\u00f1o y el\u00e9ctrico. Con estas dificultades, propias de los comienzos, no impidieron a los artistas ofrecer a los asistentes un buen concierto, pues lo hicieron muy bien.<\/p>\n<p>&nbsp;<\/p>\n<p><strong>Programa<\/strong><\/p>\n<p>En la primera parte se interpretaron seis versiones distintas del <em>Ave Mar\u00eda<\/em>: de Giulio Caccini (1970); de Johann Sebastian Bach y Charles Gounod; \u201cEllens Gesang III\u201d, D 839, Op. 52, No.6, de Frannz Schubert (1825); Intermezzo de la \u00f3pera Cavalleria Rusticana, de Pietro Mascagni (1890); y de Francisco Santiago (1919).<\/p>\n<p>En la segunda parte del programa, los artistas ofrecieron piezas de \u00f3peras: Ombra mai fu de la \u00f3pera Serse de H\u00e4ndel, (1738); Caro mio ben de Giordani (1783); O del mio amato ben de Donaudy (1918); Nacht und tr\u00e4ume, D.827 de Schubert (1825); Zueignung de Richard Strauss (1885); y La Danza de Rossini (1835).<\/p>\n<p><a href=\"https:\/\/www.montalegre.org\/wp-content\/uploads\/2017\/10\/IMG_3680.jpg\"><img loading=\"lazy\" decoding=\"async\" class=\"alignright wp-image-11392\" src=\"https:\/\/www.montalegre.org\/wp-content\/uploads\/2017\/10\/IMG_3680-480x360.jpg\" alt=\"\" width=\"444\" height=\"333\" srcset=\"https:\/\/www.montalegre.org\/wp-content\/uploads\/2017\/10\/IMG_3680-480x360.jpg 480w, https:\/\/www.montalegre.org\/wp-content\/uploads\/2017\/10\/IMG_3680-1024x768.jpg 1024w, https:\/\/www.montalegre.org\/wp-content\/uploads\/2017\/10\/IMG_3680-600x450.jpg 600w, https:\/\/www.montalegre.org\/wp-content\/uploads\/2017\/10\/IMG_3680.jpg 2048w\" sizes=\"auto, (max-width: 444px) 100vw, 444px\" \/><\/a><\/p>\n<p>&nbsp;<\/p>\n<p><strong>Apuntes profesionales<\/strong><\/p>\n<p><strong>Dresden Ramos<\/strong><\/p>\n<p>Termin\u00f3 su Master en Canto Cl\u00e1sico con el tenor Eduard Gim\u00e9nez y tambi\u00e9n el Master en \u00d3pera en el Conservatorio Superior de M\u00fasica del Liceu. Particip\u00f3 en Masterclasses de algunos famosos cantantes de \u00f3pera como Teresa Berganza, Raina Kabaivanska, Francisco Araiza y Javier Camarena. Su actuaci\u00f3n de \u00f3pera reciente fue en Weimar, Alemania con &#8220;La flauta m\u00e1gica&#8221; de Mozart y tambi\u00e9n actu\u00f3 en algunos conciertos en algunas ciudades de dicho pa\u00eds con el Lyric Opera Studio Weimar. Tambi\u00e9n, tuvo una gala de \u00f3pera en Copenhague, Dinamarca con el pianista Vagn Sorensen. Igualmente ha ofrecido conciertos en Barcelona, y en Montalegre en las pasadas fiestas de Navidad.<\/p>\n<p><strong><a href=\"https:\/\/www.montalegre.org\/wp-content\/uploads\/2017\/10\/IMG_3646.jpg\"><img loading=\"lazy\" decoding=\"async\" class=\"alignleft wp-image-11393\" src=\"https:\/\/www.montalegre.org\/wp-content\/uploads\/2017\/10\/IMG_3646-480x360.jpg\" alt=\"\" width=\"406\" height=\"304\" srcset=\"https:\/\/www.montalegre.org\/wp-content\/uploads\/2017\/10\/IMG_3646-480x360.jpg 480w, https:\/\/www.montalegre.org\/wp-content\/uploads\/2017\/10\/IMG_3646-1024x768.jpg 1024w, https:\/\/www.montalegre.org\/wp-content\/uploads\/2017\/10\/IMG_3646-600x450.jpg 600w, https:\/\/www.montalegre.org\/wp-content\/uploads\/2017\/10\/IMG_3646.jpg 2048w\" sizes=\"auto, (max-width: 406px) 100vw, 406px\" \/><\/a>Marina G\u00f3mez Nagales<\/strong><\/p>\n<p>Tras graduarse en el Conservatorio Superior de M\u00fasica del Liceu en Barcelona con el pianista Tensy Krismant, Marina est\u00e1 acabando sus estudios de Master en el conservatorio Trinity Laban en Londres, donde estudia bajo la tutela de la pianista Elena Riu. Recientemente ha recibido masterclass del famoso pianista Pascal Rog\u00e9 y ha tocado en diferentes recitales como acompa\u00f1ante o solista tanto en Barcelona como en Londres. Tambi\u00e9n en Montalegre junto a Dresden Ramos.<\/p>\n<p><strong>El broche de oro<\/strong><\/p>\n<p>Despu\u00e9s de ofrecer el programa referido y recibir profusos aplausos, Dresden y Marina acabaron el concierto con una canci\u00f3n catalana de amor, Ross\u00f3. Escogieron el mejor final.<\/p>\n<p>Isabel Hern\u00e1ndez Esteban<\/p>\n","protected":false},"excerpt":{"rendered":"<p>En la v\u00edspera de la festividad de Nuestra Se\u00f1ora de la Merced, el d\u00eda 23 de setiembre de 2017, se celebr\u00f3 en la Iglesia de Santa Mar\u00eda de Montalegre un concierto para rezar por las v\u00edctimas de los atentados sufridos en Barcelona los d\u00edas 17 y 18 de agosto de 2017, a cargo del tenor [&hellip;]<\/p>\n","protected":false},"author":4,"featured_media":0,"comment_status":"open","ping_status":"open","sticky":false,"template":"","format":"standard","meta":{"footnotes":""},"categories":[1],"tags":[],"class_list":["post-11398","post","type-post","status-publish","format-standard","hentry","category-noticias-de-montalegre"],"yoast_head":"<!-- This site is optimized with the Yoast SEO plugin v27.1.1 - https:\/\/yoast.com\/product\/yoast-seo-wordpress\/ -->\n<title>Concierto de \u00f3pera por la paz - Montalegre<\/title>\n<meta name=\"robots\" content=\"index, follow, max-snippet:-1, max-image-preview:large, max-video-preview:-1\" \/>\n<link rel=\"canonical\" href=\"https:\/\/www.montalegre.org\/es\/2017\/10\/concierto-de-opera-por-la-paz\/\" \/>\n<meta property=\"og:locale\" content=\"es_ES\" \/>\n<meta property=\"og:type\" content=\"article\" \/>\n<meta property=\"og:title\" content=\"Concierto de \u00f3pera por la paz - Montalegre\" \/>\n<meta property=\"og:description\" content=\"En la v\u00edspera de la festividad de Nuestra Se\u00f1ora de la Merced, el d\u00eda 23 de setiembre de 2017, se celebr\u00f3 en la Iglesia de Santa Mar\u00eda de Montalegre un concierto para rezar por las v\u00edctimas de los atentados sufridos en Barcelona los d\u00edas 17 y 18 de agosto de 2017, a cargo del tenor [&hellip;]\" \/>\n<meta property=\"og:url\" content=\"https:\/\/www.montalegre.org\/es\/2017\/10\/concierto-de-opera-por-la-paz\/\" \/>\n<meta property=\"og:site_name\" content=\"Montalegre\" \/>\n<meta property=\"article:published_time\" content=\"2017-10-03T17:08:39+00:00\" \/>\n<meta property=\"article:modified_time\" content=\"2017-10-03T17:14:07+00:00\" \/>\n<meta property=\"og:image\" content=\"https:\/\/www.montalegre.org\/wp-content\/uploads\/2017\/10\/IMG_3625-480x360.jpg\" \/>\n<meta name=\"author\" content=\"montalegre\" \/>\n<meta name=\"twitter:card\" content=\"summary_large_image\" \/>\n<meta name=\"twitter:label1\" content=\"Escrito por\" \/>\n\t<meta name=\"twitter:data1\" content=\"montalegre\" \/>\n\t<meta name=\"twitter:label2\" content=\"Tiempo de lectura\" \/>\n\t<meta name=\"twitter:data2\" content=\"3 minutos\" \/>\n<script type=\"application\/ld+json\" class=\"yoast-schema-graph\">{\"@context\":\"https:\/\/schema.org\",\"@graph\":[{\"@type\":\"Article\",\"@id\":\"https:\/\/www.montalegre.org\/es\/2017\/10\/concierto-de-opera-por-la-paz\/#article\",\"isPartOf\":{\"@id\":\"https:\/\/www.montalegre.org\/es\/2017\/10\/concierto-de-opera-por-la-paz\/\"},\"author\":{\"name\":\"montalegre\",\"@id\":\"https:\/\/www.montalegre.org\/es\/#\/schema\/person\/fa12d4cf3a3f1735a9176b4fafd6a633\"},\"headline\":\"Concierto de \u00f3pera por la paz\",\"datePublished\":\"2017-10-03T17:08:39+00:00\",\"dateModified\":\"2017-10-03T17:14:07+00:00\",\"mainEntityOfPage\":{\"@id\":\"https:\/\/www.montalegre.org\/es\/2017\/10\/concierto-de-opera-por-la-paz\/\"},\"wordCount\":555,\"commentCount\":0,\"image\":{\"@id\":\"https:\/\/www.montalegre.org\/es\/2017\/10\/concierto-de-opera-por-la-paz\/#primaryimage\"},\"thumbnailUrl\":\"https:\/\/www.montalegre.org\/wp-content\/uploads\/2017\/10\/IMG_3625-480x360.jpg\",\"articleSection\":[\"Noticias de Montalegre\"],\"inLanguage\":\"es\",\"potentialAction\":[{\"@type\":\"CommentAction\",\"name\":\"Comment\",\"target\":[\"https:\/\/www.montalegre.org\/es\/2017\/10\/concierto-de-opera-por-la-paz\/#respond\"]}]},{\"@type\":\"WebPage\",\"@id\":\"https:\/\/www.montalegre.org\/es\/2017\/10\/concierto-de-opera-por-la-paz\/\",\"url\":\"https:\/\/www.montalegre.org\/es\/2017\/10\/concierto-de-opera-por-la-paz\/\",\"name\":\"Concierto de \u00f3pera por la paz - Montalegre\",\"isPartOf\":{\"@id\":\"https:\/\/www.montalegre.org\/es\/#website\"},\"primaryImageOfPage\":{\"@id\":\"https:\/\/www.montalegre.org\/es\/2017\/10\/concierto-de-opera-por-la-paz\/#primaryimage\"},\"image\":{\"@id\":\"https:\/\/www.montalegre.org\/es\/2017\/10\/concierto-de-opera-por-la-paz\/#primaryimage\"},\"thumbnailUrl\":\"https:\/\/www.montalegre.org\/wp-content\/uploads\/2017\/10\/IMG_3625-480x360.jpg\",\"datePublished\":\"2017-10-03T17:08:39+00:00\",\"dateModified\":\"2017-10-03T17:14:07+00:00\",\"author\":{\"@id\":\"https:\/\/www.montalegre.org\/es\/#\/schema\/person\/fa12d4cf3a3f1735a9176b4fafd6a633\"},\"breadcrumb\":{\"@id\":\"https:\/\/www.montalegre.org\/es\/2017\/10\/concierto-de-opera-por-la-paz\/#breadcrumb\"},\"inLanguage\":\"es\",\"potentialAction\":[{\"@type\":\"ReadAction\",\"target\":[\"https:\/\/www.montalegre.org\/es\/2017\/10\/concierto-de-opera-por-la-paz\/\"]}]},{\"@type\":\"ImageObject\",\"inLanguage\":\"es\",\"@id\":\"https:\/\/www.montalegre.org\/es\/2017\/10\/concierto-de-opera-por-la-paz\/#primaryimage\",\"url\":\"https:\/\/www.montalegre.org\/wp-content\/uploads\/2017\/10\/IMG_3625-480x360.jpg\",\"contentUrl\":\"https:\/\/www.montalegre.org\/wp-content\/uploads\/2017\/10\/IMG_3625-480x360.jpg\"},{\"@type\":\"BreadcrumbList\",\"@id\":\"https:\/\/www.montalegre.org\/es\/2017\/10\/concierto-de-opera-por-la-paz\/#breadcrumb\",\"itemListElement\":[{\"@type\":\"ListItem\",\"position\":1,\"name\":\"Portada\",\"item\":\"https:\/\/www.montalegre.org\/es\/\"},{\"@type\":\"ListItem\",\"position\":2,\"name\":\"Concierto de \u00f3pera por la paz\"}]},{\"@type\":\"WebSite\",\"@id\":\"https:\/\/www.montalegre.org\/es\/#website\",\"url\":\"https:\/\/www.montalegre.org\/es\/\",\"name\":\"Montalegre\",\"description\":\"\",\"potentialAction\":[{\"@type\":\"SearchAction\",\"target\":{\"@type\":\"EntryPoint\",\"urlTemplate\":\"https:\/\/www.montalegre.org\/es\/?s={search_term_string}\"},\"query-input\":{\"@type\":\"PropertyValueSpecification\",\"valueRequired\":true,\"valueName\":\"search_term_string\"}}],\"inLanguage\":\"es\"},{\"@type\":\"Person\",\"@id\":\"https:\/\/www.montalegre.org\/es\/#\/schema\/person\/fa12d4cf3a3f1735a9176b4fafd6a633\",\"name\":\"montalegre\",\"image\":{\"@type\":\"ImageObject\",\"inLanguage\":\"es\",\"@id\":\"https:\/\/www.montalegre.org\/es\/#\/schema\/person\/image\/\",\"url\":\"https:\/\/secure.gravatar.com\/avatar\/fe6d886cf5081e723c666dceda1f12d4f39070fa2ed4e79695edc3ca355c9b5a?s=96&d=mm&r=g\",\"contentUrl\":\"https:\/\/secure.gravatar.com\/avatar\/fe6d886cf5081e723c666dceda1f12d4f39070fa2ed4e79695edc3ca355c9b5a?s=96&d=mm&r=g\",\"caption\":\"montalegre\"},\"url\":\"https:\/\/www.montalegre.org\/es\/author\/montalegre\/\"}]}<\/script>\n<!-- \/ Yoast SEO plugin. -->","yoast_head_json":{"title":"Concierto de \u00f3pera por la paz - Montalegre","robots":{"index":"index","follow":"follow","max-snippet":"max-snippet:-1","max-image-preview":"max-image-preview:large","max-video-preview":"max-video-preview:-1"},"canonical":"https:\/\/www.montalegre.org\/es\/2017\/10\/concierto-de-opera-por-la-paz\/","og_locale":"es_ES","og_type":"article","og_title":"Concierto de \u00f3pera por la paz - Montalegre","og_description":"En la v\u00edspera de la festividad de Nuestra Se\u00f1ora de la Merced, el d\u00eda 23 de setiembre de 2017, se celebr\u00f3 en la Iglesia de Santa Mar\u00eda de Montalegre un concierto para rezar por las v\u00edctimas de los atentados sufridos en Barcelona los d\u00edas 17 y 18 de agosto de 2017, a cargo del tenor [&hellip;]","og_url":"https:\/\/www.montalegre.org\/es\/2017\/10\/concierto-de-opera-por-la-paz\/","og_site_name":"Montalegre","article_published_time":"2017-10-03T17:08:39+00:00","article_modified_time":"2017-10-03T17:14:07+00:00","og_image":[{"url":"https:\/\/www.montalegre.org\/wp-content\/uploads\/2017\/10\/IMG_3625-480x360.jpg","type":"","width":"","height":""}],"author":"montalegre","twitter_card":"summary_large_image","twitter_misc":{"Escrito por":"montalegre","Tiempo de lectura":"3 minutos"},"schema":{"@context":"https:\/\/schema.org","@graph":[{"@type":"Article","@id":"https:\/\/www.montalegre.org\/es\/2017\/10\/concierto-de-opera-por-la-paz\/#article","isPartOf":{"@id":"https:\/\/www.montalegre.org\/es\/2017\/10\/concierto-de-opera-por-la-paz\/"},"author":{"name":"montalegre","@id":"https:\/\/www.montalegre.org\/es\/#\/schema\/person\/fa12d4cf3a3f1735a9176b4fafd6a633"},"headline":"Concierto de \u00f3pera por la paz","datePublished":"2017-10-03T17:08:39+00:00","dateModified":"2017-10-03T17:14:07+00:00","mainEntityOfPage":{"@id":"https:\/\/www.montalegre.org\/es\/2017\/10\/concierto-de-opera-por-la-paz\/"},"wordCount":555,"commentCount":0,"image":{"@id":"https:\/\/www.montalegre.org\/es\/2017\/10\/concierto-de-opera-por-la-paz\/#primaryimage"},"thumbnailUrl":"https:\/\/www.montalegre.org\/wp-content\/uploads\/2017\/10\/IMG_3625-480x360.jpg","articleSection":["Noticias de Montalegre"],"inLanguage":"es","potentialAction":[{"@type":"CommentAction","name":"Comment","target":["https:\/\/www.montalegre.org\/es\/2017\/10\/concierto-de-opera-por-la-paz\/#respond"]}]},{"@type":"WebPage","@id":"https:\/\/www.montalegre.org\/es\/2017\/10\/concierto-de-opera-por-la-paz\/","url":"https:\/\/www.montalegre.org\/es\/2017\/10\/concierto-de-opera-por-la-paz\/","name":"Concierto de \u00f3pera por la paz - Montalegre","isPartOf":{"@id":"https:\/\/www.montalegre.org\/es\/#website"},"primaryImageOfPage":{"@id":"https:\/\/www.montalegre.org\/es\/2017\/10\/concierto-de-opera-por-la-paz\/#primaryimage"},"image":{"@id":"https:\/\/www.montalegre.org\/es\/2017\/10\/concierto-de-opera-por-la-paz\/#primaryimage"},"thumbnailUrl":"https:\/\/www.montalegre.org\/wp-content\/uploads\/2017\/10\/IMG_3625-480x360.jpg","datePublished":"2017-10-03T17:08:39+00:00","dateModified":"2017-10-03T17:14:07+00:00","author":{"@id":"https:\/\/www.montalegre.org\/es\/#\/schema\/person\/fa12d4cf3a3f1735a9176b4fafd6a633"},"breadcrumb":{"@id":"https:\/\/www.montalegre.org\/es\/2017\/10\/concierto-de-opera-por-la-paz\/#breadcrumb"},"inLanguage":"es","potentialAction":[{"@type":"ReadAction","target":["https:\/\/www.montalegre.org\/es\/2017\/10\/concierto-de-opera-por-la-paz\/"]}]},{"@type":"ImageObject","inLanguage":"es","@id":"https:\/\/www.montalegre.org\/es\/2017\/10\/concierto-de-opera-por-la-paz\/#primaryimage","url":"https:\/\/www.montalegre.org\/wp-content\/uploads\/2017\/10\/IMG_3625-480x360.jpg","contentUrl":"https:\/\/www.montalegre.org\/wp-content\/uploads\/2017\/10\/IMG_3625-480x360.jpg"},{"@type":"BreadcrumbList","@id":"https:\/\/www.montalegre.org\/es\/2017\/10\/concierto-de-opera-por-la-paz\/#breadcrumb","itemListElement":[{"@type":"ListItem","position":1,"name":"Portada","item":"https:\/\/www.montalegre.org\/es\/"},{"@type":"ListItem","position":2,"name":"Concierto de \u00f3pera por la paz"}]},{"@type":"WebSite","@id":"https:\/\/www.montalegre.org\/es\/#website","url":"https:\/\/www.montalegre.org\/es\/","name":"Montalegre","description":"","potentialAction":[{"@type":"SearchAction","target":{"@type":"EntryPoint","urlTemplate":"https:\/\/www.montalegre.org\/es\/?s={search_term_string}"},"query-input":{"@type":"PropertyValueSpecification","valueRequired":true,"valueName":"search_term_string"}}],"inLanguage":"es"},{"@type":"Person","@id":"https:\/\/www.montalegre.org\/es\/#\/schema\/person\/fa12d4cf3a3f1735a9176b4fafd6a633","name":"montalegre","image":{"@type":"ImageObject","inLanguage":"es","@id":"https:\/\/www.montalegre.org\/es\/#\/schema\/person\/image\/","url":"https:\/\/secure.gravatar.com\/avatar\/fe6d886cf5081e723c666dceda1f12d4f39070fa2ed4e79695edc3ca355c9b5a?s=96&d=mm&r=g","contentUrl":"https:\/\/secure.gravatar.com\/avatar\/fe6d886cf5081e723c666dceda1f12d4f39070fa2ed4e79695edc3ca355c9b5a?s=96&d=mm&r=g","caption":"montalegre"},"url":"https:\/\/www.montalegre.org\/es\/author\/montalegre\/"}]}},"_links":{"self":[{"href":"https:\/\/www.montalegre.org\/es\/wp-json\/wp\/v2\/posts\/11398","targetHints":{"allow":["GET"]}}],"collection":[{"href":"https:\/\/www.montalegre.org\/es\/wp-json\/wp\/v2\/posts"}],"about":[{"href":"https:\/\/www.montalegre.org\/es\/wp-json\/wp\/v2\/types\/post"}],"author":[{"embeddable":true,"href":"https:\/\/www.montalegre.org\/es\/wp-json\/wp\/v2\/users\/4"}],"replies":[{"embeddable":true,"href":"https:\/\/www.montalegre.org\/es\/wp-json\/wp\/v2\/comments?post=11398"}],"version-history":[{"count":6,"href":"https:\/\/www.montalegre.org\/es\/wp-json\/wp\/v2\/posts\/11398\/revisions"}],"predecessor-version":[{"id":11404,"href":"https:\/\/www.montalegre.org\/es\/wp-json\/wp\/v2\/posts\/11398\/revisions\/11404"}],"wp:attachment":[{"href":"https:\/\/www.montalegre.org\/es\/wp-json\/wp\/v2\/media?parent=11398"}],"wp:term":[{"taxonomy":"category","embeddable":true,"href":"https:\/\/www.montalegre.org\/es\/wp-json\/wp\/v2\/categories?post=11398"},{"taxonomy":"post_tag","embeddable":true,"href":"https:\/\/www.montalegre.org\/es\/wp-json\/wp\/v2\/tags?post=11398"}],"curies":[{"name":"wp","href":"https:\/\/api.w.org\/{rel}","templated":true}]}}