{"id":1128,"date":"2010-05-20T09:36:19","date_gmt":"2010-05-20T09:36:19","guid":{"rendered":"http:\/\/www.montalegre.org\/?p=1128"},"modified":"2010-07-15T09:38:50","modified_gmt":"2010-07-15T09:38:50","slug":"corria-por-nuestras-venas-la-sangre-del-corazon-immaculado-de-maria-3","status":"publish","type":"post","link":"https:\/\/www.montalegre.org\/es\/2010\/05\/corria-por-nuestras-venas-la-sangre-del-corazon-immaculado-de-maria-3\/","title":{"rendered":"Corr\u00eda por nuestras venas la sangre del coraz\u00f3n immaculado de Mar\u00eda"},"content":{"rendered":"<p>\u00a0<strong>En mayo del 2010 nos fuimos de peregrinaci\u00f3n al Santuario de\u00a0 F\u00e1tima,\u00a0 p<\/strong><strong>ara acercarnos m\u00e1s a la Virgen Sant\u00edsima <\/strong><\/p>\n<p><strong>\u00a0<\/strong><strong>\u00a0<\/strong>La ruta mariana de la iglesia \u00a0de este mes de mayo se hab\u00eda pensado desde hac\u00eda muchos meses, y la organizaci\u00f3n para ir a F\u00e1tima, pr\u00e1cticamente a la vuelta del verano del 2009, ya ten\u00eda los motores en total revoluci\u00f3n. Las fechas se establecieron: 14, 15 y 16 de mayo de 2010. Despu\u00e9s supimos los d\u00edas en que ir\u00eda el Santo Padre, Benedicto XVI, pero ya no pudimos cambiar el calendario.\u00a0<\/p>\n<p>Pero el tiempo y las cosas van pasando d\u00eda tras d\u00eda y el d\u00eda de la salida lleg\u00f3, por fin!. Llov\u00eda como tantos otros d\u00edas de esta primavera. Pero nada nos iba a desanimar. Aquel volc\u00e1n island\u00e9s nos hizo rezar todav\u00eda con m\u00e1s intensidad porque nos estuvo \u00a0amenazando hasta dos d\u00edas antes de la salida. En el punto de reuni\u00f3n de la terminal nos encontramos los 29 peregrinos que definitivamente formaba el grupo. En alg\u00fan momento llegamos a ser m\u00e1s numeroso pero se produjeron bajas de diferente \u00edndole, por razones de salud o familiares, cosa que hizo posible que se activara la lista de espera. Y aquellas dos que se pudieron sumar a la peregrinaci\u00f3n como la Carmen U y la Carme M., llamada cari\u00f1osamente <em>\u201cla marquesa\u201d<\/em>\u00a0 estaban la mar de contentas.\u00a0<\/p>\n<p>Todos y todas llegamos al aeropuerto con una extrema puntualidad. Estos fieles de Montalegre proced\u00edan de lugares muy dispares, cuatro vinieron del Vall\u00e9s, cuatro m\u00e1s de Badalona (no obstante Isabel M. hab\u00eda venido de X\u00e0tiva para la ocasi\u00f3n), la Francesca de Vic, la Carmen U de Esplugues, y as\u00ed sucesivamente hasta\u00a0 completar el total con los de Barcelona. Una vez superada la recogida de la tarjeta de embarque, era necesario superar el control policial. Todos los peregrinos para evitar que la autoridad competente iniciara la tarea de tirar las m\u00e1quinas de afeitar, las <em>gillettes<\/em>, y cualquier otra cosa a la basura y sin contemplaciones, facturamos la maleta. Cada uno llevaba encima un m\u00ednimo indispensable pero el arco no va par\u00f3 de pitar. Los varones ten\u00edan que aguantarse los pantalones con las manos, y en las bandejas se ve\u00eda todo lo que todos llev\u00e1bamos encima. Muchos tambi\u00e9n fuimos explorados manualmente porque los botones de los tejanos estaban bajo sospecha.\u00a0<\/p>\n<p>Por fin, ya llegamos a la cafeter\u00eda. No sab\u00edamos cual iba a ser la puerta de salida. Mientras tanto, la <em>tour leader<\/em> obsequi\u00f3 en nombre de la organizaci\u00f3n el <em>pack del peregrino<\/em> con todos los tr\u00edpticos informativos, estampas, pastillas de regaliz, la gorra, la tarjeta identificativa y alguna cosa m\u00e1s. En el tiempo de espera nos fuimos conociendo y descubrimos que Juan es piloto del ej\u00e9rcito del aire del Ministerio de Defensa espa\u00f1ol. Por lo tanto, cualquier imprevisto ya lo ten\u00edamos resuelto, por un lado \u201cnuestro piloto\u201d resolver\u00eda cualquier eventualidad de la cabina de pilotaje, y Mn. Francesc, rector de la iglesia, nos dar\u00eda, <em>al l\u00edmite,<\/em> la \u00faltima bendici\u00f3n para ir directamente al cielo sin pasar por F\u00e1tima.\u00a0<\/p>\n<p>Las turbulencias estaban aseguradas ya que hab\u00edamos de atravesar la manta de nubes, y como m\u00e1s arriba no llueve, era cuesti\u00f3n de resistir ese \u00a0ir de un lado para otro, durante un ratito. Nos sirvieron unos productos portugueses muy buenos as\u00ed que unos cuantos peregrinos no desaprovecharon la ocasi\u00f3n de volver a desayunar. \u00a0Se acercaba el mediod\u00eda y cuando llegamos a Lisboa era la misma hora! Ganamos una hora, era como estar en Londres o en Las Canarias.\u00a0<\/p>\n<p>No se perdi\u00f3 ninguna maleta, todos tranquilos! <em>El autocarista<\/em> nos esperaba como estaba previsto. El trayecto entre el aeropuerto y F\u00e1tima es de 116 kil\u00f3metros, que a la velocidad de Portugal se hicieron en un abrir y cerrar de ojos. Ve\u00edamos en el horizonte el paisaje de las monta\u00f1as y c\u00f3mo el cielo se iba cubriendo con una nube negra o negr\u00edsima que nos fue amenazando todo lo quedaba de d\u00eda. Pero lo fuimos domesticando y finalmente llovi\u00f3 muy poco, pero fue suficiente para que al d\u00eda siguiente Alba y Rosa se compraran unos paraguas, que todav\u00eda no hab\u00edamos visto por aqu\u00ed.\u00a0<\/p>\n<p>En la Residencia de las Irmes de Amor do Deus ya nos estaban esperando, pues Portugal tiene horario europeo, es decir, se almuerza a las 13 horas y se cena antes de las 20 h. \u00a0Pero su amabilidad\u00a0 hizo posible que en este sentido nos fu\u00e9ramos adaptando sin problemas.\u00a0 Era de esperar que almorz\u00e1ramos y cen\u00e1semos el plato nacional: La Sopa, y adem\u00e1s de verduras; en definitiva Marita lo defini\u00f3 como <em>\u201cvientre plano\u201d<\/em>. No falt\u00f3 el bacalao al estilo m\u00e1s portugu\u00e9s: bacalao con patatas y gratinado al horno con huevo batido, Qu\u00e9 cena, la del s\u00e1bado!<em>\u00a0<\/em><\/p>\n<p>No pod\u00edamos perder tiempo, a las 16 horas ya volv\u00eda <em>el autocarista<\/em> para ir de excursi\u00f3n. Se trataba de iniciar la peregrinaci\u00f3n propiamente dicha. Hicimos dos grupos, uno que iba en autocar, ocasi\u00f3n que Joan aprovech\u00f3 para informar por el micr\u00f3fono, de detalles hist\u00f3ricos del entorno y de otras informaciones de los lugares de las apariciones. Otro grupo con la <em>tour leader<\/em> fuimos\u00a0 a pie. Todos quedamos en encontrarnos en Valinhos, en el lugar donde se apareci\u00f3 el \u00e1ngel y la Virgen Sant\u00edsima. El paseo andando no iba a ser m\u00e1s de dos km. Salimos de la residencia\u00a0 en direcci\u00f3n a la <em>rotunda<\/em> de los Pastorinyos. All\u00ed se inicia el camino del Via Crucis (o Via Sacra) \u00a0oraci\u00f3n que puede hacerse parando en las catorce capillitas, todo un regalo de los cristianos h\u00fangaros, salvados de la invasi\u00f3n de los rusos, en el a\u00f1o 1956. En el camino rezamos el rosario del d\u00eda, y como si estuviese medido lo \u00a0acabamos justo ante la capilla de la Virgen Sant\u00edsima, all\u00ed le cantamos el \u201cSalve Madre\u201d (de Torres).\u00a0<\/p>\n<p>Seguimos el camino y despu\u00e9s de subir al mirador de la capilla (donde se estaba celebrando misa, en un idioma eslavo) o\u00edmos muchos cantos o mucha alegr\u00eda que venia del santuario. Despu\u00e9s supimos que <em>uno<\/em> que desisti\u00f3 ir de excursi\u00f3n, porque lo que quer\u00eda era ir a saludar a la Virgen Sant\u00edsima, se encontr\u00f3 \u00a0con una concentraci\u00f3n impresionante\u00a0 de j\u00f3venes neocatecumenales, que llenos de entusiasmo, estaban decididos a evangelizar el mundo, tal como ha de ser.\u00a0<\/p>\n<p>Los dos grupos confluimos en Loca do Cabe\u00e7o cuyas im\u00e1genes reflejan la aparici\u00f3n del \u00e1ngel a Jacinta, a Francisco y a Luc\u00eda, unos lugares verdaderamente especiales, d\u00f3nde se percibe que es un lugar santo. Seguimos caminando hasta Aljustrel donde se pueden visitar las casas de los Pastorinyos, y el lugar del pozo donde tambi\u00e9n el \u00e1ngel les habl\u00f3 y les prepar\u00f3 para \u00a0la llegada de la Virgen Sant\u00edsima. Las c\u00e1maras digitales no pararon un instante, y se fueron formando grupos de peregrinos para tener todos una foto de aquel sitio tan bonito.\u00a0<\/p>\n<p>Y tampoco pod\u00edamos entretenernos m\u00e1s ya que el sacerdote que nos acompa\u00f1aba celebrar\u00eda la santa misa en la residencia a la hora prevista. El regreso lo hicimos todos juntos, era necesario reservar fuerzas para todo lo que quedaba por hacer. Hab\u00edamos preparado, adem\u00e1s del Misal,\u00a0 los textos de les lecturas de la Santa Misa, las plegarias y los cantos de comuni\u00f3n. Ayud\u00f3 a misa Juan el cual tambi\u00e9n ley\u00f3 las plegarias;\u00a0 Rosa ley\u00f3 las lecturas y Magda marc\u00f3 el inicio\u00a0 de los cantos con la nota adecuada.\u00a0 Despu\u00e9s de cenar el plan que ofrec\u00eda la organizaci\u00f3n se hab\u00eda acabado, comenzaba el \u00a0<em>tiempo libre<\/em>.\u00a0<\/p>\n<p>A pesar de todo lo que hab\u00edamos hecho y rezado, \u00a0como est\u00e1bamos muy cerca del santuario, fue imposible resistirse de ir a saludar a la Virgen Sant\u00edsima. Hac\u00eda\u00a0 fresco y lloviznaba; la gran mayor\u00eda de los peregrinos no hab\u00edan estado nunca en F\u00e1tima, sin embargo todos sab\u00edan que a las nueve y media de la noche se rezaba el Rosario de las Velas. Es un rosario que se reza en la capilla de la Virgen, ante la encina donde se apareci\u00f3; no es la original porque hace muchos a\u00f1os se incendi\u00f3 pero en el mismo lugar crece otra de forma exuberante. Todos los misterios del rosario se rezan en los diversos idiomas de los grupos de peregrinos que se han inscrito. No resulta extra\u00f1o o\u00edr ruso, eslovaco, polaco, y franc\u00e9s, tambi\u00e9n italiano, ingl\u00e9s, espa\u00f1ol&#8230;filipino, una oraci\u00f3n universal en donde se alza en procesi\u00f3n la imagen de la Virgen de F\u00e1tima, rodeada de cantos deliciosos de amor celestial.\u00a0<\/p>\n<p>Una vez acabada la procesi\u00f3n, el campanario de la bas\u00edlica toca por \u00faltima vez las horas, hasta el d\u00eda siguiente a les 7 que vuelve a repicar.\u00a0<\/p>\n<p>Y se inicia el segundo d\u00eda de peregrinaci\u00f3n con un desayuno tipo continental, y ya hab\u00eda comentarios de algunas personas que al poco de salir del santuario se \u00a0perdieron pero todo acab\u00f3 bien, solo fue un peque\u00f1o susto de desorientaci\u00f3n inicial. El s\u00e1bado 15 de mayo ten\u00eda una lista de actividades muy intensa \u00a0y con tiempo libre para que los peregrinos fueran a su aire. Una vez acabado el desayuno\u00a0 fuimos a visitar la Bas\u00edlica donde est\u00e1n enterrados los beatos Francisco y Jacinta, los cuales murieron cuando\u00a0 eran unos ni\u00f1os, aproximadamente dos a\u00f1os despu\u00e9s de las apariciones en el 1917. Tambi\u00e9n est\u00e1 enterrada Lucia, que traspas\u00f3 hace cinco a\u00f1os. Con gran devoci\u00f3n la gente va pasando, haciendo cola por toda la nave central del templo, par\u00e1ndose ante las tumbas para hacer una petici\u00f3n o una oraci\u00f3n.\u00a0<\/p>\n<p>Cuando hicimos la inscripci\u00f3n \u2013 varios meses atr\u00e1s- del grupo de la Iglesia de Santa Maria de Montalegre, hab\u00edamos efectuado \u00a0la reserva de una capilla para que el sacerdote celebrara la Santa Misa muy cerca de la Virgen. Se nos asign\u00f3 la Capilla de la Sagrada Familia, un espacio peque\u00f1o pero suficiente acogedor para nuestro grupo. Fernando ayud\u00f3 a Misa, Carme M. ley\u00f3 las lecturas, y la Magda la nota musical.\u00a0<\/p>\n<p>Al salir, luc\u00eda el sol y aprovechamos para hacer una\u00a0 fotograf\u00eda de grupo. Y como Mn. Francesc nos hab\u00eda explicado en las dos homil\u00edas que en el libro de <em>\u201cMemorias de la Hermana Luc\u00eda\u201d<\/em> se recog\u00eda realmente todo lo que pas\u00f3 en las apariciones, y en el cual se destacan aspectos de los Pastorinyos de alt\u00edsimo nivel teol\u00f3gico, a continuaci\u00f3n del recuerdo fotogr\u00e1fico, fuimos a <em>asaltar<\/em> la librer\u00eda del santuario para comprarlo. Alguno lleg\u00f3 tarde y no lo encontr\u00f3; pero por la tarde ya hab\u00edan repuesto ejemplares, o tambi\u00e9n en la librer\u00eda que estaba delante de la residencia se resolvi\u00f3 la compra. Ahora ser\u00e1 necesario leerlo&#8230;..\u00a0<\/p>\n<p>El sol se iba comportando, cada hora que pasaba, un poco mejor, \u00a0ya despuntaba calor y sub\u00eda el color a la cara. Era de agradecer porque hab\u00edamos de atravesar la explanada hasta al fondo donde se inaugur\u00f3 en el a\u00f1o 2004 la iglesia de la Sant\u00edsima Trinidad; puede acoger hasta 8900 persones sentadas y 100 sacerdotes concelebrando juntos, era evidente que se hab\u00eda de visitar. La puerta principal a media ma\u00f1ana estaba cerrada, y esto no pod\u00eda ser!!. Pero en esta vida todo tiene una explicaci\u00f3n, estaba celebr\u00e1ndose la Santa Misa y la iglesia estaba llena! Dios m\u00edo, llena! Cuando vimos salir tanta gente de aquel lugar santo sentimos una inyecci\u00f3n de esperanza impresionante.\u00a0<\/p>\n<p>En los subterr\u00e1neos a los cuales se accede desde all\u00ed mismo, podemos encontrar varias exposiciones sobre F\u00e0tima, toda la historia detallada, con reportajes fotogr\u00e1ficos, y varias capillas, una con la exposici\u00f3n permanente del Sant\u00edsimo, all\u00ed rezamos un ratito; en la capilla de la Reconciliaci\u00f3n, hay sacerdotes confesando permanente, en diversos idiomas; tambi\u00e9n la capilla de la Resurrecci\u00f3n, etc. F\u00e0tima, sin duda, es un santuario para \u00a0rezar.\u00a0<\/p>\n<p>Nos acerc\u00e1bamos al mediod\u00eda&#8230; era necesario volver a la residencia ya que hab\u00edamos de cumplir el horario. A la hora del caf\u00e9 los peregrinos hab\u00edan confraternizado, los que ya se conoc\u00edan como Josep y\u00a0 Quintana\u00a0 no paraban de hacer buen ambiente, y otros como Vicenta, la <em>tour leade<\/em>r, nombrada <em>la pastora<\/em> (sobrenombre que le puso Anna C.) con <em>la marquesa<\/em>\u00a0 y Ana, la enfermera, no pararon de hablar y re\u00edr, incluso cuando ya la mayor\u00eda se hab\u00edan retirado a descansar despu\u00e9s del almuerzo. Pero era necesario resolver una cosa, corri\u00f3 la voz\u00a0 que unas se\u00f1oras del grupo quer\u00edan confesarse. As\u00ed que la <em>tour leader,<\/em> de nuevo, se dirigi\u00f3 al santuario a la b\u00fasqueda de una soluci\u00f3n para el grupo.\u00a0<\/p>\n<p>El servicio de informaci\u00f3n, que a lo largo de toda la organizaci\u00f3n y ahora en el santuario, especialmente Aline, nos \u00a0atendi\u00f3 con mucha amabilidad, facilitando toda la informaci\u00f3n que necesit\u00e1bamos, \u00a0llam\u00f3 por tel\u00e9fono a la Capilla de la Reconciliaci\u00f3n para que despu\u00e9s de la visita que ten\u00edamos concertada en el Museo -Exposici\u00f3n, pudiera nuestro sacerdote ocupar un confesionario y ejercer su ministerio. La Hermana Isailda, una vez all\u00e1 nos dio unas peque\u00f1as indicaciones.\u00a0<\/p>\n<p>En el museo nos esperaban unos minutos antes de la cinco de la tarda, as\u00ed que los peregrinos fueron llegando y entramos puntualmente en grupo. El billete de la entrada era un libretito que describ\u00eda de forma sint\u00e9tica todos los objetos que \u00edbamos a ver. Previamente nos proyectaron un documental muy interesante. No obstante, lo mejor del museo fue la gu\u00eda, Hermana Maria Leopolda Ledesma, de origen filipino, que no solamente explicaba todo los contenidos de las vitrinas y que de hecho estaba en el librito, sino lo que va vali\u00f3 la pena fueron todos sus comentarios llenos de amor y ternura dirigidos siempre a \u00a0la Virgen Sant\u00edsima, con un af\u00e1n apost\u00f3lico impresionante; acab\u00f3 su recorrido con el mensaje de F\u00e1tima, invit\u00e1ndonos a difundirlo <em>porque es un mensaje de amor a Dios, haciendo oraci\u00f3n, penitencia y \u00a0viviendo el amor a Cristo.<\/em>\u00a0<\/p>\n<p>Despu\u00e9s de la visita guiada, el grupo\u00a0 tuvo l su tiempo libre para ir a comprar objetos religiosos, entre otras posibilidades, contemplar, por ejemplo unos restos del Muro de Berl\u00edn. A continuaci\u00f3n, la cena al estilo portugu\u00e9s con un postre de flan natural que nos endulz\u00f3 y ensanch\u00f3 la fraternidad. La noche era clara y no demasiado fresca, as\u00ed que era de prever que el Rosario de las Velas lo vivir\u00edamos plenamente. Entonces nos dimos cuenta que para la pr\u00f3xima peregrinaci\u00f3n a F\u00e1tima ser\u00e1 imprescindible llevar una sillita plegable de golf\u2026 de playa\u2026 porque fue \u00a0materialmente imposible sentarse, salvo por gestos llenos de generosidad que ced\u00edan el asiento a las se\u00f1oras que se ve\u00eda que sufr\u00edan rampas en las piernas \u00a0o en circunstancies similares de necesidad.\u00a0<\/p>\n<p>La procesi\u00f3n dio la vuelta a todo el santuario. Ser\u00eda necesario decir aqu\u00ed muchas cosas, adjetivos y palabras, para describir adecuadamente aquella noche. Es probable que muchos otros s\u00e1bados hayan sido o sean iguales o mejores a aquel que vivimos, en realidad da igual. Lo cierto es que el hecho de que miles de personas (quince mil?) de noche y con velas encendidas \u00edbamos cantando a la Virgen Sant\u00edsima, sinti\u00e9ndonos muy cerca \u00a0de Ella, y nos sobre ven\u00eda una paz grandiosa, corriendo por \u00a0nuestras venas la sangre de su Coraz\u00f3n Inmaculado. La esperanza aumentaba\u00a0 a cada paso que d\u00e1bamos, mientras las piernas temblaban o corr\u00edan las l\u00e1grimas de gozo. Nos sent\u00edamos felices porque la aut\u00e9ntica felicidad nos viene de Dios, y las gracias de la su Madre Sant\u00edsima.\u00a0<\/p>\n<p>Y lleg\u00f3 \u00a0el tercer d\u00eda, de buena ma\u00f1ana alguna peregrina del grupo, antes del desayuno ya se hab\u00eda plantado ante de la Capilla de la Virgen porque no se hab\u00eda podido desprenderse del impacto de la noche anterior. Despu\u00e9s de desayunar, con \u00a0aquel caf\u00e9 que no es de origen americano, al que estamos habituados, sino africano,\u00a0 el sacerdote bendijo todos los objetos religiosos, desde rosarios de todas clases y estilos hasta estampas, y sin m\u00e1s en un <em>pim pam<\/em> todo qued\u00f3 bendecido.\u00a0<\/p>\n<p>El plan de la ma\u00f1ana era participar en los actos que el Santuario prepara para\u00a0 todas las peregrinaciones \u00a0peregrinos. En primer lugar, el Rosario a las 10 horas, el cual finaliza con la procesi\u00f3n de la Virgen Sant\u00edsima de F\u00e1tima, hasta el altar exterior instalado ante la puerta principal de la Bas\u00edlica. Se trataba de ir a la caza de un sitio para sentarse. El asunto estaba muy dif\u00edcil ya que en el recinto no hab\u00eda ni una sola silla, solamente los bancos alrededor de la Capilla, y varias filas de sillas bajo los arcos laterales de la bas\u00edlica. Un grupo numeroso e inteligente de peregrinos se instal\u00f3 en los arcos, disfrutando de las primeras filas, pudiendo hacer un amplio reportaje fotogr\u00e1fico de la procesi\u00f3n de los presb\u00edteros que concelebrar\u00edan la Santa Misa, inclusive Mn. Francesc.\u00a0<\/p>\n<p>Otras personas del grupo redirigieron a la explanada para encontrar un sitio donde sentarse, como la Vicenta, la Carme M y Ana; la <em>tour leader<\/em> se qued\u00f3 atrapada entre la multitud ante el mismo\u00a0 altar del recinto y \u00a0vio muy de cerca toda la celebraci\u00f3n, a pleno sol.\u00a0<\/p>\n<p>La celebraci\u00f3n de la Misa Internacional del d\u00eda de la Ascensi\u00f3n del Se\u00f1or la presidi\u00f3 el Obispo Auxiliar de Oporto, el cual dedic\u00f3 la homil\u00eda a invitarnos a seguir a Cristo, \u00a0a pesar de que vivamos en un ambiente dif\u00edcil, entre otras cosas. De vuelta, la Mariss\u00edn que hab\u00eda estado muy valiente, se\u00a0 desorient\u00f3 y aunque \u00a0la residencia estaba muy cerca le cost\u00f3 volver. Nos esperaban para el almuerzo, ya se sobrepasaba una de la tarde y casi todos estaban a punto de comer muy contentos, pero falt\u00e1bamos unos cu\u00e1ntos&#8230; nos hab\u00edan adelantado la hora del almuerzo y no lleg\u00f3 a todos el cambio horario.\u00a0 Adem\u00e1s de todo lo explicado, \u00a0el d\u00eda 16 de mayo era una jornada importante: se acababa la liga de f\u00fatbol espa\u00f1ola!\u00a0 \u00bfTendr\u00edamos la posibilidad de saber qu\u00e9 equipo ser\u00eda el campe\u00f3n de la liga en el mismo instante de producirse?, los barcelonistas ya empezaban\u00a0 a inquietarse&#8230;.<\/p>\n<p>La tertulia del \u00faltimo caf\u00e9 implic\u00f3 a la organizaci\u00f3n, ya se preguntaba d\u00f3nde ser\u00eda la pr\u00f3xima peregrinaci\u00f3n. Se aceptaron todas las propuestas ya que en aquel momento todos ten\u00edan ganas de iniciar otra peregrinaci\u00f3n, a pesar de que todav\u00eda est\u00e1bamos en F\u00e1tima. Sin embargo, ahora era necesario hacer la maleta y recoger todas las cosas. Antes de subir al autocar para regresar al aeropuerto, al pie de las escaleras de la residencia, hicimos la \u00faltima foto del de grupo, donde falt\u00f3 alguna persona ya que prefiri\u00f3 la foto que aparecer en ella. El retorno no fue a la misma velocidad que a la ida, pero aqu\u00ed nuestros radares se habr\u00edan disparado. Como era la hora de la siesta el autocar parec\u00eda que circulaba vac\u00edo, se dorm\u00eda, \u00a0se escuchaba m\u00fasica o se le\u00eda, un tiempo pl\u00e1cido.<\/p>\n<p>\u00a0Solo nos quedaba la aventura del aeropuerto, todos juntos facturamos las maletas y sin embargo, nos diseminar\u00a0 por todo el avi\u00f3n. El control policial tuvo el mismo estilo que a la ida, pitidos, revisiones, exploraciones al tacto, cinturones fuera, todo normal, como suele ser. Nos toc\u00f3 la Gate 10, es decir, al otro extremo de la terminal. Pero, naturalmente, quer\u00edamos hacer una parada en las tiendas para comprar productos cien por cien portugueses, como vino de Oporto, pastelitos, pat\u00e9 y otros productos.\u00a0\u00a0<\/p>\n<p>Una vez acomodados en el lugar de la llamada a al embarque y \u00a0a punto de cumplirse la hora fijada, nos faltaba una se\u00f1ora que hab\u00eda aguantado bien el viaje pero en ten\u00eda dificultad para caminar. Y en las distracciones de las compres se despist\u00f3 y se dirig\u00eda en la direcci\u00f3n opuesta. La encontramos, mientras en la <em>Gate 10<\/em> se celebraba el triunfo de la liga,\u00a0 cantando el himno del <em>Bar\u00e7a<\/em>. El vuelo \u00a0fue muy bueno, tampoco se perdi\u00f3 \u00a0ninguna maleta. Ya\u00a0 en \u00a0Barcelona, mientras esper\u00e1bamos el equipaje nos despedimos con besos y abrazos, agradeci\u00e9ndonos mutuamente todas las atenciones. Es obligatorio destacar aqu\u00ed que fue un grupo que se cohesion\u00f3 enseguida y favoreci\u00f3 la buena marcha de todas las actividades; algunas personas han sido citadas, pero todos han sido estupendos. Todos y todas insistieron que les avis\u00e1semos para\u00a0 la pr\u00f3xima peregrinaci\u00f3n, as\u00ed que la lista de espera ya est\u00e1 abierta! para ir a un nuevo santuario. No obstante, yo me\u00a0 qued\u00e9 cosida al abrigo de F\u00e1tima.\u00a0<\/p>\n<p>Isabel Hern\u00e1ndez Esteban<\/p>\n","protected":false},"excerpt":{"rendered":"<p>\u00a0En mayo del 2010 nos fuimos de peregrinaci\u00f3n al Santuario de\u00a0 F\u00e1tima,\u00a0 para acercarnos m\u00e1s a la Virgen Sant\u00edsima \u00a0\u00a0La ruta mariana de la iglesia \u00a0de este mes de mayo se hab\u00eda pensado desde hac\u00eda muchos meses, y la organizaci\u00f3n para ir a F\u00e1tima, pr\u00e1cticamente a la vuelta del verano del 2009, ya ten\u00eda los [&hellip;]<\/p>\n","protected":false},"author":4,"featured_media":0,"comment_status":"open","ping_status":"open","sticky":false,"template":"","format":"standard","meta":{"footnotes":""},"categories":[31],"tags":[64],"class_list":["post-1128","post","type-post","status-publish","format-standard","hentry","category-actualidad","tag-articulos-de-interes"],"yoast_head":"<!-- This site is optimized with the Yoast SEO plugin v27.1.1 - https:\/\/yoast.com\/product\/yoast-seo-wordpress\/ -->\n<title>Corr\u00eda por nuestras venas la sangre del coraz\u00f3n immaculado de Mar\u00eda - Montalegre<\/title>\n<meta name=\"robots\" content=\"index, follow, max-snippet:-1, max-image-preview:large, max-video-preview:-1\" \/>\n<link rel=\"canonical\" href=\"https:\/\/www.montalegre.org\/es\/2010\/05\/corria-por-nuestras-venas-la-sangre-del-corazon-immaculado-de-maria-3\/\" \/>\n<meta property=\"og:locale\" content=\"es_ES\" \/>\n<meta property=\"og:type\" content=\"article\" \/>\n<meta property=\"og:title\" content=\"Corr\u00eda por nuestras venas la sangre del coraz\u00f3n immaculado de Mar\u00eda - Montalegre\" \/>\n<meta property=\"og:description\" content=\"\u00a0En mayo del 2010 nos fuimos de peregrinaci\u00f3n al Santuario de\u00a0 F\u00e1tima,\u00a0 para acercarnos m\u00e1s a la Virgen Sant\u00edsima \u00a0\u00a0La ruta mariana de la iglesia \u00a0de este mes de mayo se hab\u00eda pensado desde hac\u00eda muchos meses, y la organizaci\u00f3n para ir a F\u00e1tima, pr\u00e1cticamente a la vuelta del verano del 2009, ya ten\u00eda los [&hellip;]\" \/>\n<meta property=\"og:url\" content=\"https:\/\/www.montalegre.org\/es\/2010\/05\/corria-por-nuestras-venas-la-sangre-del-corazon-immaculado-de-maria-3\/\" \/>\n<meta property=\"og:site_name\" content=\"Montalegre\" \/>\n<meta property=\"article:published_time\" content=\"2010-05-20T09:36:19+00:00\" \/>\n<meta property=\"article:modified_time\" content=\"2010-07-15T09:38:50+00:00\" \/>\n<meta name=\"author\" content=\"montalegre\" \/>\n<meta name=\"twitter:card\" content=\"summary_large_image\" \/>\n<meta name=\"twitter:label1\" content=\"Escrito por\" \/>\n\t<meta name=\"twitter:data1\" content=\"montalegre\" \/>\n\t<meta name=\"twitter:label2\" content=\"Tiempo de lectura\" \/>\n\t<meta name=\"twitter:data2\" content=\"18 minutos\" \/>\n<script type=\"application\/ld+json\" class=\"yoast-schema-graph\">{\"@context\":\"https:\/\/schema.org\",\"@graph\":[{\"@type\":\"Article\",\"@id\":\"https:\/\/www.montalegre.org\/es\/2010\/05\/corria-por-nuestras-venas-la-sangre-del-corazon-immaculado-de-maria-3\/#article\",\"isPartOf\":{\"@id\":\"https:\/\/www.montalegre.org\/es\/2010\/05\/corria-por-nuestras-venas-la-sangre-del-corazon-immaculado-de-maria-3\/\"},\"author\":{\"name\":\"montalegre\",\"@id\":\"https:\/\/www.montalegre.org\/es\/#\/schema\/person\/fa12d4cf3a3f1735a9176b4fafd6a633\"},\"headline\":\"Corr\u00eda por nuestras venas la sangre del coraz\u00f3n immaculado de Mar\u00eda\",\"datePublished\":\"2010-05-20T09:36:19+00:00\",\"dateModified\":\"2010-07-15T09:38:50+00:00\",\"mainEntityOfPage\":{\"@id\":\"https:\/\/www.montalegre.org\/es\/2010\/05\/corria-por-nuestras-venas-la-sangre-del-corazon-immaculado-de-maria-3\/\"},\"wordCount\":3604,\"commentCount\":0,\"keywords\":[\"Art\u00edculos de inter\u00e9s\"],\"articleSection\":[\"Actualidad\"],\"inLanguage\":\"es\",\"potentialAction\":[{\"@type\":\"CommentAction\",\"name\":\"Comment\",\"target\":[\"https:\/\/www.montalegre.org\/es\/2010\/05\/corria-por-nuestras-venas-la-sangre-del-corazon-immaculado-de-maria-3\/#respond\"]}]},{\"@type\":\"WebPage\",\"@id\":\"https:\/\/www.montalegre.org\/es\/2010\/05\/corria-por-nuestras-venas-la-sangre-del-corazon-immaculado-de-maria-3\/\",\"url\":\"https:\/\/www.montalegre.org\/es\/2010\/05\/corria-por-nuestras-venas-la-sangre-del-corazon-immaculado-de-maria-3\/\",\"name\":\"Corr\u00eda por nuestras venas la sangre del coraz\u00f3n immaculado de Mar\u00eda - Montalegre\",\"isPartOf\":{\"@id\":\"https:\/\/www.montalegre.org\/es\/#website\"},\"datePublished\":\"2010-05-20T09:36:19+00:00\",\"dateModified\":\"2010-07-15T09:38:50+00:00\",\"author\":{\"@id\":\"https:\/\/www.montalegre.org\/es\/#\/schema\/person\/fa12d4cf3a3f1735a9176b4fafd6a633\"},\"breadcrumb\":{\"@id\":\"https:\/\/www.montalegre.org\/es\/2010\/05\/corria-por-nuestras-venas-la-sangre-del-corazon-immaculado-de-maria-3\/#breadcrumb\"},\"inLanguage\":\"es\",\"potentialAction\":[{\"@type\":\"ReadAction\",\"target\":[\"https:\/\/www.montalegre.org\/es\/2010\/05\/corria-por-nuestras-venas-la-sangre-del-corazon-immaculado-de-maria-3\/\"]}]},{\"@type\":\"BreadcrumbList\",\"@id\":\"https:\/\/www.montalegre.org\/es\/2010\/05\/corria-por-nuestras-venas-la-sangre-del-corazon-immaculado-de-maria-3\/#breadcrumb\",\"itemListElement\":[{\"@type\":\"ListItem\",\"position\":1,\"name\":\"Portada\",\"item\":\"https:\/\/www.montalegre.org\/es\/\"},{\"@type\":\"ListItem\",\"position\":2,\"name\":\"Corr\u00eda por nuestras venas la sangre del coraz\u00f3n immaculado de Mar\u00eda\"}]},{\"@type\":\"WebSite\",\"@id\":\"https:\/\/www.montalegre.org\/es\/#website\",\"url\":\"https:\/\/www.montalegre.org\/es\/\",\"name\":\"Montalegre\",\"description\":\"\",\"potentialAction\":[{\"@type\":\"SearchAction\",\"target\":{\"@type\":\"EntryPoint\",\"urlTemplate\":\"https:\/\/www.montalegre.org\/es\/?s={search_term_string}\"},\"query-input\":{\"@type\":\"PropertyValueSpecification\",\"valueRequired\":true,\"valueName\":\"search_term_string\"}}],\"inLanguage\":\"es\"},{\"@type\":\"Person\",\"@id\":\"https:\/\/www.montalegre.org\/es\/#\/schema\/person\/fa12d4cf3a3f1735a9176b4fafd6a633\",\"name\":\"montalegre\",\"image\":{\"@type\":\"ImageObject\",\"inLanguage\":\"es\",\"@id\":\"https:\/\/www.montalegre.org\/es\/#\/schema\/person\/image\/\",\"url\":\"https:\/\/secure.gravatar.com\/avatar\/fe6d886cf5081e723c666dceda1f12d4f39070fa2ed4e79695edc3ca355c9b5a?s=96&d=mm&r=g\",\"contentUrl\":\"https:\/\/secure.gravatar.com\/avatar\/fe6d886cf5081e723c666dceda1f12d4f39070fa2ed4e79695edc3ca355c9b5a?s=96&d=mm&r=g\",\"caption\":\"montalegre\"},\"url\":\"https:\/\/www.montalegre.org\/es\/author\/montalegre\/\"}]}<\/script>\n<!-- \/ Yoast SEO plugin. -->","yoast_head_json":{"title":"Corr\u00eda por nuestras venas la sangre del coraz\u00f3n immaculado de Mar\u00eda - Montalegre","robots":{"index":"index","follow":"follow","max-snippet":"max-snippet:-1","max-image-preview":"max-image-preview:large","max-video-preview":"max-video-preview:-1"},"canonical":"https:\/\/www.montalegre.org\/es\/2010\/05\/corria-por-nuestras-venas-la-sangre-del-corazon-immaculado-de-maria-3\/","og_locale":"es_ES","og_type":"article","og_title":"Corr\u00eda por nuestras venas la sangre del coraz\u00f3n immaculado de Mar\u00eda - Montalegre","og_description":"\u00a0En mayo del 2010 nos fuimos de peregrinaci\u00f3n al Santuario de\u00a0 F\u00e1tima,\u00a0 para acercarnos m\u00e1s a la Virgen Sant\u00edsima \u00a0\u00a0La ruta mariana de la iglesia \u00a0de este mes de mayo se hab\u00eda pensado desde hac\u00eda muchos meses, y la organizaci\u00f3n para ir a F\u00e1tima, pr\u00e1cticamente a la vuelta del verano del 2009, ya ten\u00eda los [&hellip;]","og_url":"https:\/\/www.montalegre.org\/es\/2010\/05\/corria-por-nuestras-venas-la-sangre-del-corazon-immaculado-de-maria-3\/","og_site_name":"Montalegre","article_published_time":"2010-05-20T09:36:19+00:00","article_modified_time":"2010-07-15T09:38:50+00:00","author":"montalegre","twitter_card":"summary_large_image","twitter_misc":{"Escrito por":"montalegre","Tiempo de lectura":"18 minutos"},"schema":{"@context":"https:\/\/schema.org","@graph":[{"@type":"Article","@id":"https:\/\/www.montalegre.org\/es\/2010\/05\/corria-por-nuestras-venas-la-sangre-del-corazon-immaculado-de-maria-3\/#article","isPartOf":{"@id":"https:\/\/www.montalegre.org\/es\/2010\/05\/corria-por-nuestras-venas-la-sangre-del-corazon-immaculado-de-maria-3\/"},"author":{"name":"montalegre","@id":"https:\/\/www.montalegre.org\/es\/#\/schema\/person\/fa12d4cf3a3f1735a9176b4fafd6a633"},"headline":"Corr\u00eda por nuestras venas la sangre del coraz\u00f3n immaculado de Mar\u00eda","datePublished":"2010-05-20T09:36:19+00:00","dateModified":"2010-07-15T09:38:50+00:00","mainEntityOfPage":{"@id":"https:\/\/www.montalegre.org\/es\/2010\/05\/corria-por-nuestras-venas-la-sangre-del-corazon-immaculado-de-maria-3\/"},"wordCount":3604,"commentCount":0,"keywords":["Art\u00edculos de inter\u00e9s"],"articleSection":["Actualidad"],"inLanguage":"es","potentialAction":[{"@type":"CommentAction","name":"Comment","target":["https:\/\/www.montalegre.org\/es\/2010\/05\/corria-por-nuestras-venas-la-sangre-del-corazon-immaculado-de-maria-3\/#respond"]}]},{"@type":"WebPage","@id":"https:\/\/www.montalegre.org\/es\/2010\/05\/corria-por-nuestras-venas-la-sangre-del-corazon-immaculado-de-maria-3\/","url":"https:\/\/www.montalegre.org\/es\/2010\/05\/corria-por-nuestras-venas-la-sangre-del-corazon-immaculado-de-maria-3\/","name":"Corr\u00eda por nuestras venas la sangre del coraz\u00f3n immaculado de Mar\u00eda - Montalegre","isPartOf":{"@id":"https:\/\/www.montalegre.org\/es\/#website"},"datePublished":"2010-05-20T09:36:19+00:00","dateModified":"2010-07-15T09:38:50+00:00","author":{"@id":"https:\/\/www.montalegre.org\/es\/#\/schema\/person\/fa12d4cf3a3f1735a9176b4fafd6a633"},"breadcrumb":{"@id":"https:\/\/www.montalegre.org\/es\/2010\/05\/corria-por-nuestras-venas-la-sangre-del-corazon-immaculado-de-maria-3\/#breadcrumb"},"inLanguage":"es","potentialAction":[{"@type":"ReadAction","target":["https:\/\/www.montalegre.org\/es\/2010\/05\/corria-por-nuestras-venas-la-sangre-del-corazon-immaculado-de-maria-3\/"]}]},{"@type":"BreadcrumbList","@id":"https:\/\/www.montalegre.org\/es\/2010\/05\/corria-por-nuestras-venas-la-sangre-del-corazon-immaculado-de-maria-3\/#breadcrumb","itemListElement":[{"@type":"ListItem","position":1,"name":"Portada","item":"https:\/\/www.montalegre.org\/es\/"},{"@type":"ListItem","position":2,"name":"Corr\u00eda por nuestras venas la sangre del coraz\u00f3n immaculado de Mar\u00eda"}]},{"@type":"WebSite","@id":"https:\/\/www.montalegre.org\/es\/#website","url":"https:\/\/www.montalegre.org\/es\/","name":"Montalegre","description":"","potentialAction":[{"@type":"SearchAction","target":{"@type":"EntryPoint","urlTemplate":"https:\/\/www.montalegre.org\/es\/?s={search_term_string}"},"query-input":{"@type":"PropertyValueSpecification","valueRequired":true,"valueName":"search_term_string"}}],"inLanguage":"es"},{"@type":"Person","@id":"https:\/\/www.montalegre.org\/es\/#\/schema\/person\/fa12d4cf3a3f1735a9176b4fafd6a633","name":"montalegre","image":{"@type":"ImageObject","inLanguage":"es","@id":"https:\/\/www.montalegre.org\/es\/#\/schema\/person\/image\/","url":"https:\/\/secure.gravatar.com\/avatar\/fe6d886cf5081e723c666dceda1f12d4f39070fa2ed4e79695edc3ca355c9b5a?s=96&d=mm&r=g","contentUrl":"https:\/\/secure.gravatar.com\/avatar\/fe6d886cf5081e723c666dceda1f12d4f39070fa2ed4e79695edc3ca355c9b5a?s=96&d=mm&r=g","caption":"montalegre"},"url":"https:\/\/www.montalegre.org\/es\/author\/montalegre\/"}]}},"_links":{"self":[{"href":"https:\/\/www.montalegre.org\/es\/wp-json\/wp\/v2\/posts\/1128","targetHints":{"allow":["GET"]}}],"collection":[{"href":"https:\/\/www.montalegre.org\/es\/wp-json\/wp\/v2\/posts"}],"about":[{"href":"https:\/\/www.montalegre.org\/es\/wp-json\/wp\/v2\/types\/post"}],"author":[{"embeddable":true,"href":"https:\/\/www.montalegre.org\/es\/wp-json\/wp\/v2\/users\/4"}],"replies":[{"embeddable":true,"href":"https:\/\/www.montalegre.org\/es\/wp-json\/wp\/v2\/comments?post=1128"}],"version-history":[{"count":3,"href":"https:\/\/www.montalegre.org\/es\/wp-json\/wp\/v2\/posts\/1128\/revisions"}],"predecessor-version":[{"id":1235,"href":"https:\/\/www.montalegre.org\/es\/wp-json\/wp\/v2\/posts\/1128\/revisions\/1235"}],"wp:attachment":[{"href":"https:\/\/www.montalegre.org\/es\/wp-json\/wp\/v2\/media?parent=1128"}],"wp:term":[{"taxonomy":"category","embeddable":true,"href":"https:\/\/www.montalegre.org\/es\/wp-json\/wp\/v2\/categories?post=1128"},{"taxonomy":"post_tag","embeddable":true,"href":"https:\/\/www.montalegre.org\/es\/wp-json\/wp\/v2\/tags?post=1128"}],"curies":[{"name":"wp","href":"https:\/\/api.w.org\/{rel}","templated":true}]}}