{"id":11179,"date":"2017-06-11T16:16:37","date_gmt":"2017-06-11T16:16:37","guid":{"rendered":"http:\/\/www.montalegre.org\/es\/?p=11179"},"modified":"2017-06-11T16:23:25","modified_gmt":"2017-06-11T16:23:25","slug":"aniversario-de-los-50-anos-de-culto-en-montalegre","status":"publish","type":"post","link":"https:\/\/www.montalegre.org\/es\/2017\/06\/aniversario-de-los-50-anos-de-culto-en-montalegre\/","title":{"rendered":"Aniversario de los 50 a\u00f1os de culto en Montalegre"},"content":{"rendered":"<p>En la tarde del s\u00e1bado 3 de junio de 2017, la Iglesia de Santa Mar\u00eda de Montalegre celebr\u00f3 los <em>50 a\u00f1os de servicio en el Raval<\/em>. La celebraci\u00f3n tuvo dos partes principales. Por un lado, en el templo se celebr\u00f3 una Eucarist\u00eda solemne presidida por el arzobispo de la di\u00f3cesis de Barcelona, Mons. Juan Jos\u00e9 Omella, concelebrada junto al vicario del Opus Dei en Catalunya, Mn. Ignacio Font, el actual rector, algunos de los anteriores rectores, vivos, de Montalegre, y el secretario de Mns. Omella. En la celebraci\u00f3n recibieron el sacramento de la confirmaci\u00f3n 8 j\u00f3venes del Raval.<\/p>\n<p>Por otro lado, la segunda parte de la celebraci\u00f3n, consisti\u00f3 en un refrigerio ofrecido en el Patio Manning gracias a la generosidad de muchas personas. Tanto los mini bocadillos, los canap\u00e9s, dulces, refrescos, cava, cervezas, las almendras tostadas, cocas, etc. fueron donativos de colaboradores importantes. Igualmente, un equipo de 20 personas ofreci\u00f3 su tiempo y esfuerzo para que el refrigerio fuera bien servido y fresco.<\/p>\n<p>El eco que nos ha llegado de esta celebraci\u00f3n ha sido espl\u00e9ndido. Supimos que hab\u00edan venido algunas de aquellas personas que en la d\u00e9cada de los a\u00f1os 60 del siglo XX hab\u00edan participado en las primeras sesiones de limpieza y arreglo de este templo centenario. Fue un honor poder charlar con ellas.<\/p>\n<p>&nbsp;<\/p>\n<p><strong>V\u00eddeo del Arzobispado<\/strong><\/p>\n<p>El arzobispado de Barcelona ha editado un v\u00eddeo de la celebraci\u00f3n, destacando la labor social en el barrio del Raval de Barcelona, por la Acci\u00f3 Social Montalegre. Ha sido publicado en su web y tambi\u00e9n en la web del Opus Dei en catal\u00e1n.<\/p>\n<p><a href=\"https:\/\/www.esglesiabarcelona.cat\/es\/actualitat\/50-anos-de-montealegre-en-el-raval\/\">Celebraci\u00f3n de los 50 a\u00f1os de servicio en el Raval<\/a><\/p>\n<p>&nbsp;<\/p>\n<p><strong>Referencias hist\u00f3ricas<\/strong><\/p>\n<p>A partir de esa fecha del 3 de junio, est\u00e1 a disposici\u00f3n de todos fieles y visitantes un folleto informativo sobre la historia, la atenci\u00f3n pastoral y la Acci\u00f3 Social Montalegre. Igualmente, en los mueblecitos de estampas e informaciones podemos encontrar una estampa del aniversario.<\/p>\n<p>El arzobispado de Barcelona confi\u00f3 la iglesia de la Casa de la Caridad al Opus Dei en el a\u00f1o 1967, despu\u00e9s de que la Casa de la Caridad se trasladase a Llars Mundet. El 29 de junio de 1967, fiesta de San Pedro y San Pablo, en la misa vespertina del d\u00eda anterior, el Opus Dei tom\u00f3 posesi\u00f3n de la iglesia y se restableci\u00f3 el culto. Por decisi\u00f3n del arzobispo qued\u00f3 bajo el patrocinio de la <em>Mare de D\u00e9u de Montalegre<\/em>. Su fiesta se celebra el 31 de mayo, fiesta de la Visitaci\u00f3n de la Virgen Sant\u00edsima.<\/p>\n<p><a href=\"https:\/\/www.flickr.com\/photos\/opusdeicat\/34289601244\/\">Fotos de la celebraci\u00f3n de los 50 a\u00f1os<\/a><\/p>\n<p>&nbsp;<\/p>\n<p>Isabel Hern\u00e1ndez Esteban<\/p>\n","protected":false},"excerpt":{"rendered":"<p>En la tarde del s\u00e1bado 3 de junio de 2017, la Iglesia de Santa Mar\u00eda de Montalegre celebr\u00f3 los 50 a\u00f1os de servicio en el Raval. La celebraci\u00f3n tuvo dos partes principales. Por un lado, en el templo se celebr\u00f3 una Eucarist\u00eda solemne presidida por el arzobispo de la di\u00f3cesis de Barcelona, Mons. Juan Jos\u00e9 [&hellip;]<\/p>\n","protected":false},"author":4,"featured_media":11177,"comment_status":"open","ping_status":"open","sticky":false,"template":"","format":"standard","meta":{"footnotes":""},"categories":[31],"tags":[],"class_list":["post-11179","post","type-post","status-publish","format-standard","has-post-thumbnail","hentry","category-actualidad"],"yoast_head":"<!-- This site is optimized with the Yoast SEO plugin v27.1.1 - https:\/\/yoast.com\/product\/yoast-seo-wordpress\/ -->\n<title>Aniversario de los 50 a\u00f1os de culto en Montalegre - Montalegre<\/title>\n<meta name=\"robots\" content=\"index, follow, max-snippet:-1, max-image-preview:large, max-video-preview:-1\" \/>\n<link rel=\"canonical\" href=\"https:\/\/www.montalegre.org\/es\/2017\/06\/aniversario-de-los-50-anos-de-culto-en-montalegre\/\" \/>\n<meta property=\"og:locale\" content=\"es_ES\" \/>\n<meta property=\"og:type\" content=\"article\" \/>\n<meta property=\"og:title\" content=\"Aniversario de los 50 a\u00f1os de culto en Montalegre - Montalegre\" \/>\n<meta property=\"og:description\" content=\"En la tarde del s\u00e1bado 3 de junio de 2017, la Iglesia de Santa Mar\u00eda de Montalegre celebr\u00f3 los 50 a\u00f1os de servicio en el Raval. La celebraci\u00f3n tuvo dos partes principales. Por un lado, en el templo se celebr\u00f3 una Eucarist\u00eda solemne presidida por el arzobispo de la di\u00f3cesis de Barcelona, Mons. Juan Jos\u00e9 [&hellip;]\" \/>\n<meta property=\"og:url\" content=\"https:\/\/www.montalegre.org\/es\/2017\/06\/aniversario-de-los-50-anos-de-culto-en-montalegre\/\" \/>\n<meta property=\"og:site_name\" content=\"Montalegre\" \/>\n<meta property=\"article:published_time\" content=\"2017-06-11T16:16:37+00:00\" \/>\n<meta property=\"article:modified_time\" content=\"2017-06-11T16:23:25+00:00\" \/>\n<meta property=\"og:image\" content=\"https:\/\/www.montalegre.org\/wp-content\/uploads\/2017\/06\/montealegre-745x475.jpg\" \/>\n\t<meta property=\"og:image:width\" content=\"745\" \/>\n\t<meta property=\"og:image:height\" content=\"475\" \/>\n\t<meta property=\"og:image:type\" content=\"image\/jpeg\" \/>\n<meta name=\"author\" content=\"montalegre\" \/>\n<meta name=\"twitter:card\" content=\"summary_large_image\" \/>\n<meta name=\"twitter:label1\" content=\"Escrito por\" \/>\n\t<meta name=\"twitter:data1\" content=\"montalegre\" \/>\n\t<meta name=\"twitter:label2\" content=\"Tiempo de lectura\" \/>\n\t<meta name=\"twitter:data2\" content=\"2 minutos\" \/>\n<script type=\"application\/ld+json\" class=\"yoast-schema-graph\">{\"@context\":\"https:\/\/schema.org\",\"@graph\":[{\"@type\":\"Article\",\"@id\":\"https:\/\/www.montalegre.org\/es\/2017\/06\/aniversario-de-los-50-anos-de-culto-en-montalegre\/#article\",\"isPartOf\":{\"@id\":\"https:\/\/www.montalegre.org\/es\/2017\/06\/aniversario-de-los-50-anos-de-culto-en-montalegre\/\"},\"author\":{\"name\":\"montalegre\",\"@id\":\"https:\/\/www.montalegre.org\/es\/#\/schema\/person\/fa12d4cf3a3f1735a9176b4fafd6a633\"},\"headline\":\"Aniversario de los 50 a\u00f1os de culto en Montalegre\",\"datePublished\":\"2017-06-11T16:16:37+00:00\",\"dateModified\":\"2017-06-11T16:23:25+00:00\",\"mainEntityOfPage\":{\"@id\":\"https:\/\/www.montalegre.org\/es\/2017\/06\/aniversario-de-los-50-anos-de-culto-en-montalegre\/\"},\"wordCount\":463,\"commentCount\":0,\"image\":{\"@id\":\"https:\/\/www.montalegre.org\/es\/2017\/06\/aniversario-de-los-50-anos-de-culto-en-montalegre\/#primaryimage\"},\"thumbnailUrl\":\"https:\/\/www.montalegre.org\/wp-content\/uploads\/2017\/06\/montealegre-745x475.jpg\",\"articleSection\":[\"Actualidad\"],\"inLanguage\":\"es\",\"potentialAction\":[{\"@type\":\"CommentAction\",\"name\":\"Comment\",\"target\":[\"https:\/\/www.montalegre.org\/es\/2017\/06\/aniversario-de-los-50-anos-de-culto-en-montalegre\/#respond\"]}]},{\"@type\":\"WebPage\",\"@id\":\"https:\/\/www.montalegre.org\/es\/2017\/06\/aniversario-de-los-50-anos-de-culto-en-montalegre\/\",\"url\":\"https:\/\/www.montalegre.org\/es\/2017\/06\/aniversario-de-los-50-anos-de-culto-en-montalegre\/\",\"name\":\"Aniversario de los 50 a\u00f1os de culto en Montalegre - Montalegre\",\"isPartOf\":{\"@id\":\"https:\/\/www.montalegre.org\/es\/#website\"},\"primaryImageOfPage\":{\"@id\":\"https:\/\/www.montalegre.org\/es\/2017\/06\/aniversario-de-los-50-anos-de-culto-en-montalegre\/#primaryimage\"},\"image\":{\"@id\":\"https:\/\/www.montalegre.org\/es\/2017\/06\/aniversario-de-los-50-anos-de-culto-en-montalegre\/#primaryimage\"},\"thumbnailUrl\":\"https:\/\/www.montalegre.org\/wp-content\/uploads\/2017\/06\/montealegre-745x475.jpg\",\"datePublished\":\"2017-06-11T16:16:37+00:00\",\"dateModified\":\"2017-06-11T16:23:25+00:00\",\"author\":{\"@id\":\"https:\/\/www.montalegre.org\/es\/#\/schema\/person\/fa12d4cf3a3f1735a9176b4fafd6a633\"},\"breadcrumb\":{\"@id\":\"https:\/\/www.montalegre.org\/es\/2017\/06\/aniversario-de-los-50-anos-de-culto-en-montalegre\/#breadcrumb\"},\"inLanguage\":\"es\",\"potentialAction\":[{\"@type\":\"ReadAction\",\"target\":[\"https:\/\/www.montalegre.org\/es\/2017\/06\/aniversario-de-los-50-anos-de-culto-en-montalegre\/\"]}]},{\"@type\":\"ImageObject\",\"inLanguage\":\"es\",\"@id\":\"https:\/\/www.montalegre.org\/es\/2017\/06\/aniversario-de-los-50-anos-de-culto-en-montalegre\/#primaryimage\",\"url\":\"https:\/\/www.montalegre.org\/wp-content\/uploads\/2017\/06\/montealegre-745x475.jpg\",\"contentUrl\":\"https:\/\/www.montalegre.org\/wp-content\/uploads\/2017\/06\/montealegre-745x475.jpg\",\"width\":745,\"height\":475},{\"@type\":\"BreadcrumbList\",\"@id\":\"https:\/\/www.montalegre.org\/es\/2017\/06\/aniversario-de-los-50-anos-de-culto-en-montalegre\/#breadcrumb\",\"itemListElement\":[{\"@type\":\"ListItem\",\"position\":1,\"name\":\"Portada\",\"item\":\"https:\/\/www.montalegre.org\/es\/\"},{\"@type\":\"ListItem\",\"position\":2,\"name\":\"Aniversario de los 50 a\u00f1os de culto en Montalegre\"}]},{\"@type\":\"WebSite\",\"@id\":\"https:\/\/www.montalegre.org\/es\/#website\",\"url\":\"https:\/\/www.montalegre.org\/es\/\",\"name\":\"Montalegre\",\"description\":\"\",\"potentialAction\":[{\"@type\":\"SearchAction\",\"target\":{\"@type\":\"EntryPoint\",\"urlTemplate\":\"https:\/\/www.montalegre.org\/es\/?s={search_term_string}\"},\"query-input\":{\"@type\":\"PropertyValueSpecification\",\"valueRequired\":true,\"valueName\":\"search_term_string\"}}],\"inLanguage\":\"es\"},{\"@type\":\"Person\",\"@id\":\"https:\/\/www.montalegre.org\/es\/#\/schema\/person\/fa12d4cf3a3f1735a9176b4fafd6a633\",\"name\":\"montalegre\",\"image\":{\"@type\":\"ImageObject\",\"inLanguage\":\"es\",\"@id\":\"https:\/\/www.montalegre.org\/es\/#\/schema\/person\/image\/\",\"url\":\"https:\/\/secure.gravatar.com\/avatar\/fe6d886cf5081e723c666dceda1f12d4f39070fa2ed4e79695edc3ca355c9b5a?s=96&d=mm&r=g\",\"contentUrl\":\"https:\/\/secure.gravatar.com\/avatar\/fe6d886cf5081e723c666dceda1f12d4f39070fa2ed4e79695edc3ca355c9b5a?s=96&d=mm&r=g\",\"caption\":\"montalegre\"},\"url\":\"https:\/\/www.montalegre.org\/es\/author\/montalegre\/\"}]}<\/script>\n<!-- \/ Yoast SEO plugin. -->","yoast_head_json":{"title":"Aniversario de los 50 a\u00f1os de culto en Montalegre - Montalegre","robots":{"index":"index","follow":"follow","max-snippet":"max-snippet:-1","max-image-preview":"max-image-preview:large","max-video-preview":"max-video-preview:-1"},"canonical":"https:\/\/www.montalegre.org\/es\/2017\/06\/aniversario-de-los-50-anos-de-culto-en-montalegre\/","og_locale":"es_ES","og_type":"article","og_title":"Aniversario de los 50 a\u00f1os de culto en Montalegre - Montalegre","og_description":"En la tarde del s\u00e1bado 3 de junio de 2017, la Iglesia de Santa Mar\u00eda de Montalegre celebr\u00f3 los 50 a\u00f1os de servicio en el Raval. La celebraci\u00f3n tuvo dos partes principales. Por un lado, en el templo se celebr\u00f3 una Eucarist\u00eda solemne presidida por el arzobispo de la di\u00f3cesis de Barcelona, Mons. Juan Jos\u00e9 [&hellip;]","og_url":"https:\/\/www.montalegre.org\/es\/2017\/06\/aniversario-de-los-50-anos-de-culto-en-montalegre\/","og_site_name":"Montalegre","article_published_time":"2017-06-11T16:16:37+00:00","article_modified_time":"2017-06-11T16:23:25+00:00","og_image":[{"width":745,"height":475,"url":"https:\/\/www.montalegre.org\/wp-content\/uploads\/2017\/06\/montealegre-745x475.jpg","type":"image\/jpeg"}],"author":"montalegre","twitter_card":"summary_large_image","twitter_misc":{"Escrito por":"montalegre","Tiempo de lectura":"2 minutos"},"schema":{"@context":"https:\/\/schema.org","@graph":[{"@type":"Article","@id":"https:\/\/www.montalegre.org\/es\/2017\/06\/aniversario-de-los-50-anos-de-culto-en-montalegre\/#article","isPartOf":{"@id":"https:\/\/www.montalegre.org\/es\/2017\/06\/aniversario-de-los-50-anos-de-culto-en-montalegre\/"},"author":{"name":"montalegre","@id":"https:\/\/www.montalegre.org\/es\/#\/schema\/person\/fa12d4cf3a3f1735a9176b4fafd6a633"},"headline":"Aniversario de los 50 a\u00f1os de culto en Montalegre","datePublished":"2017-06-11T16:16:37+00:00","dateModified":"2017-06-11T16:23:25+00:00","mainEntityOfPage":{"@id":"https:\/\/www.montalegre.org\/es\/2017\/06\/aniversario-de-los-50-anos-de-culto-en-montalegre\/"},"wordCount":463,"commentCount":0,"image":{"@id":"https:\/\/www.montalegre.org\/es\/2017\/06\/aniversario-de-los-50-anos-de-culto-en-montalegre\/#primaryimage"},"thumbnailUrl":"https:\/\/www.montalegre.org\/wp-content\/uploads\/2017\/06\/montealegre-745x475.jpg","articleSection":["Actualidad"],"inLanguage":"es","potentialAction":[{"@type":"CommentAction","name":"Comment","target":["https:\/\/www.montalegre.org\/es\/2017\/06\/aniversario-de-los-50-anos-de-culto-en-montalegre\/#respond"]}]},{"@type":"WebPage","@id":"https:\/\/www.montalegre.org\/es\/2017\/06\/aniversario-de-los-50-anos-de-culto-en-montalegre\/","url":"https:\/\/www.montalegre.org\/es\/2017\/06\/aniversario-de-los-50-anos-de-culto-en-montalegre\/","name":"Aniversario de los 50 a\u00f1os de culto en Montalegre - Montalegre","isPartOf":{"@id":"https:\/\/www.montalegre.org\/es\/#website"},"primaryImageOfPage":{"@id":"https:\/\/www.montalegre.org\/es\/2017\/06\/aniversario-de-los-50-anos-de-culto-en-montalegre\/#primaryimage"},"image":{"@id":"https:\/\/www.montalegre.org\/es\/2017\/06\/aniversario-de-los-50-anos-de-culto-en-montalegre\/#primaryimage"},"thumbnailUrl":"https:\/\/www.montalegre.org\/wp-content\/uploads\/2017\/06\/montealegre-745x475.jpg","datePublished":"2017-06-11T16:16:37+00:00","dateModified":"2017-06-11T16:23:25+00:00","author":{"@id":"https:\/\/www.montalegre.org\/es\/#\/schema\/person\/fa12d4cf3a3f1735a9176b4fafd6a633"},"breadcrumb":{"@id":"https:\/\/www.montalegre.org\/es\/2017\/06\/aniversario-de-los-50-anos-de-culto-en-montalegre\/#breadcrumb"},"inLanguage":"es","potentialAction":[{"@type":"ReadAction","target":["https:\/\/www.montalegre.org\/es\/2017\/06\/aniversario-de-los-50-anos-de-culto-en-montalegre\/"]}]},{"@type":"ImageObject","inLanguage":"es","@id":"https:\/\/www.montalegre.org\/es\/2017\/06\/aniversario-de-los-50-anos-de-culto-en-montalegre\/#primaryimage","url":"https:\/\/www.montalegre.org\/wp-content\/uploads\/2017\/06\/montealegre-745x475.jpg","contentUrl":"https:\/\/www.montalegre.org\/wp-content\/uploads\/2017\/06\/montealegre-745x475.jpg","width":745,"height":475},{"@type":"BreadcrumbList","@id":"https:\/\/www.montalegre.org\/es\/2017\/06\/aniversario-de-los-50-anos-de-culto-en-montalegre\/#breadcrumb","itemListElement":[{"@type":"ListItem","position":1,"name":"Portada","item":"https:\/\/www.montalegre.org\/es\/"},{"@type":"ListItem","position":2,"name":"Aniversario de los 50 a\u00f1os de culto en Montalegre"}]},{"@type":"WebSite","@id":"https:\/\/www.montalegre.org\/es\/#website","url":"https:\/\/www.montalegre.org\/es\/","name":"Montalegre","description":"","potentialAction":[{"@type":"SearchAction","target":{"@type":"EntryPoint","urlTemplate":"https:\/\/www.montalegre.org\/es\/?s={search_term_string}"},"query-input":{"@type":"PropertyValueSpecification","valueRequired":true,"valueName":"search_term_string"}}],"inLanguage":"es"},{"@type":"Person","@id":"https:\/\/www.montalegre.org\/es\/#\/schema\/person\/fa12d4cf3a3f1735a9176b4fafd6a633","name":"montalegre","image":{"@type":"ImageObject","inLanguage":"es","@id":"https:\/\/www.montalegre.org\/es\/#\/schema\/person\/image\/","url":"https:\/\/secure.gravatar.com\/avatar\/fe6d886cf5081e723c666dceda1f12d4f39070fa2ed4e79695edc3ca355c9b5a?s=96&d=mm&r=g","contentUrl":"https:\/\/secure.gravatar.com\/avatar\/fe6d886cf5081e723c666dceda1f12d4f39070fa2ed4e79695edc3ca355c9b5a?s=96&d=mm&r=g","caption":"montalegre"},"url":"https:\/\/www.montalegre.org\/es\/author\/montalegre\/"}]}},"_links":{"self":[{"href":"https:\/\/www.montalegre.org\/es\/wp-json\/wp\/v2\/posts\/11179","targetHints":{"allow":["GET"]}}],"collection":[{"href":"https:\/\/www.montalegre.org\/es\/wp-json\/wp\/v2\/posts"}],"about":[{"href":"https:\/\/www.montalegre.org\/es\/wp-json\/wp\/v2\/types\/post"}],"author":[{"embeddable":true,"href":"https:\/\/www.montalegre.org\/es\/wp-json\/wp\/v2\/users\/4"}],"replies":[{"embeddable":true,"href":"https:\/\/www.montalegre.org\/es\/wp-json\/wp\/v2\/comments?post=11179"}],"version-history":[{"count":4,"href":"https:\/\/www.montalegre.org\/es\/wp-json\/wp\/v2\/posts\/11179\/revisions"}],"predecessor-version":[{"id":11183,"href":"https:\/\/www.montalegre.org\/es\/wp-json\/wp\/v2\/posts\/11179\/revisions\/11183"}],"wp:featuredmedia":[{"embeddable":true,"href":"https:\/\/www.montalegre.org\/es\/wp-json\/wp\/v2\/media\/11177"}],"wp:attachment":[{"href":"https:\/\/www.montalegre.org\/es\/wp-json\/wp\/v2\/media?parent=11179"}],"wp:term":[{"taxonomy":"category","embeddable":true,"href":"https:\/\/www.montalegre.org\/es\/wp-json\/wp\/v2\/categories?post=11179"},{"taxonomy":"post_tag","embeddable":true,"href":"https:\/\/www.montalegre.org\/es\/wp-json\/wp\/v2\/tags?post=11179"}],"curies":[{"name":"wp","href":"https:\/\/api.w.org\/{rel}","templated":true}]}}