{"id":11150,"date":"2017-05-21T16:57:14","date_gmt":"2017-05-21T16:57:14","guid":{"rendered":"http:\/\/www.montalegre.org\/es\/?p=11150"},"modified":"2017-05-28T18:24:51","modified_gmt":"2017-05-28T18:24:51","slug":"con-el-senor-sonar-es-posible","status":"publish","type":"post","link":"https:\/\/www.montalegre.org\/es\/2017\/05\/con-el-senor-sonar-es-posible\/","title":{"rendered":"Con el Se\u00f1or, so\u00f1ar es posible"},"content":{"rendered":"<p>El Vicario del Opus Dei en Espa\u00f1a, Mn. Ramon Herrando Prat de la Ribaha estado en Barcelona. Con motivo de celebrarse la festividad del beato \u00c1lvaro del Portillo, el primer sucesor del fundador del Opus Dei, san Josemar\u00eda Escriv\u00e1, el d\u00eda 12 de mayo de 2017\u00a0presidi\u00f3 en Montalegre la misa solemne de las 12 del mediod\u00eda, junto al rector de la Iglesia de santa Mar\u00eda de Montalegre y el vicario del Opus Dei en Catalu\u00f1a. Antes, Mn. Herrando estuvo rezando muy cerquita del sepulcro de Jos\u00e9 Mar\u00eda Hern\u00e1ndez Garnica.<\/p>\n<p>En la homil\u00eda Mn. Herrando record\u00f3\u00a0la persona del beato \u00c1lvaro, sus virtudes y su paz permanente. Su vida, dijo, siempre estuvo a la luz de san Josemar\u00eda, pero por el <em>\u201cConducto reglamentario\u201d<\/em>, como le gustaba decir. Sus cualidades como buen pastor fue hacer de <em>Cireneo<\/em> ayudando al pr\u00f3jimo a llevar la cruz de cada d\u00eda. Para ello, nos dec\u00eda, hemos de prepararnos para la misa diaria y recibir a Cristo cada d\u00eda. Es importante c\u00f3mo recibimos a Cristo en la comuni\u00f3n, con qu\u00e9 detalles de amor nos preparamos. El mejor detalle es acudir al sacramento del perd\u00f3n y la misericordia, y tambi\u00e9n invitar a parientes y amigos, los cuales saldr\u00e1n muy gozosos del confesionario.<\/p>\n<p>Mn. Herrando tambi\u00e9n explic\u00f3 diversas actividades apost\u00f3licas de los \u00faltimos tiempos antes del traspaso del beato \u00c1lvaro, el cual dec\u00eda <em>\u201cFi\u00e9monos siempre del Se\u00f1or, con \u00c9l todos los sue\u00f1os ser\u00e1n posibles\u201d<\/em>.<\/p>\n<p>Equipo de Comunicaci\u00f3n Montalegre<\/p>\n","protected":false},"excerpt":{"rendered":"<p>El Vicario del Opus Dei en Espa\u00f1a, Mn. Ramon Herrando Prat de la Ribaha estado en Barcelona. Con motivo de celebrarse la festividad del beato \u00c1lvaro del Portillo, el primer sucesor del fundador del Opus Dei, san Josemar\u00eda Escriv\u00e1, el d\u00eda 12 de mayo de 2017\u00a0presidi\u00f3 en Montalegre la misa solemne de las 12 del [&hellip;]<\/p>\n","protected":false},"author":4,"featured_media":11157,"comment_status":"open","ping_status":"open","sticky":false,"template":"","format":"standard","meta":{"footnotes":""},"categories":[1],"tags":[],"class_list":["post-11150","post","type-post","status-publish","format-standard","has-post-thumbnail","hentry","category-noticias-de-montalegre"],"yoast_head":"<!-- This site is optimized with the Yoast SEO plugin v27.1.1 - https:\/\/yoast.com\/product\/yoast-seo-wordpress\/ -->\n<title>Con el Se\u00f1or, so\u00f1ar es posible - Montalegre<\/title>\n<meta name=\"robots\" content=\"index, follow, max-snippet:-1, max-image-preview:large, max-video-preview:-1\" \/>\n<link rel=\"canonical\" href=\"https:\/\/www.montalegre.org\/es\/2017\/05\/con-el-senor-sonar-es-posible\/\" \/>\n<meta property=\"og:locale\" content=\"es_ES\" \/>\n<meta property=\"og:type\" content=\"article\" \/>\n<meta property=\"og:title\" content=\"Con el Se\u00f1or, so\u00f1ar es posible - Montalegre\" \/>\n<meta property=\"og:description\" content=\"El Vicario del Opus Dei en Espa\u00f1a, Mn. Ramon Herrando Prat de la Ribaha estado en Barcelona. Con motivo de celebrarse la festividad del beato \u00c1lvaro del Portillo, el primer sucesor del fundador del Opus Dei, san Josemar\u00eda Escriv\u00e1, el d\u00eda 12 de mayo de 2017\u00a0presidi\u00f3 en Montalegre la misa solemne de las 12 del [&hellip;]\" \/>\n<meta property=\"og:url\" content=\"https:\/\/www.montalegre.org\/es\/2017\/05\/con-el-senor-sonar-es-posible\/\" \/>\n<meta property=\"og:site_name\" content=\"Montalegre\" \/>\n<meta property=\"article:published_time\" content=\"2017-05-21T16:57:14+00:00\" \/>\n<meta property=\"article:modified_time\" content=\"2017-05-28T18:24:51+00:00\" \/>\n<meta property=\"og:image\" content=\"https:\/\/www.montalegre.org\/wp-content\/uploads\/2017\/05\/IMG-20170512-WA0002-1.jpg\" \/>\n\t<meta property=\"og:image:width\" content=\"589\" \/>\n\t<meta property=\"og:image:height\" content=\"1047\" \/>\n\t<meta property=\"og:image:type\" content=\"image\/jpeg\" \/>\n<meta name=\"author\" content=\"montalegre\" \/>\n<meta name=\"twitter:card\" content=\"summary_large_image\" \/>\n<meta name=\"twitter:label1\" content=\"Escrito por\" \/>\n\t<meta name=\"twitter:data1\" content=\"montalegre\" \/>\n\t<meta name=\"twitter:label2\" content=\"Tiempo de lectura\" \/>\n\t<meta name=\"twitter:data2\" content=\"1 minuto\" \/>\n<script type=\"application\/ld+json\" class=\"yoast-schema-graph\">{\"@context\":\"https:\/\/schema.org\",\"@graph\":[{\"@type\":\"Article\",\"@id\":\"https:\/\/www.montalegre.org\/es\/2017\/05\/con-el-senor-sonar-es-posible\/#article\",\"isPartOf\":{\"@id\":\"https:\/\/www.montalegre.org\/es\/2017\/05\/con-el-senor-sonar-es-posible\/\"},\"author\":{\"name\":\"montalegre\",\"@id\":\"https:\/\/www.montalegre.org\/es\/#\/schema\/person\/fa12d4cf3a3f1735a9176b4fafd6a633\"},\"headline\":\"Con el Se\u00f1or, so\u00f1ar es posible\",\"datePublished\":\"2017-05-21T16:57:14+00:00\",\"dateModified\":\"2017-05-28T18:24:51+00:00\",\"mainEntityOfPage\":{\"@id\":\"https:\/\/www.montalegre.org\/es\/2017\/05\/con-el-senor-sonar-es-posible\/\"},\"wordCount\":272,\"commentCount\":0,\"image\":{\"@id\":\"https:\/\/www.montalegre.org\/es\/2017\/05\/con-el-senor-sonar-es-posible\/#primaryimage\"},\"thumbnailUrl\":\"https:\/\/www.montalegre.org\/wp-content\/uploads\/2017\/05\/IMG-20170512-WA0002-1.jpg\",\"articleSection\":[\"Noticias de Montalegre\"],\"inLanguage\":\"es\",\"potentialAction\":[{\"@type\":\"CommentAction\",\"name\":\"Comment\",\"target\":[\"https:\/\/www.montalegre.org\/es\/2017\/05\/con-el-senor-sonar-es-posible\/#respond\"]}]},{\"@type\":\"WebPage\",\"@id\":\"https:\/\/www.montalegre.org\/es\/2017\/05\/con-el-senor-sonar-es-posible\/\",\"url\":\"https:\/\/www.montalegre.org\/es\/2017\/05\/con-el-senor-sonar-es-posible\/\",\"name\":\"Con el Se\u00f1or, so\u00f1ar es posible - Montalegre\",\"isPartOf\":{\"@id\":\"https:\/\/www.montalegre.org\/es\/#website\"},\"primaryImageOfPage\":{\"@id\":\"https:\/\/www.montalegre.org\/es\/2017\/05\/con-el-senor-sonar-es-posible\/#primaryimage\"},\"image\":{\"@id\":\"https:\/\/www.montalegre.org\/es\/2017\/05\/con-el-senor-sonar-es-posible\/#primaryimage\"},\"thumbnailUrl\":\"https:\/\/www.montalegre.org\/wp-content\/uploads\/2017\/05\/IMG-20170512-WA0002-1.jpg\",\"datePublished\":\"2017-05-21T16:57:14+00:00\",\"dateModified\":\"2017-05-28T18:24:51+00:00\",\"author\":{\"@id\":\"https:\/\/www.montalegre.org\/es\/#\/schema\/person\/fa12d4cf3a3f1735a9176b4fafd6a633\"},\"breadcrumb\":{\"@id\":\"https:\/\/www.montalegre.org\/es\/2017\/05\/con-el-senor-sonar-es-posible\/#breadcrumb\"},\"inLanguage\":\"es\",\"potentialAction\":[{\"@type\":\"ReadAction\",\"target\":[\"https:\/\/www.montalegre.org\/es\/2017\/05\/con-el-senor-sonar-es-posible\/\"]}]},{\"@type\":\"ImageObject\",\"inLanguage\":\"es\",\"@id\":\"https:\/\/www.montalegre.org\/es\/2017\/05\/con-el-senor-sonar-es-posible\/#primaryimage\",\"url\":\"https:\/\/www.montalegre.org\/wp-content\/uploads\/2017\/05\/IMG-20170512-WA0002-1.jpg\",\"contentUrl\":\"https:\/\/www.montalegre.org\/wp-content\/uploads\/2017\/05\/IMG-20170512-WA0002-1.jpg\",\"width\":589,\"height\":1047},{\"@type\":\"BreadcrumbList\",\"@id\":\"https:\/\/www.montalegre.org\/es\/2017\/05\/con-el-senor-sonar-es-posible\/#breadcrumb\",\"itemListElement\":[{\"@type\":\"ListItem\",\"position\":1,\"name\":\"Portada\",\"item\":\"https:\/\/www.montalegre.org\/es\/\"},{\"@type\":\"ListItem\",\"position\":2,\"name\":\"Con el Se\u00f1or, so\u00f1ar es posible\"}]},{\"@type\":\"WebSite\",\"@id\":\"https:\/\/www.montalegre.org\/es\/#website\",\"url\":\"https:\/\/www.montalegre.org\/es\/\",\"name\":\"Montalegre\",\"description\":\"\",\"potentialAction\":[{\"@type\":\"SearchAction\",\"target\":{\"@type\":\"EntryPoint\",\"urlTemplate\":\"https:\/\/www.montalegre.org\/es\/?s={search_term_string}\"},\"query-input\":{\"@type\":\"PropertyValueSpecification\",\"valueRequired\":true,\"valueName\":\"search_term_string\"}}],\"inLanguage\":\"es\"},{\"@type\":\"Person\",\"@id\":\"https:\/\/www.montalegre.org\/es\/#\/schema\/person\/fa12d4cf3a3f1735a9176b4fafd6a633\",\"name\":\"montalegre\",\"image\":{\"@type\":\"ImageObject\",\"inLanguage\":\"es\",\"@id\":\"https:\/\/www.montalegre.org\/es\/#\/schema\/person\/image\/\",\"url\":\"https:\/\/secure.gravatar.com\/avatar\/fe6d886cf5081e723c666dceda1f12d4f39070fa2ed4e79695edc3ca355c9b5a?s=96&d=mm&r=g\",\"contentUrl\":\"https:\/\/secure.gravatar.com\/avatar\/fe6d886cf5081e723c666dceda1f12d4f39070fa2ed4e79695edc3ca355c9b5a?s=96&d=mm&r=g\",\"caption\":\"montalegre\"},\"url\":\"https:\/\/www.montalegre.org\/es\/author\/montalegre\/\"}]}<\/script>\n<!-- \/ Yoast SEO plugin. -->","yoast_head_json":{"title":"Con el Se\u00f1or, so\u00f1ar es posible - Montalegre","robots":{"index":"index","follow":"follow","max-snippet":"max-snippet:-1","max-image-preview":"max-image-preview:large","max-video-preview":"max-video-preview:-1"},"canonical":"https:\/\/www.montalegre.org\/es\/2017\/05\/con-el-senor-sonar-es-posible\/","og_locale":"es_ES","og_type":"article","og_title":"Con el Se\u00f1or, so\u00f1ar es posible - Montalegre","og_description":"El Vicario del Opus Dei en Espa\u00f1a, Mn. Ramon Herrando Prat de la Ribaha estado en Barcelona. Con motivo de celebrarse la festividad del beato \u00c1lvaro del Portillo, el primer sucesor del fundador del Opus Dei, san Josemar\u00eda Escriv\u00e1, el d\u00eda 12 de mayo de 2017\u00a0presidi\u00f3 en Montalegre la misa solemne de las 12 del [&hellip;]","og_url":"https:\/\/www.montalegre.org\/es\/2017\/05\/con-el-senor-sonar-es-posible\/","og_site_name":"Montalegre","article_published_time":"2017-05-21T16:57:14+00:00","article_modified_time":"2017-05-28T18:24:51+00:00","og_image":[{"width":589,"height":1047,"url":"https:\/\/www.montalegre.org\/wp-content\/uploads\/2017\/05\/IMG-20170512-WA0002-1.jpg","type":"image\/jpeg"}],"author":"montalegre","twitter_card":"summary_large_image","twitter_misc":{"Escrito por":"montalegre","Tiempo de lectura":"1 minuto"},"schema":{"@context":"https:\/\/schema.org","@graph":[{"@type":"Article","@id":"https:\/\/www.montalegre.org\/es\/2017\/05\/con-el-senor-sonar-es-posible\/#article","isPartOf":{"@id":"https:\/\/www.montalegre.org\/es\/2017\/05\/con-el-senor-sonar-es-posible\/"},"author":{"name":"montalegre","@id":"https:\/\/www.montalegre.org\/es\/#\/schema\/person\/fa12d4cf3a3f1735a9176b4fafd6a633"},"headline":"Con el Se\u00f1or, so\u00f1ar es posible","datePublished":"2017-05-21T16:57:14+00:00","dateModified":"2017-05-28T18:24:51+00:00","mainEntityOfPage":{"@id":"https:\/\/www.montalegre.org\/es\/2017\/05\/con-el-senor-sonar-es-posible\/"},"wordCount":272,"commentCount":0,"image":{"@id":"https:\/\/www.montalegre.org\/es\/2017\/05\/con-el-senor-sonar-es-posible\/#primaryimage"},"thumbnailUrl":"https:\/\/www.montalegre.org\/wp-content\/uploads\/2017\/05\/IMG-20170512-WA0002-1.jpg","articleSection":["Noticias de Montalegre"],"inLanguage":"es","potentialAction":[{"@type":"CommentAction","name":"Comment","target":["https:\/\/www.montalegre.org\/es\/2017\/05\/con-el-senor-sonar-es-posible\/#respond"]}]},{"@type":"WebPage","@id":"https:\/\/www.montalegre.org\/es\/2017\/05\/con-el-senor-sonar-es-posible\/","url":"https:\/\/www.montalegre.org\/es\/2017\/05\/con-el-senor-sonar-es-posible\/","name":"Con el Se\u00f1or, so\u00f1ar es posible - Montalegre","isPartOf":{"@id":"https:\/\/www.montalegre.org\/es\/#website"},"primaryImageOfPage":{"@id":"https:\/\/www.montalegre.org\/es\/2017\/05\/con-el-senor-sonar-es-posible\/#primaryimage"},"image":{"@id":"https:\/\/www.montalegre.org\/es\/2017\/05\/con-el-senor-sonar-es-posible\/#primaryimage"},"thumbnailUrl":"https:\/\/www.montalegre.org\/wp-content\/uploads\/2017\/05\/IMG-20170512-WA0002-1.jpg","datePublished":"2017-05-21T16:57:14+00:00","dateModified":"2017-05-28T18:24:51+00:00","author":{"@id":"https:\/\/www.montalegre.org\/es\/#\/schema\/person\/fa12d4cf3a3f1735a9176b4fafd6a633"},"breadcrumb":{"@id":"https:\/\/www.montalegre.org\/es\/2017\/05\/con-el-senor-sonar-es-posible\/#breadcrumb"},"inLanguage":"es","potentialAction":[{"@type":"ReadAction","target":["https:\/\/www.montalegre.org\/es\/2017\/05\/con-el-senor-sonar-es-posible\/"]}]},{"@type":"ImageObject","inLanguage":"es","@id":"https:\/\/www.montalegre.org\/es\/2017\/05\/con-el-senor-sonar-es-posible\/#primaryimage","url":"https:\/\/www.montalegre.org\/wp-content\/uploads\/2017\/05\/IMG-20170512-WA0002-1.jpg","contentUrl":"https:\/\/www.montalegre.org\/wp-content\/uploads\/2017\/05\/IMG-20170512-WA0002-1.jpg","width":589,"height":1047},{"@type":"BreadcrumbList","@id":"https:\/\/www.montalegre.org\/es\/2017\/05\/con-el-senor-sonar-es-posible\/#breadcrumb","itemListElement":[{"@type":"ListItem","position":1,"name":"Portada","item":"https:\/\/www.montalegre.org\/es\/"},{"@type":"ListItem","position":2,"name":"Con el Se\u00f1or, so\u00f1ar es posible"}]},{"@type":"WebSite","@id":"https:\/\/www.montalegre.org\/es\/#website","url":"https:\/\/www.montalegre.org\/es\/","name":"Montalegre","description":"","potentialAction":[{"@type":"SearchAction","target":{"@type":"EntryPoint","urlTemplate":"https:\/\/www.montalegre.org\/es\/?s={search_term_string}"},"query-input":{"@type":"PropertyValueSpecification","valueRequired":true,"valueName":"search_term_string"}}],"inLanguage":"es"},{"@type":"Person","@id":"https:\/\/www.montalegre.org\/es\/#\/schema\/person\/fa12d4cf3a3f1735a9176b4fafd6a633","name":"montalegre","image":{"@type":"ImageObject","inLanguage":"es","@id":"https:\/\/www.montalegre.org\/es\/#\/schema\/person\/image\/","url":"https:\/\/secure.gravatar.com\/avatar\/fe6d886cf5081e723c666dceda1f12d4f39070fa2ed4e79695edc3ca355c9b5a?s=96&d=mm&r=g","contentUrl":"https:\/\/secure.gravatar.com\/avatar\/fe6d886cf5081e723c666dceda1f12d4f39070fa2ed4e79695edc3ca355c9b5a?s=96&d=mm&r=g","caption":"montalegre"},"url":"https:\/\/www.montalegre.org\/es\/author\/montalegre\/"}]}},"_links":{"self":[{"href":"https:\/\/www.montalegre.org\/es\/wp-json\/wp\/v2\/posts\/11150","targetHints":{"allow":["GET"]}}],"collection":[{"href":"https:\/\/www.montalegre.org\/es\/wp-json\/wp\/v2\/posts"}],"about":[{"href":"https:\/\/www.montalegre.org\/es\/wp-json\/wp\/v2\/types\/post"}],"author":[{"embeddable":true,"href":"https:\/\/www.montalegre.org\/es\/wp-json\/wp\/v2\/users\/4"}],"replies":[{"embeddable":true,"href":"https:\/\/www.montalegre.org\/es\/wp-json\/wp\/v2\/comments?post=11150"}],"version-history":[{"count":5,"href":"https:\/\/www.montalegre.org\/es\/wp-json\/wp\/v2\/posts\/11150\/revisions"}],"predecessor-version":[{"id":11173,"href":"https:\/\/www.montalegre.org\/es\/wp-json\/wp\/v2\/posts\/11150\/revisions\/11173"}],"wp:featuredmedia":[{"embeddable":true,"href":"https:\/\/www.montalegre.org\/es\/wp-json\/wp\/v2\/media\/11157"}],"wp:attachment":[{"href":"https:\/\/www.montalegre.org\/es\/wp-json\/wp\/v2\/media?parent=11150"}],"wp:term":[{"taxonomy":"category","embeddable":true,"href":"https:\/\/www.montalegre.org\/es\/wp-json\/wp\/v2\/categories?post=11150"},{"taxonomy":"post_tag","embeddable":true,"href":"https:\/\/www.montalegre.org\/es\/wp-json\/wp\/v2\/tags?post=11150"}],"curies":[{"name":"wp","href":"https:\/\/api.w.org\/{rel}","templated":true}]}}