{"id":11101,"date":"2017-05-15T16:43:57","date_gmt":"2017-05-15T16:43:57","guid":{"rendered":"http:\/\/www.montalegre.org\/es\/?p=11101"},"modified":"2017-05-18T15:46:15","modified_gmt":"2017-05-18T15:46:15","slug":"la-palabra-habla-de-la-madre","status":"publish","type":"post","link":"https:\/\/www.montalegre.org\/es\/2017\/05\/la-palabra-habla-de-la-madre\/","title":{"rendered":"La Palabra habla de la Madre"},"content":{"rendered":"<p><a href=\"http:\/\/www.montalegre.org\/wp-content\/uploads\/2017\/05\/Verge-petita-montalegre.jpg\"><img loading=\"lazy\" decoding=\"async\" class=\"alignleft size-medium wp-image-11131\" src=\"http:\/\/www.montalegre.org\/wp-content\/uploads\/2017\/05\/Verge-petita-montalegre-270x480.jpg\" alt=\"\" width=\"270\" height=\"480\" srcset=\"https:\/\/www.montalegre.org\/wp-content\/uploads\/2017\/05\/Verge-petita-montalegre-270x480.jpg 270w, https:\/\/www.montalegre.org\/wp-content\/uploads\/2017\/05\/Verge-petita-montalegre-576x1024.jpg 576w, https:\/\/www.montalegre.org\/wp-content\/uploads\/2017\/05\/Verge-petita-montalegre-600x1066.jpg 600w, https:\/\/www.montalegre.org\/wp-content\/uploads\/2017\/05\/Verge-petita-montalegre.jpg 1152w\" sizes=\"auto, (max-width: 270px) 100vw, 270px\" \/><\/a>Las Sagradas Escrituras presentan la acci\u00f3n de Dios, acto de Amor, encaminada a la salvaci\u00f3n del hombre. Se sirve del mismo hombre para hacernos llegar sus designios de Padre, y especialmente a trav\u00e9s de su Hijo, el Verbo hecho hombre. Una Virgen dar\u00e1 a luz un var\u00f3n, nos anuncia el profeta Isa\u00edas. Y el \u00e1ngel Gabriel se presenta a una joven llamada Mar\u00eda: Dios te salve Mar\u00eda, llena eres de gracia, el Se\u00f1or es contigo. Mar\u00eda se turba ante estas palabras. Despu\u00e9s de responder al \u00e1ngel se apresura para ir a ayudar a su prima Isabel, que la saluda con unas palabras que repetimos con frecuencia: <em>\u00a1Bendita tu eres entre todas las mujeres!<\/em> Y cuando el Hijo oye la alabanza hecha a su Madre, responde con otra de mayor profundidad: \u00a1bienaventurados m\u00e1s bien los que oye la Palabra de Dios y la ponen por obra! Es la biograf\u00eda completa de Mar\u00eda. Pero, las \u00faltimas palabras del Hijo son las que manifiestan su voluntad eterna para su Madre y que perpet\u00faan la uni\u00f3n de Mar\u00eda en la misi\u00f3n redentora y salv\u00edfica del Hijo: <em>\u00a1Mujer, ah\u00ed tienes a tu hijo!,<\/em> y dirigi\u00e9ndose al disc\u00edpulo amado dice: <em>\u00a1Aqu\u00ed tienes a tu Madre!<\/em><\/p>\n<p>Pocas palabras referentes a Mar\u00eda, pero de una gran profundidad teol\u00f3gica y espiritual, a la vez que son de una sencillez y comprensi\u00f3n inigualables. Manifiestan el Amor inmenso del Hijo a la Madre y a todos nosotros. Sabernos hijos e hijas de Mar\u00eda, acogerla en muestra casa como Madre, es garant\u00eda de que cumpliremos la voluntad de Dios a lo largo de nuestra vida. Junto a Mar\u00eda encontraremos el camino que nos conduce a Dios, y con Ella, sabremos reencontrarlo si en alguna ocasi\u00f3n nos despistamos y perdemos o nos desviamos del camino. Como afirmaba san Josemar\u00eda, <em>\u00a1A Jes\u00fas se va y se vuelve por Mar\u00eda!<\/em> Procuremos tratarla como lo que es: Madre de Dios y Madre nuestra.<\/p>\n<p>El mes de mayo, mes de Mar\u00eda, ha de suponer para cada uno de nosotros un crecimiento del deseo de amar a Dios de la mano de Mar\u00eda. Si amamos a la Madre, amaremos al Hijo. As\u00ed lo comprobaron los pastorcillos de F\u00e1tima. Como dec\u00eda Jacinta: <em>\u201cMe gusta mucho decirle a Jes\u00fas que lo amo\u201d<\/em>.<\/p>\n<p>Mn. Xavier Argelich<\/p>\n","protected":false},"excerpt":{"rendered":"<p>Las Sagradas Escrituras presentan la acci\u00f3n de Dios, acto de Amor, encaminada a la salvaci\u00f3n del hombre. Se sirve del mismo hombre para hacernos llegar sus designios de Padre, y especialmente a trav\u00e9s de su Hijo, el Verbo hecho hombre. Una Virgen dar\u00e1 a luz un var\u00f3n, nos anuncia el profeta Isa\u00edas. Y el \u00e1ngel [&hellip;]<\/p>\n","protected":false},"author":4,"featured_media":0,"comment_status":"open","ping_status":"open","sticky":false,"template":"","format":"standard","meta":{"footnotes":""},"categories":[52],"tags":[],"class_list":["post-11101","post","type-post","status-publish","format-standard","hentry","category-editorial"],"yoast_head":"<!-- This site is optimized with the Yoast SEO plugin v27.1.1 - https:\/\/yoast.com\/product\/yoast-seo-wordpress\/ -->\n<title>La Palabra habla de la Madre - Montalegre<\/title>\n<meta name=\"robots\" content=\"index, follow, max-snippet:-1, max-image-preview:large, max-video-preview:-1\" \/>\n<link rel=\"canonical\" href=\"https:\/\/www.montalegre.org\/es\/2017\/05\/la-palabra-habla-de-la-madre\/\" \/>\n<meta property=\"og:locale\" content=\"es_ES\" \/>\n<meta property=\"og:type\" content=\"article\" \/>\n<meta property=\"og:title\" content=\"La Palabra habla de la Madre - Montalegre\" \/>\n<meta property=\"og:description\" content=\"Las Sagradas Escrituras presentan la acci\u00f3n de Dios, acto de Amor, encaminada a la salvaci\u00f3n del hombre. Se sirve del mismo hombre para hacernos llegar sus designios de Padre, y especialmente a trav\u00e9s de su Hijo, el Verbo hecho hombre. Una Virgen dar\u00e1 a luz un var\u00f3n, nos anuncia el profeta Isa\u00edas. Y el \u00e1ngel [&hellip;]\" \/>\n<meta property=\"og:url\" content=\"https:\/\/www.montalegre.org\/es\/2017\/05\/la-palabra-habla-de-la-madre\/\" \/>\n<meta property=\"og:site_name\" content=\"Montalegre\" \/>\n<meta property=\"article:published_time\" content=\"2017-05-15T16:43:57+00:00\" \/>\n<meta property=\"article:modified_time\" content=\"2017-05-18T15:46:15+00:00\" \/>\n<meta property=\"og:image\" content=\"http:\/\/www.montalegre.org\/wp-content\/uploads\/2017\/05\/Verge-petita-montalegre-270x480.jpg\" \/>\n<meta name=\"author\" content=\"montalegre\" \/>\n<meta name=\"twitter:card\" content=\"summary_large_image\" \/>\n<meta name=\"twitter:label1\" content=\"Escrito por\" \/>\n\t<meta name=\"twitter:data1\" content=\"montalegre\" \/>\n\t<meta name=\"twitter:label2\" content=\"Tiempo de lectura\" \/>\n\t<meta name=\"twitter:data2\" content=\"2 minutos\" \/>\n<script type=\"application\/ld+json\" class=\"yoast-schema-graph\">{\"@context\":\"https:\/\/schema.org\",\"@graph\":[{\"@type\":\"Article\",\"@id\":\"https:\/\/www.montalegre.org\/es\/2017\/05\/la-palabra-habla-de-la-madre\/#article\",\"isPartOf\":{\"@id\":\"https:\/\/www.montalegre.org\/es\/2017\/05\/la-palabra-habla-de-la-madre\/\"},\"author\":{\"name\":\"montalegre\",\"@id\":\"https:\/\/www.montalegre.org\/es\/#\/schema\/person\/fa12d4cf3a3f1735a9176b4fafd6a633\"},\"headline\":\"La Palabra habla de la Madre\",\"datePublished\":\"2017-05-15T16:43:57+00:00\",\"dateModified\":\"2017-05-18T15:46:15+00:00\",\"mainEntityOfPage\":{\"@id\":\"https:\/\/www.montalegre.org\/es\/2017\/05\/la-palabra-habla-de-la-madre\/\"},\"wordCount\":416,\"commentCount\":0,\"image\":{\"@id\":\"https:\/\/www.montalegre.org\/es\/2017\/05\/la-palabra-habla-de-la-madre\/#primaryimage\"},\"thumbnailUrl\":\"http:\/\/www.montalegre.org\/wp-content\/uploads\/2017\/05\/Verge-petita-montalegre-270x480.jpg\",\"articleSection\":[\"Editorial\"],\"inLanguage\":\"es\",\"potentialAction\":[{\"@type\":\"CommentAction\",\"name\":\"Comment\",\"target\":[\"https:\/\/www.montalegre.org\/es\/2017\/05\/la-palabra-habla-de-la-madre\/#respond\"]}]},{\"@type\":\"WebPage\",\"@id\":\"https:\/\/www.montalegre.org\/es\/2017\/05\/la-palabra-habla-de-la-madre\/\",\"url\":\"https:\/\/www.montalegre.org\/es\/2017\/05\/la-palabra-habla-de-la-madre\/\",\"name\":\"La Palabra habla de la Madre - Montalegre\",\"isPartOf\":{\"@id\":\"https:\/\/www.montalegre.org\/es\/#website\"},\"primaryImageOfPage\":{\"@id\":\"https:\/\/www.montalegre.org\/es\/2017\/05\/la-palabra-habla-de-la-madre\/#primaryimage\"},\"image\":{\"@id\":\"https:\/\/www.montalegre.org\/es\/2017\/05\/la-palabra-habla-de-la-madre\/#primaryimage\"},\"thumbnailUrl\":\"http:\/\/www.montalegre.org\/wp-content\/uploads\/2017\/05\/Verge-petita-montalegre-270x480.jpg\",\"datePublished\":\"2017-05-15T16:43:57+00:00\",\"dateModified\":\"2017-05-18T15:46:15+00:00\",\"author\":{\"@id\":\"https:\/\/www.montalegre.org\/es\/#\/schema\/person\/fa12d4cf3a3f1735a9176b4fafd6a633\"},\"breadcrumb\":{\"@id\":\"https:\/\/www.montalegre.org\/es\/2017\/05\/la-palabra-habla-de-la-madre\/#breadcrumb\"},\"inLanguage\":\"es\",\"potentialAction\":[{\"@type\":\"ReadAction\",\"target\":[\"https:\/\/www.montalegre.org\/es\/2017\/05\/la-palabra-habla-de-la-madre\/\"]}]},{\"@type\":\"ImageObject\",\"inLanguage\":\"es\",\"@id\":\"https:\/\/www.montalegre.org\/es\/2017\/05\/la-palabra-habla-de-la-madre\/#primaryimage\",\"url\":\"http:\/\/www.montalegre.org\/wp-content\/uploads\/2017\/05\/Verge-petita-montalegre-270x480.jpg\",\"contentUrl\":\"http:\/\/www.montalegre.org\/wp-content\/uploads\/2017\/05\/Verge-petita-montalegre-270x480.jpg\"},{\"@type\":\"BreadcrumbList\",\"@id\":\"https:\/\/www.montalegre.org\/es\/2017\/05\/la-palabra-habla-de-la-madre\/#breadcrumb\",\"itemListElement\":[{\"@type\":\"ListItem\",\"position\":1,\"name\":\"Portada\",\"item\":\"https:\/\/www.montalegre.org\/es\/\"},{\"@type\":\"ListItem\",\"position\":2,\"name\":\"La Palabra habla de la Madre\"}]},{\"@type\":\"WebSite\",\"@id\":\"https:\/\/www.montalegre.org\/es\/#website\",\"url\":\"https:\/\/www.montalegre.org\/es\/\",\"name\":\"Montalegre\",\"description\":\"\",\"potentialAction\":[{\"@type\":\"SearchAction\",\"target\":{\"@type\":\"EntryPoint\",\"urlTemplate\":\"https:\/\/www.montalegre.org\/es\/?s={search_term_string}\"},\"query-input\":{\"@type\":\"PropertyValueSpecification\",\"valueRequired\":true,\"valueName\":\"search_term_string\"}}],\"inLanguage\":\"es\"},{\"@type\":\"Person\",\"@id\":\"https:\/\/www.montalegre.org\/es\/#\/schema\/person\/fa12d4cf3a3f1735a9176b4fafd6a633\",\"name\":\"montalegre\",\"image\":{\"@type\":\"ImageObject\",\"inLanguage\":\"es\",\"@id\":\"https:\/\/www.montalegre.org\/es\/#\/schema\/person\/image\/\",\"url\":\"https:\/\/secure.gravatar.com\/avatar\/fe6d886cf5081e723c666dceda1f12d4f39070fa2ed4e79695edc3ca355c9b5a?s=96&d=mm&r=g\",\"contentUrl\":\"https:\/\/secure.gravatar.com\/avatar\/fe6d886cf5081e723c666dceda1f12d4f39070fa2ed4e79695edc3ca355c9b5a?s=96&d=mm&r=g\",\"caption\":\"montalegre\"},\"url\":\"https:\/\/www.montalegre.org\/es\/author\/montalegre\/\"}]}<\/script>\n<!-- \/ Yoast SEO plugin. -->","yoast_head_json":{"title":"La Palabra habla de la Madre - Montalegre","robots":{"index":"index","follow":"follow","max-snippet":"max-snippet:-1","max-image-preview":"max-image-preview:large","max-video-preview":"max-video-preview:-1"},"canonical":"https:\/\/www.montalegre.org\/es\/2017\/05\/la-palabra-habla-de-la-madre\/","og_locale":"es_ES","og_type":"article","og_title":"La Palabra habla de la Madre - Montalegre","og_description":"Las Sagradas Escrituras presentan la acci\u00f3n de Dios, acto de Amor, encaminada a la salvaci\u00f3n del hombre. Se sirve del mismo hombre para hacernos llegar sus designios de Padre, y especialmente a trav\u00e9s de su Hijo, el Verbo hecho hombre. Una Virgen dar\u00e1 a luz un var\u00f3n, nos anuncia el profeta Isa\u00edas. Y el \u00e1ngel [&hellip;]","og_url":"https:\/\/www.montalegre.org\/es\/2017\/05\/la-palabra-habla-de-la-madre\/","og_site_name":"Montalegre","article_published_time":"2017-05-15T16:43:57+00:00","article_modified_time":"2017-05-18T15:46:15+00:00","og_image":[{"url":"http:\/\/www.montalegre.org\/wp-content\/uploads\/2017\/05\/Verge-petita-montalegre-270x480.jpg","type":"","width":"","height":""}],"author":"montalegre","twitter_card":"summary_large_image","twitter_misc":{"Escrito por":"montalegre","Tiempo de lectura":"2 minutos"},"schema":{"@context":"https:\/\/schema.org","@graph":[{"@type":"Article","@id":"https:\/\/www.montalegre.org\/es\/2017\/05\/la-palabra-habla-de-la-madre\/#article","isPartOf":{"@id":"https:\/\/www.montalegre.org\/es\/2017\/05\/la-palabra-habla-de-la-madre\/"},"author":{"name":"montalegre","@id":"https:\/\/www.montalegre.org\/es\/#\/schema\/person\/fa12d4cf3a3f1735a9176b4fafd6a633"},"headline":"La Palabra habla de la Madre","datePublished":"2017-05-15T16:43:57+00:00","dateModified":"2017-05-18T15:46:15+00:00","mainEntityOfPage":{"@id":"https:\/\/www.montalegre.org\/es\/2017\/05\/la-palabra-habla-de-la-madre\/"},"wordCount":416,"commentCount":0,"image":{"@id":"https:\/\/www.montalegre.org\/es\/2017\/05\/la-palabra-habla-de-la-madre\/#primaryimage"},"thumbnailUrl":"http:\/\/www.montalegre.org\/wp-content\/uploads\/2017\/05\/Verge-petita-montalegre-270x480.jpg","articleSection":["Editorial"],"inLanguage":"es","potentialAction":[{"@type":"CommentAction","name":"Comment","target":["https:\/\/www.montalegre.org\/es\/2017\/05\/la-palabra-habla-de-la-madre\/#respond"]}]},{"@type":"WebPage","@id":"https:\/\/www.montalegre.org\/es\/2017\/05\/la-palabra-habla-de-la-madre\/","url":"https:\/\/www.montalegre.org\/es\/2017\/05\/la-palabra-habla-de-la-madre\/","name":"La Palabra habla de la Madre - Montalegre","isPartOf":{"@id":"https:\/\/www.montalegre.org\/es\/#website"},"primaryImageOfPage":{"@id":"https:\/\/www.montalegre.org\/es\/2017\/05\/la-palabra-habla-de-la-madre\/#primaryimage"},"image":{"@id":"https:\/\/www.montalegre.org\/es\/2017\/05\/la-palabra-habla-de-la-madre\/#primaryimage"},"thumbnailUrl":"http:\/\/www.montalegre.org\/wp-content\/uploads\/2017\/05\/Verge-petita-montalegre-270x480.jpg","datePublished":"2017-05-15T16:43:57+00:00","dateModified":"2017-05-18T15:46:15+00:00","author":{"@id":"https:\/\/www.montalegre.org\/es\/#\/schema\/person\/fa12d4cf3a3f1735a9176b4fafd6a633"},"breadcrumb":{"@id":"https:\/\/www.montalegre.org\/es\/2017\/05\/la-palabra-habla-de-la-madre\/#breadcrumb"},"inLanguage":"es","potentialAction":[{"@type":"ReadAction","target":["https:\/\/www.montalegre.org\/es\/2017\/05\/la-palabra-habla-de-la-madre\/"]}]},{"@type":"ImageObject","inLanguage":"es","@id":"https:\/\/www.montalegre.org\/es\/2017\/05\/la-palabra-habla-de-la-madre\/#primaryimage","url":"http:\/\/www.montalegre.org\/wp-content\/uploads\/2017\/05\/Verge-petita-montalegre-270x480.jpg","contentUrl":"http:\/\/www.montalegre.org\/wp-content\/uploads\/2017\/05\/Verge-petita-montalegre-270x480.jpg"},{"@type":"BreadcrumbList","@id":"https:\/\/www.montalegre.org\/es\/2017\/05\/la-palabra-habla-de-la-madre\/#breadcrumb","itemListElement":[{"@type":"ListItem","position":1,"name":"Portada","item":"https:\/\/www.montalegre.org\/es\/"},{"@type":"ListItem","position":2,"name":"La Palabra habla de la Madre"}]},{"@type":"WebSite","@id":"https:\/\/www.montalegre.org\/es\/#website","url":"https:\/\/www.montalegre.org\/es\/","name":"Montalegre","description":"","potentialAction":[{"@type":"SearchAction","target":{"@type":"EntryPoint","urlTemplate":"https:\/\/www.montalegre.org\/es\/?s={search_term_string}"},"query-input":{"@type":"PropertyValueSpecification","valueRequired":true,"valueName":"search_term_string"}}],"inLanguage":"es"},{"@type":"Person","@id":"https:\/\/www.montalegre.org\/es\/#\/schema\/person\/fa12d4cf3a3f1735a9176b4fafd6a633","name":"montalegre","image":{"@type":"ImageObject","inLanguage":"es","@id":"https:\/\/www.montalegre.org\/es\/#\/schema\/person\/image\/","url":"https:\/\/secure.gravatar.com\/avatar\/fe6d886cf5081e723c666dceda1f12d4f39070fa2ed4e79695edc3ca355c9b5a?s=96&d=mm&r=g","contentUrl":"https:\/\/secure.gravatar.com\/avatar\/fe6d886cf5081e723c666dceda1f12d4f39070fa2ed4e79695edc3ca355c9b5a?s=96&d=mm&r=g","caption":"montalegre"},"url":"https:\/\/www.montalegre.org\/es\/author\/montalegre\/"}]}},"_links":{"self":[{"href":"https:\/\/www.montalegre.org\/es\/wp-json\/wp\/v2\/posts\/11101","targetHints":{"allow":["GET"]}}],"collection":[{"href":"https:\/\/www.montalegre.org\/es\/wp-json\/wp\/v2\/posts"}],"about":[{"href":"https:\/\/www.montalegre.org\/es\/wp-json\/wp\/v2\/types\/post"}],"author":[{"embeddable":true,"href":"https:\/\/www.montalegre.org\/es\/wp-json\/wp\/v2\/users\/4"}],"replies":[{"embeddable":true,"href":"https:\/\/www.montalegre.org\/es\/wp-json\/wp\/v2\/comments?post=11101"}],"version-history":[{"count":2,"href":"https:\/\/www.montalegre.org\/es\/wp-json\/wp\/v2\/posts\/11101\/revisions"}],"predecessor-version":[{"id":11134,"href":"https:\/\/www.montalegre.org\/es\/wp-json\/wp\/v2\/posts\/11101\/revisions\/11134"}],"wp:attachment":[{"href":"https:\/\/www.montalegre.org\/es\/wp-json\/wp\/v2\/media?parent=11101"}],"wp:term":[{"taxonomy":"category","embeddable":true,"href":"https:\/\/www.montalegre.org\/es\/wp-json\/wp\/v2\/categories?post=11101"},{"taxonomy":"post_tag","embeddable":true,"href":"https:\/\/www.montalegre.org\/es\/wp-json\/wp\/v2\/tags?post=11101"}],"curies":[{"name":"wp","href":"https:\/\/api.w.org\/{rel}","templated":true}]}}