{"id":11002,"date":"2017-04-08T19:45:00","date_gmt":"2017-04-08T19:45:00","guid":{"rendered":"http:\/\/www.montalegre.org\/es\/?p=11002"},"modified":"2017-04-08T19:45:00","modified_gmt":"2017-04-08T19:45:00","slug":"escuchar-la-pasion-de-cristo","status":"publish","type":"post","link":"https:\/\/www.montalegre.org\/es\/2017\/04\/escuchar-la-pasion-de-cristo\/","title":{"rendered":"Escuchar la Pasi\u00f3n de Cristo"},"content":{"rendered":"<p>Nos estamos preparando para celebrar los principales misterios de nuestra fe. Y lo hacemos, escuchando la Palabra de Dios. Abrimos los evangelios y descubrimos que los cuatro escritores sagrados narran la Pasi\u00f3n, Muerte y Resurrecci\u00f3n de Nuestro Se\u00f1or Jesucristo. Viernes Santo, como todos los a\u00f1os, proclamaremos la Pasi\u00f3n seg\u00fan San Juan. Domingo de Ramos, con lo que damos inicio a la Semana Santa, escucharemos, este a\u00f1o, el relato que hace San Mateo. Acudiremos estos d\u00edas en estos textos Sagrados, nos pondremos en la presencia de Dios y dejar que su Palabra nos hable en la cabeza y el coraz\u00f3n.<\/p>\n<p>Con matices diversos, los evangelistas recogen los momentos principales de la entrega total de Jesucristo para la redenci\u00f3n de toda la humanidad. En su Sacrificio estamos presentes todos los hombres y mujeres de todos los tiempos. Cristo se entrega hasta la muerte para que tengamos Vida en \u00c9l, cargando con nuestros pecados, perdonando y as\u00ed darnos la posibilidad de ir a su encuentro.<\/p>\n<p>Nos puede ser de gran utilidad meditar la Pasi\u00f3n del Se\u00f1or contemplando un santo Cristo, al igual que lo han hecho tantos santos. Mirar Cristo en la Cruz, con un coraz\u00f3n contrito y agradecido, nos llevar\u00e1 a comprender un poco m\u00e1s el valor de una vida de entrega a Dios ya los dem\u00e1s. Descubriremos el Amor inmenso de Dios para cada uno de nosotros y para todos.<\/p>\n<p>El relato, sencillo y verdadero, los sucesos sufridos por Jesucristo nos deber\u00edan ayudar a descubrir la autenticidad de los hechos y de las palabras recogidas en los evangelios, apreciando el af\u00e1n de la Iglesia para ser fiel a esta Palabra, y el esfuerzo que hace para que llegue a todos.<\/p>\n<p>\u00a1Feliz Pascua de Resurrecci\u00f3n!<\/p>\n<p>Mn. Xavier Argelich<\/p>\n","protected":false},"excerpt":{"rendered":"<p>Nos estamos preparando para celebrar los principales misterios de nuestra fe. Y lo hacemos, escuchando la Palabra de Dios. Abrimos los evangelios y descubrimos que los cuatro escritores sagrados narran la Pasi\u00f3n, Muerte y Resurrecci\u00f3n de Nuestro Se\u00f1or Jesucristo. Viernes Santo, como todos los a\u00f1os, proclamaremos la Pasi\u00f3n seg\u00fan San Juan. Domingo de Ramos, con [&hellip;]<\/p>\n","protected":false},"author":4,"featured_media":0,"comment_status":"open","ping_status":"open","sticky":false,"template":"","format":"standard","meta":{"footnotes":""},"categories":[52],"tags":[],"class_list":["post-11002","post","type-post","status-publish","format-standard","hentry","category-editorial"],"yoast_head":"<!-- This site is optimized with the Yoast SEO plugin v27.1.1 - https:\/\/yoast.com\/product\/yoast-seo-wordpress\/ -->\n<title>Escuchar la Pasi\u00f3n de Cristo - Montalegre<\/title>\n<meta name=\"robots\" content=\"index, follow, max-snippet:-1, max-image-preview:large, max-video-preview:-1\" \/>\n<link rel=\"canonical\" href=\"https:\/\/www.montalegre.org\/es\/2017\/04\/escuchar-la-pasion-de-cristo\/\" \/>\n<meta property=\"og:locale\" content=\"es_ES\" \/>\n<meta property=\"og:type\" content=\"article\" \/>\n<meta property=\"og:title\" content=\"Escuchar la Pasi\u00f3n de Cristo - Montalegre\" \/>\n<meta property=\"og:description\" content=\"Nos estamos preparando para celebrar los principales misterios de nuestra fe. Y lo hacemos, escuchando la Palabra de Dios. Abrimos los evangelios y descubrimos que los cuatro escritores sagrados narran la Pasi\u00f3n, Muerte y Resurrecci\u00f3n de Nuestro Se\u00f1or Jesucristo. Viernes Santo, como todos los a\u00f1os, proclamaremos la Pasi\u00f3n seg\u00fan San Juan. Domingo de Ramos, con [&hellip;]\" \/>\n<meta property=\"og:url\" content=\"https:\/\/www.montalegre.org\/es\/2017\/04\/escuchar-la-pasion-de-cristo\/\" \/>\n<meta property=\"og:site_name\" content=\"Montalegre\" \/>\n<meta property=\"article:published_time\" content=\"2017-04-08T19:45:00+00:00\" \/>\n<meta name=\"author\" content=\"montalegre\" \/>\n<meta name=\"twitter:card\" content=\"summary_large_image\" \/>\n<meta name=\"twitter:label1\" content=\"Escrito por\" \/>\n\t<meta name=\"twitter:data1\" content=\"montalegre\" \/>\n\t<meta name=\"twitter:label2\" content=\"Tiempo de lectura\" \/>\n\t<meta name=\"twitter:data2\" content=\"2 minutos\" \/>\n<script type=\"application\/ld+json\" class=\"yoast-schema-graph\">{\"@context\":\"https:\/\/schema.org\",\"@graph\":[{\"@type\":\"Article\",\"@id\":\"https:\/\/www.montalegre.org\/es\/2017\/04\/escuchar-la-pasion-de-cristo\/#article\",\"isPartOf\":{\"@id\":\"https:\/\/www.montalegre.org\/es\/2017\/04\/escuchar-la-pasion-de-cristo\/\"},\"author\":{\"name\":\"montalegre\",\"@id\":\"https:\/\/www.montalegre.org\/es\/#\/schema\/person\/fa12d4cf3a3f1735a9176b4fafd6a633\"},\"headline\":\"Escuchar la Pasi\u00f3n de Cristo\",\"datePublished\":\"2017-04-08T19:45:00+00:00\",\"mainEntityOfPage\":{\"@id\":\"https:\/\/www.montalegre.org\/es\/2017\/04\/escuchar-la-pasion-de-cristo\/\"},\"wordCount\":310,\"commentCount\":0,\"articleSection\":[\"Editorial\"],\"inLanguage\":\"es\",\"potentialAction\":[{\"@type\":\"CommentAction\",\"name\":\"Comment\",\"target\":[\"https:\/\/www.montalegre.org\/es\/2017\/04\/escuchar-la-pasion-de-cristo\/#respond\"]}]},{\"@type\":\"WebPage\",\"@id\":\"https:\/\/www.montalegre.org\/es\/2017\/04\/escuchar-la-pasion-de-cristo\/\",\"url\":\"https:\/\/www.montalegre.org\/es\/2017\/04\/escuchar-la-pasion-de-cristo\/\",\"name\":\"Escuchar la Pasi\u00f3n de Cristo - Montalegre\",\"isPartOf\":{\"@id\":\"https:\/\/www.montalegre.org\/es\/#website\"},\"datePublished\":\"2017-04-08T19:45:00+00:00\",\"author\":{\"@id\":\"https:\/\/www.montalegre.org\/es\/#\/schema\/person\/fa12d4cf3a3f1735a9176b4fafd6a633\"},\"breadcrumb\":{\"@id\":\"https:\/\/www.montalegre.org\/es\/2017\/04\/escuchar-la-pasion-de-cristo\/#breadcrumb\"},\"inLanguage\":\"es\",\"potentialAction\":[{\"@type\":\"ReadAction\",\"target\":[\"https:\/\/www.montalegre.org\/es\/2017\/04\/escuchar-la-pasion-de-cristo\/\"]}]},{\"@type\":\"BreadcrumbList\",\"@id\":\"https:\/\/www.montalegre.org\/es\/2017\/04\/escuchar-la-pasion-de-cristo\/#breadcrumb\",\"itemListElement\":[{\"@type\":\"ListItem\",\"position\":1,\"name\":\"Portada\",\"item\":\"https:\/\/www.montalegre.org\/es\/\"},{\"@type\":\"ListItem\",\"position\":2,\"name\":\"Escuchar la Pasi\u00f3n de Cristo\"}]},{\"@type\":\"WebSite\",\"@id\":\"https:\/\/www.montalegre.org\/es\/#website\",\"url\":\"https:\/\/www.montalegre.org\/es\/\",\"name\":\"Montalegre\",\"description\":\"\",\"potentialAction\":[{\"@type\":\"SearchAction\",\"target\":{\"@type\":\"EntryPoint\",\"urlTemplate\":\"https:\/\/www.montalegre.org\/es\/?s={search_term_string}\"},\"query-input\":{\"@type\":\"PropertyValueSpecification\",\"valueRequired\":true,\"valueName\":\"search_term_string\"}}],\"inLanguage\":\"es\"},{\"@type\":\"Person\",\"@id\":\"https:\/\/www.montalegre.org\/es\/#\/schema\/person\/fa12d4cf3a3f1735a9176b4fafd6a633\",\"name\":\"montalegre\",\"image\":{\"@type\":\"ImageObject\",\"inLanguage\":\"es\",\"@id\":\"https:\/\/www.montalegre.org\/es\/#\/schema\/person\/image\/\",\"url\":\"https:\/\/secure.gravatar.com\/avatar\/fe6d886cf5081e723c666dceda1f12d4f39070fa2ed4e79695edc3ca355c9b5a?s=96&d=mm&r=g\",\"contentUrl\":\"https:\/\/secure.gravatar.com\/avatar\/fe6d886cf5081e723c666dceda1f12d4f39070fa2ed4e79695edc3ca355c9b5a?s=96&d=mm&r=g\",\"caption\":\"montalegre\"},\"url\":\"https:\/\/www.montalegre.org\/es\/author\/montalegre\/\"}]}<\/script>\n<!-- \/ Yoast SEO plugin. -->","yoast_head_json":{"title":"Escuchar la Pasi\u00f3n de Cristo - Montalegre","robots":{"index":"index","follow":"follow","max-snippet":"max-snippet:-1","max-image-preview":"max-image-preview:large","max-video-preview":"max-video-preview:-1"},"canonical":"https:\/\/www.montalegre.org\/es\/2017\/04\/escuchar-la-pasion-de-cristo\/","og_locale":"es_ES","og_type":"article","og_title":"Escuchar la Pasi\u00f3n de Cristo - Montalegre","og_description":"Nos estamos preparando para celebrar los principales misterios de nuestra fe. Y lo hacemos, escuchando la Palabra de Dios. Abrimos los evangelios y descubrimos que los cuatro escritores sagrados narran la Pasi\u00f3n, Muerte y Resurrecci\u00f3n de Nuestro Se\u00f1or Jesucristo. Viernes Santo, como todos los a\u00f1os, proclamaremos la Pasi\u00f3n seg\u00fan San Juan. Domingo de Ramos, con [&hellip;]","og_url":"https:\/\/www.montalegre.org\/es\/2017\/04\/escuchar-la-pasion-de-cristo\/","og_site_name":"Montalegre","article_published_time":"2017-04-08T19:45:00+00:00","author":"montalegre","twitter_card":"summary_large_image","twitter_misc":{"Escrito por":"montalegre","Tiempo de lectura":"2 minutos"},"schema":{"@context":"https:\/\/schema.org","@graph":[{"@type":"Article","@id":"https:\/\/www.montalegre.org\/es\/2017\/04\/escuchar-la-pasion-de-cristo\/#article","isPartOf":{"@id":"https:\/\/www.montalegre.org\/es\/2017\/04\/escuchar-la-pasion-de-cristo\/"},"author":{"name":"montalegre","@id":"https:\/\/www.montalegre.org\/es\/#\/schema\/person\/fa12d4cf3a3f1735a9176b4fafd6a633"},"headline":"Escuchar la Pasi\u00f3n de Cristo","datePublished":"2017-04-08T19:45:00+00:00","mainEntityOfPage":{"@id":"https:\/\/www.montalegre.org\/es\/2017\/04\/escuchar-la-pasion-de-cristo\/"},"wordCount":310,"commentCount":0,"articleSection":["Editorial"],"inLanguage":"es","potentialAction":[{"@type":"CommentAction","name":"Comment","target":["https:\/\/www.montalegre.org\/es\/2017\/04\/escuchar-la-pasion-de-cristo\/#respond"]}]},{"@type":"WebPage","@id":"https:\/\/www.montalegre.org\/es\/2017\/04\/escuchar-la-pasion-de-cristo\/","url":"https:\/\/www.montalegre.org\/es\/2017\/04\/escuchar-la-pasion-de-cristo\/","name":"Escuchar la Pasi\u00f3n de Cristo - Montalegre","isPartOf":{"@id":"https:\/\/www.montalegre.org\/es\/#website"},"datePublished":"2017-04-08T19:45:00+00:00","author":{"@id":"https:\/\/www.montalegre.org\/es\/#\/schema\/person\/fa12d4cf3a3f1735a9176b4fafd6a633"},"breadcrumb":{"@id":"https:\/\/www.montalegre.org\/es\/2017\/04\/escuchar-la-pasion-de-cristo\/#breadcrumb"},"inLanguage":"es","potentialAction":[{"@type":"ReadAction","target":["https:\/\/www.montalegre.org\/es\/2017\/04\/escuchar-la-pasion-de-cristo\/"]}]},{"@type":"BreadcrumbList","@id":"https:\/\/www.montalegre.org\/es\/2017\/04\/escuchar-la-pasion-de-cristo\/#breadcrumb","itemListElement":[{"@type":"ListItem","position":1,"name":"Portada","item":"https:\/\/www.montalegre.org\/es\/"},{"@type":"ListItem","position":2,"name":"Escuchar la Pasi\u00f3n de Cristo"}]},{"@type":"WebSite","@id":"https:\/\/www.montalegre.org\/es\/#website","url":"https:\/\/www.montalegre.org\/es\/","name":"Montalegre","description":"","potentialAction":[{"@type":"SearchAction","target":{"@type":"EntryPoint","urlTemplate":"https:\/\/www.montalegre.org\/es\/?s={search_term_string}"},"query-input":{"@type":"PropertyValueSpecification","valueRequired":true,"valueName":"search_term_string"}}],"inLanguage":"es"},{"@type":"Person","@id":"https:\/\/www.montalegre.org\/es\/#\/schema\/person\/fa12d4cf3a3f1735a9176b4fafd6a633","name":"montalegre","image":{"@type":"ImageObject","inLanguage":"es","@id":"https:\/\/www.montalegre.org\/es\/#\/schema\/person\/image\/","url":"https:\/\/secure.gravatar.com\/avatar\/fe6d886cf5081e723c666dceda1f12d4f39070fa2ed4e79695edc3ca355c9b5a?s=96&d=mm&r=g","contentUrl":"https:\/\/secure.gravatar.com\/avatar\/fe6d886cf5081e723c666dceda1f12d4f39070fa2ed4e79695edc3ca355c9b5a?s=96&d=mm&r=g","caption":"montalegre"},"url":"https:\/\/www.montalegre.org\/es\/author\/montalegre\/"}]}},"_links":{"self":[{"href":"https:\/\/www.montalegre.org\/es\/wp-json\/wp\/v2\/posts\/11002","targetHints":{"allow":["GET"]}}],"collection":[{"href":"https:\/\/www.montalegre.org\/es\/wp-json\/wp\/v2\/posts"}],"about":[{"href":"https:\/\/www.montalegre.org\/es\/wp-json\/wp\/v2\/types\/post"}],"author":[{"embeddable":true,"href":"https:\/\/www.montalegre.org\/es\/wp-json\/wp\/v2\/users\/4"}],"replies":[{"embeddable":true,"href":"https:\/\/www.montalegre.org\/es\/wp-json\/wp\/v2\/comments?post=11002"}],"version-history":[{"count":1,"href":"https:\/\/www.montalegre.org\/es\/wp-json\/wp\/v2\/posts\/11002\/revisions"}],"predecessor-version":[{"id":11003,"href":"https:\/\/www.montalegre.org\/es\/wp-json\/wp\/v2\/posts\/11002\/revisions\/11003"}],"wp:attachment":[{"href":"https:\/\/www.montalegre.org\/es\/wp-json\/wp\/v2\/media?parent=11002"}],"wp:term":[{"taxonomy":"category","embeddable":true,"href":"https:\/\/www.montalegre.org\/es\/wp-json\/wp\/v2\/categories?post=11002"},{"taxonomy":"post_tag","embeddable":true,"href":"https:\/\/www.montalegre.org\/es\/wp-json\/wp\/v2\/tags?post=11002"}],"curies":[{"name":"wp","href":"https:\/\/api.w.org\/{rel}","templated":true}]}}