{"id":10989,"date":"2017-03-26T16:14:02","date_gmt":"2017-03-26T16:14:02","guid":{"rendered":"http:\/\/www.montalegre.org\/es\/?p=10989"},"modified":"2017-05-09T17:01:24","modified_gmt":"2017-05-09T17:01:24","slug":"el-vicario-del-opus-dei-bendice-los-nuevos-locales","status":"publish","type":"post","link":"https:\/\/www.montalegre.org\/es\/2017\/03\/el-vicario-del-opus-dei-bendice-los-nuevos-locales\/","title":{"rendered":"El Vicario del Opus Dei bendijo los nuevos locales"},"content":{"rendered":"<p><a href=\"http:\/\/www.montalegre.org\/wp-content\/uploads\/2017\/03\/Ignacio-Font-Opus-Dei-Vicario_20161025105102172543-1.png\"><img loading=\"lazy\" decoding=\"async\" class=\"alignleft wp-image-10994\" src=\"http:\/\/www.montalegre.org\/wp-content\/uploads\/2017\/03\/Ignacio-Font-Opus-Dei-Vicario_20161025105102172543-1-480x296.png\" alt=\"\" width=\"405\" height=\"250\" srcset=\"https:\/\/www.montalegre.org\/wp-content\/uploads\/2017\/03\/Ignacio-Font-Opus-Dei-Vicario_20161025105102172543-1-480x296.png 480w, https:\/\/www.montalegre.org\/wp-content\/uploads\/2017\/03\/Ignacio-Font-Opus-Dei-Vicario_20161025105102172543-1.png 600w\" sizes=\"auto, (max-width: 405px) 100vw, 405px\" \/><\/a>El martes 28 de marzo de 2017, a las 7 de la tarde el Vicario del Opus Dei de la delegaci\u00f3n de Catalunya, Mn. Ignasi Font, bendijo el nuevo local de las oficinas de la Fundaci\u00f3 Raval Solidari y el almac\u00e9n de la Acci\u00f3 Social Montalegre. \u00a0Acudieron a la celebraci\u00f3n miembros de ambas entidades, el rector actual de la Iglesia de Santa Mar\u00eda de Montalegre y su predecesor, la presidenta de Terral, los cuales recibieron a su vez la bendici\u00f3n correspondiente que les preparar\u00e1 para santificar su labor.<\/p>\n<p>Estos nuevos locales est\u00e1n en la calle Gifr\u00e9 n\u00fam. 4, en el barrio del Raval de Barcelona, no muy lejos de d\u00f3nde estaban los locales antiguos. Con anterioridad la Fundaci\u00f3 Raval Solidari estaba en la plaza del Bonsucc\u00e9s, y el almac\u00e9n de Montalegre en la misma calle Valldonzella en donde est\u00e1 ubicada la Iglesia de Santa Mar\u00eda de Montalegre, pero en el n\u00fam. 54.<\/p>\n<p>&nbsp;<\/p>\n<p><strong>La bendici\u00f3n con agua bendita*<\/strong><\/p>\n<p>La bendici\u00f3n es un sacramental, y como tal es un signo sagrado instituido por la Iglesia, entre otros sacramentales. Las bendiciones ocupan un lugar importante y comprenden a la vez la alabanza de Dios por sus obras y dones, y la intercesi\u00f3n de la Iglesia para que los hombres puedan hacer uso de los dones de Dios seg\u00fan el esp\u00edritu de los Evangelios. El acto consistir\u00e1 en leer unas oraciones y la aspersi\u00f3n con agua bendita, que recuerda el Bautismo.<\/p>\n<p>La Congregaci\u00f3n para el Culto Divino de la Iglesia es la que elabora el texto del Bendicional, en donde se recogen much\u00edsimas oraciones para bendecir a las personas, las cosas y los inmuebles, locales o edificios, seg\u00fan su finalidad y el caso de que se trate. En esta ocasi\u00f3n, se trata de dos entidades sin \u00e1nimo de lucro y de objeto social.<\/p>\n<p>(*CEE 1668 y ss.)<\/p>\n<p>Si quiere ver el reportaje fotogr\u00e1fico clica en\u00a0<a href=\"https:\/\/flic.kr\/s\/aHskXcNXrU\">fotograf\u00edas de la bendici\u00f3n de los nuevos locales.<\/a><\/p>\n<p>Isabel Hern\u00e1ndez Esteban<\/p>\n<p>&nbsp;<\/p>\n","protected":false},"excerpt":{"rendered":"<p>El martes 28 de marzo de 2017, a las 7 de la tarde el Vicario del Opus Dei de la delegaci\u00f3n de Catalunya, Mn. Ignasi Font, bendijo el nuevo local de las oficinas de la Fundaci\u00f3 Raval Solidari y el almac\u00e9n de la Acci\u00f3 Social Montalegre. \u00a0Acudieron a la celebraci\u00f3n miembros de ambas entidades, el [&hellip;]<\/p>\n","protected":false},"author":4,"featured_media":0,"comment_status":"open","ping_status":"open","sticky":false,"template":"","format":"standard","meta":{"footnotes":""},"categories":[31],"tags":[],"class_list":["post-10989","post","type-post","status-publish","format-standard","hentry","category-actualidad"],"yoast_head":"<!-- This site is optimized with the Yoast SEO plugin v27.1.1 - https:\/\/yoast.com\/product\/yoast-seo-wordpress\/ -->\n<title>El Vicario del Opus Dei bendijo los nuevos locales - Montalegre<\/title>\n<meta name=\"robots\" content=\"index, follow, max-snippet:-1, max-image-preview:large, max-video-preview:-1\" \/>\n<link rel=\"canonical\" href=\"https:\/\/www.montalegre.org\/es\/2017\/03\/el-vicario-del-opus-dei-bendice-los-nuevos-locales\/\" \/>\n<meta property=\"og:locale\" content=\"es_ES\" \/>\n<meta property=\"og:type\" content=\"article\" \/>\n<meta property=\"og:title\" content=\"El Vicario del Opus Dei bendijo los nuevos locales - Montalegre\" \/>\n<meta property=\"og:description\" content=\"El martes 28 de marzo de 2017, a las 7 de la tarde el Vicario del Opus Dei de la delegaci\u00f3n de Catalunya, Mn. Ignasi Font, bendijo el nuevo local de las oficinas de la Fundaci\u00f3 Raval Solidari y el almac\u00e9n de la Acci\u00f3 Social Montalegre. \u00a0Acudieron a la celebraci\u00f3n miembros de ambas entidades, el [&hellip;]\" \/>\n<meta property=\"og:url\" content=\"https:\/\/www.montalegre.org\/es\/2017\/03\/el-vicario-del-opus-dei-bendice-los-nuevos-locales\/\" \/>\n<meta property=\"og:site_name\" content=\"Montalegre\" \/>\n<meta property=\"article:published_time\" content=\"2017-03-26T16:14:02+00:00\" \/>\n<meta property=\"article:modified_time\" content=\"2017-05-09T17:01:24+00:00\" \/>\n<meta property=\"og:image\" content=\"http:\/\/www.montalegre.org\/wp-content\/uploads\/2017\/03\/Ignacio-Font-Opus-Dei-Vicario_20161025105102172543-1-480x296.png\" \/>\n<meta name=\"author\" content=\"montalegre\" \/>\n<meta name=\"twitter:card\" content=\"summary_large_image\" \/>\n<meta name=\"twitter:label1\" content=\"Escrito por\" \/>\n\t<meta name=\"twitter:data1\" content=\"montalegre\" \/>\n\t<meta name=\"twitter:label2\" content=\"Tiempo de lectura\" \/>\n\t<meta name=\"twitter:data2\" content=\"2 minutos\" \/>\n<script type=\"application\/ld+json\" class=\"yoast-schema-graph\">{\"@context\":\"https:\/\/schema.org\",\"@graph\":[{\"@type\":\"Article\",\"@id\":\"https:\/\/www.montalegre.org\/es\/2017\/03\/el-vicario-del-opus-dei-bendice-los-nuevos-locales\/#article\",\"isPartOf\":{\"@id\":\"https:\/\/www.montalegre.org\/es\/2017\/03\/el-vicario-del-opus-dei-bendice-los-nuevos-locales\/\"},\"author\":{\"name\":\"montalegre\",\"@id\":\"https:\/\/www.montalegre.org\/es\/#\/schema\/person\/fa12d4cf3a3f1735a9176b4fafd6a633\"},\"headline\":\"El Vicario del Opus Dei bendijo los nuevos locales\",\"datePublished\":\"2017-03-26T16:14:02+00:00\",\"dateModified\":\"2017-05-09T17:01:24+00:00\",\"mainEntityOfPage\":{\"@id\":\"https:\/\/www.montalegre.org\/es\/2017\/03\/el-vicario-del-opus-dei-bendice-los-nuevos-locales\/\"},\"wordCount\":353,\"commentCount\":0,\"image\":{\"@id\":\"https:\/\/www.montalegre.org\/es\/2017\/03\/el-vicario-del-opus-dei-bendice-los-nuevos-locales\/#primaryimage\"},\"thumbnailUrl\":\"http:\/\/www.montalegre.org\/wp-content\/uploads\/2017\/03\/Ignacio-Font-Opus-Dei-Vicario_20161025105102172543-1-480x296.png\",\"articleSection\":[\"Actualidad\"],\"inLanguage\":\"es\",\"potentialAction\":[{\"@type\":\"CommentAction\",\"name\":\"Comment\",\"target\":[\"https:\/\/www.montalegre.org\/es\/2017\/03\/el-vicario-del-opus-dei-bendice-los-nuevos-locales\/#respond\"]}]},{\"@type\":\"WebPage\",\"@id\":\"https:\/\/www.montalegre.org\/es\/2017\/03\/el-vicario-del-opus-dei-bendice-los-nuevos-locales\/\",\"url\":\"https:\/\/www.montalegre.org\/es\/2017\/03\/el-vicario-del-opus-dei-bendice-los-nuevos-locales\/\",\"name\":\"El Vicario del Opus Dei bendijo los nuevos locales - Montalegre\",\"isPartOf\":{\"@id\":\"https:\/\/www.montalegre.org\/es\/#website\"},\"primaryImageOfPage\":{\"@id\":\"https:\/\/www.montalegre.org\/es\/2017\/03\/el-vicario-del-opus-dei-bendice-los-nuevos-locales\/#primaryimage\"},\"image\":{\"@id\":\"https:\/\/www.montalegre.org\/es\/2017\/03\/el-vicario-del-opus-dei-bendice-los-nuevos-locales\/#primaryimage\"},\"thumbnailUrl\":\"http:\/\/www.montalegre.org\/wp-content\/uploads\/2017\/03\/Ignacio-Font-Opus-Dei-Vicario_20161025105102172543-1-480x296.png\",\"datePublished\":\"2017-03-26T16:14:02+00:00\",\"dateModified\":\"2017-05-09T17:01:24+00:00\",\"author\":{\"@id\":\"https:\/\/www.montalegre.org\/es\/#\/schema\/person\/fa12d4cf3a3f1735a9176b4fafd6a633\"},\"breadcrumb\":{\"@id\":\"https:\/\/www.montalegre.org\/es\/2017\/03\/el-vicario-del-opus-dei-bendice-los-nuevos-locales\/#breadcrumb\"},\"inLanguage\":\"es\",\"potentialAction\":[{\"@type\":\"ReadAction\",\"target\":[\"https:\/\/www.montalegre.org\/es\/2017\/03\/el-vicario-del-opus-dei-bendice-los-nuevos-locales\/\"]}]},{\"@type\":\"ImageObject\",\"inLanguage\":\"es\",\"@id\":\"https:\/\/www.montalegre.org\/es\/2017\/03\/el-vicario-del-opus-dei-bendice-los-nuevos-locales\/#primaryimage\",\"url\":\"http:\/\/www.montalegre.org\/wp-content\/uploads\/2017\/03\/Ignacio-Font-Opus-Dei-Vicario_20161025105102172543-1-480x296.png\",\"contentUrl\":\"http:\/\/www.montalegre.org\/wp-content\/uploads\/2017\/03\/Ignacio-Font-Opus-Dei-Vicario_20161025105102172543-1-480x296.png\"},{\"@type\":\"BreadcrumbList\",\"@id\":\"https:\/\/www.montalegre.org\/es\/2017\/03\/el-vicario-del-opus-dei-bendice-los-nuevos-locales\/#breadcrumb\",\"itemListElement\":[{\"@type\":\"ListItem\",\"position\":1,\"name\":\"Portada\",\"item\":\"https:\/\/www.montalegre.org\/es\/\"},{\"@type\":\"ListItem\",\"position\":2,\"name\":\"El Vicario del Opus Dei bendijo los nuevos locales\"}]},{\"@type\":\"WebSite\",\"@id\":\"https:\/\/www.montalegre.org\/es\/#website\",\"url\":\"https:\/\/www.montalegre.org\/es\/\",\"name\":\"Montalegre\",\"description\":\"\",\"potentialAction\":[{\"@type\":\"SearchAction\",\"target\":{\"@type\":\"EntryPoint\",\"urlTemplate\":\"https:\/\/www.montalegre.org\/es\/?s={search_term_string}\"},\"query-input\":{\"@type\":\"PropertyValueSpecification\",\"valueRequired\":true,\"valueName\":\"search_term_string\"}}],\"inLanguage\":\"es\"},{\"@type\":\"Person\",\"@id\":\"https:\/\/www.montalegre.org\/es\/#\/schema\/person\/fa12d4cf3a3f1735a9176b4fafd6a633\",\"name\":\"montalegre\",\"image\":{\"@type\":\"ImageObject\",\"inLanguage\":\"es\",\"@id\":\"https:\/\/www.montalegre.org\/es\/#\/schema\/person\/image\/\",\"url\":\"https:\/\/secure.gravatar.com\/avatar\/fe6d886cf5081e723c666dceda1f12d4f39070fa2ed4e79695edc3ca355c9b5a?s=96&d=mm&r=g\",\"contentUrl\":\"https:\/\/secure.gravatar.com\/avatar\/fe6d886cf5081e723c666dceda1f12d4f39070fa2ed4e79695edc3ca355c9b5a?s=96&d=mm&r=g\",\"caption\":\"montalegre\"},\"url\":\"https:\/\/www.montalegre.org\/es\/author\/montalegre\/\"}]}<\/script>\n<!-- \/ Yoast SEO plugin. -->","yoast_head_json":{"title":"El Vicario del Opus Dei bendijo los nuevos locales - Montalegre","robots":{"index":"index","follow":"follow","max-snippet":"max-snippet:-1","max-image-preview":"max-image-preview:large","max-video-preview":"max-video-preview:-1"},"canonical":"https:\/\/www.montalegre.org\/es\/2017\/03\/el-vicario-del-opus-dei-bendice-los-nuevos-locales\/","og_locale":"es_ES","og_type":"article","og_title":"El Vicario del Opus Dei bendijo los nuevos locales - Montalegre","og_description":"El martes 28 de marzo de 2017, a las 7 de la tarde el Vicario del Opus Dei de la delegaci\u00f3n de Catalunya, Mn. Ignasi Font, bendijo el nuevo local de las oficinas de la Fundaci\u00f3 Raval Solidari y el almac\u00e9n de la Acci\u00f3 Social Montalegre. \u00a0Acudieron a la celebraci\u00f3n miembros de ambas entidades, el [&hellip;]","og_url":"https:\/\/www.montalegre.org\/es\/2017\/03\/el-vicario-del-opus-dei-bendice-los-nuevos-locales\/","og_site_name":"Montalegre","article_published_time":"2017-03-26T16:14:02+00:00","article_modified_time":"2017-05-09T17:01:24+00:00","og_image":[{"url":"http:\/\/www.montalegre.org\/wp-content\/uploads\/2017\/03\/Ignacio-Font-Opus-Dei-Vicario_20161025105102172543-1-480x296.png","type":"","width":"","height":""}],"author":"montalegre","twitter_card":"summary_large_image","twitter_misc":{"Escrito por":"montalegre","Tiempo de lectura":"2 minutos"},"schema":{"@context":"https:\/\/schema.org","@graph":[{"@type":"Article","@id":"https:\/\/www.montalegre.org\/es\/2017\/03\/el-vicario-del-opus-dei-bendice-los-nuevos-locales\/#article","isPartOf":{"@id":"https:\/\/www.montalegre.org\/es\/2017\/03\/el-vicario-del-opus-dei-bendice-los-nuevos-locales\/"},"author":{"name":"montalegre","@id":"https:\/\/www.montalegre.org\/es\/#\/schema\/person\/fa12d4cf3a3f1735a9176b4fafd6a633"},"headline":"El Vicario del Opus Dei bendijo los nuevos locales","datePublished":"2017-03-26T16:14:02+00:00","dateModified":"2017-05-09T17:01:24+00:00","mainEntityOfPage":{"@id":"https:\/\/www.montalegre.org\/es\/2017\/03\/el-vicario-del-opus-dei-bendice-los-nuevos-locales\/"},"wordCount":353,"commentCount":0,"image":{"@id":"https:\/\/www.montalegre.org\/es\/2017\/03\/el-vicario-del-opus-dei-bendice-los-nuevos-locales\/#primaryimage"},"thumbnailUrl":"http:\/\/www.montalegre.org\/wp-content\/uploads\/2017\/03\/Ignacio-Font-Opus-Dei-Vicario_20161025105102172543-1-480x296.png","articleSection":["Actualidad"],"inLanguage":"es","potentialAction":[{"@type":"CommentAction","name":"Comment","target":["https:\/\/www.montalegre.org\/es\/2017\/03\/el-vicario-del-opus-dei-bendice-los-nuevos-locales\/#respond"]}]},{"@type":"WebPage","@id":"https:\/\/www.montalegre.org\/es\/2017\/03\/el-vicario-del-opus-dei-bendice-los-nuevos-locales\/","url":"https:\/\/www.montalegre.org\/es\/2017\/03\/el-vicario-del-opus-dei-bendice-los-nuevos-locales\/","name":"El Vicario del Opus Dei bendijo los nuevos locales - Montalegre","isPartOf":{"@id":"https:\/\/www.montalegre.org\/es\/#website"},"primaryImageOfPage":{"@id":"https:\/\/www.montalegre.org\/es\/2017\/03\/el-vicario-del-opus-dei-bendice-los-nuevos-locales\/#primaryimage"},"image":{"@id":"https:\/\/www.montalegre.org\/es\/2017\/03\/el-vicario-del-opus-dei-bendice-los-nuevos-locales\/#primaryimage"},"thumbnailUrl":"http:\/\/www.montalegre.org\/wp-content\/uploads\/2017\/03\/Ignacio-Font-Opus-Dei-Vicario_20161025105102172543-1-480x296.png","datePublished":"2017-03-26T16:14:02+00:00","dateModified":"2017-05-09T17:01:24+00:00","author":{"@id":"https:\/\/www.montalegre.org\/es\/#\/schema\/person\/fa12d4cf3a3f1735a9176b4fafd6a633"},"breadcrumb":{"@id":"https:\/\/www.montalegre.org\/es\/2017\/03\/el-vicario-del-opus-dei-bendice-los-nuevos-locales\/#breadcrumb"},"inLanguage":"es","potentialAction":[{"@type":"ReadAction","target":["https:\/\/www.montalegre.org\/es\/2017\/03\/el-vicario-del-opus-dei-bendice-los-nuevos-locales\/"]}]},{"@type":"ImageObject","inLanguage":"es","@id":"https:\/\/www.montalegre.org\/es\/2017\/03\/el-vicario-del-opus-dei-bendice-los-nuevos-locales\/#primaryimage","url":"http:\/\/www.montalegre.org\/wp-content\/uploads\/2017\/03\/Ignacio-Font-Opus-Dei-Vicario_20161025105102172543-1-480x296.png","contentUrl":"http:\/\/www.montalegre.org\/wp-content\/uploads\/2017\/03\/Ignacio-Font-Opus-Dei-Vicario_20161025105102172543-1-480x296.png"},{"@type":"BreadcrumbList","@id":"https:\/\/www.montalegre.org\/es\/2017\/03\/el-vicario-del-opus-dei-bendice-los-nuevos-locales\/#breadcrumb","itemListElement":[{"@type":"ListItem","position":1,"name":"Portada","item":"https:\/\/www.montalegre.org\/es\/"},{"@type":"ListItem","position":2,"name":"El Vicario del Opus Dei bendijo los nuevos locales"}]},{"@type":"WebSite","@id":"https:\/\/www.montalegre.org\/es\/#website","url":"https:\/\/www.montalegre.org\/es\/","name":"Montalegre","description":"","potentialAction":[{"@type":"SearchAction","target":{"@type":"EntryPoint","urlTemplate":"https:\/\/www.montalegre.org\/es\/?s={search_term_string}"},"query-input":{"@type":"PropertyValueSpecification","valueRequired":true,"valueName":"search_term_string"}}],"inLanguage":"es"},{"@type":"Person","@id":"https:\/\/www.montalegre.org\/es\/#\/schema\/person\/fa12d4cf3a3f1735a9176b4fafd6a633","name":"montalegre","image":{"@type":"ImageObject","inLanguage":"es","@id":"https:\/\/www.montalegre.org\/es\/#\/schema\/person\/image\/","url":"https:\/\/secure.gravatar.com\/avatar\/fe6d886cf5081e723c666dceda1f12d4f39070fa2ed4e79695edc3ca355c9b5a?s=96&d=mm&r=g","contentUrl":"https:\/\/secure.gravatar.com\/avatar\/fe6d886cf5081e723c666dceda1f12d4f39070fa2ed4e79695edc3ca355c9b5a?s=96&d=mm&r=g","caption":"montalegre"},"url":"https:\/\/www.montalegre.org\/es\/author\/montalegre\/"}]}},"_links":{"self":[{"href":"https:\/\/www.montalegre.org\/es\/wp-json\/wp\/v2\/posts\/10989","targetHints":{"allow":["GET"]}}],"collection":[{"href":"https:\/\/www.montalegre.org\/es\/wp-json\/wp\/v2\/posts"}],"about":[{"href":"https:\/\/www.montalegre.org\/es\/wp-json\/wp\/v2\/types\/post"}],"author":[{"embeddable":true,"href":"https:\/\/www.montalegre.org\/es\/wp-json\/wp\/v2\/users\/4"}],"replies":[{"embeddable":true,"href":"https:\/\/www.montalegre.org\/es\/wp-json\/wp\/v2\/comments?post=10989"}],"version-history":[{"count":7,"href":"https:\/\/www.montalegre.org\/es\/wp-json\/wp\/v2\/posts\/10989\/revisions"}],"predecessor-version":[{"id":11095,"href":"https:\/\/www.montalegre.org\/es\/wp-json\/wp\/v2\/posts\/10989\/revisions\/11095"}],"wp:attachment":[{"href":"https:\/\/www.montalegre.org\/es\/wp-json\/wp\/v2\/media?parent=10989"}],"wp:term":[{"taxonomy":"category","embeddable":true,"href":"https:\/\/www.montalegre.org\/es\/wp-json\/wp\/v2\/categories?post=10989"},{"taxonomy":"post_tag","embeddable":true,"href":"https:\/\/www.montalegre.org\/es\/wp-json\/wp\/v2\/tags?post=10989"}],"curies":[{"name":"wp","href":"https:\/\/api.w.org\/{rel}","templated":true}]}}