{"id":10945,"date":"2017-03-16T20:15:27","date_gmt":"2017-03-16T20:15:27","guid":{"rendered":"http:\/\/www.montalegre.org\/es\/?p=10945"},"modified":"2017-03-16T20:16:59","modified_gmt":"2017-03-16T20:16:59","slug":"ha-fallecido-mn-javier-mora-figueroa","status":"publish","type":"post","link":"https:\/\/www.montalegre.org\/es\/2017\/03\/ha-fallecido-mn-javier-mora-figueroa\/","title":{"rendered":"Ha fallecido Mn. Javier Mora-Figueroa"},"content":{"rendered":"<p>En la madrugada del 14 de marzo 2017 ha fallecido en el Hospital de la Princesa de Madrid a los 75 a\u00f1os de edad Javier Mora-Figueroa. Su estado de salud ya era bastante d\u00e9bil y no ha podido superar una infecci\u00f3n respiratoria. Fue rector del santuario de Torreciudad (Huesca) durante 17 a\u00f1os, desde 1998 hasta 2015. Marino de profesi\u00f3n, fue Teniente de Nav\u00edo de la Armada Espa\u00f1ola, se orden\u00f3 sacerdote en 1981 y desempe\u00f1\u00f3 su labor pastoral en diversas ciudades espa\u00f1olas con personas de todas las edades.<\/p>\n<p>En Madrid el coche f\u00fanebre sali\u00f3 de la asociaci\u00f3n juvenil Jara (Men\u00e9ndez Pidal 35) el mi\u00e9rcoles 15 de marzo de 2017 para llegar a la capilla del cementerio de La Almudena a las 12:00 h. A continuaci\u00f3n, tuvo lugar el entierro.<\/p>\n<p><strong>Misas funeral<\/strong><\/p>\n<p>En el santuario de Torreciudad se celebrar\u00e1 un funeral por el eterno descanso de su alma el pr\u00f3ximo s\u00e1bado 18 de marzo a las 13:15 h. oficiado por el rector del santuario, Pedro D\u00edez-Anto\u00f1anzas. En el templo se ha colocado un libro de firmas para todos aquellos que deseen dejar por escrito sus condolencias y testimonios.<\/p>\n<p>En Madrid el funeral se celebrar\u00e1 el mi\u00e9rcoles 29 de marzo de 2017 a las 20:30 h. en la Bas\u00edlica de La Concepci\u00f3n de Nuestra Se\u00f1ora, calle Goya 26.<\/p>\n<p>Comunicaci\u00f3n Montalegre<\/p>\n","protected":false},"excerpt":{"rendered":"<p>En la madrugada del 14 de marzo 2017 ha fallecido en el Hospital de la Princesa de Madrid a los 75 a\u00f1os de edad Javier Mora-Figueroa. Su estado de salud ya era bastante d\u00e9bil y no ha podido superar una infecci\u00f3n respiratoria. Fue rector del santuario de Torreciudad (Huesca) durante 17 a\u00f1os, desde 1998 hasta [&hellip;]<\/p>\n","protected":false},"author":4,"featured_media":10943,"comment_status":"open","ping_status":"open","sticky":false,"template":"","format":"standard","meta":{"footnotes":""},"categories":[31],"tags":[],"class_list":["post-10945","post","type-post","status-publish","format-standard","has-post-thumbnail","hentry","category-actualidad"],"yoast_head":"<!-- This site is optimized with the Yoast SEO plugin v27.1.1 - https:\/\/yoast.com\/product\/yoast-seo-wordpress\/ -->\n<title>Ha fallecido Mn. Javier Mora-Figueroa - Montalegre<\/title>\n<meta name=\"robots\" content=\"index, follow, max-snippet:-1, max-image-preview:large, max-video-preview:-1\" \/>\n<link rel=\"canonical\" href=\"https:\/\/www.montalegre.org\/es\/2017\/03\/ha-fallecido-mn-javier-mora-figueroa\/\" \/>\n<meta property=\"og:locale\" content=\"es_ES\" \/>\n<meta property=\"og:type\" content=\"article\" \/>\n<meta property=\"og:title\" content=\"Ha fallecido Mn. Javier Mora-Figueroa - Montalegre\" \/>\n<meta property=\"og:description\" content=\"En la madrugada del 14 de marzo 2017 ha fallecido en el Hospital de la Princesa de Madrid a los 75 a\u00f1os de edad Javier Mora-Figueroa. Su estado de salud ya era bastante d\u00e9bil y no ha podido superar una infecci\u00f3n respiratoria. Fue rector del santuario de Torreciudad (Huesca) durante 17 a\u00f1os, desde 1998 hasta [&hellip;]\" \/>\n<meta property=\"og:url\" content=\"https:\/\/www.montalegre.org\/es\/2017\/03\/ha-fallecido-mn-javier-mora-figueroa\/\" \/>\n<meta property=\"og:site_name\" content=\"Montalegre\" \/>\n<meta property=\"article:published_time\" content=\"2017-03-16T20:15:27+00:00\" \/>\n<meta property=\"article:modified_time\" content=\"2017-03-16T20:16:59+00:00\" \/>\n<meta property=\"og:image\" content=\"https:\/\/www.montalegre.org\/wp-content\/uploads\/2017\/03\/javier-mora-figueroa.jpg\" \/>\n\t<meta property=\"og:image:width\" content=\"900\" \/>\n\t<meta property=\"og:image:height\" content=\"600\" \/>\n\t<meta property=\"og:image:type\" content=\"image\/jpeg\" \/>\n<meta name=\"author\" content=\"montalegre\" \/>\n<meta name=\"twitter:card\" content=\"summary_large_image\" \/>\n<meta name=\"twitter:label1\" content=\"Escrito por\" \/>\n\t<meta name=\"twitter:data1\" content=\"montalegre\" \/>\n\t<meta name=\"twitter:label2\" content=\"Tiempo de lectura\" \/>\n\t<meta name=\"twitter:data2\" content=\"1 minuto\" \/>\n<script type=\"application\/ld+json\" class=\"yoast-schema-graph\">{\"@context\":\"https:\/\/schema.org\",\"@graph\":[{\"@type\":\"Article\",\"@id\":\"https:\/\/www.montalegre.org\/es\/2017\/03\/ha-fallecido-mn-javier-mora-figueroa\/#article\",\"isPartOf\":{\"@id\":\"https:\/\/www.montalegre.org\/es\/2017\/03\/ha-fallecido-mn-javier-mora-figueroa\/\"},\"author\":{\"name\":\"montalegre\",\"@id\":\"https:\/\/www.montalegre.org\/es\/#\/schema\/person\/fa12d4cf3a3f1735a9176b4fafd6a633\"},\"headline\":\"Ha fallecido Mn. Javier Mora-Figueroa\",\"datePublished\":\"2017-03-16T20:15:27+00:00\",\"dateModified\":\"2017-03-16T20:16:59+00:00\",\"mainEntityOfPage\":{\"@id\":\"https:\/\/www.montalegre.org\/es\/2017\/03\/ha-fallecido-mn-javier-mora-figueroa\/\"},\"wordCount\":227,\"commentCount\":0,\"image\":{\"@id\":\"https:\/\/www.montalegre.org\/es\/2017\/03\/ha-fallecido-mn-javier-mora-figueroa\/#primaryimage\"},\"thumbnailUrl\":\"https:\/\/www.montalegre.org\/wp-content\/uploads\/2017\/03\/javier-mora-figueroa.jpg\",\"articleSection\":[\"Actualidad\"],\"inLanguage\":\"es\",\"potentialAction\":[{\"@type\":\"CommentAction\",\"name\":\"Comment\",\"target\":[\"https:\/\/www.montalegre.org\/es\/2017\/03\/ha-fallecido-mn-javier-mora-figueroa\/#respond\"]}]},{\"@type\":\"WebPage\",\"@id\":\"https:\/\/www.montalegre.org\/es\/2017\/03\/ha-fallecido-mn-javier-mora-figueroa\/\",\"url\":\"https:\/\/www.montalegre.org\/es\/2017\/03\/ha-fallecido-mn-javier-mora-figueroa\/\",\"name\":\"Ha fallecido Mn. Javier Mora-Figueroa - Montalegre\",\"isPartOf\":{\"@id\":\"https:\/\/www.montalegre.org\/es\/#website\"},\"primaryImageOfPage\":{\"@id\":\"https:\/\/www.montalegre.org\/es\/2017\/03\/ha-fallecido-mn-javier-mora-figueroa\/#primaryimage\"},\"image\":{\"@id\":\"https:\/\/www.montalegre.org\/es\/2017\/03\/ha-fallecido-mn-javier-mora-figueroa\/#primaryimage\"},\"thumbnailUrl\":\"https:\/\/www.montalegre.org\/wp-content\/uploads\/2017\/03\/javier-mora-figueroa.jpg\",\"datePublished\":\"2017-03-16T20:15:27+00:00\",\"dateModified\":\"2017-03-16T20:16:59+00:00\",\"author\":{\"@id\":\"https:\/\/www.montalegre.org\/es\/#\/schema\/person\/fa12d4cf3a3f1735a9176b4fafd6a633\"},\"breadcrumb\":{\"@id\":\"https:\/\/www.montalegre.org\/es\/2017\/03\/ha-fallecido-mn-javier-mora-figueroa\/#breadcrumb\"},\"inLanguage\":\"es\",\"potentialAction\":[{\"@type\":\"ReadAction\",\"target\":[\"https:\/\/www.montalegre.org\/es\/2017\/03\/ha-fallecido-mn-javier-mora-figueroa\/\"]}]},{\"@type\":\"ImageObject\",\"inLanguage\":\"es\",\"@id\":\"https:\/\/www.montalegre.org\/es\/2017\/03\/ha-fallecido-mn-javier-mora-figueroa\/#primaryimage\",\"url\":\"https:\/\/www.montalegre.org\/wp-content\/uploads\/2017\/03\/javier-mora-figueroa.jpg\",\"contentUrl\":\"https:\/\/www.montalegre.org\/wp-content\/uploads\/2017\/03\/javier-mora-figueroa.jpg\",\"width\":900,\"height\":600},{\"@type\":\"BreadcrumbList\",\"@id\":\"https:\/\/www.montalegre.org\/es\/2017\/03\/ha-fallecido-mn-javier-mora-figueroa\/#breadcrumb\",\"itemListElement\":[{\"@type\":\"ListItem\",\"position\":1,\"name\":\"Portada\",\"item\":\"https:\/\/www.montalegre.org\/es\/\"},{\"@type\":\"ListItem\",\"position\":2,\"name\":\"Ha fallecido Mn. Javier Mora-Figueroa\"}]},{\"@type\":\"WebSite\",\"@id\":\"https:\/\/www.montalegre.org\/es\/#website\",\"url\":\"https:\/\/www.montalegre.org\/es\/\",\"name\":\"Montalegre\",\"description\":\"\",\"potentialAction\":[{\"@type\":\"SearchAction\",\"target\":{\"@type\":\"EntryPoint\",\"urlTemplate\":\"https:\/\/www.montalegre.org\/es\/?s={search_term_string}\"},\"query-input\":{\"@type\":\"PropertyValueSpecification\",\"valueRequired\":true,\"valueName\":\"search_term_string\"}}],\"inLanguage\":\"es\"},{\"@type\":\"Person\",\"@id\":\"https:\/\/www.montalegre.org\/es\/#\/schema\/person\/fa12d4cf3a3f1735a9176b4fafd6a633\",\"name\":\"montalegre\",\"image\":{\"@type\":\"ImageObject\",\"inLanguage\":\"es\",\"@id\":\"https:\/\/www.montalegre.org\/es\/#\/schema\/person\/image\/\",\"url\":\"https:\/\/secure.gravatar.com\/avatar\/fe6d886cf5081e723c666dceda1f12d4f39070fa2ed4e79695edc3ca355c9b5a?s=96&d=mm&r=g\",\"contentUrl\":\"https:\/\/secure.gravatar.com\/avatar\/fe6d886cf5081e723c666dceda1f12d4f39070fa2ed4e79695edc3ca355c9b5a?s=96&d=mm&r=g\",\"caption\":\"montalegre\"},\"url\":\"https:\/\/www.montalegre.org\/es\/author\/montalegre\/\"}]}<\/script>\n<!-- \/ Yoast SEO plugin. -->","yoast_head_json":{"title":"Ha fallecido Mn. Javier Mora-Figueroa - Montalegre","robots":{"index":"index","follow":"follow","max-snippet":"max-snippet:-1","max-image-preview":"max-image-preview:large","max-video-preview":"max-video-preview:-1"},"canonical":"https:\/\/www.montalegre.org\/es\/2017\/03\/ha-fallecido-mn-javier-mora-figueroa\/","og_locale":"es_ES","og_type":"article","og_title":"Ha fallecido Mn. Javier Mora-Figueroa - Montalegre","og_description":"En la madrugada del 14 de marzo 2017 ha fallecido en el Hospital de la Princesa de Madrid a los 75 a\u00f1os de edad Javier Mora-Figueroa. Su estado de salud ya era bastante d\u00e9bil y no ha podido superar una infecci\u00f3n respiratoria. Fue rector del santuario de Torreciudad (Huesca) durante 17 a\u00f1os, desde 1998 hasta [&hellip;]","og_url":"https:\/\/www.montalegre.org\/es\/2017\/03\/ha-fallecido-mn-javier-mora-figueroa\/","og_site_name":"Montalegre","article_published_time":"2017-03-16T20:15:27+00:00","article_modified_time":"2017-03-16T20:16:59+00:00","og_image":[{"width":900,"height":600,"url":"https:\/\/www.montalegre.org\/wp-content\/uploads\/2017\/03\/javier-mora-figueroa.jpg","type":"image\/jpeg"}],"author":"montalegre","twitter_card":"summary_large_image","twitter_misc":{"Escrito por":"montalegre","Tiempo de lectura":"1 minuto"},"schema":{"@context":"https:\/\/schema.org","@graph":[{"@type":"Article","@id":"https:\/\/www.montalegre.org\/es\/2017\/03\/ha-fallecido-mn-javier-mora-figueroa\/#article","isPartOf":{"@id":"https:\/\/www.montalegre.org\/es\/2017\/03\/ha-fallecido-mn-javier-mora-figueroa\/"},"author":{"name":"montalegre","@id":"https:\/\/www.montalegre.org\/es\/#\/schema\/person\/fa12d4cf3a3f1735a9176b4fafd6a633"},"headline":"Ha fallecido Mn. Javier Mora-Figueroa","datePublished":"2017-03-16T20:15:27+00:00","dateModified":"2017-03-16T20:16:59+00:00","mainEntityOfPage":{"@id":"https:\/\/www.montalegre.org\/es\/2017\/03\/ha-fallecido-mn-javier-mora-figueroa\/"},"wordCount":227,"commentCount":0,"image":{"@id":"https:\/\/www.montalegre.org\/es\/2017\/03\/ha-fallecido-mn-javier-mora-figueroa\/#primaryimage"},"thumbnailUrl":"https:\/\/www.montalegre.org\/wp-content\/uploads\/2017\/03\/javier-mora-figueroa.jpg","articleSection":["Actualidad"],"inLanguage":"es","potentialAction":[{"@type":"CommentAction","name":"Comment","target":["https:\/\/www.montalegre.org\/es\/2017\/03\/ha-fallecido-mn-javier-mora-figueroa\/#respond"]}]},{"@type":"WebPage","@id":"https:\/\/www.montalegre.org\/es\/2017\/03\/ha-fallecido-mn-javier-mora-figueroa\/","url":"https:\/\/www.montalegre.org\/es\/2017\/03\/ha-fallecido-mn-javier-mora-figueroa\/","name":"Ha fallecido Mn. Javier Mora-Figueroa - Montalegre","isPartOf":{"@id":"https:\/\/www.montalegre.org\/es\/#website"},"primaryImageOfPage":{"@id":"https:\/\/www.montalegre.org\/es\/2017\/03\/ha-fallecido-mn-javier-mora-figueroa\/#primaryimage"},"image":{"@id":"https:\/\/www.montalegre.org\/es\/2017\/03\/ha-fallecido-mn-javier-mora-figueroa\/#primaryimage"},"thumbnailUrl":"https:\/\/www.montalegre.org\/wp-content\/uploads\/2017\/03\/javier-mora-figueroa.jpg","datePublished":"2017-03-16T20:15:27+00:00","dateModified":"2017-03-16T20:16:59+00:00","author":{"@id":"https:\/\/www.montalegre.org\/es\/#\/schema\/person\/fa12d4cf3a3f1735a9176b4fafd6a633"},"breadcrumb":{"@id":"https:\/\/www.montalegre.org\/es\/2017\/03\/ha-fallecido-mn-javier-mora-figueroa\/#breadcrumb"},"inLanguage":"es","potentialAction":[{"@type":"ReadAction","target":["https:\/\/www.montalegre.org\/es\/2017\/03\/ha-fallecido-mn-javier-mora-figueroa\/"]}]},{"@type":"ImageObject","inLanguage":"es","@id":"https:\/\/www.montalegre.org\/es\/2017\/03\/ha-fallecido-mn-javier-mora-figueroa\/#primaryimage","url":"https:\/\/www.montalegre.org\/wp-content\/uploads\/2017\/03\/javier-mora-figueroa.jpg","contentUrl":"https:\/\/www.montalegre.org\/wp-content\/uploads\/2017\/03\/javier-mora-figueroa.jpg","width":900,"height":600},{"@type":"BreadcrumbList","@id":"https:\/\/www.montalegre.org\/es\/2017\/03\/ha-fallecido-mn-javier-mora-figueroa\/#breadcrumb","itemListElement":[{"@type":"ListItem","position":1,"name":"Portada","item":"https:\/\/www.montalegre.org\/es\/"},{"@type":"ListItem","position":2,"name":"Ha fallecido Mn. Javier Mora-Figueroa"}]},{"@type":"WebSite","@id":"https:\/\/www.montalegre.org\/es\/#website","url":"https:\/\/www.montalegre.org\/es\/","name":"Montalegre","description":"","potentialAction":[{"@type":"SearchAction","target":{"@type":"EntryPoint","urlTemplate":"https:\/\/www.montalegre.org\/es\/?s={search_term_string}"},"query-input":{"@type":"PropertyValueSpecification","valueRequired":true,"valueName":"search_term_string"}}],"inLanguage":"es"},{"@type":"Person","@id":"https:\/\/www.montalegre.org\/es\/#\/schema\/person\/fa12d4cf3a3f1735a9176b4fafd6a633","name":"montalegre","image":{"@type":"ImageObject","inLanguage":"es","@id":"https:\/\/www.montalegre.org\/es\/#\/schema\/person\/image\/","url":"https:\/\/secure.gravatar.com\/avatar\/fe6d886cf5081e723c666dceda1f12d4f39070fa2ed4e79695edc3ca355c9b5a?s=96&d=mm&r=g","contentUrl":"https:\/\/secure.gravatar.com\/avatar\/fe6d886cf5081e723c666dceda1f12d4f39070fa2ed4e79695edc3ca355c9b5a?s=96&d=mm&r=g","caption":"montalegre"},"url":"https:\/\/www.montalegre.org\/es\/author\/montalegre\/"}]}},"_links":{"self":[{"href":"https:\/\/www.montalegre.org\/es\/wp-json\/wp\/v2\/posts\/10945","targetHints":{"allow":["GET"]}}],"collection":[{"href":"https:\/\/www.montalegre.org\/es\/wp-json\/wp\/v2\/posts"}],"about":[{"href":"https:\/\/www.montalegre.org\/es\/wp-json\/wp\/v2\/types\/post"}],"author":[{"embeddable":true,"href":"https:\/\/www.montalegre.org\/es\/wp-json\/wp\/v2\/users\/4"}],"replies":[{"embeddable":true,"href":"https:\/\/www.montalegre.org\/es\/wp-json\/wp\/v2\/comments?post=10945"}],"version-history":[{"count":3,"href":"https:\/\/www.montalegre.org\/es\/wp-json\/wp\/v2\/posts\/10945\/revisions"}],"predecessor-version":[{"id":10948,"href":"https:\/\/www.montalegre.org\/es\/wp-json\/wp\/v2\/posts\/10945\/revisions\/10948"}],"wp:featuredmedia":[{"embeddable":true,"href":"https:\/\/www.montalegre.org\/es\/wp-json\/wp\/v2\/media\/10943"}],"wp:attachment":[{"href":"https:\/\/www.montalegre.org\/es\/wp-json\/wp\/v2\/media?parent=10945"}],"wp:term":[{"taxonomy":"category","embeddable":true,"href":"https:\/\/www.montalegre.org\/es\/wp-json\/wp\/v2\/categories?post=10945"},{"taxonomy":"post_tag","embeddable":true,"href":"https:\/\/www.montalegre.org\/es\/wp-json\/wp\/v2\/tags?post=10945"}],"curies":[{"name":"wp","href":"https:\/\/api.w.org\/{rel}","templated":true}]}}