{"id":10486,"date":"2016-11-06T16:12:41","date_gmt":"2016-11-06T16:12:41","guid":{"rendered":"http:\/\/www.montalegre.org\/es\/?p=10486"},"modified":"2016-11-06T16:12:41","modified_gmt":"2016-11-06T16:12:41","slug":"hemos-vivido-un-ano-de-gracia","status":"publish","type":"post","link":"https:\/\/www.montalegre.org\/es\/2016\/11\/hemos-vivido-un-ano-de-gracia\/","title":{"rendered":"Hemos vivido un a\u00f1o de gracia"},"content":{"rendered":"<p style=\"text-align: justify;\">Llegamos al final del a\u00f1o de la misericordia. \u00a1Cu\u00e1ntas gracias hemos recibido durante este tiempo! Os animo a dar muchas gracias a Dios, nuestro Se\u00f1or, porque hemos podido experimentar frecuentemente su misericordia infinita y paternal. Tambi\u00e9n, porque hemos aprendido a ser misericordiosos con los dem\u00e1s, especialmente con los m\u00e1s necesitados. Hemos tenido muchas ocasiones para vivir las obras de misericordia. Hemos sabido perdonar m\u00e1s y con mayor prontitud. Hemos procurado ganar, en varias ocasiones, la indulgencia jubilar. Ha crecido nuestro esp\u00edritu de servicio, nuestra comprensi\u00f3n y generosidad con las personas que tratamos habitualmente. Seguramente cada uno de nosotros podr\u00eda continuar a\u00f1adiendo otras gracias obtenidas durante este a\u00f1o.<\/p>\n<p style=\"text-align: justify;\">\u00a1Gracias, Se\u00f1or! Y, a la vez, le pedimos que no dejemos nunca de buscar su amor misericordioso ni de procurar ser misericordiosos. El a\u00f1o Santo ha sido un revulsivo para la Iglesia y para todos los bautizados, e incluso para tantos otros que se han acercado de nuevo o por primera vez a la fe.<\/p>\n<p style=\"text-align: justify;\">Procuremos mantener un ritmo ascendente en nuestra vida espiritual y apost\u00f3lica que nos lleve a ser anunciadores de la gran misericordia de Dios. \u00c9l nos ha concedido este a\u00f1o de gracia para que podamos conocerlo mejor y amarlo m\u00e1s, queriendo m\u00e1s y mejor a nuestros hermanos y hermanas.<\/p>\n<p style=\"text-align: justify;\">Mn. Xavier Argelich<\/p>\n","protected":false},"excerpt":{"rendered":"<p>Llegamos al final del a\u00f1o de la misericordia. \u00a1Cu\u00e1ntas gracias hemos recibido durante este tiempo! Os animo a dar muchas gracias a Dios, nuestro Se\u00f1or, porque hemos podido experimentar frecuentemente su misericordia infinita y paternal. Tambi\u00e9n, porque hemos aprendido a ser misericordiosos con los dem\u00e1s, especialmente con los m\u00e1s necesitados. Hemos tenido muchas ocasiones para [&hellip;]<\/p>\n","protected":false},"author":4,"featured_media":0,"comment_status":"open","ping_status":"open","sticky":false,"template":"","format":"standard","meta":{"footnotes":""},"categories":[52],"tags":[],"class_list":["post-10486","post","type-post","status-publish","format-standard","hentry","category-editorial"],"yoast_head":"<!-- This site is optimized with the Yoast SEO plugin v27.1.1 - https:\/\/yoast.com\/product\/yoast-seo-wordpress\/ -->\n<title>Hemos vivido un a\u00f1o de gracia - Montalegre<\/title>\n<meta name=\"robots\" content=\"index, follow, max-snippet:-1, max-image-preview:large, max-video-preview:-1\" \/>\n<link rel=\"canonical\" href=\"https:\/\/www.montalegre.org\/es\/2016\/11\/hemos-vivido-un-ano-de-gracia\/\" \/>\n<meta property=\"og:locale\" content=\"es_ES\" \/>\n<meta property=\"og:type\" content=\"article\" \/>\n<meta property=\"og:title\" content=\"Hemos vivido un a\u00f1o de gracia - Montalegre\" \/>\n<meta property=\"og:description\" content=\"Llegamos al final del a\u00f1o de la misericordia. \u00a1Cu\u00e1ntas gracias hemos recibido durante este tiempo! Os animo a dar muchas gracias a Dios, nuestro Se\u00f1or, porque hemos podido experimentar frecuentemente su misericordia infinita y paternal. Tambi\u00e9n, porque hemos aprendido a ser misericordiosos con los dem\u00e1s, especialmente con los m\u00e1s necesitados. Hemos tenido muchas ocasiones para [&hellip;]\" \/>\n<meta property=\"og:url\" content=\"https:\/\/www.montalegre.org\/es\/2016\/11\/hemos-vivido-un-ano-de-gracia\/\" \/>\n<meta property=\"og:site_name\" content=\"Montalegre\" \/>\n<meta property=\"article:published_time\" content=\"2016-11-06T16:12:41+00:00\" \/>\n<meta name=\"author\" content=\"montalegre\" \/>\n<meta name=\"twitter:card\" content=\"summary_large_image\" \/>\n<meta name=\"twitter:label1\" content=\"Escrito por\" \/>\n\t<meta name=\"twitter:data1\" content=\"montalegre\" \/>\n\t<meta name=\"twitter:label2\" content=\"Tiempo de lectura\" \/>\n\t<meta name=\"twitter:data2\" content=\"1 minuto\" \/>\n<script type=\"application\/ld+json\" class=\"yoast-schema-graph\">{\"@context\":\"https:\/\/schema.org\",\"@graph\":[{\"@type\":\"Article\",\"@id\":\"https:\/\/www.montalegre.org\/es\/2016\/11\/hemos-vivido-un-ano-de-gracia\/#article\",\"isPartOf\":{\"@id\":\"https:\/\/www.montalegre.org\/es\/2016\/11\/hemos-vivido-un-ano-de-gracia\/\"},\"author\":{\"name\":\"montalegre\",\"@id\":\"https:\/\/www.montalegre.org\/es\/#\/schema\/person\/fa12d4cf3a3f1735a9176b4fafd6a633\"},\"headline\":\"Hemos vivido un a\u00f1o de gracia\",\"datePublished\":\"2016-11-06T16:12:41+00:00\",\"mainEntityOfPage\":{\"@id\":\"https:\/\/www.montalegre.org\/es\/2016\/11\/hemos-vivido-un-ano-de-gracia\/\"},\"wordCount\":238,\"commentCount\":0,\"articleSection\":[\"Editorial\"],\"inLanguage\":\"es\",\"potentialAction\":[{\"@type\":\"CommentAction\",\"name\":\"Comment\",\"target\":[\"https:\/\/www.montalegre.org\/es\/2016\/11\/hemos-vivido-un-ano-de-gracia\/#respond\"]}]},{\"@type\":\"WebPage\",\"@id\":\"https:\/\/www.montalegre.org\/es\/2016\/11\/hemos-vivido-un-ano-de-gracia\/\",\"url\":\"https:\/\/www.montalegre.org\/es\/2016\/11\/hemos-vivido-un-ano-de-gracia\/\",\"name\":\"Hemos vivido un a\u00f1o de gracia - Montalegre\",\"isPartOf\":{\"@id\":\"https:\/\/www.montalegre.org\/es\/#website\"},\"datePublished\":\"2016-11-06T16:12:41+00:00\",\"author\":{\"@id\":\"https:\/\/www.montalegre.org\/es\/#\/schema\/person\/fa12d4cf3a3f1735a9176b4fafd6a633\"},\"breadcrumb\":{\"@id\":\"https:\/\/www.montalegre.org\/es\/2016\/11\/hemos-vivido-un-ano-de-gracia\/#breadcrumb\"},\"inLanguage\":\"es\",\"potentialAction\":[{\"@type\":\"ReadAction\",\"target\":[\"https:\/\/www.montalegre.org\/es\/2016\/11\/hemos-vivido-un-ano-de-gracia\/\"]}]},{\"@type\":\"BreadcrumbList\",\"@id\":\"https:\/\/www.montalegre.org\/es\/2016\/11\/hemos-vivido-un-ano-de-gracia\/#breadcrumb\",\"itemListElement\":[{\"@type\":\"ListItem\",\"position\":1,\"name\":\"Portada\",\"item\":\"https:\/\/www.montalegre.org\/es\/\"},{\"@type\":\"ListItem\",\"position\":2,\"name\":\"Hemos vivido un a\u00f1o de gracia\"}]},{\"@type\":\"WebSite\",\"@id\":\"https:\/\/www.montalegre.org\/es\/#website\",\"url\":\"https:\/\/www.montalegre.org\/es\/\",\"name\":\"Montalegre\",\"description\":\"\",\"potentialAction\":[{\"@type\":\"SearchAction\",\"target\":{\"@type\":\"EntryPoint\",\"urlTemplate\":\"https:\/\/www.montalegre.org\/es\/?s={search_term_string}\"},\"query-input\":{\"@type\":\"PropertyValueSpecification\",\"valueRequired\":true,\"valueName\":\"search_term_string\"}}],\"inLanguage\":\"es\"},{\"@type\":\"Person\",\"@id\":\"https:\/\/www.montalegre.org\/es\/#\/schema\/person\/fa12d4cf3a3f1735a9176b4fafd6a633\",\"name\":\"montalegre\",\"image\":{\"@type\":\"ImageObject\",\"inLanguage\":\"es\",\"@id\":\"https:\/\/www.montalegre.org\/es\/#\/schema\/person\/image\/\",\"url\":\"https:\/\/secure.gravatar.com\/avatar\/fe6d886cf5081e723c666dceda1f12d4f39070fa2ed4e79695edc3ca355c9b5a?s=96&d=mm&r=g\",\"contentUrl\":\"https:\/\/secure.gravatar.com\/avatar\/fe6d886cf5081e723c666dceda1f12d4f39070fa2ed4e79695edc3ca355c9b5a?s=96&d=mm&r=g\",\"caption\":\"montalegre\"},\"url\":\"https:\/\/www.montalegre.org\/es\/author\/montalegre\/\"}]}<\/script>\n<!-- \/ Yoast SEO plugin. -->","yoast_head_json":{"title":"Hemos vivido un a\u00f1o de gracia - Montalegre","robots":{"index":"index","follow":"follow","max-snippet":"max-snippet:-1","max-image-preview":"max-image-preview:large","max-video-preview":"max-video-preview:-1"},"canonical":"https:\/\/www.montalegre.org\/es\/2016\/11\/hemos-vivido-un-ano-de-gracia\/","og_locale":"es_ES","og_type":"article","og_title":"Hemos vivido un a\u00f1o de gracia - Montalegre","og_description":"Llegamos al final del a\u00f1o de la misericordia. \u00a1Cu\u00e1ntas gracias hemos recibido durante este tiempo! Os animo a dar muchas gracias a Dios, nuestro Se\u00f1or, porque hemos podido experimentar frecuentemente su misericordia infinita y paternal. Tambi\u00e9n, porque hemos aprendido a ser misericordiosos con los dem\u00e1s, especialmente con los m\u00e1s necesitados. Hemos tenido muchas ocasiones para [&hellip;]","og_url":"https:\/\/www.montalegre.org\/es\/2016\/11\/hemos-vivido-un-ano-de-gracia\/","og_site_name":"Montalegre","article_published_time":"2016-11-06T16:12:41+00:00","author":"montalegre","twitter_card":"summary_large_image","twitter_misc":{"Escrito por":"montalegre","Tiempo de lectura":"1 minuto"},"schema":{"@context":"https:\/\/schema.org","@graph":[{"@type":"Article","@id":"https:\/\/www.montalegre.org\/es\/2016\/11\/hemos-vivido-un-ano-de-gracia\/#article","isPartOf":{"@id":"https:\/\/www.montalegre.org\/es\/2016\/11\/hemos-vivido-un-ano-de-gracia\/"},"author":{"name":"montalegre","@id":"https:\/\/www.montalegre.org\/es\/#\/schema\/person\/fa12d4cf3a3f1735a9176b4fafd6a633"},"headline":"Hemos vivido un a\u00f1o de gracia","datePublished":"2016-11-06T16:12:41+00:00","mainEntityOfPage":{"@id":"https:\/\/www.montalegre.org\/es\/2016\/11\/hemos-vivido-un-ano-de-gracia\/"},"wordCount":238,"commentCount":0,"articleSection":["Editorial"],"inLanguage":"es","potentialAction":[{"@type":"CommentAction","name":"Comment","target":["https:\/\/www.montalegre.org\/es\/2016\/11\/hemos-vivido-un-ano-de-gracia\/#respond"]}]},{"@type":"WebPage","@id":"https:\/\/www.montalegre.org\/es\/2016\/11\/hemos-vivido-un-ano-de-gracia\/","url":"https:\/\/www.montalegre.org\/es\/2016\/11\/hemos-vivido-un-ano-de-gracia\/","name":"Hemos vivido un a\u00f1o de gracia - Montalegre","isPartOf":{"@id":"https:\/\/www.montalegre.org\/es\/#website"},"datePublished":"2016-11-06T16:12:41+00:00","author":{"@id":"https:\/\/www.montalegre.org\/es\/#\/schema\/person\/fa12d4cf3a3f1735a9176b4fafd6a633"},"breadcrumb":{"@id":"https:\/\/www.montalegre.org\/es\/2016\/11\/hemos-vivido-un-ano-de-gracia\/#breadcrumb"},"inLanguage":"es","potentialAction":[{"@type":"ReadAction","target":["https:\/\/www.montalegre.org\/es\/2016\/11\/hemos-vivido-un-ano-de-gracia\/"]}]},{"@type":"BreadcrumbList","@id":"https:\/\/www.montalegre.org\/es\/2016\/11\/hemos-vivido-un-ano-de-gracia\/#breadcrumb","itemListElement":[{"@type":"ListItem","position":1,"name":"Portada","item":"https:\/\/www.montalegre.org\/es\/"},{"@type":"ListItem","position":2,"name":"Hemos vivido un a\u00f1o de gracia"}]},{"@type":"WebSite","@id":"https:\/\/www.montalegre.org\/es\/#website","url":"https:\/\/www.montalegre.org\/es\/","name":"Montalegre","description":"","potentialAction":[{"@type":"SearchAction","target":{"@type":"EntryPoint","urlTemplate":"https:\/\/www.montalegre.org\/es\/?s={search_term_string}"},"query-input":{"@type":"PropertyValueSpecification","valueRequired":true,"valueName":"search_term_string"}}],"inLanguage":"es"},{"@type":"Person","@id":"https:\/\/www.montalegre.org\/es\/#\/schema\/person\/fa12d4cf3a3f1735a9176b4fafd6a633","name":"montalegre","image":{"@type":"ImageObject","inLanguage":"es","@id":"https:\/\/www.montalegre.org\/es\/#\/schema\/person\/image\/","url":"https:\/\/secure.gravatar.com\/avatar\/fe6d886cf5081e723c666dceda1f12d4f39070fa2ed4e79695edc3ca355c9b5a?s=96&d=mm&r=g","contentUrl":"https:\/\/secure.gravatar.com\/avatar\/fe6d886cf5081e723c666dceda1f12d4f39070fa2ed4e79695edc3ca355c9b5a?s=96&d=mm&r=g","caption":"montalegre"},"url":"https:\/\/www.montalegre.org\/es\/author\/montalegre\/"}]}},"_links":{"self":[{"href":"https:\/\/www.montalegre.org\/es\/wp-json\/wp\/v2\/posts\/10486","targetHints":{"allow":["GET"]}}],"collection":[{"href":"https:\/\/www.montalegre.org\/es\/wp-json\/wp\/v2\/posts"}],"about":[{"href":"https:\/\/www.montalegre.org\/es\/wp-json\/wp\/v2\/types\/post"}],"author":[{"embeddable":true,"href":"https:\/\/www.montalegre.org\/es\/wp-json\/wp\/v2\/users\/4"}],"replies":[{"embeddable":true,"href":"https:\/\/www.montalegre.org\/es\/wp-json\/wp\/v2\/comments?post=10486"}],"version-history":[{"count":1,"href":"https:\/\/www.montalegre.org\/es\/wp-json\/wp\/v2\/posts\/10486\/revisions"}],"predecessor-version":[{"id":10487,"href":"https:\/\/www.montalegre.org\/es\/wp-json\/wp\/v2\/posts\/10486\/revisions\/10487"}],"wp:attachment":[{"href":"https:\/\/www.montalegre.org\/es\/wp-json\/wp\/v2\/media?parent=10486"}],"wp:term":[{"taxonomy":"category","embeddable":true,"href":"https:\/\/www.montalegre.org\/es\/wp-json\/wp\/v2\/categories?post=10486"},{"taxonomy":"post_tag","embeddable":true,"href":"https:\/\/www.montalegre.org\/es\/wp-json\/wp\/v2\/tags?post=10486"}],"curies":[{"name":"wp","href":"https:\/\/api.w.org\/{rel}","templated":true}]}}