{"id":10343,"date":"2016-07-09T19:00:45","date_gmt":"2016-07-09T19:00:45","guid":{"rendered":"http:\/\/www.montalegre.org\/es\/?p=10343"},"modified":"2016-07-09T19:01:29","modified_gmt":"2016-07-09T19:01:29","slug":"ejercitarse-en-las-obras-de-misericordia","status":"publish","type":"post","link":"https:\/\/www.montalegre.org\/es\/2016\/07\/ejercitarse-en-las-obras-de-misericordia\/","title":{"rendered":"Ejercitarse en las obras de misericordia"},"content":{"rendered":"<p style=\"text-align: justify;\">Es un buen momento para preguntarnos si estamos procurando vivir las obras de misericordia. Transcurrido un poco m\u00e1s de la mitad del a\u00f1o de la misericordia, os animo a hacer balance personal de c\u00f3mo estamos poniendo en pr\u00e1ctica lo que el Papa Francisco nos suger\u00eda al empezar este a\u00f1o jubilar: \u201cLa predicaci\u00f3n de Jes\u00fas nos presenta estas obras de misericordia para que podamos darnos cuenta si vivimos o no como disc\u00edpulos suyos\u201d.<\/p>\n<p style=\"text-align: justify;\">Los meses de verano son muy apropiados para vivir las obras de misericordia. Tenemos menos prisas, m\u00e1s tiempo disponible y de descanso y, aunque no lo parezca, m\u00e1s oportunidades para vivirlas: nos desplazamos, cambiamos de ocupaci\u00f3n o de residencia, nos relacionamos con gente distinta a la habitual, nos encontramos con m\u00e1s turistas y, adem\u00e1s, continuamos sin acoger a los miles de refugiados.<\/p>\n<p style=\"text-align: justify;\">No dejemos pasar estas oportunidades y adentr\u00e9monos en el mundo de las obras de misericordia. No hace falta ponerse a la cola para ello, basta salir a la calle predispuestos a ayudar al pr\u00f3jimo en sus necesidades materiales y espirituales. Visitar o atender a un enfermo, familiar o no; no malgastar dinero, ni comida, ni comprar ropa que no necesitamos, aunque sea una ganga; escuchar a los dem\u00e1s; ense\u00f1ar el camino de la aut\u00e9ntica felicidad al que tenemos al lado o ayudarle a enderezarlo. Mostrar con nuestra vida el aut\u00e9ntico valor de la vida cristiana. Y tantas situaciones que cada uno puede encontrar en sus circunstancias personales y sociales. Solo tenemos que procurar mirar a los dem\u00e1s con coraz\u00f3n misericordioso para descubrir lo que necesitan. Si rezamos poniendo a Cristo -no a nosotros mismos- en el centro de nuestra oraci\u00f3n nos resultar\u00e1 mucho m\u00e1s f\u00e1cil. Vivamos un verano propio del a\u00f1o de la misericordia.<\/p>\n<p style=\"text-align: justify;\">Mn. Xavier Argelich<\/p>\n","protected":false},"excerpt":{"rendered":"<p>Es un buen momento para preguntarnos si estamos procurando vivir las obras de misericordia. Transcurrido un poco m\u00e1s de la mitad del a\u00f1o de la misericordia, os animo a hacer balance personal de c\u00f3mo estamos poniendo en pr\u00e1ctica lo que el Papa Francisco nos suger\u00eda al empezar este a\u00f1o jubilar: \u201cLa predicaci\u00f3n de Jes\u00fas nos [&hellip;]<\/p>\n","protected":false},"author":4,"featured_media":0,"comment_status":"open","ping_status":"open","sticky":false,"template":"","format":"standard","meta":{"footnotes":""},"categories":[52],"tags":[],"class_list":["post-10343","post","type-post","status-publish","format-standard","hentry","category-editorial"],"yoast_head":"<!-- This site is optimized with the Yoast SEO plugin v27.1.1 - https:\/\/yoast.com\/product\/yoast-seo-wordpress\/ -->\n<title>Ejercitarse en las obras de misericordia - Montalegre<\/title>\n<meta name=\"robots\" content=\"index, follow, max-snippet:-1, max-image-preview:large, max-video-preview:-1\" \/>\n<link rel=\"canonical\" href=\"https:\/\/www.montalegre.org\/es\/2016\/07\/ejercitarse-en-las-obras-de-misericordia\/\" \/>\n<meta property=\"og:locale\" content=\"es_ES\" \/>\n<meta property=\"og:type\" content=\"article\" \/>\n<meta property=\"og:title\" content=\"Ejercitarse en las obras de misericordia - Montalegre\" \/>\n<meta property=\"og:description\" content=\"Es un buen momento para preguntarnos si estamos procurando vivir las obras de misericordia. Transcurrido un poco m\u00e1s de la mitad del a\u00f1o de la misericordia, os animo a hacer balance personal de c\u00f3mo estamos poniendo en pr\u00e1ctica lo que el Papa Francisco nos suger\u00eda al empezar este a\u00f1o jubilar: \u201cLa predicaci\u00f3n de Jes\u00fas nos [&hellip;]\" \/>\n<meta property=\"og:url\" content=\"https:\/\/www.montalegre.org\/es\/2016\/07\/ejercitarse-en-las-obras-de-misericordia\/\" \/>\n<meta property=\"og:site_name\" content=\"Montalegre\" \/>\n<meta property=\"article:published_time\" content=\"2016-07-09T19:00:45+00:00\" \/>\n<meta property=\"article:modified_time\" content=\"2016-07-09T19:01:29+00:00\" \/>\n<meta name=\"author\" content=\"montalegre\" \/>\n<meta name=\"twitter:card\" content=\"summary_large_image\" \/>\n<meta name=\"twitter:label1\" content=\"Escrito por\" \/>\n\t<meta name=\"twitter:data1\" content=\"montalegre\" \/>\n\t<meta name=\"twitter:label2\" content=\"Tiempo de lectura\" \/>\n\t<meta name=\"twitter:data2\" content=\"2 minutos\" \/>\n<script type=\"application\/ld+json\" class=\"yoast-schema-graph\">{\"@context\":\"https:\/\/schema.org\",\"@graph\":[{\"@type\":\"Article\",\"@id\":\"https:\/\/www.montalegre.org\/es\/2016\/07\/ejercitarse-en-las-obras-de-misericordia\/#article\",\"isPartOf\":{\"@id\":\"https:\/\/www.montalegre.org\/es\/2016\/07\/ejercitarse-en-las-obras-de-misericordia\/\"},\"author\":{\"name\":\"montalegre\",\"@id\":\"https:\/\/www.montalegre.org\/es\/#\/schema\/person\/fa12d4cf3a3f1735a9176b4fafd6a633\"},\"headline\":\"Ejercitarse en las obras de misericordia\",\"datePublished\":\"2016-07-09T19:00:45+00:00\",\"dateModified\":\"2016-07-09T19:01:29+00:00\",\"mainEntityOfPage\":{\"@id\":\"https:\/\/www.montalegre.org\/es\/2016\/07\/ejercitarse-en-las-obras-de-misericordia\/\"},\"wordCount\":323,\"commentCount\":0,\"articleSection\":[\"Editorial\"],\"inLanguage\":\"es\",\"potentialAction\":[{\"@type\":\"CommentAction\",\"name\":\"Comment\",\"target\":[\"https:\/\/www.montalegre.org\/es\/2016\/07\/ejercitarse-en-las-obras-de-misericordia\/#respond\"]}]},{\"@type\":\"WebPage\",\"@id\":\"https:\/\/www.montalegre.org\/es\/2016\/07\/ejercitarse-en-las-obras-de-misericordia\/\",\"url\":\"https:\/\/www.montalegre.org\/es\/2016\/07\/ejercitarse-en-las-obras-de-misericordia\/\",\"name\":\"Ejercitarse en las obras de misericordia - Montalegre\",\"isPartOf\":{\"@id\":\"https:\/\/www.montalegre.org\/es\/#website\"},\"datePublished\":\"2016-07-09T19:00:45+00:00\",\"dateModified\":\"2016-07-09T19:01:29+00:00\",\"author\":{\"@id\":\"https:\/\/www.montalegre.org\/es\/#\/schema\/person\/fa12d4cf3a3f1735a9176b4fafd6a633\"},\"breadcrumb\":{\"@id\":\"https:\/\/www.montalegre.org\/es\/2016\/07\/ejercitarse-en-las-obras-de-misericordia\/#breadcrumb\"},\"inLanguage\":\"es\",\"potentialAction\":[{\"@type\":\"ReadAction\",\"target\":[\"https:\/\/www.montalegre.org\/es\/2016\/07\/ejercitarse-en-las-obras-de-misericordia\/\"]}]},{\"@type\":\"BreadcrumbList\",\"@id\":\"https:\/\/www.montalegre.org\/es\/2016\/07\/ejercitarse-en-las-obras-de-misericordia\/#breadcrumb\",\"itemListElement\":[{\"@type\":\"ListItem\",\"position\":1,\"name\":\"Portada\",\"item\":\"https:\/\/www.montalegre.org\/es\/\"},{\"@type\":\"ListItem\",\"position\":2,\"name\":\"Ejercitarse en las obras de misericordia\"}]},{\"@type\":\"WebSite\",\"@id\":\"https:\/\/www.montalegre.org\/es\/#website\",\"url\":\"https:\/\/www.montalegre.org\/es\/\",\"name\":\"Montalegre\",\"description\":\"\",\"potentialAction\":[{\"@type\":\"SearchAction\",\"target\":{\"@type\":\"EntryPoint\",\"urlTemplate\":\"https:\/\/www.montalegre.org\/es\/?s={search_term_string}\"},\"query-input\":{\"@type\":\"PropertyValueSpecification\",\"valueRequired\":true,\"valueName\":\"search_term_string\"}}],\"inLanguage\":\"es\"},{\"@type\":\"Person\",\"@id\":\"https:\/\/www.montalegre.org\/es\/#\/schema\/person\/fa12d4cf3a3f1735a9176b4fafd6a633\",\"name\":\"montalegre\",\"image\":{\"@type\":\"ImageObject\",\"inLanguage\":\"es\",\"@id\":\"https:\/\/www.montalegre.org\/es\/#\/schema\/person\/image\/\",\"url\":\"https:\/\/secure.gravatar.com\/avatar\/fe6d886cf5081e723c666dceda1f12d4f39070fa2ed4e79695edc3ca355c9b5a?s=96&d=mm&r=g\",\"contentUrl\":\"https:\/\/secure.gravatar.com\/avatar\/fe6d886cf5081e723c666dceda1f12d4f39070fa2ed4e79695edc3ca355c9b5a?s=96&d=mm&r=g\",\"caption\":\"montalegre\"},\"url\":\"https:\/\/www.montalegre.org\/es\/author\/montalegre\/\"}]}<\/script>\n<!-- \/ Yoast SEO plugin. -->","yoast_head_json":{"title":"Ejercitarse en las obras de misericordia - Montalegre","robots":{"index":"index","follow":"follow","max-snippet":"max-snippet:-1","max-image-preview":"max-image-preview:large","max-video-preview":"max-video-preview:-1"},"canonical":"https:\/\/www.montalegre.org\/es\/2016\/07\/ejercitarse-en-las-obras-de-misericordia\/","og_locale":"es_ES","og_type":"article","og_title":"Ejercitarse en las obras de misericordia - Montalegre","og_description":"Es un buen momento para preguntarnos si estamos procurando vivir las obras de misericordia. Transcurrido un poco m\u00e1s de la mitad del a\u00f1o de la misericordia, os animo a hacer balance personal de c\u00f3mo estamos poniendo en pr\u00e1ctica lo que el Papa Francisco nos suger\u00eda al empezar este a\u00f1o jubilar: \u201cLa predicaci\u00f3n de Jes\u00fas nos [&hellip;]","og_url":"https:\/\/www.montalegre.org\/es\/2016\/07\/ejercitarse-en-las-obras-de-misericordia\/","og_site_name":"Montalegre","article_published_time":"2016-07-09T19:00:45+00:00","article_modified_time":"2016-07-09T19:01:29+00:00","author":"montalegre","twitter_card":"summary_large_image","twitter_misc":{"Escrito por":"montalegre","Tiempo de lectura":"2 minutos"},"schema":{"@context":"https:\/\/schema.org","@graph":[{"@type":"Article","@id":"https:\/\/www.montalegre.org\/es\/2016\/07\/ejercitarse-en-las-obras-de-misericordia\/#article","isPartOf":{"@id":"https:\/\/www.montalegre.org\/es\/2016\/07\/ejercitarse-en-las-obras-de-misericordia\/"},"author":{"name":"montalegre","@id":"https:\/\/www.montalegre.org\/es\/#\/schema\/person\/fa12d4cf3a3f1735a9176b4fafd6a633"},"headline":"Ejercitarse en las obras de misericordia","datePublished":"2016-07-09T19:00:45+00:00","dateModified":"2016-07-09T19:01:29+00:00","mainEntityOfPage":{"@id":"https:\/\/www.montalegre.org\/es\/2016\/07\/ejercitarse-en-las-obras-de-misericordia\/"},"wordCount":323,"commentCount":0,"articleSection":["Editorial"],"inLanguage":"es","potentialAction":[{"@type":"CommentAction","name":"Comment","target":["https:\/\/www.montalegre.org\/es\/2016\/07\/ejercitarse-en-las-obras-de-misericordia\/#respond"]}]},{"@type":"WebPage","@id":"https:\/\/www.montalegre.org\/es\/2016\/07\/ejercitarse-en-las-obras-de-misericordia\/","url":"https:\/\/www.montalegre.org\/es\/2016\/07\/ejercitarse-en-las-obras-de-misericordia\/","name":"Ejercitarse en las obras de misericordia - Montalegre","isPartOf":{"@id":"https:\/\/www.montalegre.org\/es\/#website"},"datePublished":"2016-07-09T19:00:45+00:00","dateModified":"2016-07-09T19:01:29+00:00","author":{"@id":"https:\/\/www.montalegre.org\/es\/#\/schema\/person\/fa12d4cf3a3f1735a9176b4fafd6a633"},"breadcrumb":{"@id":"https:\/\/www.montalegre.org\/es\/2016\/07\/ejercitarse-en-las-obras-de-misericordia\/#breadcrumb"},"inLanguage":"es","potentialAction":[{"@type":"ReadAction","target":["https:\/\/www.montalegre.org\/es\/2016\/07\/ejercitarse-en-las-obras-de-misericordia\/"]}]},{"@type":"BreadcrumbList","@id":"https:\/\/www.montalegre.org\/es\/2016\/07\/ejercitarse-en-las-obras-de-misericordia\/#breadcrumb","itemListElement":[{"@type":"ListItem","position":1,"name":"Portada","item":"https:\/\/www.montalegre.org\/es\/"},{"@type":"ListItem","position":2,"name":"Ejercitarse en las obras de misericordia"}]},{"@type":"WebSite","@id":"https:\/\/www.montalegre.org\/es\/#website","url":"https:\/\/www.montalegre.org\/es\/","name":"Montalegre","description":"","potentialAction":[{"@type":"SearchAction","target":{"@type":"EntryPoint","urlTemplate":"https:\/\/www.montalegre.org\/es\/?s={search_term_string}"},"query-input":{"@type":"PropertyValueSpecification","valueRequired":true,"valueName":"search_term_string"}}],"inLanguage":"es"},{"@type":"Person","@id":"https:\/\/www.montalegre.org\/es\/#\/schema\/person\/fa12d4cf3a3f1735a9176b4fafd6a633","name":"montalegre","image":{"@type":"ImageObject","inLanguage":"es","@id":"https:\/\/www.montalegre.org\/es\/#\/schema\/person\/image\/","url":"https:\/\/secure.gravatar.com\/avatar\/fe6d886cf5081e723c666dceda1f12d4f39070fa2ed4e79695edc3ca355c9b5a?s=96&d=mm&r=g","contentUrl":"https:\/\/secure.gravatar.com\/avatar\/fe6d886cf5081e723c666dceda1f12d4f39070fa2ed4e79695edc3ca355c9b5a?s=96&d=mm&r=g","caption":"montalegre"},"url":"https:\/\/www.montalegre.org\/es\/author\/montalegre\/"}]}},"_links":{"self":[{"href":"https:\/\/www.montalegre.org\/es\/wp-json\/wp\/v2\/posts\/10343","targetHints":{"allow":["GET"]}}],"collection":[{"href":"https:\/\/www.montalegre.org\/es\/wp-json\/wp\/v2\/posts"}],"about":[{"href":"https:\/\/www.montalegre.org\/es\/wp-json\/wp\/v2\/types\/post"}],"author":[{"embeddable":true,"href":"https:\/\/www.montalegre.org\/es\/wp-json\/wp\/v2\/users\/4"}],"replies":[{"embeddable":true,"href":"https:\/\/www.montalegre.org\/es\/wp-json\/wp\/v2\/comments?post=10343"}],"version-history":[{"count":1,"href":"https:\/\/www.montalegre.org\/es\/wp-json\/wp\/v2\/posts\/10343\/revisions"}],"predecessor-version":[{"id":10344,"href":"https:\/\/www.montalegre.org\/es\/wp-json\/wp\/v2\/posts\/10343\/revisions\/10344"}],"wp:attachment":[{"href":"https:\/\/www.montalegre.org\/es\/wp-json\/wp\/v2\/media?parent=10343"}],"wp:term":[{"taxonomy":"category","embeddable":true,"href":"https:\/\/www.montalegre.org\/es\/wp-json\/wp\/v2\/categories?post=10343"},{"taxonomy":"post_tag","embeddable":true,"href":"https:\/\/www.montalegre.org\/es\/wp-json\/wp\/v2\/tags?post=10343"}],"curies":[{"name":"wp","href":"https:\/\/api.w.org\/{rel}","templated":true}]}}